{"id":116022,"date":"2025-03-21T12:09:12","date_gmt":"2025-03-21T12:09:12","guid":{"rendered":"https:\/\/www.altominho.tv\/site\/?p=116022"},"modified":"2025-03-21T12:09:16","modified_gmt":"2025-03-21T12:09:16","slug":"associacao-de-moradores-em-viana-do-castelo-aceita-loja-mas-rejeita-gasolineira-na-cova","status":"publish","type":"post","link":"https:\/\/www.altominho.tv\/site\/2025\/03\/21\/associacao-de-moradores-em-viana-do-castelo-aceita-loja-mas-rejeita-gasolineira-na-cova\/","title":{"rendered":"Associa\u00e7\u00e3o de moradores em Viana do Castelo aceita loja mas rejeita gasolineira na Cova"},"content":{"rendered":"\n<p>A Associa\u00e7\u00e3o de Moradores da Cova, na Meadela, n\u00e3o est\u00e1 contra a constru\u00e7\u00e3o de uma loja de desporto naquele lugar, mas tem \u201calgumas dificuldades em perceber o intuito\u201d de um posto de abastecimento de combust\u00edveis na envolvente.<\/p>\n\n\n\n<p>Em comunicado publicado na p\u00e1gina oficial no Facebook, hoje consultado pela ag\u00eancia Lusa, a Associa\u00e7\u00e3o de Moradores da Cova, que este ano completa 50 anos de exist\u00eancia, \u201cv\u00ea a constru\u00e7\u00e3o\u201d da loja da Decathlon \u201ccom muito bons olhos porque pode trazer benef\u00edcios para todos os associados que utilizam o polidesportivo\u201d da coletividade, que tem 400 associados.<\/p>\n\n\n\n<p>Para a associa\u00e7\u00e3o, que em 2016 foi distinguida pela C\u00e2mara de Viana do Castelo com o t\u00edtulo honor\u00edfico de Institui\u00e7\u00e3o de M\u00e9rito, a constru\u00e7\u00e3o da loja de material desportivo \u201cpode ser ben\u00e9fica para todos os habitantes, contribuindo para o desenvolvimento da localidade\u201d.<\/p>\n\n\n\n<p>J\u00e1 quanto \u00e0 constru\u00e7\u00e3o do posto de abastecimento de combust\u00edvel \u201cno espa\u00e7o paralelo ao da loja da Decathlon\u201d, a associa\u00e7\u00e3o considera que a freguesia da Meadela tem \u201cv\u00e1rias bombas de gasolina numa proximidade entre um e dois quil\u00f3metros\u201d.<br>Os moradores acrescentam estar \u201cpublicamente contra esta constru\u00e7\u00e3o, tendo j\u00e1 um n\u00famero significativo de associados assinado o abaixo-assinado\u201d que circula na freguesia.<\/p>\n\n\n\n<p>\u201cA localidade carece de outro tipo de constru\u00e7\u00f5es que abaste\u00e7am e apoiem de uma forma direta os seus habitantes. Os assuntos de car\u00e1ter jur\u00eddico remetemos para as entidades competentes\u201d, l\u00ea-se no documento, assinado pelo presidente da associa\u00e7\u00e3o.<br>Contactada pela Lusa, fonte da C\u00e2mara de Viana do Castelo adiantou que o presidente vai reunir-se com os moradores da Cova no pr\u00f3ximo dia 02 de abril.<\/p>\n\n\n\n<p>As constru\u00e7\u00f5es da superf\u00edcie comercial e de um posto de abastecimento de combust\u00edveis est\u00e3o a ser contestadas por moradores daquela freguesia, que entendem que a zona, de acordo com Plano Diretor Municipal (PDM), est\u00e1 destinada a resid\u00eancias.<br>Na quinta-feira, em comunicado, mais de 300 moradores do lugar da Cova que j\u00e1 assinaram um abaixo-assinado contra a loja afirmaram que o licenciamento daquela superf\u00edcie comercial naquela zona \u201cpadece de v\u00e1rias incongru\u00eancias e lacunas\u201d, depois de terem consultado o processo.<\/p>\n\n\n\n<p>Em causa est\u00e1 o licenciamento de constru\u00e7\u00e3o naquele lugar, ocupado sobretudo por moradias unifamiliares e bi-familiares, de uma loja de material desportivo, com obra j\u00e1 iniciada, e de um posto de abastecimento de combust\u00edveis.<\/p>\n\n\n\n<p>No comunicado, os moradores referem que, al\u00e9m de \u201cv\u00e1rias incongru\u00eancias e lacunas\u201d, o processo de licenciamento afastou-se \u201cdo cumprimento dos normativos ordenadores do territ\u00f3rio em vigor\u201d.<\/p>\n\n\n\n<p>Entendem que existe \u201cmat\u00e9ria mais que suficiente para evoluir com o caso para as entidades competentes para o efeito\u201d.<\/p>\n\n\n\n<p>Segundo o munic\u00edpio, o projeto cumpre o PDM e Plano de Urbaniza\u00e7\u00e3o da Cidade (PUC) de Viana do Castelo.<\/p>\n\n\n\n<p>\u201cNo processo de licenciamento, foram tidos em conta a envolv\u00eancia e o seu enquadramento, foram solicitadas obras de urbaniza\u00e7\u00e3o para integra\u00e7\u00e3o de todas as infraestruturas (no \u00e2mbito da an\u00e1lise da pretens\u00e3o foi tido em considera\u00e7\u00e3o a integra\u00e7\u00e3o do estabelecimento na envolvente em termo de c\u00e9rcea e alinhamento, foi salvaguardado que a c\u00e9rcea proposta, ao longo da Rua das Oliveiras, n\u00e3o fosse superior ao muro de veda\u00e7\u00e3o em pedra existente ao longo desta via) e foram tidos em conta os pareceres dos setores espec\u00edficos, nomeadamente da mobilidade\u201d, adiantou na segunda-feira a autarquia.<\/p>\n","protected":false},"excerpt":{"rendered":"<p>A Associa\u00e7\u00e3o de Moradores da Cova, na Meadela, n\u00e3o est\u00e1 contra a constru\u00e7\u00e3o de uma loja de desporto naquele lugar, mas tem \u201calgumas dificuldades em perceber o intuito\u201d de um posto de abastecimento de combust\u00edveis na envolvente. Em comunicado publicado na p\u00e1gina oficial no Facebook, hoje consultado pela ag\u00eancia Lusa, a Associa\u00e7\u00e3o de Moradores da [&hellip;]<\/p>\n","protected":false},"author":13,"featured_media":116027,"comment_status":"closed","ping_status":"closed","sticky":false,"template":"","format":"standard","meta":{"_exactmetrics_skip_tracking":false,"_exactmetrics_sitenote_active":false,"_exactmetrics_sitenote_note":"","_exactmetrics_sitenote_category":0,"footnotes":""},"categories":[14],"tags":[27],"class_list":["post-116022","post","type-post","status-publish","format-standard","has-post-thumbnail","hentry","category-viana-do-castelo","tag-sociedade"],"yoast_head":"<!-- This site is optimized with the Yoast SEO Premium plugin v27.5 (Yoast SEO v27.5) - https:\/\/yoast.com\/product\/yoast-seo-premium-wordpress\/ -->\n<title>Associa\u00e7\u00e3o de moradores em Viana do Castelo aceita loja mas rejeita gasolineira na Cova<\/title>\n<meta name=\"robots\" content=\"index, follow, max-snippet:-1, max-image-preview:large, max-video-preview:-1\" \/>\n<link rel=\"canonical\" href=\"https:\/\/www.altominho.tv\/site\/2025\/03\/21\/associacao-de-moradores-em-viana-do-castelo-aceita-loja-mas-rejeita-gasolineira-na-cova\/\" \/>\n<meta property=\"og:locale\" content=\"pt_PT\" \/>\n<meta property=\"og:type\" content=\"article\" \/>\n<meta property=\"og:title\" content=\"Associa\u00e7\u00e3o de moradores em Viana do Castelo aceita loja mas rejeita gasolineira na Cova\" \/>\n<meta property=\"og:description\" content=\"A Associa\u00e7\u00e3o de Moradores da Cova, na Meadela, n\u00e3o est\u00e1 contra a constru\u00e7\u00e3o de uma loja de desporto naquele lugar, mas tem \u201calgumas dificuldades em perceber o intuito\u201d de um posto de abastecimento de combust\u00edveis na envolvente. Em comunicado publicado na p\u00e1gina oficial no Facebook, hoje consultado pela ag\u00eancia Lusa, a Associa\u00e7\u00e3o de Moradores da [&hellip;]\" \/>\n<meta property=\"og:url\" content=\"https:\/\/www.altominho.tv\/site\/2025\/03\/21\/associacao-de-moradores-em-viana-do-castelo-aceita-loja-mas-rejeita-gasolineira-na-cova\/\" \/>\n<meta property=\"og:site_name\" content=\"Altominho.tv\" \/>\n<meta property=\"article:publisher\" content=\"https:\/\/www.facebook.com\/altominhotv\" \/>\n<meta property=\"article:published_time\" content=\"2025-03-21T12:09:12+00:00\" \/>\n<meta property=\"article:modified_time\" content=\"2025-03-21T12:09:16+00:00\" \/>\n<meta property=\"og:image\" content=\"https:\/\/www.altominho.tv\/site\/wp-content\/uploads\/2025\/03\/Design-sem-nome-4.jpg\" \/>\n\t<meta property=\"og:image:width\" content=\"1920\" \/>\n\t<meta property=\"og:image:height\" content=\"1080\" \/>\n\t<meta property=\"og:image:type\" content=\"image\/jpeg\" \/>\n<meta name=\"author\" content=\"Lusa\" \/>\n<meta name=\"twitter:card\" content=\"summary_large_image\" \/>\n<meta name=\"twitter:creator\" content=\"@altominhoTV\" \/>\n<meta name=\"twitter:site\" content=\"@altominhoTV\" \/>\n<meta name=\"twitter:label1\" content=\"Escrito por\" \/>\n\t<meta name=\"twitter:data1\" content=\"Lusa\" \/>\n\t<meta name=\"twitter:label2\" content=\"Tempo estimado de leitura\" \/>\n\t<meta name=\"twitter:data2\" content=\"4 minutos\" \/>\n<script type=\"application\/ld+json\" class=\"yoast-schema-graph\">{\"@context\":\"https:\\\/\\\/schema.org\",\"@graph\":[{\"@type\":\"Article\",\"@id\":\"https:\\\/\\\/www.altominho.tv\\\/site\\\/2025\\\/03\\\/21\\\/associacao-de-moradores-em-viana-do-castelo-aceita-loja-mas-rejeita-gasolineira-na-cova\\\/#article\",\"isPartOf\":{\"@id\":\"https:\\\/\\\/www.altominho.tv\\\/site\\\/2025\\\/03\\\/21\\\/associacao-de-moradores-em-viana-do-castelo-aceita-loja-mas-rejeita-gasolineira-na-cova\\\/\"},\"author\":{\"name\":\"Lusa\",\"@id\":\"https:\\\/\\\/www.altominho.tv\\\/site\\\/#\\\/schema\\\/person\\\/63f693da3e1899361cbe955c46f3232e\"},\"headline\":\"Associa\u00e7\u00e3o de moradores em Viana do Castelo aceita loja mas rejeita gasolineira na Cova\",\"datePublished\":\"2025-03-21T12:09:12+00:00\",\"dateModified\":\"2025-03-21T12:09:16+00:00\",\"mainEntityOfPage\":{\"@id\":\"https:\\\/\\\/www.altominho.tv\\\/site\\\/2025\\\/03\\\/21\\\/associacao-de-moradores-em-viana-do-castelo-aceita-loja-mas-rejeita-gasolineira-na-cova\\\/\"},\"wordCount\":598,\"image\":{\"@id\":\"https:\\\/\\\/www.altominho.tv\\\/site\\\/2025\\\/03\\\/21\\\/associacao-de-moradores-em-viana-do-castelo-aceita-loja-mas-rejeita-gasolineira-na-cova\\\/#primaryimage\"},\"thumbnailUrl\":\"https:\\\/\\\/www.altominho.tv\\\/site\\\/wp-content\\\/uploads\\\/2025\\\/03\\\/Design-sem-nome-4.jpg\",\"keywords\":[\"Sociedade\"],\"articleSection\":[\"Viana do Castelo\"],\"inLanguage\":\"pt-PT\",\"copyrightYear\":\"2025\",\"copyrightHolder\":{\"@id\":\"https:\\\/\\\/www.altominho.tv\\\/site\\\/#organization\"}},{\"@type\":\"WebPage\",\"@id\":\"https:\\\/\\\/www.altominho.tv\\\/site\\\/2025\\\/03\\\/21\\\/associacao-de-moradores-em-viana-do-castelo-aceita-loja-mas-rejeita-gasolineira-na-cova\\\/\",\"url\":\"https:\\\/\\\/www.altominho.tv\\\/site\\\/2025\\\/03\\\/21\\\/associacao-de-moradores-em-viana-do-castelo-aceita-loja-mas-rejeita-gasolineira-na-cova\\\/\",\"name\":\"Associa\u00e7\u00e3o de moradores em Viana do Castelo aceita loja mas rejeita gasolineira na Cova\",\"isPartOf\":{\"@id\":\"https:\\\/\\\/www.altominho.tv\\\/site\\\/#website\"},\"primaryImageOfPage\":{\"@id\":\"https:\\\/\\\/www.altominho.tv\\\/site\\\/2025\\\/03\\\/21\\\/associacao-de-moradores-em-viana-do-castelo-aceita-loja-mas-rejeita-gasolineira-na-cova\\\/#primaryimage\"},\"image\":{\"@id\":\"https:\\\/\\\/www.altominho.tv\\\/site\\\/2025\\\/03\\\/21\\\/associacao-de-moradores-em-viana-do-castelo-aceita-loja-mas-rejeita-gasolineira-na-cova\\\/#primaryimage\"},\"thumbnailUrl\":\"https:\\\/\\\/www.altominho.tv\\\/site\\\/wp-content\\\/uploads\\\/2025\\\/03\\\/Design-sem-nome-4.jpg\",\"datePublished\":\"2025-03-21T12:09:12+00:00\",\"dateModified\":\"2025-03-21T12:09:16+00:00\",\"author\":{\"@id\":\"https:\\\/\\\/www.altominho.tv\\\/site\\\/#\\\/schema\\\/person\\\/63f693da3e1899361cbe955c46f3232e\"},\"breadcrumb\":{\"@id\":\"https:\\\/\\\/www.altominho.tv\\\/site\\\/2025\\\/03\\\/21\\\/associacao-de-moradores-em-viana-do-castelo-aceita-loja-mas-rejeita-gasolineira-na-cova\\\/#breadcrumb\"},\"inLanguage\":\"pt-PT\",\"potentialAction\":[{\"@type\":\"ReadAction\",\"target\":[\"https:\\\/\\\/www.altominho.tv\\\/site\\\/2025\\\/03\\\/21\\\/associacao-de-moradores-em-viana-do-castelo-aceita-loja-mas-rejeita-gasolineira-na-cova\\\/\"]}]},{\"@type\":\"ImageObject\",\"inLanguage\":\"pt-PT\",\"@id\":\"https:\\\/\\\/www.altominho.tv\\\/site\\\/2025\\\/03\\\/21\\\/associacao-de-moradores-em-viana-do-castelo-aceita-loja-mas-rejeita-gasolineira-na-cova\\\/#primaryimage\",\"url\":\"https:\\\/\\\/www.altominho.tv\\\/site\\\/wp-content\\\/uploads\\\/2025\\\/03\\\/Design-sem-nome-4.jpg\",\"contentUrl\":\"https:\\\/\\\/www.altominho.tv\\\/site\\\/wp-content\\\/uploads\\\/2025\\\/03\\\/Design-sem-nome-4.jpg\",\"width\":1920,\"height\":1080},{\"@type\":\"BreadcrumbList\",\"@id\":\"https:\\\/\\\/www.altominho.tv\\\/site\\\/2025\\\/03\\\/21\\\/associacao-de-moradores-em-viana-do-castelo-aceita-loja-mas-rejeita-gasolineira-na-cova\\\/#breadcrumb\",\"itemListElement\":[{\"@type\":\"ListItem\",\"position\":1,\"name\":\"In\u00edcio\",\"item\":\"https:\\\/\\\/www.altominho.tv\\\/site\\\/\"},{\"@type\":\"ListItem\",\"position\":2,\"name\":\"Associa\u00e7\u00e3o de moradores em Viana do Castelo aceita loja mas rejeita gasolineira na Cova\"}]},{\"@type\":\"WebSite\",\"@id\":\"https:\\\/\\\/www.altominho.tv\\\/site\\\/#website\",\"url\":\"https:\\\/\\\/www.altominho.tv\\\/site\\\/\",\"name\":\"Altominho.tv\",\"description\":\"A sua regi\u00e3o \u00e0 dist\u00e2ncia de um clique...\",\"potentialAction\":[{\"@type\":\"SearchAction\",\"target\":{\"@type\":\"EntryPoint\",\"urlTemplate\":\"https:\\\/\\\/www.altominho.tv\\\/site\\\/?s={search_term_string}\"},\"query-input\":{\"@type\":\"PropertyValueSpecification\",\"valueRequired\":true,\"valueName\":\"search_term_string\"}}],\"inLanguage\":\"pt-PT\"},{\"@type\":\"Person\",\"@id\":\"https:\\\/\\\/www.altominho.tv\\\/site\\\/#\\\/schema\\\/person\\\/63f693da3e1899361cbe955c46f3232e\",\"name\":\"Lusa\",\"image\":{\"@type\":\"ImageObject\",\"inLanguage\":\"pt-PT\",\"@id\":\"https:\\\/\\\/www.altominho.tv\\\/site\\\/wp-content\\\/uploads\\\/2019\\\/08\\\/LUSA_Logo.gif\",\"url\":\"https:\\\/\\\/www.altominho.tv\\\/site\\\/wp-content\\\/uploads\\\/2019\\\/08\\\/LUSA_Logo.gif\",\"contentUrl\":\"https:\\\/\\\/www.altominho.tv\\\/site\\\/wp-content\\\/uploads\\\/2019\\\/08\\\/LUSA_Logo.gif\",\"caption\":\"Lusa\"},\"sameAs\":[\"http:\\\/\\\/\\\/\\\/www.altominho.tv\\\/site\"],\"url\":\"https:\\\/\\\/www.altominho.tv\\\/site\\\/author\\\/lusa\\\/\"}]}<\/script>\n<!-- \/ Yoast SEO Premium plugin. -->","yoast_head_json":{"title":"Associa\u00e7\u00e3o de moradores em Viana do Castelo aceita loja mas rejeita gasolineira na Cova","robots":{"index":"index","follow":"follow","max-snippet":"max-snippet:-1","max-image-preview":"max-image-preview:large","max-video-preview":"max-video-preview:-1"},"canonical":"https:\/\/www.altominho.tv\/site\/2025\/03\/21\/associacao-de-moradores-em-viana-do-castelo-aceita-loja-mas-rejeita-gasolineira-na-cova\/","og_locale":"pt_PT","og_type":"article","og_title":"Associa\u00e7\u00e3o de moradores em Viana do Castelo aceita loja mas rejeita gasolineira na Cova","og_description":"A Associa\u00e7\u00e3o de Moradores da Cova, na Meadela, n\u00e3o est\u00e1 contra a constru\u00e7\u00e3o de uma loja de desporto naquele lugar, mas tem \u201calgumas dificuldades em perceber o intuito\u201d de um posto de abastecimento de combust\u00edveis na envolvente. Em comunicado publicado na p\u00e1gina oficial no Facebook, hoje consultado pela ag\u00eancia Lusa, a Associa\u00e7\u00e3o de Moradores da [&hellip;]","og_url":"https:\/\/www.altominho.tv\/site\/2025\/03\/21\/associacao-de-moradores-em-viana-do-castelo-aceita-loja-mas-rejeita-gasolineira-na-cova\/","og_site_name":"Altominho.tv","article_publisher":"https:\/\/www.facebook.com\/altominhotv","article_published_time":"2025-03-21T12:09:12+00:00","article_modified_time":"2025-03-21T12:09:16+00:00","og_image":[{"width":1920,"height":1080,"url":"https:\/\/www.altominho.tv\/site\/wp-content\/uploads\/2025\/03\/Design-sem-nome-4.jpg","type":"image\/jpeg"}],"author":"Lusa","twitter_card":"summary_large_image","twitter_creator":"@altominhoTV","twitter_site":"@altominhoTV","twitter_misc":{"Escrito por":"Lusa","Tempo estimado de leitura":"4 minutos"},"schema":{"@context":"https:\/\/schema.org","@graph":[{"@type":"Article","@id":"https:\/\/www.altominho.tv\/site\/2025\/03\/21\/associacao-de-moradores-em-viana-do-castelo-aceita-loja-mas-rejeita-gasolineira-na-cova\/#article","isPartOf":{"@id":"https:\/\/www.altominho.tv\/site\/2025\/03\/21\/associacao-de-moradores-em-viana-do-castelo-aceita-loja-mas-rejeita-gasolineira-na-cova\/"},"author":{"name":"Lusa","@id":"https:\/\/www.altominho.tv\/site\/#\/schema\/person\/63f693da3e1899361cbe955c46f3232e"},"headline":"Associa\u00e7\u00e3o de moradores em Viana do Castelo aceita loja mas rejeita gasolineira na Cova","datePublished":"2025-03-21T12:09:12+00:00","dateModified":"2025-03-21T12:09:16+00:00","mainEntityOfPage":{"@id":"https:\/\/www.altominho.tv\/site\/2025\/03\/21\/associacao-de-moradores-em-viana-do-castelo-aceita-loja-mas-rejeita-gasolineira-na-cova\/"},"wordCount":598,"image":{"@id":"https:\/\/www.altominho.tv\/site\/2025\/03\/21\/associacao-de-moradores-em-viana-do-castelo-aceita-loja-mas-rejeita-gasolineira-na-cova\/#primaryimage"},"thumbnailUrl":"https:\/\/www.altominho.tv\/site\/wp-content\/uploads\/2025\/03\/Design-sem-nome-4.jpg","keywords":["Sociedade"],"articleSection":["Viana do Castelo"],"inLanguage":"pt-PT","copyrightYear":"2025","copyrightHolder":{"@id":"https:\/\/www.altominho.tv\/site\/#organization"}},{"@type":"WebPage","@id":"https:\/\/www.altominho.tv\/site\/2025\/03\/21\/associacao-de-moradores-em-viana-do-castelo-aceita-loja-mas-rejeita-gasolineira-na-cova\/","url":"https:\/\/www.altominho.tv\/site\/2025\/03\/21\/associacao-de-moradores-em-viana-do-castelo-aceita-loja-mas-rejeita-gasolineira-na-cova\/","name":"Associa\u00e7\u00e3o de moradores em Viana do Castelo aceita loja mas rejeita gasolineira na Cova","isPartOf":{"@id":"https:\/\/www.altominho.tv\/site\/#website"},"primaryImageOfPage":{"@id":"https:\/\/www.altominho.tv\/site\/2025\/03\/21\/associacao-de-moradores-em-viana-do-castelo-aceita-loja-mas-rejeita-gasolineira-na-cova\/#primaryimage"},"image":{"@id":"https:\/\/www.altominho.tv\/site\/2025\/03\/21\/associacao-de-moradores-em-viana-do-castelo-aceita-loja-mas-rejeita-gasolineira-na-cova\/#primaryimage"},"thumbnailUrl":"https:\/\/www.altominho.tv\/site\/wp-content\/uploads\/2025\/03\/Design-sem-nome-4.jpg","datePublished":"2025-03-21T12:09:12+00:00","dateModified":"2025-03-21T12:09:16+00:00","author":{"@id":"https:\/\/www.altominho.tv\/site\/#\/schema\/person\/63f693da3e1899361cbe955c46f3232e"},"breadcrumb":{"@id":"https:\/\/www.altominho.tv\/site\/2025\/03\/21\/associacao-de-moradores-em-viana-do-castelo-aceita-loja-mas-rejeita-gasolineira-na-cova\/#breadcrumb"},"inLanguage":"pt-PT","potentialAction":[{"@type":"ReadAction","target":["https:\/\/www.altominho.tv\/site\/2025\/03\/21\/associacao-de-moradores-em-viana-do-castelo-aceita-loja-mas-rejeita-gasolineira-na-cova\/"]}]},{"@type":"ImageObject","inLanguage":"pt-PT","@id":"https:\/\/www.altominho.tv\/site\/2025\/03\/21\/associacao-de-moradores-em-viana-do-castelo-aceita-loja-mas-rejeita-gasolineira-na-cova\/#primaryimage","url":"https:\/\/www.altominho.tv\/site\/wp-content\/uploads\/2025\/03\/Design-sem-nome-4.jpg","contentUrl":"https:\/\/www.altominho.tv\/site\/wp-content\/uploads\/2025\/03\/Design-sem-nome-4.jpg","width":1920,"height":1080},{"@type":"BreadcrumbList","@id":"https:\/\/www.altominho.tv\/site\/2025\/03\/21\/associacao-de-moradores-em-viana-do-castelo-aceita-loja-mas-rejeita-gasolineira-na-cova\/#breadcrumb","itemListElement":[{"@type":"ListItem","position":1,"name":"In\u00edcio","item":"https:\/\/www.altominho.tv\/site\/"},{"@type":"ListItem","position":2,"name":"Associa\u00e7\u00e3o de moradores em Viana do Castelo aceita loja mas rejeita gasolineira na Cova"}]},{"@type":"WebSite","@id":"https:\/\/www.altominho.tv\/site\/#website","url":"https:\/\/www.altominho.tv\/site\/","name":"Altominho.tv","description":"A sua regi\u00e3o \u00e0 dist\u00e2ncia de um clique...","potentialAction":[{"@type":"SearchAction","target":{"@type":"EntryPoint","urlTemplate":"https:\/\/www.altominho.tv\/site\/?s={search_term_string}"},"query-input":{"@type":"PropertyValueSpecification","valueRequired":true,"valueName":"search_term_string"}}],"inLanguage":"pt-PT"},{"@type":"Person","@id":"https:\/\/www.altominho.tv\/site\/#\/schema\/person\/63f693da3e1899361cbe955c46f3232e","name":"Lusa","image":{"@type":"ImageObject","inLanguage":"pt-PT","@id":"https:\/\/www.altominho.tv\/site\/wp-content\/uploads\/2019\/08\/LUSA_Logo.gif","url":"https:\/\/www.altominho.tv\/site\/wp-content\/uploads\/2019\/08\/LUSA_Logo.gif","contentUrl":"https:\/\/www.altominho.tv\/site\/wp-content\/uploads\/2019\/08\/LUSA_Logo.gif","caption":"Lusa"},"sameAs":["http:\/\/\/\/www.altominho.tv\/site"],"url":"https:\/\/www.altominho.tv\/site\/author\/lusa\/"}]}},"_links":{"self":[{"href":"https:\/\/www.altominho.tv\/site\/wp-json\/wp\/v2\/posts\/116022","targetHints":{"allow":["GET"]}}],"collection":[{"href":"https:\/\/www.altominho.tv\/site\/wp-json\/wp\/v2\/posts"}],"about":[{"href":"https:\/\/www.altominho.tv\/site\/wp-json\/wp\/v2\/types\/post"}],"author":[{"embeddable":true,"href":"https:\/\/www.altominho.tv\/site\/wp-json\/wp\/v2\/users\/13"}],"replies":[{"embeddable":true,"href":"https:\/\/www.altominho.tv\/site\/wp-json\/wp\/v2\/comments?post=116022"}],"version-history":[{"count":1,"href":"https:\/\/www.altominho.tv\/site\/wp-json\/wp\/v2\/posts\/116022\/revisions"}],"predecessor-version":[{"id":116028,"href":"https:\/\/www.altominho.tv\/site\/wp-json\/wp\/v2\/posts\/116022\/revisions\/116028"}],"wp:featuredmedia":[{"embeddable":true,"href":"https:\/\/www.altominho.tv\/site\/wp-json\/wp\/v2\/media\/116027"}],"wp:attachment":[{"href":"https:\/\/www.altominho.tv\/site\/wp-json\/wp\/v2\/media?parent=116022"}],"wp:term":[{"taxonomy":"category","embeddable":true,"href":"https:\/\/www.altominho.tv\/site\/wp-json\/wp\/v2\/categories?post=116022"},{"taxonomy":"post_tag","embeddable":true,"href":"https:\/\/www.altominho.tv\/site\/wp-json\/wp\/v2\/tags?post=116022"}],"curies":[{"name":"wp","href":"https:\/\/api.w.org\/{rel}","templated":true}]}}