{"id":11599,"date":"2018-04-09T16:22:47","date_gmt":"2018-04-09T15:22:47","guid":{"rendered":"http:\/\/www.altominho.tv\/site\/?p=11599"},"modified":"2018-04-09T16:22:47","modified_gmt":"2018-04-09T15:22:47","slug":"comedias-do-minho-apresentam-este-mes-os-ultimos-espetaculos-de-lusco-fusco","status":"publish","type":"post","link":"https:\/\/www.altominho.tv\/site\/2018\/04\/09\/comedias-do-minho-apresentam-este-mes-os-ultimos-espetaculos-de-lusco-fusco\/","title":{"rendered":"Com\u00e9dias do Minho apresentam este m\u00eas os \u00faltimos espet\u00e1culos de \u2018Lusco-Fusco\u2019"},"content":{"rendered":"<p>Depois das sess\u00f5es em Valen\u00e7a e Mon\u00e7\u00e3o, nos meses de fevereiro e mar\u00e7o, o projeto pedag\u00f3gico das Com\u00e9dias do Minho, \u2018Lusco-Fusco\u2019, vai percorrer mais tr\u00eas concelhos do Vale do Minho durante o m\u00eas de abril. Este espet\u00e1culo de teatro-dan\u00e7a destina-se a crian\u00e7as a partir dos seis anos e respetivas fam\u00edlias e tem entrada livre.<\/p>\n<p>Com dire\u00e7\u00e3o de Catarina Gon\u00e7alves e Filipe Caldeira, \u2018Lusco-Fusco\u2019 surge de um desejo de partilhar uma experi\u00eancia sobre o vazio e o que ele pode conter, inspirando-se no livro \u201cO Tempo do Gigante\u201d.<\/p>\n<p>Os int\u00e9rpretes t\u00eam uma val\u00eancia dupla: partilham com o p\u00fablico a expectativa de um acontecimento observ\u00e1vel, mas ser\u00e3o tamb\u00e9m os seus operadores. Munidos de um naipe de mat\u00e9rias, sejam org\u00e2nicas ou industriais, obsoletas ou contempor\u00e2neas, os int\u00e9rpretes fabricam, \u00e0 vista de todos, aquilo que tamb\u00e9m eles querem ver. \u00c9 do encontro das diferentes mat\u00e9rias &#8211; entre si e com o corpo &#8211; que surge a trama do espet\u00e1culo.<\/p>\n<p>O espet\u00e1culo opta antes por uma arquitetura de fen\u00f3menos em transi\u00e7\u00e3o e micro-narrativas. As diferen\u00e7as de escala, os jogos com peso e contrapeso, a supress\u00e3o tempor\u00e1ria de um ou outro sentido, os usos da perspetiva, e o alargar de possibilidades de espacializa\u00e7\u00e3o ser\u00e3o os pilares. O espet\u00e1culo sublinha a pot\u00eancia de uma expectativa partilhada. Mais ainda, procura trazer ao dom\u00ednio do pr\u00f3ximo e do tang\u00edvel aquilo que os sentidos habitualmente dizem ser remoto, independente da nossa vontade.<\/p>\n<p>Ao trazer o fen\u00f3meno \u00e0 dimens\u00e3o do <em>it yourself<\/em>, de realidade material e concretiz\u00e1vel, o espet\u00e1culo aponta alguns poss\u00edveis caminhos de uma imagina\u00e7\u00e3o ativada. Expondo o fabrico, a manualidade, associando corpo e mat\u00e9ria de forma inusitada.<\/p>\n<p>No pr\u00f3ximo s\u00e1bado, dia 14 de abril, as Com\u00e9dias do Minho apresentam o espet\u00e1culo em Vila Nova de Cerveira,\u00a0na Biblioteca Municipal, pelas 11h00. Depois de uma representa\u00e7\u00e3o a 22 de abril, no Centro Cultural de Paredes de Coura, a digress\u00e3o pelos cinco concelhos encerra, a 28 de abril, na Casa da Cultura de Melga\u00e7o.<\/p>\n","protected":false},"excerpt":{"rendered":"<p>Depois das sess\u00f5es em Valen\u00e7a e Mon\u00e7\u00e3o, nos meses de fevereiro e mar\u00e7o, o projeto pedag\u00f3gico das Com\u00e9dias do Minho, \u2018Lusco-Fusco\u2019, vai percorrer mais tr\u00eas concelhos do Vale do Minho durante o m\u00eas de abril. Este espet\u00e1culo de teatro-dan\u00e7a destina-se a crian\u00e7as a partir dos seis anos e respetivas fam\u00edlias e tem entrada livre. Com [&hellip;]<\/p>\n","protected":false},"author":12,"featured_media":11600,"comment_status":"closed","ping_status":"closed","sticky":false,"template":"","format":"standard","meta":{"_exactmetrics_skip_tracking":false,"_exactmetrics_sitenote_active":false,"_exactmetrics_sitenote_note":"","_exactmetrics_sitenote_category":0,"footnotes":""},"categories":[73],"tags":[19],"class_list":["post-11599","post","type-post","status-publish","format-standard","has-post-thumbnail","hentry","category-alto-minho","tag-cultura"],"yoast_head":"<!-- This site is optimized with the Yoast SEO Premium plugin v27.5 (Yoast SEO v27.5) - https:\/\/yoast.com\/product\/yoast-seo-premium-wordpress\/ -->\n<title>Com\u00e9dias do Minho apresentam este m\u00eas os \u00faltimos espet\u00e1culos de \u2018Lusco-Fusco\u2019<\/title>\n<meta name=\"robots\" content=\"index, follow, max-snippet:-1, max-image-preview:large, max-video-preview:-1\" \/>\n<link rel=\"canonical\" href=\"https:\/\/www.altominho.tv\/site\/2018\/04\/09\/comedias-do-minho-apresentam-este-mes-os-ultimos-espetaculos-de-lusco-fusco\/\" \/>\n<meta property=\"og:locale\" content=\"pt_PT\" \/>\n<meta property=\"og:type\" content=\"article\" \/>\n<meta property=\"og:title\" content=\"Com\u00e9dias do Minho apresentam este m\u00eas os \u00faltimos espet\u00e1culos de \u2018Lusco-Fusco\u2019\" \/>\n<meta property=\"og:description\" content=\"Depois das sess\u00f5es em Valen\u00e7a e Mon\u00e7\u00e3o, nos meses de fevereiro e mar\u00e7o, o projeto pedag\u00f3gico das Com\u00e9dias do Minho, \u2018Lusco-Fusco\u2019, vai percorrer mais tr\u00eas concelhos do Vale do Minho durante o m\u00eas de abril. Este espet\u00e1culo de teatro-dan\u00e7a destina-se a crian\u00e7as a partir dos seis anos e respetivas fam\u00edlias e tem entrada livre. Com [&hellip;]\" \/>\n<meta property=\"og:url\" content=\"https:\/\/www.altominho.tv\/site\/2018\/04\/09\/comedias-do-minho-apresentam-este-mes-os-ultimos-espetaculos-de-lusco-fusco\/\" \/>\n<meta property=\"og:site_name\" content=\"Altominho.tv\" \/>\n<meta property=\"article:publisher\" content=\"https:\/\/www.facebook.com\/altominhotv\" \/>\n<meta property=\"article:published_time\" content=\"2018-04-09T15:22:47+00:00\" \/>\n<meta property=\"og:image\" content=\"https:\/\/www.altominho.tv\/site\/wp-content\/uploads\/2018\/04\/Lusco-Fusco.png\" \/>\n\t<meta property=\"og:image:width\" content=\"569\" \/>\n\t<meta property=\"og:image:height\" content=\"747\" \/>\n\t<meta property=\"og:image:type\" content=\"image\/png\" \/>\n<meta name=\"author\" content=\"Andreia Ferreira\" \/>\n<meta name=\"twitter:card\" content=\"summary_large_image\" \/>\n<meta name=\"twitter:creator\" content=\"@altominhoTV\" \/>\n<meta name=\"twitter:site\" content=\"@altominhoTV\" \/>\n<meta name=\"twitter:label1\" content=\"Escrito por\" \/>\n\t<meta name=\"twitter:data1\" content=\"Andreia Ferreira\" \/>\n\t<meta name=\"twitter:label2\" content=\"Tempo estimado de leitura\" \/>\n\t<meta name=\"twitter:data2\" content=\"2 minutos\" \/>\n<script type=\"application\/ld+json\" class=\"yoast-schema-graph\">{\"@context\":\"https:\\\/\\\/schema.org\",\"@graph\":[{\"@type\":\"Article\",\"@id\":\"https:\\\/\\\/www.altominho.tv\\\/site\\\/2018\\\/04\\\/09\\\/comedias-do-minho-apresentam-este-mes-os-ultimos-espetaculos-de-lusco-fusco\\\/#article\",\"isPartOf\":{\"@id\":\"https:\\\/\\\/www.altominho.tv\\\/site\\\/2018\\\/04\\\/09\\\/comedias-do-minho-apresentam-este-mes-os-ultimos-espetaculos-de-lusco-fusco\\\/\"},\"author\":{\"name\":\"Andreia Ferreira\",\"@id\":\"https:\\\/\\\/www.altominho.tv\\\/site\\\/#\\\/schema\\\/person\\\/d9be4265364723f14ea8e0d56a1d38cd\"},\"headline\":\"Com\u00e9dias do Minho apresentam este m\u00eas os \u00faltimos espet\u00e1culos de \u2018Lusco-Fusco\u2019\",\"datePublished\":\"2018-04-09T15:22:47+00:00\",\"mainEntityOfPage\":{\"@id\":\"https:\\\/\\\/www.altominho.tv\\\/site\\\/2018\\\/04\\\/09\\\/comedias-do-minho-apresentam-este-mes-os-ultimos-espetaculos-de-lusco-fusco\\\/\"},\"wordCount\":387,\"image\":{\"@id\":\"https:\\\/\\\/www.altominho.tv\\\/site\\\/2018\\\/04\\\/09\\\/comedias-do-minho-apresentam-este-mes-os-ultimos-espetaculos-de-lusco-fusco\\\/#primaryimage\"},\"thumbnailUrl\":\"https:\\\/\\\/www.altominho.tv\\\/site\\\/wp-content\\\/uploads\\\/2018\\\/04\\\/Lusco-Fusco.png\",\"keywords\":[\"Cultura\"],\"articleSection\":[\"Alto Minho\"],\"inLanguage\":\"pt-PT\",\"copyrightYear\":\"2018\",\"copyrightHolder\":{\"@id\":\"https:\\\/\\\/www.altominho.tv\\\/site\\\/#organization\"}},{\"@type\":\"WebPage\",\"@id\":\"https:\\\/\\\/www.altominho.tv\\\/site\\\/2018\\\/04\\\/09\\\/comedias-do-minho-apresentam-este-mes-os-ultimos-espetaculos-de-lusco-fusco\\\/\",\"url\":\"https:\\\/\\\/www.altominho.tv\\\/site\\\/2018\\\/04\\\/09\\\/comedias-do-minho-apresentam-este-mes-os-ultimos-espetaculos-de-lusco-fusco\\\/\",\"name\":\"Com\u00e9dias do Minho apresentam este m\u00eas os \u00faltimos espet\u00e1culos de \u2018Lusco-Fusco\u2019\",\"isPartOf\":{\"@id\":\"https:\\\/\\\/www.altominho.tv\\\/site\\\/#website\"},\"primaryImageOfPage\":{\"@id\":\"https:\\\/\\\/www.altominho.tv\\\/site\\\/2018\\\/04\\\/09\\\/comedias-do-minho-apresentam-este-mes-os-ultimos-espetaculos-de-lusco-fusco\\\/#primaryimage\"},\"image\":{\"@id\":\"https:\\\/\\\/www.altominho.tv\\\/site\\\/2018\\\/04\\\/09\\\/comedias-do-minho-apresentam-este-mes-os-ultimos-espetaculos-de-lusco-fusco\\\/#primaryimage\"},\"thumbnailUrl\":\"https:\\\/\\\/www.altominho.tv\\\/site\\\/wp-content\\\/uploads\\\/2018\\\/04\\\/Lusco-Fusco.png\",\"datePublished\":\"2018-04-09T15:22:47+00:00\",\"author\":{\"@id\":\"https:\\\/\\\/www.altominho.tv\\\/site\\\/#\\\/schema\\\/person\\\/d9be4265364723f14ea8e0d56a1d38cd\"},\"breadcrumb\":{\"@id\":\"https:\\\/\\\/www.altominho.tv\\\/site\\\/2018\\\/04\\\/09\\\/comedias-do-minho-apresentam-este-mes-os-ultimos-espetaculos-de-lusco-fusco\\\/#breadcrumb\"},\"inLanguage\":\"pt-PT\",\"potentialAction\":[{\"@type\":\"ReadAction\",\"target\":[\"https:\\\/\\\/www.altominho.tv\\\/site\\\/2018\\\/04\\\/09\\\/comedias-do-minho-apresentam-este-mes-os-ultimos-espetaculos-de-lusco-fusco\\\/\"]}]},{\"@type\":\"ImageObject\",\"inLanguage\":\"pt-PT\",\"@id\":\"https:\\\/\\\/www.altominho.tv\\\/site\\\/2018\\\/04\\\/09\\\/comedias-do-minho-apresentam-este-mes-os-ultimos-espetaculos-de-lusco-fusco\\\/#primaryimage\",\"url\":\"https:\\\/\\\/www.altominho.tv\\\/site\\\/wp-content\\\/uploads\\\/2018\\\/04\\\/Lusco-Fusco.png\",\"contentUrl\":\"https:\\\/\\\/www.altominho.tv\\\/site\\\/wp-content\\\/uploads\\\/2018\\\/04\\\/Lusco-Fusco.png\",\"width\":569,\"height\":747},{\"@type\":\"BreadcrumbList\",\"@id\":\"https:\\\/\\\/www.altominho.tv\\\/site\\\/2018\\\/04\\\/09\\\/comedias-do-minho-apresentam-este-mes-os-ultimos-espetaculos-de-lusco-fusco\\\/#breadcrumb\",\"itemListElement\":[{\"@type\":\"ListItem\",\"position\":1,\"name\":\"In\u00edcio\",\"item\":\"https:\\\/\\\/www.altominho.tv\\\/site\\\/\"},{\"@type\":\"ListItem\",\"position\":2,\"name\":\"Com\u00e9dias do Minho apresentam este m\u00eas os \u00faltimos espet\u00e1culos de \u2018Lusco-Fusco\u2019\"}]},{\"@type\":\"WebSite\",\"@id\":\"https:\\\/\\\/www.altominho.tv\\\/site\\\/#website\",\"url\":\"https:\\\/\\\/www.altominho.tv\\\/site\\\/\",\"name\":\"Altominho.tv\",\"description\":\"A sua regi\u00e3o \u00e0 dist\u00e2ncia de um clique...\",\"potentialAction\":[{\"@type\":\"SearchAction\",\"target\":{\"@type\":\"EntryPoint\",\"urlTemplate\":\"https:\\\/\\\/www.altominho.tv\\\/site\\\/?s={search_term_string}\"},\"query-input\":{\"@type\":\"PropertyValueSpecification\",\"valueRequired\":true,\"valueName\":\"search_term_string\"}}],\"inLanguage\":\"pt-PT\"},{\"@type\":\"Person\",\"@id\":\"https:\\\/\\\/www.altominho.tv\\\/site\\\/#\\\/schema\\\/person\\\/d9be4265364723f14ea8e0d56a1d38cd\",\"name\":\"Andreia Ferreira\",\"image\":{\"@type\":\"ImageObject\",\"inLanguage\":\"pt-PT\",\"@id\":\"https:\\\/\\\/www.altominho.tv\\\/site\\\/wp-content\\\/uploads\\\/2021\\\/01\\\/AndreiaFerreira-150x150.jpg\",\"url\":\"https:\\\/\\\/www.altominho.tv\\\/site\\\/wp-content\\\/uploads\\\/2021\\\/01\\\/AndreiaFerreira-150x150.jpg\",\"contentUrl\":\"https:\\\/\\\/www.altominho.tv\\\/site\\\/wp-content\\\/uploads\\\/2021\\\/01\\\/AndreiaFerreira-150x150.jpg\",\"caption\":\"Andreia Ferreira\"},\"url\":\"https:\\\/\\\/www.altominho.tv\\\/site\\\/author\\\/andreiaferreira\\\/\"}]}<\/script>\n<!-- \/ Yoast SEO Premium plugin. -->","yoast_head_json":{"title":"Com\u00e9dias do Minho apresentam este m\u00eas os \u00faltimos espet\u00e1culos de \u2018Lusco-Fusco\u2019","robots":{"index":"index","follow":"follow","max-snippet":"max-snippet:-1","max-image-preview":"max-image-preview:large","max-video-preview":"max-video-preview:-1"},"canonical":"https:\/\/www.altominho.tv\/site\/2018\/04\/09\/comedias-do-minho-apresentam-este-mes-os-ultimos-espetaculos-de-lusco-fusco\/","og_locale":"pt_PT","og_type":"article","og_title":"Com\u00e9dias do Minho apresentam este m\u00eas os \u00faltimos espet\u00e1culos de \u2018Lusco-Fusco\u2019","og_description":"Depois das sess\u00f5es em Valen\u00e7a e Mon\u00e7\u00e3o, nos meses de fevereiro e mar\u00e7o, o projeto pedag\u00f3gico das Com\u00e9dias do Minho, \u2018Lusco-Fusco\u2019, vai percorrer mais tr\u00eas concelhos do Vale do Minho durante o m\u00eas de abril. Este espet\u00e1culo de teatro-dan\u00e7a destina-se a crian\u00e7as a partir dos seis anos e respetivas fam\u00edlias e tem entrada livre. Com [&hellip;]","og_url":"https:\/\/www.altominho.tv\/site\/2018\/04\/09\/comedias-do-minho-apresentam-este-mes-os-ultimos-espetaculos-de-lusco-fusco\/","og_site_name":"Altominho.tv","article_publisher":"https:\/\/www.facebook.com\/altominhotv","article_published_time":"2018-04-09T15:22:47+00:00","og_image":[{"width":569,"height":747,"url":"https:\/\/www.altominho.tv\/site\/wp-content\/uploads\/2018\/04\/Lusco-Fusco.png","type":"image\/png"}],"author":"Andreia Ferreira","twitter_card":"summary_large_image","twitter_creator":"@altominhoTV","twitter_site":"@altominhoTV","twitter_misc":{"Escrito por":"Andreia Ferreira","Tempo estimado de leitura":"2 minutos"},"schema":{"@context":"https:\/\/schema.org","@graph":[{"@type":"Article","@id":"https:\/\/www.altominho.tv\/site\/2018\/04\/09\/comedias-do-minho-apresentam-este-mes-os-ultimos-espetaculos-de-lusco-fusco\/#article","isPartOf":{"@id":"https:\/\/www.altominho.tv\/site\/2018\/04\/09\/comedias-do-minho-apresentam-este-mes-os-ultimos-espetaculos-de-lusco-fusco\/"},"author":{"name":"Andreia Ferreira","@id":"https:\/\/www.altominho.tv\/site\/#\/schema\/person\/d9be4265364723f14ea8e0d56a1d38cd"},"headline":"Com\u00e9dias do Minho apresentam este m\u00eas os \u00faltimos espet\u00e1culos de \u2018Lusco-Fusco\u2019","datePublished":"2018-04-09T15:22:47+00:00","mainEntityOfPage":{"@id":"https:\/\/www.altominho.tv\/site\/2018\/04\/09\/comedias-do-minho-apresentam-este-mes-os-ultimos-espetaculos-de-lusco-fusco\/"},"wordCount":387,"image":{"@id":"https:\/\/www.altominho.tv\/site\/2018\/04\/09\/comedias-do-minho-apresentam-este-mes-os-ultimos-espetaculos-de-lusco-fusco\/#primaryimage"},"thumbnailUrl":"https:\/\/www.altominho.tv\/site\/wp-content\/uploads\/2018\/04\/Lusco-Fusco.png","keywords":["Cultura"],"articleSection":["Alto Minho"],"inLanguage":"pt-PT","copyrightYear":"2018","copyrightHolder":{"@id":"https:\/\/www.altominho.tv\/site\/#organization"}},{"@type":"WebPage","@id":"https:\/\/www.altominho.tv\/site\/2018\/04\/09\/comedias-do-minho-apresentam-este-mes-os-ultimos-espetaculos-de-lusco-fusco\/","url":"https:\/\/www.altominho.tv\/site\/2018\/04\/09\/comedias-do-minho-apresentam-este-mes-os-ultimos-espetaculos-de-lusco-fusco\/","name":"Com\u00e9dias do Minho apresentam este m\u00eas os \u00faltimos espet\u00e1culos de \u2018Lusco-Fusco\u2019","isPartOf":{"@id":"https:\/\/www.altominho.tv\/site\/#website"},"primaryImageOfPage":{"@id":"https:\/\/www.altominho.tv\/site\/2018\/04\/09\/comedias-do-minho-apresentam-este-mes-os-ultimos-espetaculos-de-lusco-fusco\/#primaryimage"},"image":{"@id":"https:\/\/www.altominho.tv\/site\/2018\/04\/09\/comedias-do-minho-apresentam-este-mes-os-ultimos-espetaculos-de-lusco-fusco\/#primaryimage"},"thumbnailUrl":"https:\/\/www.altominho.tv\/site\/wp-content\/uploads\/2018\/04\/Lusco-Fusco.png","datePublished":"2018-04-09T15:22:47+00:00","author":{"@id":"https:\/\/www.altominho.tv\/site\/#\/schema\/person\/d9be4265364723f14ea8e0d56a1d38cd"},"breadcrumb":{"@id":"https:\/\/www.altominho.tv\/site\/2018\/04\/09\/comedias-do-minho-apresentam-este-mes-os-ultimos-espetaculos-de-lusco-fusco\/#breadcrumb"},"inLanguage":"pt-PT","potentialAction":[{"@type":"ReadAction","target":["https:\/\/www.altominho.tv\/site\/2018\/04\/09\/comedias-do-minho-apresentam-este-mes-os-ultimos-espetaculos-de-lusco-fusco\/"]}]},{"@type":"ImageObject","inLanguage":"pt-PT","@id":"https:\/\/www.altominho.tv\/site\/2018\/04\/09\/comedias-do-minho-apresentam-este-mes-os-ultimos-espetaculos-de-lusco-fusco\/#primaryimage","url":"https:\/\/www.altominho.tv\/site\/wp-content\/uploads\/2018\/04\/Lusco-Fusco.png","contentUrl":"https:\/\/www.altominho.tv\/site\/wp-content\/uploads\/2018\/04\/Lusco-Fusco.png","width":569,"height":747},{"@type":"BreadcrumbList","@id":"https:\/\/www.altominho.tv\/site\/2018\/04\/09\/comedias-do-minho-apresentam-este-mes-os-ultimos-espetaculos-de-lusco-fusco\/#breadcrumb","itemListElement":[{"@type":"ListItem","position":1,"name":"In\u00edcio","item":"https:\/\/www.altominho.tv\/site\/"},{"@type":"ListItem","position":2,"name":"Com\u00e9dias do Minho apresentam este m\u00eas os \u00faltimos espet\u00e1culos de \u2018Lusco-Fusco\u2019"}]},{"@type":"WebSite","@id":"https:\/\/www.altominho.tv\/site\/#website","url":"https:\/\/www.altominho.tv\/site\/","name":"Altominho.tv","description":"A sua regi\u00e3o \u00e0 dist\u00e2ncia de um clique...","potentialAction":[{"@type":"SearchAction","target":{"@type":"EntryPoint","urlTemplate":"https:\/\/www.altominho.tv\/site\/?s={search_term_string}"},"query-input":{"@type":"PropertyValueSpecification","valueRequired":true,"valueName":"search_term_string"}}],"inLanguage":"pt-PT"},{"@type":"Person","@id":"https:\/\/www.altominho.tv\/site\/#\/schema\/person\/d9be4265364723f14ea8e0d56a1d38cd","name":"Andreia Ferreira","image":{"@type":"ImageObject","inLanguage":"pt-PT","@id":"https:\/\/www.altominho.tv\/site\/wp-content\/uploads\/2021\/01\/AndreiaFerreira-150x150.jpg","url":"https:\/\/www.altominho.tv\/site\/wp-content\/uploads\/2021\/01\/AndreiaFerreira-150x150.jpg","contentUrl":"https:\/\/www.altominho.tv\/site\/wp-content\/uploads\/2021\/01\/AndreiaFerreira-150x150.jpg","caption":"Andreia Ferreira"},"url":"https:\/\/www.altominho.tv\/site\/author\/andreiaferreira\/"}]}},"_links":{"self":[{"href":"https:\/\/www.altominho.tv\/site\/wp-json\/wp\/v2\/posts\/11599","targetHints":{"allow":["GET"]}}],"collection":[{"href":"https:\/\/www.altominho.tv\/site\/wp-json\/wp\/v2\/posts"}],"about":[{"href":"https:\/\/www.altominho.tv\/site\/wp-json\/wp\/v2\/types\/post"}],"author":[{"embeddable":true,"href":"https:\/\/www.altominho.tv\/site\/wp-json\/wp\/v2\/users\/12"}],"replies":[{"embeddable":true,"href":"https:\/\/www.altominho.tv\/site\/wp-json\/wp\/v2\/comments?post=11599"}],"version-history":[{"count":0,"href":"https:\/\/www.altominho.tv\/site\/wp-json\/wp\/v2\/posts\/11599\/revisions"}],"wp:featuredmedia":[{"embeddable":true,"href":"https:\/\/www.altominho.tv\/site\/wp-json\/wp\/v2\/media\/11600"}],"wp:attachment":[{"href":"https:\/\/www.altominho.tv\/site\/wp-json\/wp\/v2\/media?parent=11599"}],"wp:term":[{"taxonomy":"category","embeddable":true,"href":"https:\/\/www.altominho.tv\/site\/wp-json\/wp\/v2\/categories?post=11599"},{"taxonomy":"post_tag","embeddable":true,"href":"https:\/\/www.altominho.tv\/site\/wp-json\/wp\/v2\/tags?post=11599"}],"curies":[{"name":"wp","href":"https:\/\/api.w.org\/{rel}","templated":true}]}}