{"id":115977,"date":"2025-03-20T11:29:02","date_gmt":"2025-03-20T11:29:02","guid":{"rendered":"https:\/\/www.altominho.tv\/site\/?p=115977"},"modified":"2025-03-20T11:29:05","modified_gmt":"2025-03-20T11:29:05","slug":"municipio-de-ponte-de-lima-conquista-galardao-de-ouro","status":"publish","type":"post","link":"https:\/\/www.altominho.tv\/site\/2025\/03\/20\/municipio-de-ponte-de-lima-conquista-galardao-de-ouro\/","title":{"rendered":"Munic\u00edpio de Ponte de Lima conquista galard\u00e3o de ouro como destino sustent\u00e1vel"},"content":{"rendered":"<p class=\"p1\">Ponte de Lima foi distinguida pela primeira vez, com o galard\u00e3o Gold Green Destinations Award (Destino Verde Ouro), no \u00e2mbito da candidatura submetida pelo Munic\u00edpio de Ponte de Lima ao programa Green Destinations Awards\u00a0&amp; Certification.<\/p>\n<p class=\"p1\">Esta distin\u00e7\u00e3o surge como reconhecimento, ao Munic\u00edpio de Ponte de Lima, pelo empenho na implementa\u00e7\u00e3o de pol\u00edticas e a\u00e7\u00f5es que promovem um turismo mais sustent\u00e1vel, respons\u00e1vel e equilibrado, com base em princ\u00edpios estabelecidos nos ODS &#8211; Objetivos de Desenvolvimento Sustent\u00e1vel das Na\u00e7\u00f5es Unidas -, sejam ambientais, culturais ou socioecon\u00f3micos.<\/p>\n<p class=\"p1\">O Munic\u00edpio de Ponte de Lima assume, assim, o compromisso de consolidar Ponte de Lima como um destino de refer\u00eancia mundial em sustentabilidade, continuando a desenvolver pol\u00edticas e a\u00e7\u00f5es que v\u00e3o de encontro \u00e0 excel\u00eancia de um turismo sustent\u00e1vel e atrativo no futuro.<\/p>\n<p class=\"p1\">Este galard\u00e3o, \u00e9 o reflexo da excel\u00eancia na gest\u00e3o de destinos sustent\u00e1veis, que passa por aspetos como a conserva\u00e7\u00e3o da natureza e do patrim\u00f3nio, a gest\u00e3o de res\u00edduos, a energia e o clima.<\/p>\n<p class=\"p1\">O programa Green Destinations Awards &amp; Certification galardoa, certifica e promove destinos tur\u00edsticos sustent\u00e1veis, a n\u00edvel internacional, de acordo com mais de 100 crit\u00e9rios, que visa sensibiliza\u00e7\u00e3o e mobiliza\u00e7\u00e3o dos diversos agentes do sector do turismo para a ado\u00e7\u00e3o de boas pr\u00e1ticas ambientais, sociais e econ\u00f3micas rigorosas.<\/p>\n<p class=\"p1\">Os destinos participantes orientam-se por um sistema de gest\u00e3o sustent\u00e1vel, com uma verifica\u00e7\u00e3o independente de desempenho e progresso, a cada dois anos, bem como recomenda\u00e7\u00f5es de melhorias.<\/p>\n<p class=\"p1\">A certifica\u00e7\u00e3o Green Destinations (destinos verdes) \u00e9 acreditada pelo Conselho Global de Turismo Sustent\u00e1vel (GSTC).<\/p>\n","protected":false},"excerpt":{"rendered":"<p>Ponte de Lima foi distinguida pela primeira vez, com o galard\u00e3o Gold Green Destinations Award (Destino Verde Ouro), no \u00e2mbito da candidatura submetida pelo Munic\u00edpio de Ponte de Lima ao programa Green Destinations Awards\u00a0&amp; Certification. Esta distin\u00e7\u00e3o surge como reconhecimento, ao Munic\u00edpio de Ponte de Lima, pelo empenho na implementa\u00e7\u00e3o de pol\u00edticas e a\u00e7\u00f5es que [&hellip;]<\/p>\n","protected":false},"author":1,"featured_media":115980,"comment_status":"closed","ping_status":"closed","sticky":false,"template":"","format":"standard","meta":{"_exactmetrics_skip_tracking":false,"_exactmetrics_sitenote_active":false,"_exactmetrics_sitenote_note":"","_exactmetrics_sitenote_category":0,"footnotes":""},"categories":[12],"tags":[27],"class_list":["post-115977","post","type-post","status-publish","format-standard","has-post-thumbnail","hentry","category-ponte-de-lima","tag-sociedade"],"yoast_head":"<!-- This site is optimized with the Yoast SEO Premium plugin v27.4 (Yoast SEO v27.4) - https:\/\/yoast.com\/product\/yoast-seo-premium-wordpress\/ -->\n<title>Munic\u00edpio de Ponte de Lima conquista galard\u00e3o de ouro como destino sustent\u00e1vel<\/title>\n<meta name=\"description\" content=\"Ponte de Lima foi distinguida pela primeira vez, com o galard\u00e3o Gold Green Destinations Award (Destino Verde Ouro), no \u00e2mbito da candidatura submetida pelo Munic\u00edpio de Ponte de Lima ao programa Green Destinations Awards\u00a0&amp; Certification.\" \/>\n<meta name=\"robots\" content=\"index, follow, max-snippet:-1, max-image-preview:large, max-video-preview:-1\" \/>\n<link rel=\"canonical\" href=\"https:\/\/www.altominho.tv\/site\/2025\/03\/20\/municipio-de-ponte-de-lima-conquista-galardao-de-ouro\/\" \/>\n<meta property=\"og:locale\" content=\"pt_PT\" \/>\n<meta property=\"og:type\" content=\"article\" \/>\n<meta property=\"og:title\" content=\"Munic\u00edpio de Ponte de Lima conquista galard\u00e3o de ouro como destino sustent\u00e1vel\" \/>\n<meta property=\"og:description\" content=\"Ponte de Lima foi distinguida pela primeira vez, com o galard\u00e3o Gold Green Destinations Award (Destino Verde Ouro), no \u00e2mbito da candidatura submetida pelo Munic\u00edpio de Ponte de Lima ao programa Green Destinations Awards\u00a0&amp; Certification.\" \/>\n<meta property=\"og:url\" content=\"https:\/\/www.altominho.tv\/site\/2025\/03\/20\/municipio-de-ponte-de-lima-conquista-galardao-de-ouro\/\" \/>\n<meta property=\"og:site_name\" content=\"Altominho.tv\" \/>\n<meta property=\"article:publisher\" content=\"https:\/\/www.facebook.com\/altominhotv\" \/>\n<meta property=\"article:published_time\" content=\"2025-03-20T11:29:02+00:00\" \/>\n<meta property=\"article:modified_time\" content=\"2025-03-20T11:29:05+00:00\" \/>\n<meta property=\"og:image\" content=\"https:\/\/www.altominho.tv\/site\/wp-content\/uploads\/2025\/03\/green-destination-awards.jpg\" \/>\n\t<meta property=\"og:image:width\" content=\"1200\" \/>\n\t<meta property=\"og:image:height\" content=\"630\" \/>\n\t<meta property=\"og:image:type\" content=\"image\/jpeg\" \/>\n<meta name=\"author\" content=\"Altominho.tv\" \/>\n<meta name=\"twitter:card\" content=\"summary_large_image\" \/>\n<meta name=\"twitter:creator\" content=\"@altominhoTV\" \/>\n<meta name=\"twitter:site\" content=\"@altominhoTV\" \/>\n<meta name=\"twitter:label1\" content=\"Escrito por\" \/>\n\t<meta name=\"twitter:data1\" content=\"Altominho.tv\" \/>\n\t<meta name=\"twitter:label2\" content=\"Tempo estimado de leitura\" \/>\n\t<meta name=\"twitter:data2\" content=\"2 minutos\" \/>\n<script type=\"application\/ld+json\" class=\"yoast-schema-graph\">{\"@context\":\"https:\\\/\\\/schema.org\",\"@graph\":[{\"@type\":\"Article\",\"@id\":\"https:\\\/\\\/www.altominho.tv\\\/site\\\/2025\\\/03\\\/20\\\/municipio-de-ponte-de-lima-conquista-galardao-de-ouro\\\/#article\",\"isPartOf\":{\"@id\":\"https:\\\/\\\/www.altominho.tv\\\/site\\\/2025\\\/03\\\/20\\\/municipio-de-ponte-de-lima-conquista-galardao-de-ouro\\\/\"},\"author\":{\"name\":\"Altominho.tv\",\"@id\":\"https:\\\/\\\/www.altominho.tv\\\/site\\\/#\\\/schema\\\/person\\\/4e536851627d7914baf3dac752b6af22\"},\"headline\":\"Munic\u00edpio de Ponte de Lima conquista galard\u00e3o de ouro como destino sustent\u00e1vel\",\"datePublished\":\"2025-03-20T11:29:02+00:00\",\"dateModified\":\"2025-03-20T11:29:05+00:00\",\"mainEntityOfPage\":{\"@id\":\"https:\\\/\\\/www.altominho.tv\\\/site\\\/2025\\\/03\\\/20\\\/municipio-de-ponte-de-lima-conquista-galardao-de-ouro\\\/\"},\"wordCount\":304,\"image\":{\"@id\":\"https:\\\/\\\/www.altominho.tv\\\/site\\\/2025\\\/03\\\/20\\\/municipio-de-ponte-de-lima-conquista-galardao-de-ouro\\\/#primaryimage\"},\"thumbnailUrl\":\"https:\\\/\\\/www.altominho.tv\\\/site\\\/wp-content\\\/uploads\\\/2025\\\/03\\\/green-destination-awards.jpg\",\"keywords\":[\"Sociedade\"],\"articleSection\":[\"Ponte de Lima\"],\"inLanguage\":\"pt-PT\",\"copyrightYear\":\"2025\",\"copyrightHolder\":{\"@id\":\"https:\\\/\\\/www.altominho.tv\\\/site\\\/#organization\"}},{\"@type\":\"WebPage\",\"@id\":\"https:\\\/\\\/www.altominho.tv\\\/site\\\/2025\\\/03\\\/20\\\/municipio-de-ponte-de-lima-conquista-galardao-de-ouro\\\/\",\"url\":\"https:\\\/\\\/www.altominho.tv\\\/site\\\/2025\\\/03\\\/20\\\/municipio-de-ponte-de-lima-conquista-galardao-de-ouro\\\/\",\"name\":\"Munic\u00edpio de Ponte de Lima conquista galard\u00e3o de ouro como destino sustent\u00e1vel\",\"isPartOf\":{\"@id\":\"https:\\\/\\\/www.altominho.tv\\\/site\\\/#website\"},\"primaryImageOfPage\":{\"@id\":\"https:\\\/\\\/www.altominho.tv\\\/site\\\/2025\\\/03\\\/20\\\/municipio-de-ponte-de-lima-conquista-galardao-de-ouro\\\/#primaryimage\"},\"image\":{\"@id\":\"https:\\\/\\\/www.altominho.tv\\\/site\\\/2025\\\/03\\\/20\\\/municipio-de-ponte-de-lima-conquista-galardao-de-ouro\\\/#primaryimage\"},\"thumbnailUrl\":\"https:\\\/\\\/www.altominho.tv\\\/site\\\/wp-content\\\/uploads\\\/2025\\\/03\\\/green-destination-awards.jpg\",\"datePublished\":\"2025-03-20T11:29:02+00:00\",\"dateModified\":\"2025-03-20T11:29:05+00:00\",\"author\":{\"@id\":\"https:\\\/\\\/www.altominho.tv\\\/site\\\/#\\\/schema\\\/person\\\/4e536851627d7914baf3dac752b6af22\"},\"description\":\"Ponte de Lima foi distinguida pela primeira vez, com o galard\u00e3o Gold Green Destinations Award (Destino Verde Ouro), no \u00e2mbito da candidatura submetida pelo Munic\u00edpio de Ponte de Lima ao programa Green Destinations Awards\u00a0& Certification.\",\"breadcrumb\":{\"@id\":\"https:\\\/\\\/www.altominho.tv\\\/site\\\/2025\\\/03\\\/20\\\/municipio-de-ponte-de-lima-conquista-galardao-de-ouro\\\/#breadcrumb\"},\"inLanguage\":\"pt-PT\",\"potentialAction\":[{\"@type\":\"ReadAction\",\"target\":[\"https:\\\/\\\/www.altominho.tv\\\/site\\\/2025\\\/03\\\/20\\\/municipio-de-ponte-de-lima-conquista-galardao-de-ouro\\\/\"]}]},{\"@type\":\"ImageObject\",\"inLanguage\":\"pt-PT\",\"@id\":\"https:\\\/\\\/www.altominho.tv\\\/site\\\/2025\\\/03\\\/20\\\/municipio-de-ponte-de-lima-conquista-galardao-de-ouro\\\/#primaryimage\",\"url\":\"https:\\\/\\\/www.altominho.tv\\\/site\\\/wp-content\\\/uploads\\\/2025\\\/03\\\/green-destination-awards.jpg\",\"contentUrl\":\"https:\\\/\\\/www.altominho.tv\\\/site\\\/wp-content\\\/uploads\\\/2025\\\/03\\\/green-destination-awards.jpg\",\"width\":1200,\"height\":630},{\"@type\":\"BreadcrumbList\",\"@id\":\"https:\\\/\\\/www.altominho.tv\\\/site\\\/2025\\\/03\\\/20\\\/municipio-de-ponte-de-lima-conquista-galardao-de-ouro\\\/#breadcrumb\",\"itemListElement\":[{\"@type\":\"ListItem\",\"position\":1,\"name\":\"In\u00edcio\",\"item\":\"https:\\\/\\\/www.altominho.tv\\\/site\\\/\"},{\"@type\":\"ListItem\",\"position\":2,\"name\":\"Munic\u00edpio de Ponte de Lima conquista galard\u00e3o de ouro como destino sustent\u00e1vel\"}]},{\"@type\":\"WebSite\",\"@id\":\"https:\\\/\\\/www.altominho.tv\\\/site\\\/#website\",\"url\":\"https:\\\/\\\/www.altominho.tv\\\/site\\\/\",\"name\":\"Altominho.tv\",\"description\":\"A sua regi\u00e3o \u00e0 dist\u00e2ncia de um clique...\",\"potentialAction\":[{\"@type\":\"SearchAction\",\"target\":{\"@type\":\"EntryPoint\",\"urlTemplate\":\"https:\\\/\\\/www.altominho.tv\\\/site\\\/?s={search_term_string}\"},\"query-input\":{\"@type\":\"PropertyValueSpecification\",\"valueRequired\":true,\"valueName\":\"search_term_string\"}}],\"inLanguage\":\"pt-PT\"},{\"@type\":\"Person\",\"@id\":\"https:\\\/\\\/www.altominho.tv\\\/site\\\/#\\\/schema\\\/person\\\/4e536851627d7914baf3dac752b6af22\",\"name\":\"Altominho.tv\",\"image\":{\"@type\":\"ImageObject\",\"inLanguage\":\"pt-PT\",\"@id\":\"https:\\\/\\\/www.altominho.tv\\\/site\\\/wp-content\\\/uploads\\\/2019\\\/11\\\/Logo_Avatar_2-150x150.jpg\",\"url\":\"https:\\\/\\\/www.altominho.tv\\\/site\\\/wp-content\\\/uploads\\\/2019\\\/11\\\/Logo_Avatar_2-150x150.jpg\",\"contentUrl\":\"https:\\\/\\\/www.altominho.tv\\\/site\\\/wp-content\\\/uploads\\\/2019\\\/11\\\/Logo_Avatar_2-150x150.jpg\",\"caption\":\"Altominho.tv\"},\"url\":\"https:\\\/\\\/www.altominho.tv\\\/site\\\/author\\\/altominhotv-tecnico\\\/\"}]}<\/script>\n<!-- \/ Yoast SEO Premium plugin. -->","yoast_head_json":{"title":"Munic\u00edpio de Ponte de Lima conquista galard\u00e3o de ouro como destino sustent\u00e1vel","description":"Ponte de Lima foi distinguida pela primeira vez, com o galard\u00e3o Gold Green Destinations Award (Destino Verde Ouro), no \u00e2mbito da candidatura submetida pelo Munic\u00edpio de Ponte de Lima ao programa Green Destinations Awards\u00a0& Certification.","robots":{"index":"index","follow":"follow","max-snippet":"max-snippet:-1","max-image-preview":"max-image-preview:large","max-video-preview":"max-video-preview:-1"},"canonical":"https:\/\/www.altominho.tv\/site\/2025\/03\/20\/municipio-de-ponte-de-lima-conquista-galardao-de-ouro\/","og_locale":"pt_PT","og_type":"article","og_title":"Munic\u00edpio de Ponte de Lima conquista galard\u00e3o de ouro como destino sustent\u00e1vel","og_description":"Ponte de Lima foi distinguida pela primeira vez, com o galard\u00e3o Gold Green Destinations Award (Destino Verde Ouro), no \u00e2mbito da candidatura submetida pelo Munic\u00edpio de Ponte de Lima ao programa Green Destinations Awards\u00a0& Certification.","og_url":"https:\/\/www.altominho.tv\/site\/2025\/03\/20\/municipio-de-ponte-de-lima-conquista-galardao-de-ouro\/","og_site_name":"Altominho.tv","article_publisher":"https:\/\/www.facebook.com\/altominhotv","article_published_time":"2025-03-20T11:29:02+00:00","article_modified_time":"2025-03-20T11:29:05+00:00","og_image":[{"width":1200,"height":630,"url":"https:\/\/www.altominho.tv\/site\/wp-content\/uploads\/2025\/03\/green-destination-awards.jpg","type":"image\/jpeg"}],"author":"Altominho.tv","twitter_card":"summary_large_image","twitter_creator":"@altominhoTV","twitter_site":"@altominhoTV","twitter_misc":{"Escrito por":"Altominho.tv","Tempo estimado de leitura":"2 minutos"},"schema":{"@context":"https:\/\/schema.org","@graph":[{"@type":"Article","@id":"https:\/\/www.altominho.tv\/site\/2025\/03\/20\/municipio-de-ponte-de-lima-conquista-galardao-de-ouro\/#article","isPartOf":{"@id":"https:\/\/www.altominho.tv\/site\/2025\/03\/20\/municipio-de-ponte-de-lima-conquista-galardao-de-ouro\/"},"author":{"name":"Altominho.tv","@id":"https:\/\/www.altominho.tv\/site\/#\/schema\/person\/4e536851627d7914baf3dac752b6af22"},"headline":"Munic\u00edpio de Ponte de Lima conquista galard\u00e3o de ouro como destino sustent\u00e1vel","datePublished":"2025-03-20T11:29:02+00:00","dateModified":"2025-03-20T11:29:05+00:00","mainEntityOfPage":{"@id":"https:\/\/www.altominho.tv\/site\/2025\/03\/20\/municipio-de-ponte-de-lima-conquista-galardao-de-ouro\/"},"wordCount":304,"image":{"@id":"https:\/\/www.altominho.tv\/site\/2025\/03\/20\/municipio-de-ponte-de-lima-conquista-galardao-de-ouro\/#primaryimage"},"thumbnailUrl":"https:\/\/www.altominho.tv\/site\/wp-content\/uploads\/2025\/03\/green-destination-awards.jpg","keywords":["Sociedade"],"articleSection":["Ponte de Lima"],"inLanguage":"pt-PT","copyrightYear":"2025","copyrightHolder":{"@id":"https:\/\/www.altominho.tv\/site\/#organization"}},{"@type":"WebPage","@id":"https:\/\/www.altominho.tv\/site\/2025\/03\/20\/municipio-de-ponte-de-lima-conquista-galardao-de-ouro\/","url":"https:\/\/www.altominho.tv\/site\/2025\/03\/20\/municipio-de-ponte-de-lima-conquista-galardao-de-ouro\/","name":"Munic\u00edpio de Ponte de Lima conquista galard\u00e3o de ouro como destino sustent\u00e1vel","isPartOf":{"@id":"https:\/\/www.altominho.tv\/site\/#website"},"primaryImageOfPage":{"@id":"https:\/\/www.altominho.tv\/site\/2025\/03\/20\/municipio-de-ponte-de-lima-conquista-galardao-de-ouro\/#primaryimage"},"image":{"@id":"https:\/\/www.altominho.tv\/site\/2025\/03\/20\/municipio-de-ponte-de-lima-conquista-galardao-de-ouro\/#primaryimage"},"thumbnailUrl":"https:\/\/www.altominho.tv\/site\/wp-content\/uploads\/2025\/03\/green-destination-awards.jpg","datePublished":"2025-03-20T11:29:02+00:00","dateModified":"2025-03-20T11:29:05+00:00","author":{"@id":"https:\/\/www.altominho.tv\/site\/#\/schema\/person\/4e536851627d7914baf3dac752b6af22"},"description":"Ponte de Lima foi distinguida pela primeira vez, com o galard\u00e3o Gold Green Destinations Award (Destino Verde Ouro), no \u00e2mbito da candidatura submetida pelo Munic\u00edpio de Ponte de Lima ao programa Green Destinations Awards\u00a0& Certification.","breadcrumb":{"@id":"https:\/\/www.altominho.tv\/site\/2025\/03\/20\/municipio-de-ponte-de-lima-conquista-galardao-de-ouro\/#breadcrumb"},"inLanguage":"pt-PT","potentialAction":[{"@type":"ReadAction","target":["https:\/\/www.altominho.tv\/site\/2025\/03\/20\/municipio-de-ponte-de-lima-conquista-galardao-de-ouro\/"]}]},{"@type":"ImageObject","inLanguage":"pt-PT","@id":"https:\/\/www.altominho.tv\/site\/2025\/03\/20\/municipio-de-ponte-de-lima-conquista-galardao-de-ouro\/#primaryimage","url":"https:\/\/www.altominho.tv\/site\/wp-content\/uploads\/2025\/03\/green-destination-awards.jpg","contentUrl":"https:\/\/www.altominho.tv\/site\/wp-content\/uploads\/2025\/03\/green-destination-awards.jpg","width":1200,"height":630},{"@type":"BreadcrumbList","@id":"https:\/\/www.altominho.tv\/site\/2025\/03\/20\/municipio-de-ponte-de-lima-conquista-galardao-de-ouro\/#breadcrumb","itemListElement":[{"@type":"ListItem","position":1,"name":"In\u00edcio","item":"https:\/\/www.altominho.tv\/site\/"},{"@type":"ListItem","position":2,"name":"Munic\u00edpio de Ponte de Lima conquista galard\u00e3o de ouro como destino sustent\u00e1vel"}]},{"@type":"WebSite","@id":"https:\/\/www.altominho.tv\/site\/#website","url":"https:\/\/www.altominho.tv\/site\/","name":"Altominho.tv","description":"A sua regi\u00e3o \u00e0 dist\u00e2ncia de um clique...","potentialAction":[{"@type":"SearchAction","target":{"@type":"EntryPoint","urlTemplate":"https:\/\/www.altominho.tv\/site\/?s={search_term_string}"},"query-input":{"@type":"PropertyValueSpecification","valueRequired":true,"valueName":"search_term_string"}}],"inLanguage":"pt-PT"},{"@type":"Person","@id":"https:\/\/www.altominho.tv\/site\/#\/schema\/person\/4e536851627d7914baf3dac752b6af22","name":"Altominho.tv","image":{"@type":"ImageObject","inLanguage":"pt-PT","@id":"https:\/\/www.altominho.tv\/site\/wp-content\/uploads\/2019\/11\/Logo_Avatar_2-150x150.jpg","url":"https:\/\/www.altominho.tv\/site\/wp-content\/uploads\/2019\/11\/Logo_Avatar_2-150x150.jpg","contentUrl":"https:\/\/www.altominho.tv\/site\/wp-content\/uploads\/2019\/11\/Logo_Avatar_2-150x150.jpg","caption":"Altominho.tv"},"url":"https:\/\/www.altominho.tv\/site\/author\/altominhotv-tecnico\/"}]}},"_links":{"self":[{"href":"https:\/\/www.altominho.tv\/site\/wp-json\/wp\/v2\/posts\/115977","targetHints":{"allow":["GET"]}}],"collection":[{"href":"https:\/\/www.altominho.tv\/site\/wp-json\/wp\/v2\/posts"}],"about":[{"href":"https:\/\/www.altominho.tv\/site\/wp-json\/wp\/v2\/types\/post"}],"author":[{"embeddable":true,"href":"https:\/\/www.altominho.tv\/site\/wp-json\/wp\/v2\/users\/1"}],"replies":[{"embeddable":true,"href":"https:\/\/www.altominho.tv\/site\/wp-json\/wp\/v2\/comments?post=115977"}],"version-history":[{"count":1,"href":"https:\/\/www.altominho.tv\/site\/wp-json\/wp\/v2\/posts\/115977\/revisions"}],"predecessor-version":[{"id":115981,"href":"https:\/\/www.altominho.tv\/site\/wp-json\/wp\/v2\/posts\/115977\/revisions\/115981"}],"wp:featuredmedia":[{"embeddable":true,"href":"https:\/\/www.altominho.tv\/site\/wp-json\/wp\/v2\/media\/115980"}],"wp:attachment":[{"href":"https:\/\/www.altominho.tv\/site\/wp-json\/wp\/v2\/media?parent=115977"}],"wp:term":[{"taxonomy":"category","embeddable":true,"href":"https:\/\/www.altominho.tv\/site\/wp-json\/wp\/v2\/categories?post=115977"},{"taxonomy":"post_tag","embeddable":true,"href":"https:\/\/www.altominho.tv\/site\/wp-json\/wp\/v2\/tags?post=115977"}],"curies":[{"name":"wp","href":"https:\/\/api.w.org\/{rel}","templated":true}]}}