{"id":115841,"date":"2025-03-17T11:24:10","date_gmt":"2025-03-17T11:24:10","guid":{"rendered":"https:\/\/www.altominho.tv\/site\/?p=115841"},"modified":"2025-03-17T11:30:01","modified_gmt":"2025-03-17T11:30:01","slug":"guia-de-viagens-ponte-de-lima-terra-mais-linda-nunca-encontrei-lancado-na-vila-limiana","status":"publish","type":"post","link":"https:\/\/www.altominho.tv\/site\/2025\/03\/17\/guia-de-viagens-ponte-de-lima-terra-mais-linda-nunca-encontrei-lancado-na-vila-limiana\/","title":{"rendered":"Guia de Viagens \u201cPonte de Lima \u2013 terra mais linda nunca encontrei\u201d lan\u00e7ado na vila limiana"},"content":{"rendered":"\n<p>O Sal\u00e3o Nobre da C\u00e2mara Municipal acolheu o lan\u00e7amento do guia de viagens \u201cPonte de Lima \u2013 terra mais linda nunca encontrei\u201d, pela editora Guias de Destinos Foge Comigo! Ao longo de 264 p\u00e1ginas est\u00e3o condensados muitos dos mais emblem\u00e1ticos pontos a visitar nesta vila com 900 anos de Hist\u00f3ria. <\/p>\n\n\n\n<p>Trata-se de um exemplar de enorme qualidade que vem impulsionar ainda mais o turismo nesta regi\u00e3o. <\/p>\n\n\n\n<p>Este guia de viagens \u00e9 dedicado ao limiano Conde d\u2019Aurora e est\u00e1 dispon\u00edvel em lojas de grande distribui\u00e7\u00e3o em todo o pa\u00eds.<\/p>\n\n\n\n<figure class=\"wp-block-embed is-type-video is-provider-youtube wp-block-embed-youtube wp-embed-aspect-16-9 wp-has-aspect-ratio\"><div class=\"wp-block-embed__wrapper\">\n<iframe loading=\"lazy\" title=\"\u201cPonte de Lima \u2013 terra mais linda nunca encontrei\u201d lan\u00e7ado na vila limiana | Altominho TV\" width=\"770\" height=\"433\" src=\"https:\/\/www.youtube.com\/embed\/wjr-cNTl_l0?feature=oembed\" frameborder=\"0\" allow=\"accelerometer; autoplay; clipboard-write; encrypted-media; gyroscope; picture-in-picture; web-share\" referrerpolicy=\"strict-origin-when-cross-origin\" allowfullscreen><\/iframe>\n<\/div><\/figure>\n","protected":false},"excerpt":{"rendered":"<p>O Sal\u00e3o Nobre da C\u00e2mara Municipal acolheu o lan\u00e7amento do guia de viagens \u201cPonte de Lima \u2013 terra mais linda nunca encontrei\u201d, pela editora Guias de Destinos Foge Comigo! Ao longo de 264 p\u00e1ginas est\u00e3o condensados muitos dos mais emblem\u00e1ticos pontos a visitar nesta vila com 900 anos de Hist\u00f3ria. Trata-se de um exemplar de [&hellip;]<\/p>\n","protected":false},"author":9,"featured_media":115842,"comment_status":"closed","ping_status":"closed","sticky":false,"template":"","format":"standard","meta":{"_exactmetrics_skip_tracking":false,"_exactmetrics_sitenote_active":false,"_exactmetrics_sitenote_note":"","_exactmetrics_sitenote_category":0,"footnotes":""},"categories":[12],"tags":[27],"class_list":["post-115841","post","type-post","status-publish","format-standard","has-post-thumbnail","hentry","category-ponte-de-lima","tag-sociedade"],"yoast_head":"<!-- This site is optimized with the Yoast SEO Premium plugin v27.4 (Yoast SEO v27.4) - https:\/\/yoast.com\/product\/yoast-seo-premium-wordpress\/ -->\n<title>Guia de Viagens \u201cPonte de Lima \u2013 terra mais linda nunca encontrei\u201d lan\u00e7ado na vila limiana<\/title>\n<meta name=\"robots\" content=\"index, follow, max-snippet:-1, max-image-preview:large, max-video-preview:-1\" \/>\n<link rel=\"canonical\" href=\"https:\/\/www.altominho.tv\/site\/2025\/03\/17\/guia-de-viagens-ponte-de-lima-terra-mais-linda-nunca-encontrei-lancado-na-vila-limiana\/\" \/>\n<meta property=\"og:locale\" content=\"pt_PT\" \/>\n<meta property=\"og:type\" content=\"article\" \/>\n<meta property=\"og:title\" content=\"Guia de Viagens \u201cPonte de Lima \u2013 terra mais linda nunca encontrei\u201d lan\u00e7ado na vila limiana\" \/>\n<meta property=\"og:description\" content=\"O Sal\u00e3o Nobre da C\u00e2mara Municipal acolheu o lan\u00e7amento do guia de viagens \u201cPonte de Lima \u2013 terra mais linda nunca encontrei\u201d, pela editora Guias de Destinos Foge Comigo! Ao longo de 264 p\u00e1ginas est\u00e3o condensados muitos dos mais emblem\u00e1ticos pontos a visitar nesta vila com 900 anos de Hist\u00f3ria. Trata-se de um exemplar de [&hellip;]\" \/>\n<meta property=\"og:url\" content=\"https:\/\/www.altominho.tv\/site\/2025\/03\/17\/guia-de-viagens-ponte-de-lima-terra-mais-linda-nunca-encontrei-lancado-na-vila-limiana\/\" \/>\n<meta property=\"og:site_name\" content=\"Altominho.tv\" \/>\n<meta property=\"article:publisher\" content=\"https:\/\/www.facebook.com\/altominhotv\" \/>\n<meta property=\"article:published_time\" content=\"2025-03-17T11:24:10+00:00\" \/>\n<meta property=\"article:modified_time\" content=\"2025-03-17T11:30:01+00:00\" \/>\n<meta property=\"og:image\" content=\"https:\/\/www.altominho.tv\/site\/wp-content\/uploads\/2025\/03\/livro-1-1.jpg\" \/>\n\t<meta property=\"og:image:width\" content=\"1920\" \/>\n\t<meta property=\"og:image:height\" content=\"1080\" \/>\n\t<meta property=\"og:image:type\" content=\"image\/jpeg\" \/>\n<meta name=\"author\" content=\"Rafael Pereira\" \/>\n<meta name=\"twitter:card\" content=\"summary_large_image\" \/>\n<meta name=\"twitter:creator\" content=\"@altominhoTV\" \/>\n<meta name=\"twitter:site\" content=\"@altominhoTV\" \/>\n<meta name=\"twitter:label1\" content=\"Escrito por\" \/>\n\t<meta name=\"twitter:data1\" content=\"Rafael Pereira\" \/>\n\t<meta name=\"twitter:label2\" content=\"Tempo estimado de leitura\" \/>\n\t<meta name=\"twitter:data2\" content=\"1 minuto\" \/>\n<script type=\"application\/ld+json\" class=\"yoast-schema-graph\">{\"@context\":\"https:\\\/\\\/schema.org\",\"@graph\":[{\"@type\":\"Article\",\"@id\":\"https:\\\/\\\/www.altominho.tv\\\/site\\\/2025\\\/03\\\/17\\\/guia-de-viagens-ponte-de-lima-terra-mais-linda-nunca-encontrei-lancado-na-vila-limiana\\\/#article\",\"isPartOf\":{\"@id\":\"https:\\\/\\\/www.altominho.tv\\\/site\\\/2025\\\/03\\\/17\\\/guia-de-viagens-ponte-de-lima-terra-mais-linda-nunca-encontrei-lancado-na-vila-limiana\\\/\"},\"author\":{\"name\":\"Rafael Pereira\",\"@id\":\"https:\\\/\\\/www.altominho.tv\\\/site\\\/#\\\/schema\\\/person\\\/2690abd4f0b3984514ce0607afbfced7\"},\"headline\":\"Guia de Viagens \u201cPonte de Lima \u2013 terra mais linda nunca encontrei\u201d lan\u00e7ado na vila limiana\",\"datePublished\":\"2025-03-17T11:24:10+00:00\",\"dateModified\":\"2025-03-17T11:30:01+00:00\",\"mainEntityOfPage\":{\"@id\":\"https:\\\/\\\/www.altominho.tv\\\/site\\\/2025\\\/03\\\/17\\\/guia-de-viagens-ponte-de-lima-terra-mais-linda-nunca-encontrei-lancado-na-vila-limiana\\\/\"},\"wordCount\":117,\"image\":{\"@id\":\"https:\\\/\\\/www.altominho.tv\\\/site\\\/2025\\\/03\\\/17\\\/guia-de-viagens-ponte-de-lima-terra-mais-linda-nunca-encontrei-lancado-na-vila-limiana\\\/#primaryimage\"},\"thumbnailUrl\":\"https:\\\/\\\/www.altominho.tv\\\/site\\\/wp-content\\\/uploads\\\/2025\\\/03\\\/livro-1-1.jpg\",\"keywords\":[\"Sociedade\"],\"articleSection\":[\"Ponte de Lima\"],\"inLanguage\":\"pt-PT\",\"copyrightYear\":\"2025\",\"copyrightHolder\":{\"@id\":\"https:\\\/\\\/www.altominho.tv\\\/site\\\/#organization\"}},{\"@type\":\"WebPage\",\"@id\":\"https:\\\/\\\/www.altominho.tv\\\/site\\\/2025\\\/03\\\/17\\\/guia-de-viagens-ponte-de-lima-terra-mais-linda-nunca-encontrei-lancado-na-vila-limiana\\\/\",\"url\":\"https:\\\/\\\/www.altominho.tv\\\/site\\\/2025\\\/03\\\/17\\\/guia-de-viagens-ponte-de-lima-terra-mais-linda-nunca-encontrei-lancado-na-vila-limiana\\\/\",\"name\":\"Guia de Viagens \u201cPonte de Lima \u2013 terra mais linda nunca encontrei\u201d lan\u00e7ado na vila limiana\",\"isPartOf\":{\"@id\":\"https:\\\/\\\/www.altominho.tv\\\/site\\\/#website\"},\"primaryImageOfPage\":{\"@id\":\"https:\\\/\\\/www.altominho.tv\\\/site\\\/2025\\\/03\\\/17\\\/guia-de-viagens-ponte-de-lima-terra-mais-linda-nunca-encontrei-lancado-na-vila-limiana\\\/#primaryimage\"},\"image\":{\"@id\":\"https:\\\/\\\/www.altominho.tv\\\/site\\\/2025\\\/03\\\/17\\\/guia-de-viagens-ponte-de-lima-terra-mais-linda-nunca-encontrei-lancado-na-vila-limiana\\\/#primaryimage\"},\"thumbnailUrl\":\"https:\\\/\\\/www.altominho.tv\\\/site\\\/wp-content\\\/uploads\\\/2025\\\/03\\\/livro-1-1.jpg\",\"datePublished\":\"2025-03-17T11:24:10+00:00\",\"dateModified\":\"2025-03-17T11:30:01+00:00\",\"author\":{\"@id\":\"https:\\\/\\\/www.altominho.tv\\\/site\\\/#\\\/schema\\\/person\\\/2690abd4f0b3984514ce0607afbfced7\"},\"breadcrumb\":{\"@id\":\"https:\\\/\\\/www.altominho.tv\\\/site\\\/2025\\\/03\\\/17\\\/guia-de-viagens-ponte-de-lima-terra-mais-linda-nunca-encontrei-lancado-na-vila-limiana\\\/#breadcrumb\"},\"inLanguage\":\"pt-PT\",\"potentialAction\":[{\"@type\":\"ReadAction\",\"target\":[\"https:\\\/\\\/www.altominho.tv\\\/site\\\/2025\\\/03\\\/17\\\/guia-de-viagens-ponte-de-lima-terra-mais-linda-nunca-encontrei-lancado-na-vila-limiana\\\/\"]}]},{\"@type\":\"ImageObject\",\"inLanguage\":\"pt-PT\",\"@id\":\"https:\\\/\\\/www.altominho.tv\\\/site\\\/2025\\\/03\\\/17\\\/guia-de-viagens-ponte-de-lima-terra-mais-linda-nunca-encontrei-lancado-na-vila-limiana\\\/#primaryimage\",\"url\":\"https:\\\/\\\/www.altominho.tv\\\/site\\\/wp-content\\\/uploads\\\/2025\\\/03\\\/livro-1-1.jpg\",\"contentUrl\":\"https:\\\/\\\/www.altominho.tv\\\/site\\\/wp-content\\\/uploads\\\/2025\\\/03\\\/livro-1-1.jpg\",\"width\":1920,\"height\":1080},{\"@type\":\"BreadcrumbList\",\"@id\":\"https:\\\/\\\/www.altominho.tv\\\/site\\\/2025\\\/03\\\/17\\\/guia-de-viagens-ponte-de-lima-terra-mais-linda-nunca-encontrei-lancado-na-vila-limiana\\\/#breadcrumb\",\"itemListElement\":[{\"@type\":\"ListItem\",\"position\":1,\"name\":\"In\u00edcio\",\"item\":\"https:\\\/\\\/www.altominho.tv\\\/site\\\/\"},{\"@type\":\"ListItem\",\"position\":2,\"name\":\"Guia de Viagens \u201cPonte de Lima \u2013 terra mais linda nunca encontrei\u201d lan\u00e7ado na vila limiana\"}]},{\"@type\":\"WebSite\",\"@id\":\"https:\\\/\\\/www.altominho.tv\\\/site\\\/#website\",\"url\":\"https:\\\/\\\/www.altominho.tv\\\/site\\\/\",\"name\":\"Altominho.tv\",\"description\":\"A sua regi\u00e3o \u00e0 dist\u00e2ncia de um clique...\",\"potentialAction\":[{\"@type\":\"SearchAction\",\"target\":{\"@type\":\"EntryPoint\",\"urlTemplate\":\"https:\\\/\\\/www.altominho.tv\\\/site\\\/?s={search_term_string}\"},\"query-input\":{\"@type\":\"PropertyValueSpecification\",\"valueRequired\":true,\"valueName\":\"search_term_string\"}}],\"inLanguage\":\"pt-PT\"},{\"@type\":\"Person\",\"@id\":\"https:\\\/\\\/www.altominho.tv\\\/site\\\/#\\\/schema\\\/person\\\/2690abd4f0b3984514ce0607afbfced7\",\"name\":\"Rafael Pereira\",\"image\":{\"@type\":\"ImageObject\",\"inLanguage\":\"pt-PT\",\"@id\":\"https:\\\/\\\/www.altominho.tv\\\/site\\\/wp-content\\\/uploads\\\/2021\\\/08\\\/42996867_1705603802900752_8292335788369117184_n-150x150.jpeg\",\"url\":\"https:\\\/\\\/www.altominho.tv\\\/site\\\/wp-content\\\/uploads\\\/2021\\\/08\\\/42996867_1705603802900752_8292335788369117184_n-150x150.jpeg\",\"contentUrl\":\"https:\\\/\\\/www.altominho.tv\\\/site\\\/wp-content\\\/uploads\\\/2021\\\/08\\\/42996867_1705603802900752_8292335788369117184_n-150x150.jpeg\",\"caption\":\"Rafael Pereira\"},\"url\":\"https:\\\/\\\/www.altominho.tv\\\/site\\\/author\\\/rafaelpereira\\\/\"}]}<\/script>\n<meta property=\"og:video\" content=\"https:\/\/www.youtube.com\/embed\/wjr-cNTl_l0\" \/>\n<meta property=\"og:video:type\" content=\"text\/html\" \/>\n<meta property=\"og:video:duration\" content=\"125\" \/>\n<meta property=\"og:video:width\" content=\"480\" \/>\n<meta property=\"og:video:height\" content=\"270\" \/>\n<meta property=\"ya:ovs:adult\" content=\"false\" \/>\n<meta property=\"ya:ovs:upload_date\" content=\"2025-03-17T11:24:10+00:00\" \/>\n<meta property=\"ya:ovs:allow_embed\" content=\"true\" \/>\n<!-- \/ Yoast SEO Premium plugin. -->","yoast_head_json":{"title":"Guia de Viagens \u201cPonte de Lima \u2013 terra mais linda nunca encontrei\u201d lan\u00e7ado na vila limiana","robots":{"index":"index","follow":"follow","max-snippet":"max-snippet:-1","max-image-preview":"max-image-preview:large","max-video-preview":"max-video-preview:-1"},"canonical":"https:\/\/www.altominho.tv\/site\/2025\/03\/17\/guia-de-viagens-ponte-de-lima-terra-mais-linda-nunca-encontrei-lancado-na-vila-limiana\/","og_locale":"pt_PT","og_type":"article","og_title":"Guia de Viagens \u201cPonte de Lima \u2013 terra mais linda nunca encontrei\u201d lan\u00e7ado na vila limiana","og_description":"O Sal\u00e3o Nobre da C\u00e2mara Municipal acolheu o lan\u00e7amento do guia de viagens \u201cPonte de Lima \u2013 terra mais linda nunca encontrei\u201d, pela editora Guias de Destinos Foge Comigo! Ao longo de 264 p\u00e1ginas est\u00e3o condensados muitos dos mais emblem\u00e1ticos pontos a visitar nesta vila com 900 anos de Hist\u00f3ria. Trata-se de um exemplar de [&hellip;]","og_url":"https:\/\/www.altominho.tv\/site\/2025\/03\/17\/guia-de-viagens-ponte-de-lima-terra-mais-linda-nunca-encontrei-lancado-na-vila-limiana\/","og_site_name":"Altominho.tv","article_publisher":"https:\/\/www.facebook.com\/altominhotv","article_published_time":"2025-03-17T11:24:10+00:00","article_modified_time":"2025-03-17T11:30:01+00:00","og_image":[{"width":1920,"height":1080,"url":"https:\/\/www.altominho.tv\/site\/wp-content\/uploads\/2025\/03\/livro-1-1.jpg","type":"image\/jpeg"}],"author":"Rafael Pereira","twitter_card":"summary_large_image","twitter_creator":"@altominhoTV","twitter_site":"@altominhoTV","twitter_misc":{"Escrito por":"Rafael Pereira","Tempo estimado de leitura":"1 minuto"},"schema":{"@context":"https:\/\/schema.org","@graph":[{"@type":"Article","@id":"https:\/\/www.altominho.tv\/site\/2025\/03\/17\/guia-de-viagens-ponte-de-lima-terra-mais-linda-nunca-encontrei-lancado-na-vila-limiana\/#article","isPartOf":{"@id":"https:\/\/www.altominho.tv\/site\/2025\/03\/17\/guia-de-viagens-ponte-de-lima-terra-mais-linda-nunca-encontrei-lancado-na-vila-limiana\/"},"author":{"name":"Rafael Pereira","@id":"https:\/\/www.altominho.tv\/site\/#\/schema\/person\/2690abd4f0b3984514ce0607afbfced7"},"headline":"Guia de Viagens \u201cPonte de Lima \u2013 terra mais linda nunca encontrei\u201d lan\u00e7ado na vila limiana","datePublished":"2025-03-17T11:24:10+00:00","dateModified":"2025-03-17T11:30:01+00:00","mainEntityOfPage":{"@id":"https:\/\/www.altominho.tv\/site\/2025\/03\/17\/guia-de-viagens-ponte-de-lima-terra-mais-linda-nunca-encontrei-lancado-na-vila-limiana\/"},"wordCount":117,"image":{"@id":"https:\/\/www.altominho.tv\/site\/2025\/03\/17\/guia-de-viagens-ponte-de-lima-terra-mais-linda-nunca-encontrei-lancado-na-vila-limiana\/#primaryimage"},"thumbnailUrl":"https:\/\/www.altominho.tv\/site\/wp-content\/uploads\/2025\/03\/livro-1-1.jpg","keywords":["Sociedade"],"articleSection":["Ponte de Lima"],"inLanguage":"pt-PT","copyrightYear":"2025","copyrightHolder":{"@id":"https:\/\/www.altominho.tv\/site\/#organization"}},{"@type":"WebPage","@id":"https:\/\/www.altominho.tv\/site\/2025\/03\/17\/guia-de-viagens-ponte-de-lima-terra-mais-linda-nunca-encontrei-lancado-na-vila-limiana\/","url":"https:\/\/www.altominho.tv\/site\/2025\/03\/17\/guia-de-viagens-ponte-de-lima-terra-mais-linda-nunca-encontrei-lancado-na-vila-limiana\/","name":"Guia de Viagens \u201cPonte de Lima \u2013 terra mais linda nunca encontrei\u201d lan\u00e7ado na vila limiana","isPartOf":{"@id":"https:\/\/www.altominho.tv\/site\/#website"},"primaryImageOfPage":{"@id":"https:\/\/www.altominho.tv\/site\/2025\/03\/17\/guia-de-viagens-ponte-de-lima-terra-mais-linda-nunca-encontrei-lancado-na-vila-limiana\/#primaryimage"},"image":{"@id":"https:\/\/www.altominho.tv\/site\/2025\/03\/17\/guia-de-viagens-ponte-de-lima-terra-mais-linda-nunca-encontrei-lancado-na-vila-limiana\/#primaryimage"},"thumbnailUrl":"https:\/\/www.altominho.tv\/site\/wp-content\/uploads\/2025\/03\/livro-1-1.jpg","datePublished":"2025-03-17T11:24:10+00:00","dateModified":"2025-03-17T11:30:01+00:00","author":{"@id":"https:\/\/www.altominho.tv\/site\/#\/schema\/person\/2690abd4f0b3984514ce0607afbfced7"},"breadcrumb":{"@id":"https:\/\/www.altominho.tv\/site\/2025\/03\/17\/guia-de-viagens-ponte-de-lima-terra-mais-linda-nunca-encontrei-lancado-na-vila-limiana\/#breadcrumb"},"inLanguage":"pt-PT","potentialAction":[{"@type":"ReadAction","target":["https:\/\/www.altominho.tv\/site\/2025\/03\/17\/guia-de-viagens-ponte-de-lima-terra-mais-linda-nunca-encontrei-lancado-na-vila-limiana\/"]}]},{"@type":"ImageObject","inLanguage":"pt-PT","@id":"https:\/\/www.altominho.tv\/site\/2025\/03\/17\/guia-de-viagens-ponte-de-lima-terra-mais-linda-nunca-encontrei-lancado-na-vila-limiana\/#primaryimage","url":"https:\/\/www.altominho.tv\/site\/wp-content\/uploads\/2025\/03\/livro-1-1.jpg","contentUrl":"https:\/\/www.altominho.tv\/site\/wp-content\/uploads\/2025\/03\/livro-1-1.jpg","width":1920,"height":1080},{"@type":"BreadcrumbList","@id":"https:\/\/www.altominho.tv\/site\/2025\/03\/17\/guia-de-viagens-ponte-de-lima-terra-mais-linda-nunca-encontrei-lancado-na-vila-limiana\/#breadcrumb","itemListElement":[{"@type":"ListItem","position":1,"name":"In\u00edcio","item":"https:\/\/www.altominho.tv\/site\/"},{"@type":"ListItem","position":2,"name":"Guia de Viagens \u201cPonte de Lima \u2013 terra mais linda nunca encontrei\u201d lan\u00e7ado na vila limiana"}]},{"@type":"WebSite","@id":"https:\/\/www.altominho.tv\/site\/#website","url":"https:\/\/www.altominho.tv\/site\/","name":"Altominho.tv","description":"A sua regi\u00e3o \u00e0 dist\u00e2ncia de um clique...","potentialAction":[{"@type":"SearchAction","target":{"@type":"EntryPoint","urlTemplate":"https:\/\/www.altominho.tv\/site\/?s={search_term_string}"},"query-input":{"@type":"PropertyValueSpecification","valueRequired":true,"valueName":"search_term_string"}}],"inLanguage":"pt-PT"},{"@type":"Person","@id":"https:\/\/www.altominho.tv\/site\/#\/schema\/person\/2690abd4f0b3984514ce0607afbfced7","name":"Rafael Pereira","image":{"@type":"ImageObject","inLanguage":"pt-PT","@id":"https:\/\/www.altominho.tv\/site\/wp-content\/uploads\/2021\/08\/42996867_1705603802900752_8292335788369117184_n-150x150.jpeg","url":"https:\/\/www.altominho.tv\/site\/wp-content\/uploads\/2021\/08\/42996867_1705603802900752_8292335788369117184_n-150x150.jpeg","contentUrl":"https:\/\/www.altominho.tv\/site\/wp-content\/uploads\/2021\/08\/42996867_1705603802900752_8292335788369117184_n-150x150.jpeg","caption":"Rafael Pereira"},"url":"https:\/\/www.altominho.tv\/site\/author\/rafaelpereira\/"}]},"og_video":"https:\/\/www.youtube.com\/embed\/wjr-cNTl_l0","og_video_type":"text\/html","og_video_duration":"125","og_video_width":"480","og_video_height":"270","ya_ovs_adult":"false","ya_ovs_upload_date":"2025-03-17T11:24:10+00:00","ya_ovs_allow_embed":"true"},"_links":{"self":[{"href":"https:\/\/www.altominho.tv\/site\/wp-json\/wp\/v2\/posts\/115841","targetHints":{"allow":["GET"]}}],"collection":[{"href":"https:\/\/www.altominho.tv\/site\/wp-json\/wp\/v2\/posts"}],"about":[{"href":"https:\/\/www.altominho.tv\/site\/wp-json\/wp\/v2\/types\/post"}],"author":[{"embeddable":true,"href":"https:\/\/www.altominho.tv\/site\/wp-json\/wp\/v2\/users\/9"}],"replies":[{"embeddable":true,"href":"https:\/\/www.altominho.tv\/site\/wp-json\/wp\/v2\/comments?post=115841"}],"version-history":[{"count":1,"href":"https:\/\/www.altominho.tv\/site\/wp-json\/wp\/v2\/posts\/115841\/revisions"}],"predecessor-version":[{"id":115844,"href":"https:\/\/www.altominho.tv\/site\/wp-json\/wp\/v2\/posts\/115841\/revisions\/115844"}],"wp:featuredmedia":[{"embeddable":true,"href":"https:\/\/www.altominho.tv\/site\/wp-json\/wp\/v2\/media\/115842"}],"wp:attachment":[{"href":"https:\/\/www.altominho.tv\/site\/wp-json\/wp\/v2\/media?parent=115841"}],"wp:term":[{"taxonomy":"category","embeddable":true,"href":"https:\/\/www.altominho.tv\/site\/wp-json\/wp\/v2\/categories?post=115841"},{"taxonomy":"post_tag","embeddable":true,"href":"https:\/\/www.altominho.tv\/site\/wp-json\/wp\/v2\/tags?post=115841"}],"curies":[{"name":"wp","href":"https:\/\/api.w.org\/{rel}","templated":true}]}}