{"id":115812,"date":"2025-03-14T21:43:29","date_gmt":"2025-03-14T21:43:29","guid":{"rendered":"https:\/\/www.altominho.tv\/site\/?p=115812"},"modified":"2025-03-14T21:43:31","modified_gmt":"2025-03-14T21:43:31","slug":"ponte-de-lima-apresentou-planos-para-defender-e-aproveitar-potencial-da-floresta","status":"publish","type":"post","link":"https:\/\/www.altominho.tv\/site\/2025\/03\/14\/ponte-de-lima-apresentou-planos-para-defender-e-aproveitar-potencial-da-floresta\/","title":{"rendered":"Ponte de Lima apresentou planos para defender e aproveitar potencial da floresta"},"content":{"rendered":"<p>Defender a floresta de Ponte de Lima, que ocupa 60% do territ\u00f3rio do concelho, e aproveitar, economicamente, o potencial daquela mancha verde s\u00e3o os objetivos dos planos hoje apresentados na Feira do Ambiente e Ambientes.<\/p>\n<p>Contactado pela Lusa, o vereador do Ambiente e Espa\u00e7os Verdes, Gon\u00e7alo Rodrigues, destacou a apresenta\u00e7\u00e3o p\u00fablica da proposta de Plano Municipal de A\u00e7\u00e3o Clim\u00e1tica, conclu\u00eddo no final de 2024, e que vai estar dispon\u00edvel durante cerca de um m\u00eas, em consulta p\u00fablica, na p\u00e1gina da C\u00e2mara de Ponte de Lima, no distrito de Viana do Castelo.<\/p>\n<p>Foram ainda apresentados o Plano de Reordenamento da Paisagem e Gest\u00e3o Florestal Sustent\u00e1vel do concelho e os projetos de recupera\u00e7\u00e3o do capital natural, do potencial produtivo e de restauro dos ecossistemas em baldios e a Opera\u00e7\u00e3o Integrada de Gest\u00e3o da Paisagem (OIFP) da zona de interven\u00e7\u00e3o florestal de S\u00e3o Louren\u00e7o.<\/p>\n<p>\u201cCom estes planos e projetos, promovidos e\/ou apoiados pelo munic\u00edpio de Ponte de Lima, pretende-se apostar fortemente na resili\u00eancia do territ\u00f3rio e na valoriza\u00e7\u00e3o dos servi\u00e7os dos ecossistemas que s\u00e3o prestados no espa\u00e7o agroflorestal concelhio, que t\u00eam um impacto determinante nas componentes socioecon\u00f3micas e ambientais\u201d, afirmou Gon\u00e7alo Rodrigues.<\/p>\n<p>Para o respons\u00e1vel, \u201ca a\u00e7\u00e3o que tem vindo a ser desenvolvida pelo executivo municipal, nesta mat\u00e9ria, insere-se numa clara estrat\u00e9gia de adapta\u00e7\u00e3o e mitiga\u00e7\u00e3o dos efeitos das mudan\u00e7as clim\u00e1ticas, de incremento da melhoria da qualidade de vida da popula\u00e7\u00e3o e de respeito e solidariedade pelas gera\u00e7\u00f5es vindouras\u201d.<\/p>\n<p>\u201cEstamos a preparar o futuro, porque quanto melhores condi\u00e7\u00f5es tivermos para nos adaptarmos, melhor vamos conviver com as mudan\u00e7as clim\u00e1ticas que est\u00e3o a acontecer no territ\u00f3rio e melhor vamos proteger os recursos naturais e as hip\u00f3teses de viabilizar um espa\u00e7o que representa 60% do territ\u00f3rio de Ponte de Lima. Nesse espa\u00e7o existem muito riscos, como os inc\u00eandios florestais, mas tamb\u00e9m muitas oportunidades de crescimento econ\u00f3mico do concelho\u201d, sustentou.<\/p>\n<p>Sobre o Plano Municipal de A\u00e7\u00e3o Clim\u00e1tica, referiu que integra um conjunto de medidas para que o concelho possa alcan\u00e7ar a neutralidade carb\u00f3nica at\u00e9 2050, como o aumento do n\u00edvel de conhecimento sobre o territ\u00f3rio, medidas para setores de atividades de econ\u00f3mica, promo\u00e7\u00e3o da refloresta\u00e7\u00e3o do espa\u00e7o florestal, prote\u00e7\u00e3o de \u2018habitat\u2019\u201d, entre outras.<\/p>\n<p>J\u00e1 o Plano para o Reordenamento da Paisagem e Gest\u00e3o Florestal Sustent\u00e1vel ir\u00e1 apontar a\u00e7\u00f5es como o aproveitamento de linhas de \u00e1gua para aumentar a galeria rip\u00edcola, a arboriza\u00e7\u00e3o das faixas de gest\u00e3o de combust\u00edvel que est\u00e3o sob a responsabilidade da c\u00e2mara, utiliza\u00e7\u00e3o do gado para criar faixas de descontinuidade atrav\u00e9s de zonas de pastagem que permitam, de forma r\u00e1pida perceber o que fazer para compartimentar o territ\u00f3rio e evitar os inc\u00eandios\u201d.<\/p>\n<p>\u201cOs inc\u00eandios s\u00e3o o nosso grande foco. Os inc\u00eandios n\u00e3o se conseguem evitar na totalidade, mas pelo menos os grandes que s\u00e3o capazes de transformar a paisagem de uma forma abrupta e, em grande escala\u201d, especificou.<\/p>\n<p>Gon\u00e7alo Rodrigues disse que para a implementa\u00e7\u00e3o de algumas medidas o munic\u00edpio poder\u00e1 n\u00e3o ter capacidade financeira, mas recorrer\u00e1 a fundos comunit\u00e1rios.<\/p>\n<p>Apontou ainda os projetos de Recupera\u00e7\u00e3o do Capital Natural do Potencial Produtivo e de Restauro dos Ecossistemas em Baldios do Concelho de Ponte de Lima, que resultam do envolvimento do munic\u00edpio com as comunidades de baldios.<\/p>\n<p>\u201cJ\u00e1 h\u00e1 projetos de gest\u00e3o florestal, aprovados na c\u00e2mara e no Instituto de Conserva\u00e7\u00e3o da Natureza e Florestas (ICNF) para 250 hectares de baldios de S\u00e3o Pedro de Arcos e Vitorino de Pi\u00e3es.<\/p>\n<p>A Opera\u00e7\u00e3o Integrada de Gest\u00e3o da Paisagem (OIGP) da Zona de Interven\u00e7\u00e3o Florestal de S\u00e3o Louren\u00e7o j\u00e1 tem contrato de financiamento assinado, no valor de mais de 1,8 milh\u00f5es de euros, que ser\u00e1 executado pela Associa\u00e7\u00e3o Florestal do Lima. Esta a\u00e7\u00e3o vai incidir na reformula\u00e7\u00e3o de 700 hectares de floresta.<\/p>\n<p>Al\u00e9m do investimento inicial, o projeto tem um or\u00e7amento de quatro milh\u00f5es de euros para manuten\u00e7\u00e3o do espa\u00e7o, durante 20 anos.<\/p>\n","protected":false},"excerpt":{"rendered":"<p>Defender a floresta de Ponte de Lima, que ocupa 60% do territ\u00f3rio do concelho, e aproveitar, economicamente, o potencial daquela mancha verde s\u00e3o os objetivos dos planos hoje apresentados na Feira do Ambiente e Ambientes. Contactado pela Lusa, o vereador do Ambiente e Espa\u00e7os Verdes, Gon\u00e7alo Rodrigues, destacou a apresenta\u00e7\u00e3o p\u00fablica da proposta de Plano [&hellip;]<\/p>\n","protected":false},"author":13,"featured_media":115817,"comment_status":"closed","ping_status":"closed","sticky":false,"template":"","format":"standard","meta":{"_exactmetrics_skip_tracking":false,"_exactmetrics_sitenote_active":false,"_exactmetrics_sitenote_note":"","_exactmetrics_sitenote_category":0,"footnotes":""},"categories":[12],"tags":[27],"class_list":["post-115812","post","type-post","status-publish","format-standard","has-post-thumbnail","hentry","category-ponte-de-lima","tag-sociedade"],"yoast_head":"<!-- This site is optimized with the Yoast SEO Premium plugin v27.4 (Yoast SEO v27.4) - https:\/\/yoast.com\/product\/yoast-seo-premium-wordpress\/ -->\n<title>Ponte de Lima apresentou planos para defender e aproveitar potencial da floresta<\/title>\n<meta name=\"description\" content=\"Al\u00e9m do investimento inicial, o projeto tem um or\u00e7amento de quatro milh\u00f5es de euros para manuten\u00e7\u00e3o do espa\u00e7o, durante 20 anos.\" \/>\n<meta name=\"robots\" content=\"index, follow, max-snippet:-1, max-image-preview:large, max-video-preview:-1\" \/>\n<link rel=\"canonical\" href=\"https:\/\/www.altominho.tv\/site\/2025\/03\/14\/ponte-de-lima-apresentou-planos-para-defender-e-aproveitar-potencial-da-floresta\/\" \/>\n<meta property=\"og:locale\" content=\"pt_PT\" \/>\n<meta property=\"og:type\" content=\"article\" \/>\n<meta property=\"og:title\" content=\"Ponte de Lima apresentou planos para defender e aproveitar potencial da floresta\" \/>\n<meta property=\"og:description\" content=\"Al\u00e9m do investimento inicial, o projeto tem um or\u00e7amento de quatro milh\u00f5es de euros para manuten\u00e7\u00e3o do espa\u00e7o, durante 20 anos.\" \/>\n<meta property=\"og:url\" content=\"https:\/\/www.altominho.tv\/site\/2025\/03\/14\/ponte-de-lima-apresentou-planos-para-defender-e-aproveitar-potencial-da-floresta\/\" \/>\n<meta property=\"og:site_name\" content=\"Altominho.tv\" \/>\n<meta property=\"article:publisher\" content=\"https:\/\/www.facebook.com\/altominhotv\" \/>\n<meta property=\"article:published_time\" content=\"2025-03-14T21:43:29+00:00\" \/>\n<meta property=\"article:modified_time\" content=\"2025-03-14T21:43:31+00:00\" \/>\n<meta property=\"og:image\" content=\"https:\/\/www.altominho.tv\/site\/wp-content\/uploads\/2025\/03\/feira-do-ambiente-ponte-de-lima.jpg\" \/>\n\t<meta property=\"og:image:width\" content=\"1200\" \/>\n\t<meta property=\"og:image:height\" content=\"630\" \/>\n\t<meta property=\"og:image:type\" content=\"image\/jpeg\" \/>\n<meta name=\"author\" content=\"Lusa\" \/>\n<meta name=\"twitter:card\" content=\"summary_large_image\" \/>\n<meta name=\"twitter:creator\" content=\"@altominhoTV\" \/>\n<meta name=\"twitter:site\" content=\"@altominhoTV\" \/>\n<meta name=\"twitter:label1\" content=\"Escrito por\" \/>\n\t<meta name=\"twitter:data1\" content=\"Lusa\" \/>\n\t<meta name=\"twitter:label2\" content=\"Tempo estimado de leitura\" \/>\n\t<meta name=\"twitter:data2\" content=\"4 minutos\" \/>\n<script type=\"application\/ld+json\" class=\"yoast-schema-graph\">{\"@context\":\"https:\\\/\\\/schema.org\",\"@graph\":[{\"@type\":\"Article\",\"@id\":\"https:\\\/\\\/www.altominho.tv\\\/site\\\/2025\\\/03\\\/14\\\/ponte-de-lima-apresentou-planos-para-defender-e-aproveitar-potencial-da-floresta\\\/#article\",\"isPartOf\":{\"@id\":\"https:\\\/\\\/www.altominho.tv\\\/site\\\/2025\\\/03\\\/14\\\/ponte-de-lima-apresentou-planos-para-defender-e-aproveitar-potencial-da-floresta\\\/\"},\"author\":{\"name\":\"Lusa\",\"@id\":\"https:\\\/\\\/www.altominho.tv\\\/site\\\/#\\\/schema\\\/person\\\/63f693da3e1899361cbe955c46f3232e\"},\"headline\":\"Ponte de Lima apresentou planos para defender e aproveitar potencial da floresta\",\"datePublished\":\"2025-03-14T21:43:29+00:00\",\"dateModified\":\"2025-03-14T21:43:31+00:00\",\"mainEntityOfPage\":{\"@id\":\"https:\\\/\\\/www.altominho.tv\\\/site\\\/2025\\\/03\\\/14\\\/ponte-de-lima-apresentou-planos-para-defender-e-aproveitar-potencial-da-floresta\\\/\"},\"wordCount\":742,\"image\":{\"@id\":\"https:\\\/\\\/www.altominho.tv\\\/site\\\/2025\\\/03\\\/14\\\/ponte-de-lima-apresentou-planos-para-defender-e-aproveitar-potencial-da-floresta\\\/#primaryimage\"},\"thumbnailUrl\":\"https:\\\/\\\/www.altominho.tv\\\/site\\\/wp-content\\\/uploads\\\/2025\\\/03\\\/feira-do-ambiente-ponte-de-lima.jpg\",\"keywords\":[\"Sociedade\"],\"articleSection\":[\"Ponte de Lima\"],\"inLanguage\":\"pt-PT\",\"copyrightYear\":\"2025\",\"copyrightHolder\":{\"@id\":\"https:\\\/\\\/www.altominho.tv\\\/site\\\/#organization\"}},{\"@type\":\"WebPage\",\"@id\":\"https:\\\/\\\/www.altominho.tv\\\/site\\\/2025\\\/03\\\/14\\\/ponte-de-lima-apresentou-planos-para-defender-e-aproveitar-potencial-da-floresta\\\/\",\"url\":\"https:\\\/\\\/www.altominho.tv\\\/site\\\/2025\\\/03\\\/14\\\/ponte-de-lima-apresentou-planos-para-defender-e-aproveitar-potencial-da-floresta\\\/\",\"name\":\"Ponte de Lima apresentou planos para defender e aproveitar potencial da floresta\",\"isPartOf\":{\"@id\":\"https:\\\/\\\/www.altominho.tv\\\/site\\\/#website\"},\"primaryImageOfPage\":{\"@id\":\"https:\\\/\\\/www.altominho.tv\\\/site\\\/2025\\\/03\\\/14\\\/ponte-de-lima-apresentou-planos-para-defender-e-aproveitar-potencial-da-floresta\\\/#primaryimage\"},\"image\":{\"@id\":\"https:\\\/\\\/www.altominho.tv\\\/site\\\/2025\\\/03\\\/14\\\/ponte-de-lima-apresentou-planos-para-defender-e-aproveitar-potencial-da-floresta\\\/#primaryimage\"},\"thumbnailUrl\":\"https:\\\/\\\/www.altominho.tv\\\/site\\\/wp-content\\\/uploads\\\/2025\\\/03\\\/feira-do-ambiente-ponte-de-lima.jpg\",\"datePublished\":\"2025-03-14T21:43:29+00:00\",\"dateModified\":\"2025-03-14T21:43:31+00:00\",\"author\":{\"@id\":\"https:\\\/\\\/www.altominho.tv\\\/site\\\/#\\\/schema\\\/person\\\/63f693da3e1899361cbe955c46f3232e\"},\"description\":\"Al\u00e9m do investimento inicial, o projeto tem um or\u00e7amento de quatro milh\u00f5es de euros para manuten\u00e7\u00e3o do espa\u00e7o, durante 20 anos.\",\"breadcrumb\":{\"@id\":\"https:\\\/\\\/www.altominho.tv\\\/site\\\/2025\\\/03\\\/14\\\/ponte-de-lima-apresentou-planos-para-defender-e-aproveitar-potencial-da-floresta\\\/#breadcrumb\"},\"inLanguage\":\"pt-PT\",\"potentialAction\":[{\"@type\":\"ReadAction\",\"target\":[\"https:\\\/\\\/www.altominho.tv\\\/site\\\/2025\\\/03\\\/14\\\/ponte-de-lima-apresentou-planos-para-defender-e-aproveitar-potencial-da-floresta\\\/\"]}]},{\"@type\":\"ImageObject\",\"inLanguage\":\"pt-PT\",\"@id\":\"https:\\\/\\\/www.altominho.tv\\\/site\\\/2025\\\/03\\\/14\\\/ponte-de-lima-apresentou-planos-para-defender-e-aproveitar-potencial-da-floresta\\\/#primaryimage\",\"url\":\"https:\\\/\\\/www.altominho.tv\\\/site\\\/wp-content\\\/uploads\\\/2025\\\/03\\\/feira-do-ambiente-ponte-de-lima.jpg\",\"contentUrl\":\"https:\\\/\\\/www.altominho.tv\\\/site\\\/wp-content\\\/uploads\\\/2025\\\/03\\\/feira-do-ambiente-ponte-de-lima.jpg\",\"width\":1200,\"height\":630},{\"@type\":\"BreadcrumbList\",\"@id\":\"https:\\\/\\\/www.altominho.tv\\\/site\\\/2025\\\/03\\\/14\\\/ponte-de-lima-apresentou-planos-para-defender-e-aproveitar-potencial-da-floresta\\\/#breadcrumb\",\"itemListElement\":[{\"@type\":\"ListItem\",\"position\":1,\"name\":\"In\u00edcio\",\"item\":\"https:\\\/\\\/www.altominho.tv\\\/site\\\/\"},{\"@type\":\"ListItem\",\"position\":2,\"name\":\"Ponte de Lima apresentou planos para defender e aproveitar potencial da floresta\"}]},{\"@type\":\"WebSite\",\"@id\":\"https:\\\/\\\/www.altominho.tv\\\/site\\\/#website\",\"url\":\"https:\\\/\\\/www.altominho.tv\\\/site\\\/\",\"name\":\"Altominho.tv\",\"description\":\"A sua regi\u00e3o \u00e0 dist\u00e2ncia de um clique...\",\"potentialAction\":[{\"@type\":\"SearchAction\",\"target\":{\"@type\":\"EntryPoint\",\"urlTemplate\":\"https:\\\/\\\/www.altominho.tv\\\/site\\\/?s={search_term_string}\"},\"query-input\":{\"@type\":\"PropertyValueSpecification\",\"valueRequired\":true,\"valueName\":\"search_term_string\"}}],\"inLanguage\":\"pt-PT\"},{\"@type\":\"Person\",\"@id\":\"https:\\\/\\\/www.altominho.tv\\\/site\\\/#\\\/schema\\\/person\\\/63f693da3e1899361cbe955c46f3232e\",\"name\":\"Lusa\",\"image\":{\"@type\":\"ImageObject\",\"inLanguage\":\"pt-PT\",\"@id\":\"https:\\\/\\\/www.altominho.tv\\\/site\\\/wp-content\\\/uploads\\\/2019\\\/08\\\/LUSA_Logo.gif\",\"url\":\"https:\\\/\\\/www.altominho.tv\\\/site\\\/wp-content\\\/uploads\\\/2019\\\/08\\\/LUSA_Logo.gif\",\"contentUrl\":\"https:\\\/\\\/www.altominho.tv\\\/site\\\/wp-content\\\/uploads\\\/2019\\\/08\\\/LUSA_Logo.gif\",\"caption\":\"Lusa\"},\"sameAs\":[\"http:\\\/\\\/\\\/\\\/www.altominho.tv\\\/site\"],\"url\":\"https:\\\/\\\/www.altominho.tv\\\/site\\\/author\\\/lusa\\\/\"}]}<\/script>\n<!-- \/ Yoast SEO Premium plugin. -->","yoast_head_json":{"title":"Ponte de Lima apresentou planos para defender e aproveitar potencial da floresta","description":"Al\u00e9m do investimento inicial, o projeto tem um or\u00e7amento de quatro milh\u00f5es de euros para manuten\u00e7\u00e3o do espa\u00e7o, durante 20 anos.","robots":{"index":"index","follow":"follow","max-snippet":"max-snippet:-1","max-image-preview":"max-image-preview:large","max-video-preview":"max-video-preview:-1"},"canonical":"https:\/\/www.altominho.tv\/site\/2025\/03\/14\/ponte-de-lima-apresentou-planos-para-defender-e-aproveitar-potencial-da-floresta\/","og_locale":"pt_PT","og_type":"article","og_title":"Ponte de Lima apresentou planos para defender e aproveitar potencial da floresta","og_description":"Al\u00e9m do investimento inicial, o projeto tem um or\u00e7amento de quatro milh\u00f5es de euros para manuten\u00e7\u00e3o do espa\u00e7o, durante 20 anos.","og_url":"https:\/\/www.altominho.tv\/site\/2025\/03\/14\/ponte-de-lima-apresentou-planos-para-defender-e-aproveitar-potencial-da-floresta\/","og_site_name":"Altominho.tv","article_publisher":"https:\/\/www.facebook.com\/altominhotv","article_published_time":"2025-03-14T21:43:29+00:00","article_modified_time":"2025-03-14T21:43:31+00:00","og_image":[{"width":1200,"height":630,"url":"https:\/\/www.altominho.tv\/site\/wp-content\/uploads\/2025\/03\/feira-do-ambiente-ponte-de-lima.jpg","type":"image\/jpeg"}],"author":"Lusa","twitter_card":"summary_large_image","twitter_creator":"@altominhoTV","twitter_site":"@altominhoTV","twitter_misc":{"Escrito por":"Lusa","Tempo estimado de leitura":"4 minutos"},"schema":{"@context":"https:\/\/schema.org","@graph":[{"@type":"Article","@id":"https:\/\/www.altominho.tv\/site\/2025\/03\/14\/ponte-de-lima-apresentou-planos-para-defender-e-aproveitar-potencial-da-floresta\/#article","isPartOf":{"@id":"https:\/\/www.altominho.tv\/site\/2025\/03\/14\/ponte-de-lima-apresentou-planos-para-defender-e-aproveitar-potencial-da-floresta\/"},"author":{"name":"Lusa","@id":"https:\/\/www.altominho.tv\/site\/#\/schema\/person\/63f693da3e1899361cbe955c46f3232e"},"headline":"Ponte de Lima apresentou planos para defender e aproveitar potencial da floresta","datePublished":"2025-03-14T21:43:29+00:00","dateModified":"2025-03-14T21:43:31+00:00","mainEntityOfPage":{"@id":"https:\/\/www.altominho.tv\/site\/2025\/03\/14\/ponte-de-lima-apresentou-planos-para-defender-e-aproveitar-potencial-da-floresta\/"},"wordCount":742,"image":{"@id":"https:\/\/www.altominho.tv\/site\/2025\/03\/14\/ponte-de-lima-apresentou-planos-para-defender-e-aproveitar-potencial-da-floresta\/#primaryimage"},"thumbnailUrl":"https:\/\/www.altominho.tv\/site\/wp-content\/uploads\/2025\/03\/feira-do-ambiente-ponte-de-lima.jpg","keywords":["Sociedade"],"articleSection":["Ponte de Lima"],"inLanguage":"pt-PT","copyrightYear":"2025","copyrightHolder":{"@id":"https:\/\/www.altominho.tv\/site\/#organization"}},{"@type":"WebPage","@id":"https:\/\/www.altominho.tv\/site\/2025\/03\/14\/ponte-de-lima-apresentou-planos-para-defender-e-aproveitar-potencial-da-floresta\/","url":"https:\/\/www.altominho.tv\/site\/2025\/03\/14\/ponte-de-lima-apresentou-planos-para-defender-e-aproveitar-potencial-da-floresta\/","name":"Ponte de Lima apresentou planos para defender e aproveitar potencial da floresta","isPartOf":{"@id":"https:\/\/www.altominho.tv\/site\/#website"},"primaryImageOfPage":{"@id":"https:\/\/www.altominho.tv\/site\/2025\/03\/14\/ponte-de-lima-apresentou-planos-para-defender-e-aproveitar-potencial-da-floresta\/#primaryimage"},"image":{"@id":"https:\/\/www.altominho.tv\/site\/2025\/03\/14\/ponte-de-lima-apresentou-planos-para-defender-e-aproveitar-potencial-da-floresta\/#primaryimage"},"thumbnailUrl":"https:\/\/www.altominho.tv\/site\/wp-content\/uploads\/2025\/03\/feira-do-ambiente-ponte-de-lima.jpg","datePublished":"2025-03-14T21:43:29+00:00","dateModified":"2025-03-14T21:43:31+00:00","author":{"@id":"https:\/\/www.altominho.tv\/site\/#\/schema\/person\/63f693da3e1899361cbe955c46f3232e"},"description":"Al\u00e9m do investimento inicial, o projeto tem um or\u00e7amento de quatro milh\u00f5es de euros para manuten\u00e7\u00e3o do espa\u00e7o, durante 20 anos.","breadcrumb":{"@id":"https:\/\/www.altominho.tv\/site\/2025\/03\/14\/ponte-de-lima-apresentou-planos-para-defender-e-aproveitar-potencial-da-floresta\/#breadcrumb"},"inLanguage":"pt-PT","potentialAction":[{"@type":"ReadAction","target":["https:\/\/www.altominho.tv\/site\/2025\/03\/14\/ponte-de-lima-apresentou-planos-para-defender-e-aproveitar-potencial-da-floresta\/"]}]},{"@type":"ImageObject","inLanguage":"pt-PT","@id":"https:\/\/www.altominho.tv\/site\/2025\/03\/14\/ponte-de-lima-apresentou-planos-para-defender-e-aproveitar-potencial-da-floresta\/#primaryimage","url":"https:\/\/www.altominho.tv\/site\/wp-content\/uploads\/2025\/03\/feira-do-ambiente-ponte-de-lima.jpg","contentUrl":"https:\/\/www.altominho.tv\/site\/wp-content\/uploads\/2025\/03\/feira-do-ambiente-ponte-de-lima.jpg","width":1200,"height":630},{"@type":"BreadcrumbList","@id":"https:\/\/www.altominho.tv\/site\/2025\/03\/14\/ponte-de-lima-apresentou-planos-para-defender-e-aproveitar-potencial-da-floresta\/#breadcrumb","itemListElement":[{"@type":"ListItem","position":1,"name":"In\u00edcio","item":"https:\/\/www.altominho.tv\/site\/"},{"@type":"ListItem","position":2,"name":"Ponte de Lima apresentou planos para defender e aproveitar potencial da floresta"}]},{"@type":"WebSite","@id":"https:\/\/www.altominho.tv\/site\/#website","url":"https:\/\/www.altominho.tv\/site\/","name":"Altominho.tv","description":"A sua regi\u00e3o \u00e0 dist\u00e2ncia de um clique...","potentialAction":[{"@type":"SearchAction","target":{"@type":"EntryPoint","urlTemplate":"https:\/\/www.altominho.tv\/site\/?s={search_term_string}"},"query-input":{"@type":"PropertyValueSpecification","valueRequired":true,"valueName":"search_term_string"}}],"inLanguage":"pt-PT"},{"@type":"Person","@id":"https:\/\/www.altominho.tv\/site\/#\/schema\/person\/63f693da3e1899361cbe955c46f3232e","name":"Lusa","image":{"@type":"ImageObject","inLanguage":"pt-PT","@id":"https:\/\/www.altominho.tv\/site\/wp-content\/uploads\/2019\/08\/LUSA_Logo.gif","url":"https:\/\/www.altominho.tv\/site\/wp-content\/uploads\/2019\/08\/LUSA_Logo.gif","contentUrl":"https:\/\/www.altominho.tv\/site\/wp-content\/uploads\/2019\/08\/LUSA_Logo.gif","caption":"Lusa"},"sameAs":["http:\/\/\/\/www.altominho.tv\/site"],"url":"https:\/\/www.altominho.tv\/site\/author\/lusa\/"}]}},"_links":{"self":[{"href":"https:\/\/www.altominho.tv\/site\/wp-json\/wp\/v2\/posts\/115812","targetHints":{"allow":["GET"]}}],"collection":[{"href":"https:\/\/www.altominho.tv\/site\/wp-json\/wp\/v2\/posts"}],"about":[{"href":"https:\/\/www.altominho.tv\/site\/wp-json\/wp\/v2\/types\/post"}],"author":[{"embeddable":true,"href":"https:\/\/www.altominho.tv\/site\/wp-json\/wp\/v2\/users\/13"}],"replies":[{"embeddable":true,"href":"https:\/\/www.altominho.tv\/site\/wp-json\/wp\/v2\/comments?post=115812"}],"version-history":[{"count":1,"href":"https:\/\/www.altominho.tv\/site\/wp-json\/wp\/v2\/posts\/115812\/revisions"}],"predecessor-version":[{"id":115818,"href":"https:\/\/www.altominho.tv\/site\/wp-json\/wp\/v2\/posts\/115812\/revisions\/115818"}],"wp:featuredmedia":[{"embeddable":true,"href":"https:\/\/www.altominho.tv\/site\/wp-json\/wp\/v2\/media\/115817"}],"wp:attachment":[{"href":"https:\/\/www.altominho.tv\/site\/wp-json\/wp\/v2\/media?parent=115812"}],"wp:term":[{"taxonomy":"category","embeddable":true,"href":"https:\/\/www.altominho.tv\/site\/wp-json\/wp\/v2\/categories?post=115812"},{"taxonomy":"post_tag","embeddable":true,"href":"https:\/\/www.altominho.tv\/site\/wp-json\/wp\/v2\/tags?post=115812"}],"curies":[{"name":"wp","href":"https:\/\/api.w.org\/{rel}","templated":true}]}}