{"id":115802,"date":"2025-03-14T15:40:44","date_gmt":"2025-03-14T15:40:44","guid":{"rendered":"https:\/\/www.altominho.tv\/site\/?p=115802"},"modified":"2025-03-14T15:40:46","modified_gmt":"2025-03-14T15:40:46","slug":"municipes-de-viana-do-castelo-contra-superficie-comercial-em-zona-residencial","status":"publish","type":"post","link":"https:\/\/www.altominho.tv\/site\/2025\/03\/14\/municipes-de-viana-do-castelo-contra-superficie-comercial-em-zona-residencial\/","title":{"rendered":"Mun\u00edcipes de Viana do Castelo contra superf\u00edcie comercial em zona residencial"},"content":{"rendered":"<p>Cerca de 300 moradores no lugar da Cova, freguesia da Meadela, em Viana do Castelo, manifestaram-se hoje contra a constru\u00e7\u00e3o de uma superf\u00edcie comercial, por considerarem que, no Plano Diretor Municipal (PDM), a zona est\u00e1 destinada a resid\u00eancias.<\/p>\n<p>Contactado pela ag\u00eancia Lusa, o porta-voz dos moradores, Pedro Reis, referiu tratar-se \u201cde uma zona residencial onde vai nascer um edif\u00edcio que n\u00e3o cumprir\u00e1 o que est\u00e1 previsto no PDM\u201d.<\/p>\n<p>\u201cAo que n\u00f3s tent\u00e1mos apurar, uma vez que isto \u00e9 um processo que est\u00e1 muito ainda na parte sigilosa, h\u00e1 muito pouca informa\u00e7\u00e3o, da an\u00e1lise ao PDM a eventuais suspens\u00f5es que possa ter havido do PDM naquela zona, a estudos que possam ter surgido, n\u00e3o existe nenhum ind\u00edcio, n\u00e3o existe nenhum documento que indique que aquela zona fosse alterada em termos de PDM\u201d, afirmou.<\/p>\n<p>Pedro Reis adiantou que, para aquela zona, \u201co PDM prev\u00ea a constru\u00e7\u00e3o de edif\u00edcios multifamiliares e n\u00e3o a constru\u00e7\u00e3o de equipamentos\u201d.<\/p>\n<p>\u201cAgora, as interpreta\u00e7\u00f5es podem ser muito alargadas nesse sentido. N\u00f3s n\u00e3o somos donos da raz\u00e3o, muito do contr\u00e1rio. S\u00f3 queremos alguns esclarecimentos adicionais, porque se, eventualmente, houver legitimidade para a sua constru\u00e7\u00e3o, n\u00e3o h\u00e1 nada a dizer. Agora, pelo que n\u00f3s pudemos apurar, verific\u00e1mos que a zona em causa n\u00e3o estaria adequada, n\u00e3o estaria prevista para uma superf\u00edcie daquelas\u201d, adiantou.<\/p>\n<p>Os moradores \u201cconsideram que todo o processo tem sido conduzido de forma pouco transparente e que, ap\u00f3s manifesta\u00e7\u00e3o p\u00fablica contra, por parte de um conjunto de cerca de 300 cidad\u00e3o, a C\u00e2mara Municipal de Viana do Castelo tenta, \u00e0 pressa, atrav\u00e9s de procedimentos administrativos, pouco claros, viabilizar a empreitada\u201d, referem, em comunicado, os moradores.<\/p>\n<p>Pedro Reis referiu tratar-se de \u201cuma zona residencial calma, que tem uma qualidade de vida acima do normal, bastante pac\u00edfica e agora v\u00e3o instalar ali um equipamento comercial de m\u00e9dia dimens\u00e3o\u201d, que vai tirar o \u201csossego\u201d a quem l\u00e1 habita.<\/p>\n<p>Pedro Reis acrescentou que os moradores, que j\u00e1 lan\u00e7aram um abaixo-assinado com 300 assinaturas, est\u00e3o \u201crevoltados\u201d, por \u201cn\u00e3o entenderem a utilidade de uma \u00e1rea comercial de material desportivo&#8221;.<\/p>\n<p>\u201cSe fosse outro tipo de constru\u00e7\u00e3o, um supermercado, uma coisa de bens essenciais, at\u00e9 se compreendia. Agora, estar a implantar um edif\u00edcio ou uma superf\u00edcie comercial que vai trazer muita confus\u00e3o, muita gente, n\u00e3o achamos que seja uma solu\u00e7\u00e3o t\u00e3o interessante para aquela zona&#8221;, disse.<\/p>\n<p>Os moradores marcaram uma reuni\u00e3o para sexta-feira, \u00e0s 18h30, na Associa\u00e7\u00e3o de Moradores da Cova, com o objetivo de discutir estrat\u00e9gias e exigir esclarecimentos.<\/p>\n<p>Em resposta por escrito \u00e0 Lusa, a C\u00e2mara de Viana do Castelo explica que \u201co local onde ficar\u00e1 implantado o estabelecimento \u00e9 caracterizado por possuir (ou poder vir a possuir) uma ocupa\u00e7\u00e3o do solo de tipo predominantemente habitacional, equipamento, com\u00e9rcio e servi\u00e7os e elevado grau de infraestrutura\u00e7\u00e3o\u201d.<\/p>\n<p>\u201cNo caso, est\u00e1 em causa a constru\u00e7\u00e3o de um estabelecimento comercial e n\u00e3o de uma grande superf\u00edcie (\u00e1rea inferior a 2 000 metros quadrados), ou seja, o uso proposto &#8211; estabelecimento de com\u00e9rcio &#8211; enquadra-se no uso previsto para esta categoria de espa\u00e7o\u201d, refere a autarquia.<\/p>\n<p>Segundo o munic\u00edpio, o projeto cumpre o PDM e Plano de Urbaniza\u00e7\u00e3o da Cidade (PUC) de Viana do Castelo.<\/p>\n<p>\u201cNo processo de licenciamento, foram tidos em conta a envolv\u00eancia e o seu enquadramento, foram solicitadas obras de urbaniza\u00e7\u00e3o para integra\u00e7\u00e3o de todas as infraestruturas (no \u00e2mbito da an\u00e1lise da pretens\u00e3o foi tido em considera\u00e7\u00e3o a integra\u00e7\u00e3o do estabelecimento na envolvente em termo de c\u00e9rcea e alinhamento, foi salvaguardado que a c\u00e9rcea proposta, ao longo da Rua das Oliveiras, n\u00e3o fosse superior ao muro de veda\u00e7\u00e3o em pedra existente ao longo desta via) e foram tidos em conta os pareceres dos setores espec\u00edficos, nomeadamente da mobilidade\u201d, adianta a autarquia.<\/p>\n","protected":false},"excerpt":{"rendered":"<p>Cerca de 300 moradores no lugar da Cova, freguesia da Meadela, em Viana do Castelo, manifestaram-se hoje contra a constru\u00e7\u00e3o de uma superf\u00edcie comercial, por considerarem que, no Plano Diretor Municipal (PDM), a zona est\u00e1 destinada a resid\u00eancias. Contactado pela ag\u00eancia Lusa, o porta-voz dos moradores, Pedro Reis, referiu tratar-se \u201cde uma zona residencial onde [&hellip;]<\/p>\n","protected":false},"author":13,"featured_media":115173,"comment_status":"closed","ping_status":"closed","sticky":false,"template":"","format":"standard","meta":{"_exactmetrics_skip_tracking":false,"_exactmetrics_sitenote_active":false,"_exactmetrics_sitenote_note":"","_exactmetrics_sitenote_category":0,"footnotes":""},"categories":[14],"tags":[27],"class_list":["post-115802","post","type-post","status-publish","format-standard","has-post-thumbnail","hentry","category-viana-do-castelo","tag-sociedade"],"yoast_head":"<!-- This site is optimized with the Yoast SEO Premium plugin v27.5 (Yoast SEO v27.5) - https:\/\/yoast.com\/product\/yoast-seo-premium-wordpress\/ -->\n<title>Mun\u00edcipes de Viana do Castelo contra superf\u00edcie comercial em zona residencial<\/title>\n<meta name=\"description\" content=\"Cerca de 300 moradores no lugar da Cova, freguesia da Meadela, em Viana do Castelo, manifestaram-se hoje contra a constru\u00e7\u00e3o de uma superf\u00edcie comercial, por considerarem que, no Plano Diretor Municipal (PDM), a zona est\u00e1 destinada a resid\u00eancias.\" \/>\n<meta name=\"robots\" content=\"index, follow, max-snippet:-1, max-image-preview:large, max-video-preview:-1\" \/>\n<link rel=\"canonical\" href=\"https:\/\/www.altominho.tv\/site\/2025\/03\/14\/municipes-de-viana-do-castelo-contra-superficie-comercial-em-zona-residencial\/\" \/>\n<meta property=\"og:locale\" content=\"pt_PT\" \/>\n<meta property=\"og:type\" content=\"article\" \/>\n<meta property=\"og:title\" content=\"Mun\u00edcipes de Viana do Castelo contra superf\u00edcie comercial em zona residencial\" \/>\n<meta property=\"og:description\" content=\"Cerca de 300 moradores no lugar da Cova, freguesia da Meadela, em Viana do Castelo, manifestaram-se hoje contra a constru\u00e7\u00e3o de uma superf\u00edcie comercial, por considerarem que, no Plano Diretor Municipal (PDM), a zona est\u00e1 destinada a resid\u00eancias.\" \/>\n<meta property=\"og:url\" content=\"https:\/\/www.altominho.tv\/site\/2025\/03\/14\/municipes-de-viana-do-castelo-contra-superficie-comercial-em-zona-residencial\/\" \/>\n<meta property=\"og:site_name\" content=\"Altominho.tv\" \/>\n<meta property=\"article:publisher\" content=\"https:\/\/www.facebook.com\/altominhotv\" \/>\n<meta property=\"article:published_time\" content=\"2025-03-14T15:40:44+00:00\" \/>\n<meta property=\"article:modified_time\" content=\"2025-03-14T15:40:46+00:00\" \/>\n<meta property=\"og:image\" content=\"https:\/\/www.altominho.tv\/site\/wp-content\/uploads\/2025\/02\/camara-municipal-viana.jpg\" \/>\n\t<meta property=\"og:image:width\" content=\"1200\" \/>\n\t<meta property=\"og:image:height\" content=\"630\" \/>\n\t<meta property=\"og:image:type\" content=\"image\/jpeg\" \/>\n<meta name=\"author\" content=\"Lusa\" \/>\n<meta name=\"twitter:card\" content=\"summary_large_image\" \/>\n<meta name=\"twitter:creator\" content=\"@altominhoTV\" \/>\n<meta name=\"twitter:site\" content=\"@altominhoTV\" \/>\n<meta name=\"twitter:label1\" content=\"Escrito por\" \/>\n\t<meta name=\"twitter:data1\" content=\"Lusa\" \/>\n\t<meta name=\"twitter:label2\" content=\"Tempo estimado de leitura\" \/>\n\t<meta name=\"twitter:data2\" content=\"4 minutos\" \/>\n<script type=\"application\/ld+json\" class=\"yoast-schema-graph\">{\"@context\":\"https:\\\/\\\/schema.org\",\"@graph\":[{\"@type\":\"Article\",\"@id\":\"https:\\\/\\\/www.altominho.tv\\\/site\\\/2025\\\/03\\\/14\\\/municipes-de-viana-do-castelo-contra-superficie-comercial-em-zona-residencial\\\/#article\",\"isPartOf\":{\"@id\":\"https:\\\/\\\/www.altominho.tv\\\/site\\\/2025\\\/03\\\/14\\\/municipes-de-viana-do-castelo-contra-superficie-comercial-em-zona-residencial\\\/\"},\"author\":{\"name\":\"Lusa\",\"@id\":\"https:\\\/\\\/www.altominho.tv\\\/site\\\/#\\\/schema\\\/person\\\/63f693da3e1899361cbe955c46f3232e\"},\"headline\":\"Mun\u00edcipes de Viana do Castelo contra superf\u00edcie comercial em zona residencial\",\"datePublished\":\"2025-03-14T15:40:44+00:00\",\"dateModified\":\"2025-03-14T15:40:46+00:00\",\"mainEntityOfPage\":{\"@id\":\"https:\\\/\\\/www.altominho.tv\\\/site\\\/2025\\\/03\\\/14\\\/municipes-de-viana-do-castelo-contra-superficie-comercial-em-zona-residencial\\\/\"},\"wordCount\":686,\"image\":{\"@id\":\"https:\\\/\\\/www.altominho.tv\\\/site\\\/2025\\\/03\\\/14\\\/municipes-de-viana-do-castelo-contra-superficie-comercial-em-zona-residencial\\\/#primaryimage\"},\"thumbnailUrl\":\"https:\\\/\\\/www.altominho.tv\\\/site\\\/wp-content\\\/uploads\\\/2025\\\/02\\\/camara-municipal-viana.jpg\",\"keywords\":[\"Sociedade\"],\"articleSection\":[\"Viana do Castelo\"],\"inLanguage\":\"pt-PT\",\"copyrightYear\":\"2025\",\"copyrightHolder\":{\"@id\":\"https:\\\/\\\/www.altominho.tv\\\/site\\\/#organization\"}},{\"@type\":\"WebPage\",\"@id\":\"https:\\\/\\\/www.altominho.tv\\\/site\\\/2025\\\/03\\\/14\\\/municipes-de-viana-do-castelo-contra-superficie-comercial-em-zona-residencial\\\/\",\"url\":\"https:\\\/\\\/www.altominho.tv\\\/site\\\/2025\\\/03\\\/14\\\/municipes-de-viana-do-castelo-contra-superficie-comercial-em-zona-residencial\\\/\",\"name\":\"Mun\u00edcipes de Viana do Castelo contra superf\u00edcie comercial em zona residencial\",\"isPartOf\":{\"@id\":\"https:\\\/\\\/www.altominho.tv\\\/site\\\/#website\"},\"primaryImageOfPage\":{\"@id\":\"https:\\\/\\\/www.altominho.tv\\\/site\\\/2025\\\/03\\\/14\\\/municipes-de-viana-do-castelo-contra-superficie-comercial-em-zona-residencial\\\/#primaryimage\"},\"image\":{\"@id\":\"https:\\\/\\\/www.altominho.tv\\\/site\\\/2025\\\/03\\\/14\\\/municipes-de-viana-do-castelo-contra-superficie-comercial-em-zona-residencial\\\/#primaryimage\"},\"thumbnailUrl\":\"https:\\\/\\\/www.altominho.tv\\\/site\\\/wp-content\\\/uploads\\\/2025\\\/02\\\/camara-municipal-viana.jpg\",\"datePublished\":\"2025-03-14T15:40:44+00:00\",\"dateModified\":\"2025-03-14T15:40:46+00:00\",\"author\":{\"@id\":\"https:\\\/\\\/www.altominho.tv\\\/site\\\/#\\\/schema\\\/person\\\/63f693da3e1899361cbe955c46f3232e\"},\"description\":\"Cerca de 300 moradores no lugar da Cova, freguesia da Meadela, em Viana do Castelo, manifestaram-se hoje contra a constru\u00e7\u00e3o de uma superf\u00edcie comercial, por considerarem que, no Plano Diretor Municipal (PDM), a zona est\u00e1 destinada a resid\u00eancias.\",\"breadcrumb\":{\"@id\":\"https:\\\/\\\/www.altominho.tv\\\/site\\\/2025\\\/03\\\/14\\\/municipes-de-viana-do-castelo-contra-superficie-comercial-em-zona-residencial\\\/#breadcrumb\"},\"inLanguage\":\"pt-PT\",\"potentialAction\":[{\"@type\":\"ReadAction\",\"target\":[\"https:\\\/\\\/www.altominho.tv\\\/site\\\/2025\\\/03\\\/14\\\/municipes-de-viana-do-castelo-contra-superficie-comercial-em-zona-residencial\\\/\"]}]},{\"@type\":\"ImageObject\",\"inLanguage\":\"pt-PT\",\"@id\":\"https:\\\/\\\/www.altominho.tv\\\/site\\\/2025\\\/03\\\/14\\\/municipes-de-viana-do-castelo-contra-superficie-comercial-em-zona-residencial\\\/#primaryimage\",\"url\":\"https:\\\/\\\/www.altominho.tv\\\/site\\\/wp-content\\\/uploads\\\/2025\\\/02\\\/camara-municipal-viana.jpg\",\"contentUrl\":\"https:\\\/\\\/www.altominho.tv\\\/site\\\/wp-content\\\/uploads\\\/2025\\\/02\\\/camara-municipal-viana.jpg\",\"width\":1200,\"height\":630},{\"@type\":\"BreadcrumbList\",\"@id\":\"https:\\\/\\\/www.altominho.tv\\\/site\\\/2025\\\/03\\\/14\\\/municipes-de-viana-do-castelo-contra-superficie-comercial-em-zona-residencial\\\/#breadcrumb\",\"itemListElement\":[{\"@type\":\"ListItem\",\"position\":1,\"name\":\"In\u00edcio\",\"item\":\"https:\\\/\\\/www.altominho.tv\\\/site\\\/\"},{\"@type\":\"ListItem\",\"position\":2,\"name\":\"Mun\u00edcipes de Viana do Castelo contra superf\u00edcie comercial em zona residencial\"}]},{\"@type\":\"WebSite\",\"@id\":\"https:\\\/\\\/www.altominho.tv\\\/site\\\/#website\",\"url\":\"https:\\\/\\\/www.altominho.tv\\\/site\\\/\",\"name\":\"Altominho.tv\",\"description\":\"A sua regi\u00e3o \u00e0 dist\u00e2ncia de um clique...\",\"potentialAction\":[{\"@type\":\"SearchAction\",\"target\":{\"@type\":\"EntryPoint\",\"urlTemplate\":\"https:\\\/\\\/www.altominho.tv\\\/site\\\/?s={search_term_string}\"},\"query-input\":{\"@type\":\"PropertyValueSpecification\",\"valueRequired\":true,\"valueName\":\"search_term_string\"}}],\"inLanguage\":\"pt-PT\"},{\"@type\":\"Person\",\"@id\":\"https:\\\/\\\/www.altominho.tv\\\/site\\\/#\\\/schema\\\/person\\\/63f693da3e1899361cbe955c46f3232e\",\"name\":\"Lusa\",\"image\":{\"@type\":\"ImageObject\",\"inLanguage\":\"pt-PT\",\"@id\":\"https:\\\/\\\/www.altominho.tv\\\/site\\\/wp-content\\\/uploads\\\/2019\\\/08\\\/LUSA_Logo.gif\",\"url\":\"https:\\\/\\\/www.altominho.tv\\\/site\\\/wp-content\\\/uploads\\\/2019\\\/08\\\/LUSA_Logo.gif\",\"contentUrl\":\"https:\\\/\\\/www.altominho.tv\\\/site\\\/wp-content\\\/uploads\\\/2019\\\/08\\\/LUSA_Logo.gif\",\"caption\":\"Lusa\"},\"sameAs\":[\"http:\\\/\\\/\\\/\\\/www.altominho.tv\\\/site\"],\"url\":\"https:\\\/\\\/www.altominho.tv\\\/site\\\/author\\\/lusa\\\/\"}]}<\/script>\n<!-- \/ Yoast SEO Premium plugin. -->","yoast_head_json":{"title":"Mun\u00edcipes de Viana do Castelo contra superf\u00edcie comercial em zona residencial","description":"Cerca de 300 moradores no lugar da Cova, freguesia da Meadela, em Viana do Castelo, manifestaram-se hoje contra a constru\u00e7\u00e3o de uma superf\u00edcie comercial, por considerarem que, no Plano Diretor Municipal (PDM), a zona est\u00e1 destinada a resid\u00eancias.","robots":{"index":"index","follow":"follow","max-snippet":"max-snippet:-1","max-image-preview":"max-image-preview:large","max-video-preview":"max-video-preview:-1"},"canonical":"https:\/\/www.altominho.tv\/site\/2025\/03\/14\/municipes-de-viana-do-castelo-contra-superficie-comercial-em-zona-residencial\/","og_locale":"pt_PT","og_type":"article","og_title":"Mun\u00edcipes de Viana do Castelo contra superf\u00edcie comercial em zona residencial","og_description":"Cerca de 300 moradores no lugar da Cova, freguesia da Meadela, em Viana do Castelo, manifestaram-se hoje contra a constru\u00e7\u00e3o de uma superf\u00edcie comercial, por considerarem que, no Plano Diretor Municipal (PDM), a zona est\u00e1 destinada a resid\u00eancias.","og_url":"https:\/\/www.altominho.tv\/site\/2025\/03\/14\/municipes-de-viana-do-castelo-contra-superficie-comercial-em-zona-residencial\/","og_site_name":"Altominho.tv","article_publisher":"https:\/\/www.facebook.com\/altominhotv","article_published_time":"2025-03-14T15:40:44+00:00","article_modified_time":"2025-03-14T15:40:46+00:00","og_image":[{"width":1200,"height":630,"url":"https:\/\/www.altominho.tv\/site\/wp-content\/uploads\/2025\/02\/camara-municipal-viana.jpg","type":"image\/jpeg"}],"author":"Lusa","twitter_card":"summary_large_image","twitter_creator":"@altominhoTV","twitter_site":"@altominhoTV","twitter_misc":{"Escrito por":"Lusa","Tempo estimado de leitura":"4 minutos"},"schema":{"@context":"https:\/\/schema.org","@graph":[{"@type":"Article","@id":"https:\/\/www.altominho.tv\/site\/2025\/03\/14\/municipes-de-viana-do-castelo-contra-superficie-comercial-em-zona-residencial\/#article","isPartOf":{"@id":"https:\/\/www.altominho.tv\/site\/2025\/03\/14\/municipes-de-viana-do-castelo-contra-superficie-comercial-em-zona-residencial\/"},"author":{"name":"Lusa","@id":"https:\/\/www.altominho.tv\/site\/#\/schema\/person\/63f693da3e1899361cbe955c46f3232e"},"headline":"Mun\u00edcipes de Viana do Castelo contra superf\u00edcie comercial em zona residencial","datePublished":"2025-03-14T15:40:44+00:00","dateModified":"2025-03-14T15:40:46+00:00","mainEntityOfPage":{"@id":"https:\/\/www.altominho.tv\/site\/2025\/03\/14\/municipes-de-viana-do-castelo-contra-superficie-comercial-em-zona-residencial\/"},"wordCount":686,"image":{"@id":"https:\/\/www.altominho.tv\/site\/2025\/03\/14\/municipes-de-viana-do-castelo-contra-superficie-comercial-em-zona-residencial\/#primaryimage"},"thumbnailUrl":"https:\/\/www.altominho.tv\/site\/wp-content\/uploads\/2025\/02\/camara-municipal-viana.jpg","keywords":["Sociedade"],"articleSection":["Viana do Castelo"],"inLanguage":"pt-PT","copyrightYear":"2025","copyrightHolder":{"@id":"https:\/\/www.altominho.tv\/site\/#organization"}},{"@type":"WebPage","@id":"https:\/\/www.altominho.tv\/site\/2025\/03\/14\/municipes-de-viana-do-castelo-contra-superficie-comercial-em-zona-residencial\/","url":"https:\/\/www.altominho.tv\/site\/2025\/03\/14\/municipes-de-viana-do-castelo-contra-superficie-comercial-em-zona-residencial\/","name":"Mun\u00edcipes de Viana do Castelo contra superf\u00edcie comercial em zona residencial","isPartOf":{"@id":"https:\/\/www.altominho.tv\/site\/#website"},"primaryImageOfPage":{"@id":"https:\/\/www.altominho.tv\/site\/2025\/03\/14\/municipes-de-viana-do-castelo-contra-superficie-comercial-em-zona-residencial\/#primaryimage"},"image":{"@id":"https:\/\/www.altominho.tv\/site\/2025\/03\/14\/municipes-de-viana-do-castelo-contra-superficie-comercial-em-zona-residencial\/#primaryimage"},"thumbnailUrl":"https:\/\/www.altominho.tv\/site\/wp-content\/uploads\/2025\/02\/camara-municipal-viana.jpg","datePublished":"2025-03-14T15:40:44+00:00","dateModified":"2025-03-14T15:40:46+00:00","author":{"@id":"https:\/\/www.altominho.tv\/site\/#\/schema\/person\/63f693da3e1899361cbe955c46f3232e"},"description":"Cerca de 300 moradores no lugar da Cova, freguesia da Meadela, em Viana do Castelo, manifestaram-se hoje contra a constru\u00e7\u00e3o de uma superf\u00edcie comercial, por considerarem que, no Plano Diretor Municipal (PDM), a zona est\u00e1 destinada a resid\u00eancias.","breadcrumb":{"@id":"https:\/\/www.altominho.tv\/site\/2025\/03\/14\/municipes-de-viana-do-castelo-contra-superficie-comercial-em-zona-residencial\/#breadcrumb"},"inLanguage":"pt-PT","potentialAction":[{"@type":"ReadAction","target":["https:\/\/www.altominho.tv\/site\/2025\/03\/14\/municipes-de-viana-do-castelo-contra-superficie-comercial-em-zona-residencial\/"]}]},{"@type":"ImageObject","inLanguage":"pt-PT","@id":"https:\/\/www.altominho.tv\/site\/2025\/03\/14\/municipes-de-viana-do-castelo-contra-superficie-comercial-em-zona-residencial\/#primaryimage","url":"https:\/\/www.altominho.tv\/site\/wp-content\/uploads\/2025\/02\/camara-municipal-viana.jpg","contentUrl":"https:\/\/www.altominho.tv\/site\/wp-content\/uploads\/2025\/02\/camara-municipal-viana.jpg","width":1200,"height":630},{"@type":"BreadcrumbList","@id":"https:\/\/www.altominho.tv\/site\/2025\/03\/14\/municipes-de-viana-do-castelo-contra-superficie-comercial-em-zona-residencial\/#breadcrumb","itemListElement":[{"@type":"ListItem","position":1,"name":"In\u00edcio","item":"https:\/\/www.altominho.tv\/site\/"},{"@type":"ListItem","position":2,"name":"Mun\u00edcipes de Viana do Castelo contra superf\u00edcie comercial em zona residencial"}]},{"@type":"WebSite","@id":"https:\/\/www.altominho.tv\/site\/#website","url":"https:\/\/www.altominho.tv\/site\/","name":"Altominho.tv","description":"A sua regi\u00e3o \u00e0 dist\u00e2ncia de um clique...","potentialAction":[{"@type":"SearchAction","target":{"@type":"EntryPoint","urlTemplate":"https:\/\/www.altominho.tv\/site\/?s={search_term_string}"},"query-input":{"@type":"PropertyValueSpecification","valueRequired":true,"valueName":"search_term_string"}}],"inLanguage":"pt-PT"},{"@type":"Person","@id":"https:\/\/www.altominho.tv\/site\/#\/schema\/person\/63f693da3e1899361cbe955c46f3232e","name":"Lusa","image":{"@type":"ImageObject","inLanguage":"pt-PT","@id":"https:\/\/www.altominho.tv\/site\/wp-content\/uploads\/2019\/08\/LUSA_Logo.gif","url":"https:\/\/www.altominho.tv\/site\/wp-content\/uploads\/2019\/08\/LUSA_Logo.gif","contentUrl":"https:\/\/www.altominho.tv\/site\/wp-content\/uploads\/2019\/08\/LUSA_Logo.gif","caption":"Lusa"},"sameAs":["http:\/\/\/\/www.altominho.tv\/site"],"url":"https:\/\/www.altominho.tv\/site\/author\/lusa\/"}]}},"_links":{"self":[{"href":"https:\/\/www.altominho.tv\/site\/wp-json\/wp\/v2\/posts\/115802","targetHints":{"allow":["GET"]}}],"collection":[{"href":"https:\/\/www.altominho.tv\/site\/wp-json\/wp\/v2\/posts"}],"about":[{"href":"https:\/\/www.altominho.tv\/site\/wp-json\/wp\/v2\/types\/post"}],"author":[{"embeddable":true,"href":"https:\/\/www.altominho.tv\/site\/wp-json\/wp\/v2\/users\/13"}],"replies":[{"embeddable":true,"href":"https:\/\/www.altominho.tv\/site\/wp-json\/wp\/v2\/comments?post=115802"}],"version-history":[{"count":1,"href":"https:\/\/www.altominho.tv\/site\/wp-json\/wp\/v2\/posts\/115802\/revisions"}],"predecessor-version":[{"id":115803,"href":"https:\/\/www.altominho.tv\/site\/wp-json\/wp\/v2\/posts\/115802\/revisions\/115803"}],"wp:featuredmedia":[{"embeddable":true,"href":"https:\/\/www.altominho.tv\/site\/wp-json\/wp\/v2\/media\/115173"}],"wp:attachment":[{"href":"https:\/\/www.altominho.tv\/site\/wp-json\/wp\/v2\/media?parent=115802"}],"wp:term":[{"taxonomy":"category","embeddable":true,"href":"https:\/\/www.altominho.tv\/site\/wp-json\/wp\/v2\/categories?post=115802"},{"taxonomy":"post_tag","embeddable":true,"href":"https:\/\/www.altominho.tv\/site\/wp-json\/wp\/v2\/tags?post=115802"}],"curies":[{"name":"wp","href":"https:\/\/api.w.org\/{rel}","templated":true}]}}