{"id":115794,"date":"2025-03-14T14:07:01","date_gmt":"2025-03-14T14:07:01","guid":{"rendered":"https:\/\/www.altominho.tv\/site\/?p=115794"},"modified":"2025-03-14T14:07:04","modified_gmt":"2025-03-14T14:07:04","slug":"municipio-de-ponte-de-lima-promove-acao-centrada-na-inclusao-na-educacao","status":"publish","type":"post","link":"https:\/\/www.altominho.tv\/site\/2025\/03\/14\/municipio-de-ponte-de-lima-promove-acao-centrada-na-inclusao-na-educacao\/","title":{"rendered":"Munic\u00edpio de Ponte de Lima promove a\u00e7\u00e3o centrada na inclus\u00e3o na educa\u00e7\u00e3o"},"content":{"rendered":"<p class=\"p1\">O Munic\u00edpio de Ponte de Lima em colabora\u00e7\u00e3o com a Escola Profissional de Agricultura e Desenvolvimento Rural de Ponte de Lima (EPADRPL) promove a 10 de abril uma a\u00e7\u00e3o de forma\u00e7\u00e3o de curta dura\u00e7\u00e3o centrada na utiliza\u00e7\u00e3o de pedagogias expressivas para promover a inclus\u00e3o.<\/p>\n<p class=\"p1\">\u201cNada mais te\u00f3rico do que uma boa pr\u00e1tica\u201d \u00e9 o tema da a\u00e7\u00e3o, que ser\u00e1 apresentada pela Prof. Dra. Luzia Lima Rodrigues, especialista reconhecida nesta \u00e1rea da educa\u00e7\u00e3o inclusiva e pedagogias expressivas.<\/p>\n<p class=\"p1\">Tendo como p\u00fablico-alvo professores, profissionais da educa\u00e7\u00e3o, t\u00e9cnicos e comunidade educativa, e p\u00fablico em geral, esta a\u00e7\u00e3o vai decorrer entre as 9h30 e as 12h30, no espa\u00e7o Panor\u00e2mico da Expolima.<\/p>\n<p class=\"p1\">De referir que esta a\u00e7\u00e3o enquadra-se no objetivo do Projeto Educativo da EPADRPL que consiste em \u201cassegurar as condi\u00e7\u00f5es que favore\u00e7am a inclus\u00e3o, o sucesso educativo e humano de todos e de cada aluno\u201d.<\/p>\n<p class=\"p1\">Esta a\u00e7\u00e3o de forma\u00e7\u00e3o representa mais um passo importante do Munic\u00edpio de Ponte de Lima e da EPADRPL no compromisso com a educa\u00e7\u00e3o inclusiva e na promo\u00e7\u00e3o de pr\u00e1ticas pedag\u00f3gicas inovadoras que beneficiem toda a comunidade educativa.<\/p>\n<p class=\"p1\">Os <a href=\"https:\/\/www.cenfipe.edu.pt\/course\/3994\">professores<\/a> e a comunidade educativa j\u00e1 se podem inscrever, assim como o <a href=\"https:\/\/www.cm-pontedelima.pt\/pages\/1909\">p\u00fablico<\/a> geral.<\/p>\n\n\n<p><\/p>\n","protected":false},"excerpt":{"rendered":"<p>O Munic\u00edpio de Ponte de Lima em colabora\u00e7\u00e3o com a Escola Profissional de Agricultura e Desenvolvimento Rural de Ponte de Lima (EPADRPL) promove a 10 de abril uma a\u00e7\u00e3o de forma\u00e7\u00e3o de curta dura\u00e7\u00e3o centrada na utiliza\u00e7\u00e3o de pedagogias expressivas para promover a inclus\u00e3o. \u201cNada mais te\u00f3rico do que uma boa pr\u00e1tica\u201d \u00e9 o tema [&hellip;]<\/p>\n","protected":false},"author":1,"featured_media":115795,"comment_status":"closed","ping_status":"closed","sticky":false,"template":"","format":"standard","meta":{"_exactmetrics_skip_tracking":false,"_exactmetrics_sitenote_active":false,"_exactmetrics_sitenote_note":"","_exactmetrics_sitenote_category":0,"footnotes":""},"categories":[12],"tags":[27],"class_list":["post-115794","post","type-post","status-publish","format-standard","has-post-thumbnail","hentry","category-ponte-de-lima","tag-sociedade"],"yoast_head":"<!-- This site is optimized with the Yoast SEO Premium plugin v27.4 (Yoast SEO v27.4) - https:\/\/yoast.com\/product\/yoast-seo-premium-wordpress\/ -->\n<title>Munic\u00edpio de Ponte de Lima promove a\u00e7\u00e3o centrada na inclus\u00e3o na educa\u00e7\u00e3o<\/title>\n<meta name=\"description\" content=\"O Munic\u00edpio de Ponte de Lima em colabora\u00e7\u00e3o com a Escola Profissional de Agricultura e Desenvolvimento Rural de Ponte de Lima (EPADRPL) promove a 10 de abril uma a\u00e7\u00e3o de forma\u00e7\u00e3o de curta dura\u00e7\u00e3o centrada na utiliza\u00e7\u00e3o de pedagogias expressivas para promover a inclus\u00e3o.\" \/>\n<meta name=\"robots\" content=\"index, follow, max-snippet:-1, max-image-preview:large, max-video-preview:-1\" \/>\n<link rel=\"canonical\" href=\"https:\/\/www.altominho.tv\/site\/2025\/03\/14\/municipio-de-ponte-de-lima-promove-acao-centrada-na-inclusao-na-educacao\/\" \/>\n<meta property=\"og:locale\" content=\"pt_PT\" \/>\n<meta property=\"og:type\" content=\"article\" \/>\n<meta property=\"og:title\" content=\"Munic\u00edpio de Ponte de Lima promove a\u00e7\u00e3o centrada na inclus\u00e3o na educa\u00e7\u00e3o\" \/>\n<meta property=\"og:description\" content=\"O Munic\u00edpio de Ponte de Lima em colabora\u00e7\u00e3o com a Escola Profissional de Agricultura e Desenvolvimento Rural de Ponte de Lima (EPADRPL) promove a 10 de abril uma a\u00e7\u00e3o de forma\u00e7\u00e3o de curta dura\u00e7\u00e3o centrada na utiliza\u00e7\u00e3o de pedagogias expressivas para promover a inclus\u00e3o.\" \/>\n<meta property=\"og:url\" content=\"https:\/\/www.altominho.tv\/site\/2025\/03\/14\/municipio-de-ponte-de-lima-promove-acao-centrada-na-inclusao-na-educacao\/\" \/>\n<meta property=\"og:site_name\" content=\"Altominho.tv\" \/>\n<meta property=\"article:publisher\" content=\"https:\/\/www.facebook.com\/altominhotv\" \/>\n<meta property=\"article:published_time\" content=\"2025-03-14T14:07:01+00:00\" \/>\n<meta property=\"article:modified_time\" content=\"2025-03-14T14:07:04+00:00\" \/>\n<meta property=\"og:image\" content=\"https:\/\/www.altominho.tv\/site\/wp-content\/uploads\/2025\/03\/Design-sem-nome-42.jpg\" \/>\n\t<meta property=\"og:image:width\" content=\"1200\" \/>\n\t<meta property=\"og:image:height\" content=\"630\" \/>\n\t<meta property=\"og:image:type\" content=\"image\/jpeg\" \/>\n<meta name=\"author\" content=\"Altominho.tv\" \/>\n<meta name=\"twitter:card\" content=\"summary_large_image\" \/>\n<meta name=\"twitter:creator\" content=\"@altominhoTV\" \/>\n<meta name=\"twitter:site\" content=\"@altominhoTV\" \/>\n<meta name=\"twitter:label1\" content=\"Escrito por\" \/>\n\t<meta name=\"twitter:data1\" content=\"Altominho.tv\" \/>\n\t<meta name=\"twitter:label2\" content=\"Tempo estimado de leitura\" \/>\n\t<meta name=\"twitter:data2\" content=\"2 minutos\" \/>\n<script type=\"application\/ld+json\" class=\"yoast-schema-graph\">{\"@context\":\"https:\\\/\\\/schema.org\",\"@graph\":[{\"@type\":\"Article\",\"@id\":\"https:\\\/\\\/www.altominho.tv\\\/site\\\/2025\\\/03\\\/14\\\/municipio-de-ponte-de-lima-promove-acao-centrada-na-inclusao-na-educacao\\\/#article\",\"isPartOf\":{\"@id\":\"https:\\\/\\\/www.altominho.tv\\\/site\\\/2025\\\/03\\\/14\\\/municipio-de-ponte-de-lima-promove-acao-centrada-na-inclusao-na-educacao\\\/\"},\"author\":{\"name\":\"Altominho.tv\",\"@id\":\"https:\\\/\\\/www.altominho.tv\\\/site\\\/#\\\/schema\\\/person\\\/4e536851627d7914baf3dac752b6af22\"},\"headline\":\"Munic\u00edpio de Ponte de Lima promove a\u00e7\u00e3o centrada na inclus\u00e3o na educa\u00e7\u00e3o\",\"datePublished\":\"2025-03-14T14:07:01+00:00\",\"dateModified\":\"2025-03-14T14:07:04+00:00\",\"mainEntityOfPage\":{\"@id\":\"https:\\\/\\\/www.altominho.tv\\\/site\\\/2025\\\/03\\\/14\\\/municipio-de-ponte-de-lima-promove-acao-centrada-na-inclusao-na-educacao\\\/\"},\"wordCount\":236,\"image\":{\"@id\":\"https:\\\/\\\/www.altominho.tv\\\/site\\\/2025\\\/03\\\/14\\\/municipio-de-ponte-de-lima-promove-acao-centrada-na-inclusao-na-educacao\\\/#primaryimage\"},\"thumbnailUrl\":\"https:\\\/\\\/www.altominho.tv\\\/site\\\/wp-content\\\/uploads\\\/2025\\\/03\\\/Design-sem-nome-42.jpg\",\"keywords\":[\"Sociedade\"],\"articleSection\":[\"Ponte de Lima\"],\"inLanguage\":\"pt-PT\",\"copyrightYear\":\"2025\",\"copyrightHolder\":{\"@id\":\"https:\\\/\\\/www.altominho.tv\\\/site\\\/#organization\"}},{\"@type\":\"WebPage\",\"@id\":\"https:\\\/\\\/www.altominho.tv\\\/site\\\/2025\\\/03\\\/14\\\/municipio-de-ponte-de-lima-promove-acao-centrada-na-inclusao-na-educacao\\\/\",\"url\":\"https:\\\/\\\/www.altominho.tv\\\/site\\\/2025\\\/03\\\/14\\\/municipio-de-ponte-de-lima-promove-acao-centrada-na-inclusao-na-educacao\\\/\",\"name\":\"Munic\u00edpio de Ponte de Lima promove a\u00e7\u00e3o centrada na inclus\u00e3o na educa\u00e7\u00e3o\",\"isPartOf\":{\"@id\":\"https:\\\/\\\/www.altominho.tv\\\/site\\\/#website\"},\"primaryImageOfPage\":{\"@id\":\"https:\\\/\\\/www.altominho.tv\\\/site\\\/2025\\\/03\\\/14\\\/municipio-de-ponte-de-lima-promove-acao-centrada-na-inclusao-na-educacao\\\/#primaryimage\"},\"image\":{\"@id\":\"https:\\\/\\\/www.altominho.tv\\\/site\\\/2025\\\/03\\\/14\\\/municipio-de-ponte-de-lima-promove-acao-centrada-na-inclusao-na-educacao\\\/#primaryimage\"},\"thumbnailUrl\":\"https:\\\/\\\/www.altominho.tv\\\/site\\\/wp-content\\\/uploads\\\/2025\\\/03\\\/Design-sem-nome-42.jpg\",\"datePublished\":\"2025-03-14T14:07:01+00:00\",\"dateModified\":\"2025-03-14T14:07:04+00:00\",\"author\":{\"@id\":\"https:\\\/\\\/www.altominho.tv\\\/site\\\/#\\\/schema\\\/person\\\/4e536851627d7914baf3dac752b6af22\"},\"description\":\"O Munic\u00edpio de Ponte de Lima em colabora\u00e7\u00e3o com a Escola Profissional de Agricultura e Desenvolvimento Rural de Ponte de Lima (EPADRPL) promove a 10 de abril uma a\u00e7\u00e3o de forma\u00e7\u00e3o de curta dura\u00e7\u00e3o centrada na utiliza\u00e7\u00e3o de pedagogias expressivas para promover a inclus\u00e3o.\",\"breadcrumb\":{\"@id\":\"https:\\\/\\\/www.altominho.tv\\\/site\\\/2025\\\/03\\\/14\\\/municipio-de-ponte-de-lima-promove-acao-centrada-na-inclusao-na-educacao\\\/#breadcrumb\"},\"inLanguage\":\"pt-PT\",\"potentialAction\":[{\"@type\":\"ReadAction\",\"target\":[\"https:\\\/\\\/www.altominho.tv\\\/site\\\/2025\\\/03\\\/14\\\/municipio-de-ponte-de-lima-promove-acao-centrada-na-inclusao-na-educacao\\\/\"]}]},{\"@type\":\"ImageObject\",\"inLanguage\":\"pt-PT\",\"@id\":\"https:\\\/\\\/www.altominho.tv\\\/site\\\/2025\\\/03\\\/14\\\/municipio-de-ponte-de-lima-promove-acao-centrada-na-inclusao-na-educacao\\\/#primaryimage\",\"url\":\"https:\\\/\\\/www.altominho.tv\\\/site\\\/wp-content\\\/uploads\\\/2025\\\/03\\\/Design-sem-nome-42.jpg\",\"contentUrl\":\"https:\\\/\\\/www.altominho.tv\\\/site\\\/wp-content\\\/uploads\\\/2025\\\/03\\\/Design-sem-nome-42.jpg\",\"width\":1200,\"height\":630},{\"@type\":\"BreadcrumbList\",\"@id\":\"https:\\\/\\\/www.altominho.tv\\\/site\\\/2025\\\/03\\\/14\\\/municipio-de-ponte-de-lima-promove-acao-centrada-na-inclusao-na-educacao\\\/#breadcrumb\",\"itemListElement\":[{\"@type\":\"ListItem\",\"position\":1,\"name\":\"In\u00edcio\",\"item\":\"https:\\\/\\\/www.altominho.tv\\\/site\\\/\"},{\"@type\":\"ListItem\",\"position\":2,\"name\":\"Munic\u00edpio de Ponte de Lima promove a\u00e7\u00e3o centrada na inclus\u00e3o na educa\u00e7\u00e3o\"}]},{\"@type\":\"WebSite\",\"@id\":\"https:\\\/\\\/www.altominho.tv\\\/site\\\/#website\",\"url\":\"https:\\\/\\\/www.altominho.tv\\\/site\\\/\",\"name\":\"Altominho.tv\",\"description\":\"A sua regi\u00e3o \u00e0 dist\u00e2ncia de um clique...\",\"potentialAction\":[{\"@type\":\"SearchAction\",\"target\":{\"@type\":\"EntryPoint\",\"urlTemplate\":\"https:\\\/\\\/www.altominho.tv\\\/site\\\/?s={search_term_string}\"},\"query-input\":{\"@type\":\"PropertyValueSpecification\",\"valueRequired\":true,\"valueName\":\"search_term_string\"}}],\"inLanguage\":\"pt-PT\"},{\"@type\":\"Person\",\"@id\":\"https:\\\/\\\/www.altominho.tv\\\/site\\\/#\\\/schema\\\/person\\\/4e536851627d7914baf3dac752b6af22\",\"name\":\"Altominho.tv\",\"image\":{\"@type\":\"ImageObject\",\"inLanguage\":\"pt-PT\",\"@id\":\"https:\\\/\\\/www.altominho.tv\\\/site\\\/wp-content\\\/uploads\\\/2019\\\/11\\\/Logo_Avatar_2-150x150.jpg\",\"url\":\"https:\\\/\\\/www.altominho.tv\\\/site\\\/wp-content\\\/uploads\\\/2019\\\/11\\\/Logo_Avatar_2-150x150.jpg\",\"contentUrl\":\"https:\\\/\\\/www.altominho.tv\\\/site\\\/wp-content\\\/uploads\\\/2019\\\/11\\\/Logo_Avatar_2-150x150.jpg\",\"caption\":\"Altominho.tv\"},\"url\":\"https:\\\/\\\/www.altominho.tv\\\/site\\\/author\\\/altominhotv-tecnico\\\/\"}]}<\/script>\n<!-- \/ Yoast SEO Premium plugin. -->","yoast_head_json":{"title":"Munic\u00edpio de Ponte de Lima promove a\u00e7\u00e3o centrada na inclus\u00e3o na educa\u00e7\u00e3o","description":"O Munic\u00edpio de Ponte de Lima em colabora\u00e7\u00e3o com a Escola Profissional de Agricultura e Desenvolvimento Rural de Ponte de Lima (EPADRPL) promove a 10 de abril uma a\u00e7\u00e3o de forma\u00e7\u00e3o de curta dura\u00e7\u00e3o centrada na utiliza\u00e7\u00e3o de pedagogias expressivas para promover a inclus\u00e3o.","robots":{"index":"index","follow":"follow","max-snippet":"max-snippet:-1","max-image-preview":"max-image-preview:large","max-video-preview":"max-video-preview:-1"},"canonical":"https:\/\/www.altominho.tv\/site\/2025\/03\/14\/municipio-de-ponte-de-lima-promove-acao-centrada-na-inclusao-na-educacao\/","og_locale":"pt_PT","og_type":"article","og_title":"Munic\u00edpio de Ponte de Lima promove a\u00e7\u00e3o centrada na inclus\u00e3o na educa\u00e7\u00e3o","og_description":"O Munic\u00edpio de Ponte de Lima em colabora\u00e7\u00e3o com a Escola Profissional de Agricultura e Desenvolvimento Rural de Ponte de Lima (EPADRPL) promove a 10 de abril uma a\u00e7\u00e3o de forma\u00e7\u00e3o de curta dura\u00e7\u00e3o centrada na utiliza\u00e7\u00e3o de pedagogias expressivas para promover a inclus\u00e3o.","og_url":"https:\/\/www.altominho.tv\/site\/2025\/03\/14\/municipio-de-ponte-de-lima-promove-acao-centrada-na-inclusao-na-educacao\/","og_site_name":"Altominho.tv","article_publisher":"https:\/\/www.facebook.com\/altominhotv","article_published_time":"2025-03-14T14:07:01+00:00","article_modified_time":"2025-03-14T14:07:04+00:00","og_image":[{"width":1200,"height":630,"url":"https:\/\/www.altominho.tv\/site\/wp-content\/uploads\/2025\/03\/Design-sem-nome-42.jpg","type":"image\/jpeg"}],"author":"Altominho.tv","twitter_card":"summary_large_image","twitter_creator":"@altominhoTV","twitter_site":"@altominhoTV","twitter_misc":{"Escrito por":"Altominho.tv","Tempo estimado de leitura":"2 minutos"},"schema":{"@context":"https:\/\/schema.org","@graph":[{"@type":"Article","@id":"https:\/\/www.altominho.tv\/site\/2025\/03\/14\/municipio-de-ponte-de-lima-promove-acao-centrada-na-inclusao-na-educacao\/#article","isPartOf":{"@id":"https:\/\/www.altominho.tv\/site\/2025\/03\/14\/municipio-de-ponte-de-lima-promove-acao-centrada-na-inclusao-na-educacao\/"},"author":{"name":"Altominho.tv","@id":"https:\/\/www.altominho.tv\/site\/#\/schema\/person\/4e536851627d7914baf3dac752b6af22"},"headline":"Munic\u00edpio de Ponte de Lima promove a\u00e7\u00e3o centrada na inclus\u00e3o na educa\u00e7\u00e3o","datePublished":"2025-03-14T14:07:01+00:00","dateModified":"2025-03-14T14:07:04+00:00","mainEntityOfPage":{"@id":"https:\/\/www.altominho.tv\/site\/2025\/03\/14\/municipio-de-ponte-de-lima-promove-acao-centrada-na-inclusao-na-educacao\/"},"wordCount":236,"image":{"@id":"https:\/\/www.altominho.tv\/site\/2025\/03\/14\/municipio-de-ponte-de-lima-promove-acao-centrada-na-inclusao-na-educacao\/#primaryimage"},"thumbnailUrl":"https:\/\/www.altominho.tv\/site\/wp-content\/uploads\/2025\/03\/Design-sem-nome-42.jpg","keywords":["Sociedade"],"articleSection":["Ponte de Lima"],"inLanguage":"pt-PT","copyrightYear":"2025","copyrightHolder":{"@id":"https:\/\/www.altominho.tv\/site\/#organization"}},{"@type":"WebPage","@id":"https:\/\/www.altominho.tv\/site\/2025\/03\/14\/municipio-de-ponte-de-lima-promove-acao-centrada-na-inclusao-na-educacao\/","url":"https:\/\/www.altominho.tv\/site\/2025\/03\/14\/municipio-de-ponte-de-lima-promove-acao-centrada-na-inclusao-na-educacao\/","name":"Munic\u00edpio de Ponte de Lima promove a\u00e7\u00e3o centrada na inclus\u00e3o na educa\u00e7\u00e3o","isPartOf":{"@id":"https:\/\/www.altominho.tv\/site\/#website"},"primaryImageOfPage":{"@id":"https:\/\/www.altominho.tv\/site\/2025\/03\/14\/municipio-de-ponte-de-lima-promove-acao-centrada-na-inclusao-na-educacao\/#primaryimage"},"image":{"@id":"https:\/\/www.altominho.tv\/site\/2025\/03\/14\/municipio-de-ponte-de-lima-promove-acao-centrada-na-inclusao-na-educacao\/#primaryimage"},"thumbnailUrl":"https:\/\/www.altominho.tv\/site\/wp-content\/uploads\/2025\/03\/Design-sem-nome-42.jpg","datePublished":"2025-03-14T14:07:01+00:00","dateModified":"2025-03-14T14:07:04+00:00","author":{"@id":"https:\/\/www.altominho.tv\/site\/#\/schema\/person\/4e536851627d7914baf3dac752b6af22"},"description":"O Munic\u00edpio de Ponte de Lima em colabora\u00e7\u00e3o com a Escola Profissional de Agricultura e Desenvolvimento Rural de Ponte de Lima (EPADRPL) promove a 10 de abril uma a\u00e7\u00e3o de forma\u00e7\u00e3o de curta dura\u00e7\u00e3o centrada na utiliza\u00e7\u00e3o de pedagogias expressivas para promover a inclus\u00e3o.","breadcrumb":{"@id":"https:\/\/www.altominho.tv\/site\/2025\/03\/14\/municipio-de-ponte-de-lima-promove-acao-centrada-na-inclusao-na-educacao\/#breadcrumb"},"inLanguage":"pt-PT","potentialAction":[{"@type":"ReadAction","target":["https:\/\/www.altominho.tv\/site\/2025\/03\/14\/municipio-de-ponte-de-lima-promove-acao-centrada-na-inclusao-na-educacao\/"]}]},{"@type":"ImageObject","inLanguage":"pt-PT","@id":"https:\/\/www.altominho.tv\/site\/2025\/03\/14\/municipio-de-ponte-de-lima-promove-acao-centrada-na-inclusao-na-educacao\/#primaryimage","url":"https:\/\/www.altominho.tv\/site\/wp-content\/uploads\/2025\/03\/Design-sem-nome-42.jpg","contentUrl":"https:\/\/www.altominho.tv\/site\/wp-content\/uploads\/2025\/03\/Design-sem-nome-42.jpg","width":1200,"height":630},{"@type":"BreadcrumbList","@id":"https:\/\/www.altominho.tv\/site\/2025\/03\/14\/municipio-de-ponte-de-lima-promove-acao-centrada-na-inclusao-na-educacao\/#breadcrumb","itemListElement":[{"@type":"ListItem","position":1,"name":"In\u00edcio","item":"https:\/\/www.altominho.tv\/site\/"},{"@type":"ListItem","position":2,"name":"Munic\u00edpio de Ponte de Lima promove a\u00e7\u00e3o centrada na inclus\u00e3o na educa\u00e7\u00e3o"}]},{"@type":"WebSite","@id":"https:\/\/www.altominho.tv\/site\/#website","url":"https:\/\/www.altominho.tv\/site\/","name":"Altominho.tv","description":"A sua regi\u00e3o \u00e0 dist\u00e2ncia de um clique...","potentialAction":[{"@type":"SearchAction","target":{"@type":"EntryPoint","urlTemplate":"https:\/\/www.altominho.tv\/site\/?s={search_term_string}"},"query-input":{"@type":"PropertyValueSpecification","valueRequired":true,"valueName":"search_term_string"}}],"inLanguage":"pt-PT"},{"@type":"Person","@id":"https:\/\/www.altominho.tv\/site\/#\/schema\/person\/4e536851627d7914baf3dac752b6af22","name":"Altominho.tv","image":{"@type":"ImageObject","inLanguage":"pt-PT","@id":"https:\/\/www.altominho.tv\/site\/wp-content\/uploads\/2019\/11\/Logo_Avatar_2-150x150.jpg","url":"https:\/\/www.altominho.tv\/site\/wp-content\/uploads\/2019\/11\/Logo_Avatar_2-150x150.jpg","contentUrl":"https:\/\/www.altominho.tv\/site\/wp-content\/uploads\/2019\/11\/Logo_Avatar_2-150x150.jpg","caption":"Altominho.tv"},"url":"https:\/\/www.altominho.tv\/site\/author\/altominhotv-tecnico\/"}]}},"_links":{"self":[{"href":"https:\/\/www.altominho.tv\/site\/wp-json\/wp\/v2\/posts\/115794","targetHints":{"allow":["GET"]}}],"collection":[{"href":"https:\/\/www.altominho.tv\/site\/wp-json\/wp\/v2\/posts"}],"about":[{"href":"https:\/\/www.altominho.tv\/site\/wp-json\/wp\/v2\/types\/post"}],"author":[{"embeddable":true,"href":"https:\/\/www.altominho.tv\/site\/wp-json\/wp\/v2\/users\/1"}],"replies":[{"embeddable":true,"href":"https:\/\/www.altominho.tv\/site\/wp-json\/wp\/v2\/comments?post=115794"}],"version-history":[{"count":2,"href":"https:\/\/www.altominho.tv\/site\/wp-json\/wp\/v2\/posts\/115794\/revisions"}],"predecessor-version":[{"id":115797,"href":"https:\/\/www.altominho.tv\/site\/wp-json\/wp\/v2\/posts\/115794\/revisions\/115797"}],"wp:featuredmedia":[{"embeddable":true,"href":"https:\/\/www.altominho.tv\/site\/wp-json\/wp\/v2\/media\/115795"}],"wp:attachment":[{"href":"https:\/\/www.altominho.tv\/site\/wp-json\/wp\/v2\/media?parent=115794"}],"wp:term":[{"taxonomy":"category","embeddable":true,"href":"https:\/\/www.altominho.tv\/site\/wp-json\/wp\/v2\/categories?post=115794"},{"taxonomy":"post_tag","embeddable":true,"href":"https:\/\/www.altominho.tv\/site\/wp-json\/wp\/v2\/tags?post=115794"}],"curies":[{"name":"wp","href":"https:\/\/api.w.org\/{rel}","templated":true}]}}