{"id":115753,"date":"2025-03-13T17:19:28","date_gmt":"2025-03-13T17:19:28","guid":{"rendered":"https:\/\/www.altominho.tv\/site\/?p=115753"},"modified":"2025-03-13T17:19:32","modified_gmt":"2025-03-13T17:19:32","slug":"adril-adriminho-e-a-incubo-promovem-sessoes-sobre-apoio-a-criacao-de-emprego","status":"publish","type":"post","link":"https:\/\/www.altominho.tv\/site\/2025\/03\/13\/adril-adriminho-e-a-incubo-promovem-sessoes-sobre-apoio-a-criacao-de-emprego\/","title":{"rendered":"ADRIL, ADRIMINHO e a INCUBO promovem sess\u00f5es de divulga\u00e7\u00e3o e esclarecimento gratuitas"},"content":{"rendered":"<p class=\"p1\">A ADRIL, a ADRIMINHO e a INCUBO s\u00e3o parceiros no projeto H2E Alto Minho \u2013 Hub para a promo\u00e7\u00e3o do Empreendedorismo e Emprego do Alto Minho, iniciativa que tem como objetivo incrementar a efici\u00eancia e a efic\u00e1cia no suporte \u00e0 dinamiza\u00e7\u00e3o do emprego e do empreendedorismo, potenciando a qualidade das iniciativas, a sobreviv\u00eancia das microempresas, a sustentabilidade do emprego e a redu\u00e7\u00e3o dos riscos na execu\u00e7\u00e3o.<\/p>\n<p class=\"p1\">Pretende aumentar as compet\u00eancias de planeamento, gest\u00e3o, monitoriza\u00e7\u00e3o e avalia\u00e7\u00e3o de projetos, promovendo o trabalho em rede, a colabora\u00e7\u00e3o e a divulga\u00e7\u00e3o de boas pr\u00e1ticas e desenvolvendo projetos de inova\u00e7\u00e3o nos procedimentos e de melhoria dos sistemas de informa\u00e7\u00e3o.<\/p>\n<p class=\"p1\">Neste \u00e2mbito, o H2E Alto Minho promove tr\u00eas sess\u00f5es de divulga\u00e7\u00e3o e esclarecimento sobre o Aviso NORTE2030-2024-100, aviso esse que visa apoiar a cria\u00e7\u00e3o de emprego e microempreendedorismo na regi\u00e3o do Alto Minho.<\/p>\n<p class=\"p1\">Destinado \u00e0s micro e pequenas empresas, bem como a entidades da economia social, o aviso NORTE2030-2024-100 visa potenciar opera\u00e7\u00f5es de microempreendedorismo de base local, atrav\u00e9s da expans\u00e3o de micro e pequenas empresas e da cria\u00e7\u00e3o de emprego em entidades da economia social.<\/p>\n<p class=\"p1\">Este apoio visa especialmente a cria\u00e7\u00e3o de postos de trabalho e o desenvolvimento econ\u00f3mico sustent\u00e1vel da regi\u00e3o, contando com o apoio a fundo perdido que se fixa em 75% para territ\u00f3rios de baixa densidade e 65% para os restantes territ\u00f3rios (cofinanciamento 85% FSE+ e 15% OSS).<\/p>\n<p class=\"p1\">As sess\u00f5es de divulga\u00e7\u00e3o ocorrer\u00e3o no dia 18 de mar\u00e7o, em Valen\u00e7a \u00e0s 18h00 na sede da ADRIMINHO; no dia 20 de mar\u00e7o, em Arcos de Valdevez \u00e0s 18h00 no audit\u00f3rio da INCUBO; no dia 24 de mar\u00e7o, em Ponte de Lima, \u00e0s 18h00 no audit\u00f3rio municipal.<\/p>\n<p class=\"p1\">As sess\u00f5es t\u00eam como objetivo a apresenta\u00e7\u00e3o do aviso e o esclarecimento de d\u00favidas sobre os requisitos e processo de candidatura.<\/p>\n<p class=\"p1\">A participa\u00e7\u00e3o nas sess\u00f5es \u00e9 gratuita, mas sujeita a <a href=\"https:\/\/forms.office.com\/pages\/responsepage.aspx?id=tRb-ZvM5wESq6E7lJJySb_-7JXETsSJFsR654-NEdOJUQ1pFODZNRFNDVFc2MUczVlBQV0YzWUpWUC4u&amp;origin=lprLink&amp;route=shorturl\">inscri\u00e7\u00e3o<\/a> pr\u00e9via. Os interessados devem confirmar presen\u00e7a atrav\u00e9s do preenchimento do formul\u00e1rio at\u00e9 ao dia anterior \u00e0 realiza\u00e7\u00e3o da sess\u00e3o.<\/p>\n<p class=\"p1\">A ADRIL \u2013 Associa\u00e7\u00e3o de Desenvolvimento Rural Integrado do Vale do Lima e a ADRIMINHO &#8211; Associa\u00e7\u00e3o de Desenvolvimento Rural Integrado do Vale do Minho s\u00e3o associa\u00e7\u00f5es de desenvolvimento regional que t\u00eam como objetivo promover o crescimento econ\u00f3mico e social nas suas respetivas \u00e1reas de interven\u00e7\u00e3o.<\/p>\n<p class=\"p1\">A INCUBO &#8211; Incubadora de Iniciativas Empresariais Inovadoras \u00e9 uma incubadora de empresas que apoia o desenvolvimento de novos neg\u00f3cios, com especial foco no empreendedorismo local e na cria\u00e7\u00e3o de emprego.<\/p>\n","protected":false},"excerpt":{"rendered":"<p>A ADRIL, a ADRIMINHO e a INCUBO s\u00e3o parceiros no projeto H2E Alto Minho \u2013 Hub para a promo\u00e7\u00e3o do Empreendedorismo e Emprego do Alto Minho, iniciativa que tem como objetivo incrementar a efici\u00eancia e a efic\u00e1cia no suporte \u00e0 dinamiza\u00e7\u00e3o do emprego e do empreendedorismo, potenciando a qualidade das iniciativas, a sobreviv\u00eancia das microempresas, [&hellip;]<\/p>\n","protected":false},"author":1,"featured_media":115754,"comment_status":"closed","ping_status":"closed","sticky":false,"template":"","format":"standard","meta":{"_exactmetrics_skip_tracking":false,"footnotes":""},"categories":[73],"tags":[27],"class_list":["post-115753","post","type-post","status-publish","format-standard","has-post-thumbnail","hentry","category-alto-minho","tag-sociedade"],"yoast_head":"<!-- This site is optimized with the Yoast SEO Premium plugin v28.3 (Yoast SEO v28.3) - https:\/\/yoast.com\/product\/yoast-seo-premium-wordpress\/ -->\n<title>ADRIL, ADRIMINHO e a INCUBO promovem sess\u00f5es de divulga\u00e7\u00e3o e esclarecimento gratuitas<\/title>\n<meta name=\"description\" content=\"A ADRIL, a ADRIMINHO e a INCUBO s\u00e3o parceiros no projeto H2E Alto Minho \u2013 Hub para a promo\u00e7\u00e3o do Empreendedorismo e Emprego do Alto Minho, iniciativa que tem como objetivo incrementar a efici\u00eancia e a efic\u00e1cia no suporte \u00e0 dinamiza\u00e7\u00e3o do emprego e do empreendedorismo, potenciando a qualidade das iniciativas, a sobreviv\u00eancia das microempresas, a sustentabilidade do emprego e a redu\u00e7\u00e3o dos riscos na execu\u00e7\u00e3o.\" \/>\n<meta name=\"robots\" content=\"index, follow, max-snippet:-1, max-image-preview:large, max-video-preview:-1\" \/>\n<link rel=\"canonical\" href=\"https:\/\/www.altominho.tv\/site\/2025\/03\/13\/adril-adriminho-e-a-incubo-promovem-sessoes-sobre-apoio-a-criacao-de-emprego\/\" \/>\n<meta property=\"og:locale\" content=\"pt_PT\" \/>\n<meta property=\"og:type\" content=\"article\" \/>\n<meta property=\"og:title\" content=\"ADRIL, ADRIMINHO e a INCUBO promovem sess\u00f5es de divulga\u00e7\u00e3o e esclarecimento gratuitas\" \/>\n<meta property=\"og:description\" content=\"A ADRIL, a ADRIMINHO e a INCUBO s\u00e3o parceiros no projeto H2E Alto Minho \u2013 Hub para a promo\u00e7\u00e3o do Empreendedorismo e Emprego do Alto Minho, iniciativa que tem como objetivo incrementar a efici\u00eancia e a efic\u00e1cia no suporte \u00e0 dinamiza\u00e7\u00e3o do emprego e do empreendedorismo, potenciando a qualidade das iniciativas, a sobreviv\u00eancia das microempresas, a sustentabilidade do emprego e a redu\u00e7\u00e3o dos riscos na execu\u00e7\u00e3o.\" \/>\n<meta property=\"og:url\" content=\"https:\/\/www.altominho.tv\/site\/2025\/03\/13\/adril-adriminho-e-a-incubo-promovem-sessoes-sobre-apoio-a-criacao-de-emprego\/\" \/>\n<meta property=\"og:site_name\" content=\"Altominho.tv\" \/>\n<meta property=\"article:publisher\" content=\"https:\/\/www.facebook.com\/altominhotv\" \/>\n<meta property=\"article:published_time\" content=\"2025-03-13T17:19:28+00:00\" \/>\n<meta property=\"article:modified_time\" content=\"2025-03-13T17:19:32+00:00\" \/>\n<meta property=\"og:image\" content=\"https:\/\/www.altominho.tv\/site\/wp-content\/uploads\/2025\/03\/HES-Alto-Minho.jpg\" \/>\n\t<meta property=\"og:image:width\" content=\"1200\" \/>\n\t<meta property=\"og:image:height\" content=\"630\" \/>\n\t<meta property=\"og:image:type\" content=\"image\/jpeg\" \/>\n<meta name=\"author\" content=\"Altominho.tv\" \/>\n<meta name=\"twitter:card\" content=\"summary_large_image\" \/>\n<meta name=\"twitter:creator\" content=\"@altominhoTV\" \/>\n<meta name=\"twitter:site\" content=\"@altominhoTV\" \/>\n<meta name=\"twitter:label1\" content=\"Escrito por\" \/>\n\t<meta name=\"twitter:data1\" content=\"Altominho.tv\" \/>\n\t<meta name=\"twitter:label2\" content=\"Tempo estimado de leitura\" \/>\n\t<meta name=\"twitter:data2\" content=\"3 minutos\" \/>\n<script type=\"application\/ld+json\" class=\"yoast-schema-graph\">{\"@context\":\"https:\\\/\\\/schema.org\",\"@graph\":[{\"@type\":\"Article\",\"@id\":\"https:\\\/\\\/www.altominho.tv\\\/site\\\/2025\\\/03\\\/13\\\/adril-adriminho-e-a-incubo-promovem-sessoes-sobre-apoio-a-criacao-de-emprego\\\/#article\",\"isPartOf\":{\"@id\":\"https:\\\/\\\/www.altominho.tv\\\/site\\\/2025\\\/03\\\/13\\\/adril-adriminho-e-a-incubo-promovem-sessoes-sobre-apoio-a-criacao-de-emprego\\\/\"},\"author\":{\"name\":\"Altominho.tv\",\"@id\":\"https:\\\/\\\/www.altominho.tv\\\/site\\\/#\\\/schema\\\/person\\\/4e536851627d7914baf3dac752b6af22\"},\"headline\":\"ADRIL, ADRIMINHO e a INCUBO promovem sess\u00f5es de divulga\u00e7\u00e3o e esclarecimento gratuitas\",\"datePublished\":\"2025-03-13T17:19:28+00:00\",\"dateModified\":\"2025-03-13T17:19:32+00:00\",\"mainEntityOfPage\":{\"@id\":\"https:\\\/\\\/www.altominho.tv\\\/site\\\/2025\\\/03\\\/13\\\/adril-adriminho-e-a-incubo-promovem-sessoes-sobre-apoio-a-criacao-de-emprego\\\/\"},\"wordCount\":470,\"image\":{\"@id\":\"https:\\\/\\\/www.altominho.tv\\\/site\\\/2025\\\/03\\\/13\\\/adril-adriminho-e-a-incubo-promovem-sessoes-sobre-apoio-a-criacao-de-emprego\\\/#primaryimage\"},\"thumbnailUrl\":\"https:\\\/\\\/www.altominho.tv\\\/site\\\/wp-content\\\/uploads\\\/2025\\\/03\\\/HES-Alto-Minho.jpg\",\"keywords\":[\"Sociedade\"],\"articleSection\":[\"Alto Minho\"],\"inLanguage\":\"pt-PT\",\"copyrightYear\":\"2025\",\"copyrightHolder\":{\"@id\":\"https:\\\/\\\/www.altominho.tv\\\/site\\\/#organization\"}},{\"@type\":\"WebPage\",\"@id\":\"https:\\\/\\\/www.altominho.tv\\\/site\\\/2025\\\/03\\\/13\\\/adril-adriminho-e-a-incubo-promovem-sessoes-sobre-apoio-a-criacao-de-emprego\\\/\",\"url\":\"https:\\\/\\\/www.altominho.tv\\\/site\\\/2025\\\/03\\\/13\\\/adril-adriminho-e-a-incubo-promovem-sessoes-sobre-apoio-a-criacao-de-emprego\\\/\",\"name\":\"ADRIL, ADRIMINHO e a INCUBO promovem sess\u00f5es de divulga\u00e7\u00e3o e esclarecimento gratuitas\",\"isPartOf\":{\"@id\":\"https:\\\/\\\/www.altominho.tv\\\/site\\\/#website\"},\"primaryImageOfPage\":{\"@id\":\"https:\\\/\\\/www.altominho.tv\\\/site\\\/2025\\\/03\\\/13\\\/adril-adriminho-e-a-incubo-promovem-sessoes-sobre-apoio-a-criacao-de-emprego\\\/#primaryimage\"},\"image\":{\"@id\":\"https:\\\/\\\/www.altominho.tv\\\/site\\\/2025\\\/03\\\/13\\\/adril-adriminho-e-a-incubo-promovem-sessoes-sobre-apoio-a-criacao-de-emprego\\\/#primaryimage\"},\"thumbnailUrl\":\"https:\\\/\\\/www.altominho.tv\\\/site\\\/wp-content\\\/uploads\\\/2025\\\/03\\\/HES-Alto-Minho.jpg\",\"datePublished\":\"2025-03-13T17:19:28+00:00\",\"dateModified\":\"2025-03-13T17:19:32+00:00\",\"author\":{\"@id\":\"https:\\\/\\\/www.altominho.tv\\\/site\\\/#\\\/schema\\\/person\\\/4e536851627d7914baf3dac752b6af22\"},\"description\":\"A ADRIL, a ADRIMINHO e a INCUBO s\u00e3o parceiros no projeto H2E Alto Minho \u2013 Hub para a promo\u00e7\u00e3o do Empreendedorismo e Emprego do Alto Minho, iniciativa que tem como objetivo incrementar a efici\u00eancia e a efic\u00e1cia no suporte \u00e0 dinamiza\u00e7\u00e3o do emprego e do empreendedorismo, potenciando a qualidade das iniciativas, a sobreviv\u00eancia das microempresas, a sustentabilidade do emprego e a redu\u00e7\u00e3o dos riscos na execu\u00e7\u00e3o.\",\"breadcrumb\":{\"@id\":\"https:\\\/\\\/www.altominho.tv\\\/site\\\/2025\\\/03\\\/13\\\/adril-adriminho-e-a-incubo-promovem-sessoes-sobre-apoio-a-criacao-de-emprego\\\/#breadcrumb\"},\"inLanguage\":\"pt-PT\",\"potentialAction\":[{\"@type\":\"ReadAction\",\"target\":[\"https:\\\/\\\/www.altominho.tv\\\/site\\\/2025\\\/03\\\/13\\\/adril-adriminho-e-a-incubo-promovem-sessoes-sobre-apoio-a-criacao-de-emprego\\\/\"]}]},{\"@type\":\"ImageObject\",\"inLanguage\":\"pt-PT\",\"@id\":\"https:\\\/\\\/www.altominho.tv\\\/site\\\/2025\\\/03\\\/13\\\/adril-adriminho-e-a-incubo-promovem-sessoes-sobre-apoio-a-criacao-de-emprego\\\/#primaryimage\",\"url\":\"https:\\\/\\\/www.altominho.tv\\\/site\\\/wp-content\\\/uploads\\\/2025\\\/03\\\/HES-Alto-Minho.jpg\",\"contentUrl\":\"https:\\\/\\\/www.altominho.tv\\\/site\\\/wp-content\\\/uploads\\\/2025\\\/03\\\/HES-Alto-Minho.jpg\",\"width\":1200,\"height\":630},{\"@type\":\"BreadcrumbList\",\"@id\":\"https:\\\/\\\/www.altominho.tv\\\/site\\\/2025\\\/03\\\/13\\\/adril-adriminho-e-a-incubo-promovem-sessoes-sobre-apoio-a-criacao-de-emprego\\\/#breadcrumb\",\"itemListElement\":[{\"@type\":\"ListItem\",\"position\":1,\"name\":\"In\u00edcio\",\"item\":\"https:\\\/\\\/www.altominho.tv\\\/site\\\/\"},{\"@type\":\"ListItem\",\"position\":2,\"name\":\"ADRIL, ADRIMINHO e a INCUBO promovem sess\u00f5es de divulga\u00e7\u00e3o e esclarecimento gratuitas\"}]},{\"@type\":\"WebSite\",\"@id\":\"https:\\\/\\\/www.altominho.tv\\\/site\\\/#website\",\"url\":\"https:\\\/\\\/www.altominho.tv\\\/site\\\/\",\"name\":\"Altominho.tv\",\"description\":\"A sua regi\u00e3o \u00e0 dist\u00e2ncia de um clique...\",\"potentialAction\":[{\"@type\":\"SearchAction\",\"target\":{\"@type\":\"EntryPoint\",\"urlTemplate\":\"https:\\\/\\\/www.altominho.tv\\\/site\\\/?s={search_term_string}\"},\"query-input\":{\"@type\":\"PropertyValueSpecification\",\"valueRequired\":true,\"valueName\":\"search_term_string\"}}],\"inLanguage\":\"pt-PT\"},{\"@type\":\"Person\",\"@id\":\"https:\\\/\\\/www.altominho.tv\\\/site\\\/#\\\/schema\\\/person\\\/4e536851627d7914baf3dac752b6af22\",\"name\":\"Altominho.tv\",\"image\":{\"@type\":\"ImageObject\",\"inLanguage\":\"pt-PT\",\"@id\":\"https:\\\/\\\/www.altominho.tv\\\/site\\\/wp-content\\\/uploads\\\/2019\\\/11\\\/Logo_Avatar_2-150x150.jpg\",\"url\":\"https:\\\/\\\/www.altominho.tv\\\/site\\\/wp-content\\\/uploads\\\/2019\\\/11\\\/Logo_Avatar_2-150x150.jpg\",\"contentUrl\":\"https:\\\/\\\/www.altominho.tv\\\/site\\\/wp-content\\\/uploads\\\/2019\\\/11\\\/Logo_Avatar_2-150x150.jpg\",\"caption\":\"Altominho.tv\"},\"url\":\"https:\\\/\\\/www.altominho.tv\\\/site\\\/author\\\/altominhotv-tecnico\\\/\"}]}<\/script>\n<!-- \/ Yoast SEO Premium plugin. -->","yoast_head_json":{"title":"ADRIL, ADRIMINHO e a INCUBO promovem sess\u00f5es de divulga\u00e7\u00e3o e esclarecimento gratuitas","description":"A ADRIL, a ADRIMINHO e a INCUBO s\u00e3o parceiros no projeto H2E Alto Minho \u2013 Hub para a promo\u00e7\u00e3o do Empreendedorismo e Emprego do Alto Minho, iniciativa que tem como objetivo incrementar a efici\u00eancia e a efic\u00e1cia no suporte \u00e0 dinamiza\u00e7\u00e3o do emprego e do empreendedorismo, potenciando a qualidade das iniciativas, a sobreviv\u00eancia das microempresas, a sustentabilidade do emprego e a redu\u00e7\u00e3o dos riscos na execu\u00e7\u00e3o.","robots":{"index":"index","follow":"follow","max-snippet":"max-snippet:-1","max-image-preview":"max-image-preview:large","max-video-preview":"max-video-preview:-1"},"canonical":"https:\/\/www.altominho.tv\/site\/2025\/03\/13\/adril-adriminho-e-a-incubo-promovem-sessoes-sobre-apoio-a-criacao-de-emprego\/","og_locale":"pt_PT","og_type":"article","og_title":"ADRIL, ADRIMINHO e a INCUBO promovem sess\u00f5es de divulga\u00e7\u00e3o e esclarecimento gratuitas","og_description":"A ADRIL, a ADRIMINHO e a INCUBO s\u00e3o parceiros no projeto H2E Alto Minho \u2013 Hub para a promo\u00e7\u00e3o do Empreendedorismo e Emprego do Alto Minho, iniciativa que tem como objetivo incrementar a efici\u00eancia e a efic\u00e1cia no suporte \u00e0 dinamiza\u00e7\u00e3o do emprego e do empreendedorismo, potenciando a qualidade das iniciativas, a sobreviv\u00eancia das microempresas, a sustentabilidade do emprego e a redu\u00e7\u00e3o dos riscos na execu\u00e7\u00e3o.","og_url":"https:\/\/www.altominho.tv\/site\/2025\/03\/13\/adril-adriminho-e-a-incubo-promovem-sessoes-sobre-apoio-a-criacao-de-emprego\/","og_site_name":"Altominho.tv","article_publisher":"https:\/\/www.facebook.com\/altominhotv","article_published_time":"2025-03-13T17:19:28+00:00","article_modified_time":"2025-03-13T17:19:32+00:00","og_image":[{"width":1200,"height":630,"url":"https:\/\/www.altominho.tv\/site\/wp-content\/uploads\/2025\/03\/HES-Alto-Minho.jpg","type":"image\/jpeg"}],"author":"Altominho.tv","twitter_card":"summary_large_image","twitter_creator":"@altominhoTV","twitter_site":"@altominhoTV","twitter_misc":{"Escrito por":"Altominho.tv","Tempo estimado de leitura":"3 minutos"},"schema":{"@context":"https:\/\/schema.org","@graph":[{"@type":"Article","@id":"https:\/\/www.altominho.tv\/site\/2025\/03\/13\/adril-adriminho-e-a-incubo-promovem-sessoes-sobre-apoio-a-criacao-de-emprego\/#article","isPartOf":{"@id":"https:\/\/www.altominho.tv\/site\/2025\/03\/13\/adril-adriminho-e-a-incubo-promovem-sessoes-sobre-apoio-a-criacao-de-emprego\/"},"author":{"name":"Altominho.tv","@id":"https:\/\/www.altominho.tv\/site\/#\/schema\/person\/4e536851627d7914baf3dac752b6af22"},"headline":"ADRIL, ADRIMINHO e a INCUBO promovem sess\u00f5es de divulga\u00e7\u00e3o e esclarecimento gratuitas","datePublished":"2025-03-13T17:19:28+00:00","dateModified":"2025-03-13T17:19:32+00:00","mainEntityOfPage":{"@id":"https:\/\/www.altominho.tv\/site\/2025\/03\/13\/adril-adriminho-e-a-incubo-promovem-sessoes-sobre-apoio-a-criacao-de-emprego\/"},"wordCount":470,"image":{"@id":"https:\/\/www.altominho.tv\/site\/2025\/03\/13\/adril-adriminho-e-a-incubo-promovem-sessoes-sobre-apoio-a-criacao-de-emprego\/#primaryimage"},"thumbnailUrl":"https:\/\/www.altominho.tv\/site\/wp-content\/uploads\/2025\/03\/HES-Alto-Minho.jpg","keywords":["Sociedade"],"articleSection":["Alto Minho"],"inLanguage":"pt-PT","copyrightYear":"2025","copyrightHolder":{"@id":"https:\/\/www.altominho.tv\/site\/#organization"}},{"@type":"WebPage","@id":"https:\/\/www.altominho.tv\/site\/2025\/03\/13\/adril-adriminho-e-a-incubo-promovem-sessoes-sobre-apoio-a-criacao-de-emprego\/","url":"https:\/\/www.altominho.tv\/site\/2025\/03\/13\/adril-adriminho-e-a-incubo-promovem-sessoes-sobre-apoio-a-criacao-de-emprego\/","name":"ADRIL, ADRIMINHO e a INCUBO promovem sess\u00f5es de divulga\u00e7\u00e3o e esclarecimento gratuitas","isPartOf":{"@id":"https:\/\/www.altominho.tv\/site\/#website"},"primaryImageOfPage":{"@id":"https:\/\/www.altominho.tv\/site\/2025\/03\/13\/adril-adriminho-e-a-incubo-promovem-sessoes-sobre-apoio-a-criacao-de-emprego\/#primaryimage"},"image":{"@id":"https:\/\/www.altominho.tv\/site\/2025\/03\/13\/adril-adriminho-e-a-incubo-promovem-sessoes-sobre-apoio-a-criacao-de-emprego\/#primaryimage"},"thumbnailUrl":"https:\/\/www.altominho.tv\/site\/wp-content\/uploads\/2025\/03\/HES-Alto-Minho.jpg","datePublished":"2025-03-13T17:19:28+00:00","dateModified":"2025-03-13T17:19:32+00:00","author":{"@id":"https:\/\/www.altominho.tv\/site\/#\/schema\/person\/4e536851627d7914baf3dac752b6af22"},"description":"A ADRIL, a ADRIMINHO e a INCUBO s\u00e3o parceiros no projeto H2E Alto Minho \u2013 Hub para a promo\u00e7\u00e3o do Empreendedorismo e Emprego do Alto Minho, iniciativa que tem como objetivo incrementar a efici\u00eancia e a efic\u00e1cia no suporte \u00e0 dinamiza\u00e7\u00e3o do emprego e do empreendedorismo, potenciando a qualidade das iniciativas, a sobreviv\u00eancia das microempresas, a sustentabilidade do emprego e a redu\u00e7\u00e3o dos riscos na execu\u00e7\u00e3o.","breadcrumb":{"@id":"https:\/\/www.altominho.tv\/site\/2025\/03\/13\/adril-adriminho-e-a-incubo-promovem-sessoes-sobre-apoio-a-criacao-de-emprego\/#breadcrumb"},"inLanguage":"pt-PT","potentialAction":[{"@type":"ReadAction","target":["https:\/\/www.altominho.tv\/site\/2025\/03\/13\/adril-adriminho-e-a-incubo-promovem-sessoes-sobre-apoio-a-criacao-de-emprego\/"]}]},{"@type":"ImageObject","inLanguage":"pt-PT","@id":"https:\/\/www.altominho.tv\/site\/2025\/03\/13\/adril-adriminho-e-a-incubo-promovem-sessoes-sobre-apoio-a-criacao-de-emprego\/#primaryimage","url":"https:\/\/www.altominho.tv\/site\/wp-content\/uploads\/2025\/03\/HES-Alto-Minho.jpg","contentUrl":"https:\/\/www.altominho.tv\/site\/wp-content\/uploads\/2025\/03\/HES-Alto-Minho.jpg","width":1200,"height":630},{"@type":"BreadcrumbList","@id":"https:\/\/www.altominho.tv\/site\/2025\/03\/13\/adril-adriminho-e-a-incubo-promovem-sessoes-sobre-apoio-a-criacao-de-emprego\/#breadcrumb","itemListElement":[{"@type":"ListItem","position":1,"name":"In\u00edcio","item":"https:\/\/www.altominho.tv\/site\/"},{"@type":"ListItem","position":2,"name":"ADRIL, ADRIMINHO e a INCUBO promovem sess\u00f5es de divulga\u00e7\u00e3o e esclarecimento gratuitas"}]},{"@type":"WebSite","@id":"https:\/\/www.altominho.tv\/site\/#website","url":"https:\/\/www.altominho.tv\/site\/","name":"Altominho.tv","description":"A sua regi\u00e3o \u00e0 dist\u00e2ncia de um clique...","potentialAction":[{"@type":"SearchAction","target":{"@type":"EntryPoint","urlTemplate":"https:\/\/www.altominho.tv\/site\/?s={search_term_string}"},"query-input":{"@type":"PropertyValueSpecification","valueRequired":true,"valueName":"search_term_string"}}],"inLanguage":"pt-PT"},{"@type":"Person","@id":"https:\/\/www.altominho.tv\/site\/#\/schema\/person\/4e536851627d7914baf3dac752b6af22","name":"Altominho.tv","image":{"@type":"ImageObject","inLanguage":"pt-PT","@id":"https:\/\/www.altominho.tv\/site\/wp-content\/uploads\/2019\/11\/Logo_Avatar_2-150x150.jpg","url":"https:\/\/www.altominho.tv\/site\/wp-content\/uploads\/2019\/11\/Logo_Avatar_2-150x150.jpg","contentUrl":"https:\/\/www.altominho.tv\/site\/wp-content\/uploads\/2019\/11\/Logo_Avatar_2-150x150.jpg","caption":"Altominho.tv"},"url":"https:\/\/www.altominho.tv\/site\/author\/altominhotv-tecnico\/"}]}},"_links":{"self":[{"href":"https:\/\/www.altominho.tv\/site\/wp-json\/wp\/v2\/posts\/115753","targetHints":{"allow":["GET"]}}],"collection":[{"href":"https:\/\/www.altominho.tv\/site\/wp-json\/wp\/v2\/posts"}],"about":[{"href":"https:\/\/www.altominho.tv\/site\/wp-json\/wp\/v2\/types\/post"}],"author":[{"embeddable":true,"href":"https:\/\/www.altominho.tv\/site\/wp-json\/wp\/v2\/users\/1"}],"replies":[{"embeddable":true,"href":"https:\/\/www.altominho.tv\/site\/wp-json\/wp\/v2\/comments?post=115753"}],"version-history":[{"count":2,"href":"https:\/\/www.altominho.tv\/site\/wp-json\/wp\/v2\/posts\/115753\/revisions"}],"predecessor-version":[{"id":115757,"href":"https:\/\/www.altominho.tv\/site\/wp-json\/wp\/v2\/posts\/115753\/revisions\/115757"}],"wp:featuredmedia":[{"embeddable":true,"href":"https:\/\/www.altominho.tv\/site\/wp-json\/wp\/v2\/media\/115754"}],"wp:attachment":[{"href":"https:\/\/www.altominho.tv\/site\/wp-json\/wp\/v2\/media?parent=115753"}],"wp:term":[{"taxonomy":"category","embeddable":true,"href":"https:\/\/www.altominho.tv\/site\/wp-json\/wp\/v2\/categories?post=115753"},{"taxonomy":"post_tag","embeddable":true,"href":"https:\/\/www.altominho.tv\/site\/wp-json\/wp\/v2\/tags?post=115753"}],"curies":[{"name":"wp","href":"https:\/\/api.w.org\/{rel}","templated":true}]}}