{"id":115723,"date":"2025-03-12T15:59:44","date_gmt":"2025-03-12T15:59:44","guid":{"rendered":"https:\/\/www.altominho.tv\/site\/?p=115723"},"modified":"2025-03-12T16:43:11","modified_gmt":"2025-03-12T16:43:11","slug":"tribunal-ordena-regresso-ao-brasil-com-a-mae-do-filho-de-antigo-juiz-fonseca-e-castro","status":"publish","type":"post","link":"https:\/\/www.altominho.tv\/site\/2025\/03\/12\/tribunal-ordena-regresso-ao-brasil-com-a-mae-do-filho-de-antigo-juiz-fonseca-e-castro\/","title":{"rendered":"Tribunal ordena regresso ao Brasil do filho de antigo juiz Fonseca e Castro"},"content":{"rendered":"<p>Uma ju\u00edza de Fam\u00edlia e Menores do Tribunal de Viana do Castelo ordenou hoje o regresso ao Brasil, acompanhado da m\u00e3e do filho do antigo juiz Fonseca e Castro, atualmente a viver com o pai em Ponte de Lima.<\/p>\n<p>Na senten\u00e7a, a que a ag\u00eancia Lusa teve acesso, a ju\u00edza imp\u00f5e ao antigo juiz, ao abrigo da Conven\u00e7\u00e3o da Haia de 1980, \u201co pagamento de todas as despesas necess\u00e1rias de viagem da m\u00e3e, feitas por si ou em seu nome e da crian\u00e7a para o regresso ao Brasil\u201d.<\/p>\n<p>A magistrada determinou ainda que sejam passados mandados de entrega judicial do menor.<\/p>\n<p>\u201cA execu\u00e7\u00e3o da decis\u00e3o caber\u00e1 ao Instituto da Seguran\u00e7a Social IP (atrav\u00e9s do respetivo centro distrital da \u00e1rea onde se encontra a crian\u00e7a) (a qual dever\u00e1 articular o procedimento de entrega com a Autoridade Central Portuguesa), podendo os t\u00e9cnicos da seguran\u00e7a social requisitar ou solicitar a colabora\u00e7\u00e3o das autoridades policiais territorialmente competentes, caso se venha a mostrar necess\u00e1rio\u201d, refere o documento.<\/p>\n<p>Do casamento que terminou em 2017, Fonseca e Castro e Erika Hecksher t\u00eam tr\u00eas filhos. Uma filha de 23 anos e, dois rapazes de 19 e 10 anos. Os dois \u00faltimos chegaram a Portugal, acompanhados pela m\u00e3e, no dia 20 de dezembro \u00faltimo.<\/p>\n<p>Deveriam ter regressado todos ao Brasil no dia 21 de janeiro, mas depois de os filhos terem passado f\u00e9rias com o pai em Portugal, s\u00f3 o mais velho apareceu no aeroporto.<br \/>\nDesde que chegou a Portugal, a crian\u00e7a de 10 anos vive com o pai, tendo sido matriculada no agrupamento de escolas Ant\u00f3nio Feij\u00f3, em Ponte de Lima.<\/p>\n<p><span style=\"font-size: revert;\">Contactada pela ag\u00eancia Lusa, Erika Hecksher afirmou ter sido contactada pela Seguran\u00e7a Social, para estar presente \u00e0s 10h00 de quinta-feira, no centro distrital de Viana do Castelo para lhe ser entregue o filho.<\/span><\/p>\n<p>A ex-mulher do antigo juiz disse estar \u201cmuito emocionada e grata a Deus e \u00e0 Justi\u00e7a\u201d.<\/p>\n<p>A ju\u00edza decidiu que \u201caquando da execu\u00e7\u00e3o da decis\u00e3o, esta dever\u00e1 ser igualmente articulada com a progenitora (remetendo-se os contactos desta que constem do processo e da respetiva mandat\u00e1ria) recolher o filho e, logo que as condi\u00e7\u00f5es de viagem o permitam, regressar com o mesmo ao Brasil\u201d.<\/p>\n<p>\u201cAquando da execu\u00e7\u00e3o da decis\u00e3o, dever\u00e3o ser recolhidos e entregues \u00e0 m\u00e3e todos os documentos de identifica\u00e7\u00e3o da crian\u00e7a (designadamente cart\u00e3o de cidad\u00e3o, boletim m\u00e9dico e de vacinas ou outros na posse do pai), bem como a recolha e entrega das suas roupas pessoais e brinquedos (sem preju\u00edzo de estes poderem ser posteriormente remetidos pelo pai)\u201d, l\u00ea-se na senten\u00e7a.<\/p>\n<p>De acordo com a decis\u00e3o, com 17 p\u00e1ginas, \u201cdever\u00e1 ainda ficar consignada nos mandados de entrega a possibilidade de arrombamento, caso n\u00e3o seja franqueada a entrada pela pessoa que tenha a disponibilidade do local e n\u00e3o seja permitido o livre acesso \u00e0 pessoa da crian\u00e7a, aquando da execu\u00e7\u00e3o da entrega\u201d.<\/p>\n<p>A ju\u00edza determinou ainda que seja comunicado Gabinete Nacional SIRENE \u201cque dever\u00e1 efetuar o levantamento da restri\u00e7\u00e3o de sa\u00edda do menor, decretada por decis\u00e3o proferida neste processo por forma a permitir o seu regresso ao Brasil com a progenitora Erika Alves Hecksher ou pessoa que esta expressamente designar\u201d.<\/p>\n<p>No passado dia 06 de mar\u00e7o, o Minist\u00e9rio P\u00fablico (MP) pediu ao Tribunal de Viana do Castelo que ordenasse a entrega \u00e0 m\u00e3e, que det\u00e9m guarda unilateral, do filho do antigo juiz Rui Fonseca e Castro, para que ambos pudessem regressar ao Brasil.<\/p>\n<p>O antigo juiz vai ainda ter de suportar \u201ctodas as despesas e custas para localizar, caso necess\u00e1rio, a crian\u00e7a\u201d, bem como o pagar de 30 mil euros com as custas do processo.<\/p>\n<p>A ju\u00edza determinou que a decis\u00e3o seja comunicada \u00e0 Autoridade Central Portuguesa (DGAJ) e ao Instituto da Seguran\u00e7a Social I.P. para os devidos efeitos (entrega e transporte da crian\u00e7a com vista a concretizar o regresso ao Estado de origem)\u201d.<\/p>\n","protected":false},"excerpt":{"rendered":"<p>Uma ju\u00edza de Fam\u00edlia e Menores do Tribunal de Viana do Castelo ordenou hoje o regresso ao Brasil, acompanhado da m\u00e3e do filho do antigo juiz Fonseca e Castro, atualmente a viver com o pai em Ponte de Lima. Na senten\u00e7a, a que a ag\u00eancia Lusa teve acesso, a ju\u00edza imp\u00f5e ao antigo juiz, ao [&hellip;]<\/p>\n","protected":false},"author":13,"featured_media":115724,"comment_status":"closed","ping_status":"closed","sticky":false,"template":"","format":"standard","meta":{"_exactmetrics_skip_tracking":false,"_exactmetrics_sitenote_active":false,"_exactmetrics_sitenote_note":"","_exactmetrics_sitenote_category":0,"footnotes":""},"categories":[14],"tags":[56331],"class_list":["post-115723","post","type-post","status-publish","format-standard","has-post-thumbnail","hentry","category-viana-do-castelo","tag-justica"],"yoast_head":"<!-- This site is optimized with the Yoast SEO Premium plugin v27.5 (Yoast SEO v27.5) - https:\/\/yoast.com\/product\/yoast-seo-premium-wordpress\/ -->\n<title>Tribunal ordena regresso ao Brasil do filho de antigo juiz Fonseca e Castro<\/title>\n<meta name=\"description\" content=\"Uma ju\u00edza de Fam\u00edlia e Menores do Tribunal de Viana do Castelo ordenou hoje o regresso ao Brasil do filho do antigo juiz Fonseca e Castro.\" \/>\n<meta name=\"robots\" content=\"index, follow, max-snippet:-1, max-image-preview:large, max-video-preview:-1\" \/>\n<link rel=\"canonical\" href=\"https:\/\/www.altominho.tv\/site\/2025\/03\/12\/tribunal-ordena-regresso-ao-brasil-com-a-mae-do-filho-de-antigo-juiz-fonseca-e-castro\/\" \/>\n<meta property=\"og:locale\" content=\"pt_PT\" \/>\n<meta property=\"og:type\" content=\"article\" \/>\n<meta property=\"og:title\" content=\"Tribunal ordena regresso ao Brasil do filho de antigo juiz Fonseca e Castro\" \/>\n<meta property=\"og:description\" content=\"Uma ju\u00edza de Fam\u00edlia e Menores do Tribunal de Viana do Castelo ordenou hoje o regresso ao Brasil do filho do antigo juiz Fonseca e Castro.\" \/>\n<meta property=\"og:url\" content=\"https:\/\/www.altominho.tv\/site\/2025\/03\/12\/tribunal-ordena-regresso-ao-brasil-com-a-mae-do-filho-de-antigo-juiz-fonseca-e-castro\/\" \/>\n<meta property=\"og:site_name\" content=\"Altominho.tv\" \/>\n<meta property=\"article:publisher\" content=\"https:\/\/www.facebook.com\/altominhotv\" \/>\n<meta property=\"article:published_time\" content=\"2025-03-12T15:59:44+00:00\" \/>\n<meta property=\"article:modified_time\" content=\"2025-03-12T16:43:11+00:00\" \/>\n<meta property=\"og:image\" content=\"https:\/\/www.altominho.tv\/site\/wp-content\/uploads\/2025\/03\/juiz.jpg\" \/>\n\t<meta property=\"og:image:width\" content=\"1200\" \/>\n\t<meta property=\"og:image:height\" content=\"630\" \/>\n\t<meta property=\"og:image:type\" content=\"image\/jpeg\" \/>\n<meta name=\"author\" content=\"Lusa\" \/>\n<meta name=\"twitter:card\" content=\"summary_large_image\" \/>\n<meta name=\"twitter:creator\" content=\"@altominhoTV\" \/>\n<meta name=\"twitter:site\" content=\"@altominhoTV\" \/>\n<meta name=\"twitter:label1\" content=\"Escrito por\" \/>\n\t<meta name=\"twitter:data1\" content=\"Lusa\" \/>\n\t<meta name=\"twitter:label2\" content=\"Tempo estimado de leitura\" \/>\n\t<meta name=\"twitter:data2\" content=\"4 minutos\" \/>\n<script type=\"application\/ld+json\" class=\"yoast-schema-graph\">{\"@context\":\"https:\\\/\\\/schema.org\",\"@graph\":[{\"@type\":\"Article\",\"@id\":\"https:\\\/\\\/www.altominho.tv\\\/site\\\/2025\\\/03\\\/12\\\/tribunal-ordena-regresso-ao-brasil-com-a-mae-do-filho-de-antigo-juiz-fonseca-e-castro\\\/#article\",\"isPartOf\":{\"@id\":\"https:\\\/\\\/www.altominho.tv\\\/site\\\/2025\\\/03\\\/12\\\/tribunal-ordena-regresso-ao-brasil-com-a-mae-do-filho-de-antigo-juiz-fonseca-e-castro\\\/\"},\"author\":{\"name\":\"Lusa\",\"@id\":\"https:\\\/\\\/www.altominho.tv\\\/site\\\/#\\\/schema\\\/person\\\/63f693da3e1899361cbe955c46f3232e\"},\"headline\":\"Tribunal ordena regresso ao Brasil do filho de antigo juiz Fonseca e Castro\",\"datePublished\":\"2025-03-12T15:59:44+00:00\",\"dateModified\":\"2025-03-12T16:43:11+00:00\",\"mainEntityOfPage\":{\"@id\":\"https:\\\/\\\/www.altominho.tv\\\/site\\\/2025\\\/03\\\/12\\\/tribunal-ordena-regresso-ao-brasil-com-a-mae-do-filho-de-antigo-juiz-fonseca-e-castro\\\/\"},\"wordCount\":695,\"image\":{\"@id\":\"https:\\\/\\\/www.altominho.tv\\\/site\\\/2025\\\/03\\\/12\\\/tribunal-ordena-regresso-ao-brasil-com-a-mae-do-filho-de-antigo-juiz-fonseca-e-castro\\\/#primaryimage\"},\"thumbnailUrl\":\"https:\\\/\\\/www.altominho.tv\\\/site\\\/wp-content\\\/uploads\\\/2025\\\/03\\\/juiz.jpg\",\"keywords\":[\"Justi\u00e7a\"],\"articleSection\":[\"Viana do Castelo\"],\"inLanguage\":\"pt-PT\",\"copyrightYear\":\"2025\",\"copyrightHolder\":{\"@id\":\"https:\\\/\\\/www.altominho.tv\\\/site\\\/#organization\"}},{\"@type\":\"WebPage\",\"@id\":\"https:\\\/\\\/www.altominho.tv\\\/site\\\/2025\\\/03\\\/12\\\/tribunal-ordena-regresso-ao-brasil-com-a-mae-do-filho-de-antigo-juiz-fonseca-e-castro\\\/\",\"url\":\"https:\\\/\\\/www.altominho.tv\\\/site\\\/2025\\\/03\\\/12\\\/tribunal-ordena-regresso-ao-brasil-com-a-mae-do-filho-de-antigo-juiz-fonseca-e-castro\\\/\",\"name\":\"Tribunal ordena regresso ao Brasil do filho de antigo juiz Fonseca e Castro\",\"isPartOf\":{\"@id\":\"https:\\\/\\\/www.altominho.tv\\\/site\\\/#website\"},\"primaryImageOfPage\":{\"@id\":\"https:\\\/\\\/www.altominho.tv\\\/site\\\/2025\\\/03\\\/12\\\/tribunal-ordena-regresso-ao-brasil-com-a-mae-do-filho-de-antigo-juiz-fonseca-e-castro\\\/#primaryimage\"},\"image\":{\"@id\":\"https:\\\/\\\/www.altominho.tv\\\/site\\\/2025\\\/03\\\/12\\\/tribunal-ordena-regresso-ao-brasil-com-a-mae-do-filho-de-antigo-juiz-fonseca-e-castro\\\/#primaryimage\"},\"thumbnailUrl\":\"https:\\\/\\\/www.altominho.tv\\\/site\\\/wp-content\\\/uploads\\\/2025\\\/03\\\/juiz.jpg\",\"datePublished\":\"2025-03-12T15:59:44+00:00\",\"dateModified\":\"2025-03-12T16:43:11+00:00\",\"author\":{\"@id\":\"https:\\\/\\\/www.altominho.tv\\\/site\\\/#\\\/schema\\\/person\\\/63f693da3e1899361cbe955c46f3232e\"},\"description\":\"Uma ju\u00edza de Fam\u00edlia e Menores do Tribunal de Viana do Castelo ordenou hoje o regresso ao Brasil do filho do antigo juiz Fonseca e Castro.\",\"breadcrumb\":{\"@id\":\"https:\\\/\\\/www.altominho.tv\\\/site\\\/2025\\\/03\\\/12\\\/tribunal-ordena-regresso-ao-brasil-com-a-mae-do-filho-de-antigo-juiz-fonseca-e-castro\\\/#breadcrumb\"},\"inLanguage\":\"pt-PT\",\"potentialAction\":[{\"@type\":\"ReadAction\",\"target\":[\"https:\\\/\\\/www.altominho.tv\\\/site\\\/2025\\\/03\\\/12\\\/tribunal-ordena-regresso-ao-brasil-com-a-mae-do-filho-de-antigo-juiz-fonseca-e-castro\\\/\"]}]},{\"@type\":\"ImageObject\",\"inLanguage\":\"pt-PT\",\"@id\":\"https:\\\/\\\/www.altominho.tv\\\/site\\\/2025\\\/03\\\/12\\\/tribunal-ordena-regresso-ao-brasil-com-a-mae-do-filho-de-antigo-juiz-fonseca-e-castro\\\/#primaryimage\",\"url\":\"https:\\\/\\\/www.altominho.tv\\\/site\\\/wp-content\\\/uploads\\\/2025\\\/03\\\/juiz.jpg\",\"contentUrl\":\"https:\\\/\\\/www.altominho.tv\\\/site\\\/wp-content\\\/uploads\\\/2025\\\/03\\\/juiz.jpg\",\"width\":1200,\"height\":630},{\"@type\":\"BreadcrumbList\",\"@id\":\"https:\\\/\\\/www.altominho.tv\\\/site\\\/2025\\\/03\\\/12\\\/tribunal-ordena-regresso-ao-brasil-com-a-mae-do-filho-de-antigo-juiz-fonseca-e-castro\\\/#breadcrumb\",\"itemListElement\":[{\"@type\":\"ListItem\",\"position\":1,\"name\":\"In\u00edcio\",\"item\":\"https:\\\/\\\/www.altominho.tv\\\/site\\\/\"},{\"@type\":\"ListItem\",\"position\":2,\"name\":\"Tribunal ordena regresso ao Brasil do filho de antigo juiz Fonseca e Castro\"}]},{\"@type\":\"WebSite\",\"@id\":\"https:\\\/\\\/www.altominho.tv\\\/site\\\/#website\",\"url\":\"https:\\\/\\\/www.altominho.tv\\\/site\\\/\",\"name\":\"Altominho.tv\",\"description\":\"A sua regi\u00e3o \u00e0 dist\u00e2ncia de um clique...\",\"potentialAction\":[{\"@type\":\"SearchAction\",\"target\":{\"@type\":\"EntryPoint\",\"urlTemplate\":\"https:\\\/\\\/www.altominho.tv\\\/site\\\/?s={search_term_string}\"},\"query-input\":{\"@type\":\"PropertyValueSpecification\",\"valueRequired\":true,\"valueName\":\"search_term_string\"}}],\"inLanguage\":\"pt-PT\"},{\"@type\":\"Person\",\"@id\":\"https:\\\/\\\/www.altominho.tv\\\/site\\\/#\\\/schema\\\/person\\\/63f693da3e1899361cbe955c46f3232e\",\"name\":\"Lusa\",\"image\":{\"@type\":\"ImageObject\",\"inLanguage\":\"pt-PT\",\"@id\":\"https:\\\/\\\/www.altominho.tv\\\/site\\\/wp-content\\\/uploads\\\/2019\\\/08\\\/LUSA_Logo.gif\",\"url\":\"https:\\\/\\\/www.altominho.tv\\\/site\\\/wp-content\\\/uploads\\\/2019\\\/08\\\/LUSA_Logo.gif\",\"contentUrl\":\"https:\\\/\\\/www.altominho.tv\\\/site\\\/wp-content\\\/uploads\\\/2019\\\/08\\\/LUSA_Logo.gif\",\"caption\":\"Lusa\"},\"sameAs\":[\"http:\\\/\\\/\\\/\\\/www.altominho.tv\\\/site\"],\"url\":\"https:\\\/\\\/www.altominho.tv\\\/site\\\/author\\\/lusa\\\/\"}]}<\/script>\n<!-- \/ Yoast SEO Premium plugin. -->","yoast_head_json":{"title":"Tribunal ordena regresso ao Brasil do filho de antigo juiz Fonseca e Castro","description":"Uma ju\u00edza de Fam\u00edlia e Menores do Tribunal de Viana do Castelo ordenou hoje o regresso ao Brasil do filho do antigo juiz Fonseca e Castro.","robots":{"index":"index","follow":"follow","max-snippet":"max-snippet:-1","max-image-preview":"max-image-preview:large","max-video-preview":"max-video-preview:-1"},"canonical":"https:\/\/www.altominho.tv\/site\/2025\/03\/12\/tribunal-ordena-regresso-ao-brasil-com-a-mae-do-filho-de-antigo-juiz-fonseca-e-castro\/","og_locale":"pt_PT","og_type":"article","og_title":"Tribunal ordena regresso ao Brasil do filho de antigo juiz Fonseca e Castro","og_description":"Uma ju\u00edza de Fam\u00edlia e Menores do Tribunal de Viana do Castelo ordenou hoje o regresso ao Brasil do filho do antigo juiz Fonseca e Castro.","og_url":"https:\/\/www.altominho.tv\/site\/2025\/03\/12\/tribunal-ordena-regresso-ao-brasil-com-a-mae-do-filho-de-antigo-juiz-fonseca-e-castro\/","og_site_name":"Altominho.tv","article_publisher":"https:\/\/www.facebook.com\/altominhotv","article_published_time":"2025-03-12T15:59:44+00:00","article_modified_time":"2025-03-12T16:43:11+00:00","og_image":[{"width":1200,"height":630,"url":"https:\/\/www.altominho.tv\/site\/wp-content\/uploads\/2025\/03\/juiz.jpg","type":"image\/jpeg"}],"author":"Lusa","twitter_card":"summary_large_image","twitter_creator":"@altominhoTV","twitter_site":"@altominhoTV","twitter_misc":{"Escrito por":"Lusa","Tempo estimado de leitura":"4 minutos"},"schema":{"@context":"https:\/\/schema.org","@graph":[{"@type":"Article","@id":"https:\/\/www.altominho.tv\/site\/2025\/03\/12\/tribunal-ordena-regresso-ao-brasil-com-a-mae-do-filho-de-antigo-juiz-fonseca-e-castro\/#article","isPartOf":{"@id":"https:\/\/www.altominho.tv\/site\/2025\/03\/12\/tribunal-ordena-regresso-ao-brasil-com-a-mae-do-filho-de-antigo-juiz-fonseca-e-castro\/"},"author":{"name":"Lusa","@id":"https:\/\/www.altominho.tv\/site\/#\/schema\/person\/63f693da3e1899361cbe955c46f3232e"},"headline":"Tribunal ordena regresso ao Brasil do filho de antigo juiz Fonseca e Castro","datePublished":"2025-03-12T15:59:44+00:00","dateModified":"2025-03-12T16:43:11+00:00","mainEntityOfPage":{"@id":"https:\/\/www.altominho.tv\/site\/2025\/03\/12\/tribunal-ordena-regresso-ao-brasil-com-a-mae-do-filho-de-antigo-juiz-fonseca-e-castro\/"},"wordCount":695,"image":{"@id":"https:\/\/www.altominho.tv\/site\/2025\/03\/12\/tribunal-ordena-regresso-ao-brasil-com-a-mae-do-filho-de-antigo-juiz-fonseca-e-castro\/#primaryimage"},"thumbnailUrl":"https:\/\/www.altominho.tv\/site\/wp-content\/uploads\/2025\/03\/juiz.jpg","keywords":["Justi\u00e7a"],"articleSection":["Viana do Castelo"],"inLanguage":"pt-PT","copyrightYear":"2025","copyrightHolder":{"@id":"https:\/\/www.altominho.tv\/site\/#organization"}},{"@type":"WebPage","@id":"https:\/\/www.altominho.tv\/site\/2025\/03\/12\/tribunal-ordena-regresso-ao-brasil-com-a-mae-do-filho-de-antigo-juiz-fonseca-e-castro\/","url":"https:\/\/www.altominho.tv\/site\/2025\/03\/12\/tribunal-ordena-regresso-ao-brasil-com-a-mae-do-filho-de-antigo-juiz-fonseca-e-castro\/","name":"Tribunal ordena regresso ao Brasil do filho de antigo juiz Fonseca e Castro","isPartOf":{"@id":"https:\/\/www.altominho.tv\/site\/#website"},"primaryImageOfPage":{"@id":"https:\/\/www.altominho.tv\/site\/2025\/03\/12\/tribunal-ordena-regresso-ao-brasil-com-a-mae-do-filho-de-antigo-juiz-fonseca-e-castro\/#primaryimage"},"image":{"@id":"https:\/\/www.altominho.tv\/site\/2025\/03\/12\/tribunal-ordena-regresso-ao-brasil-com-a-mae-do-filho-de-antigo-juiz-fonseca-e-castro\/#primaryimage"},"thumbnailUrl":"https:\/\/www.altominho.tv\/site\/wp-content\/uploads\/2025\/03\/juiz.jpg","datePublished":"2025-03-12T15:59:44+00:00","dateModified":"2025-03-12T16:43:11+00:00","author":{"@id":"https:\/\/www.altominho.tv\/site\/#\/schema\/person\/63f693da3e1899361cbe955c46f3232e"},"description":"Uma ju\u00edza de Fam\u00edlia e Menores do Tribunal de Viana do Castelo ordenou hoje o regresso ao Brasil do filho do antigo juiz Fonseca e Castro.","breadcrumb":{"@id":"https:\/\/www.altominho.tv\/site\/2025\/03\/12\/tribunal-ordena-regresso-ao-brasil-com-a-mae-do-filho-de-antigo-juiz-fonseca-e-castro\/#breadcrumb"},"inLanguage":"pt-PT","potentialAction":[{"@type":"ReadAction","target":["https:\/\/www.altominho.tv\/site\/2025\/03\/12\/tribunal-ordena-regresso-ao-brasil-com-a-mae-do-filho-de-antigo-juiz-fonseca-e-castro\/"]}]},{"@type":"ImageObject","inLanguage":"pt-PT","@id":"https:\/\/www.altominho.tv\/site\/2025\/03\/12\/tribunal-ordena-regresso-ao-brasil-com-a-mae-do-filho-de-antigo-juiz-fonseca-e-castro\/#primaryimage","url":"https:\/\/www.altominho.tv\/site\/wp-content\/uploads\/2025\/03\/juiz.jpg","contentUrl":"https:\/\/www.altominho.tv\/site\/wp-content\/uploads\/2025\/03\/juiz.jpg","width":1200,"height":630},{"@type":"BreadcrumbList","@id":"https:\/\/www.altominho.tv\/site\/2025\/03\/12\/tribunal-ordena-regresso-ao-brasil-com-a-mae-do-filho-de-antigo-juiz-fonseca-e-castro\/#breadcrumb","itemListElement":[{"@type":"ListItem","position":1,"name":"In\u00edcio","item":"https:\/\/www.altominho.tv\/site\/"},{"@type":"ListItem","position":2,"name":"Tribunal ordena regresso ao Brasil do filho de antigo juiz Fonseca e Castro"}]},{"@type":"WebSite","@id":"https:\/\/www.altominho.tv\/site\/#website","url":"https:\/\/www.altominho.tv\/site\/","name":"Altominho.tv","description":"A sua regi\u00e3o \u00e0 dist\u00e2ncia de um clique...","potentialAction":[{"@type":"SearchAction","target":{"@type":"EntryPoint","urlTemplate":"https:\/\/www.altominho.tv\/site\/?s={search_term_string}"},"query-input":{"@type":"PropertyValueSpecification","valueRequired":true,"valueName":"search_term_string"}}],"inLanguage":"pt-PT"},{"@type":"Person","@id":"https:\/\/www.altominho.tv\/site\/#\/schema\/person\/63f693da3e1899361cbe955c46f3232e","name":"Lusa","image":{"@type":"ImageObject","inLanguage":"pt-PT","@id":"https:\/\/www.altominho.tv\/site\/wp-content\/uploads\/2019\/08\/LUSA_Logo.gif","url":"https:\/\/www.altominho.tv\/site\/wp-content\/uploads\/2019\/08\/LUSA_Logo.gif","contentUrl":"https:\/\/www.altominho.tv\/site\/wp-content\/uploads\/2019\/08\/LUSA_Logo.gif","caption":"Lusa"},"sameAs":["http:\/\/\/\/www.altominho.tv\/site"],"url":"https:\/\/www.altominho.tv\/site\/author\/lusa\/"}]}},"_links":{"self":[{"href":"https:\/\/www.altominho.tv\/site\/wp-json\/wp\/v2\/posts\/115723","targetHints":{"allow":["GET"]}}],"collection":[{"href":"https:\/\/www.altominho.tv\/site\/wp-json\/wp\/v2\/posts"}],"about":[{"href":"https:\/\/www.altominho.tv\/site\/wp-json\/wp\/v2\/types\/post"}],"author":[{"embeddable":true,"href":"https:\/\/www.altominho.tv\/site\/wp-json\/wp\/v2\/users\/13"}],"replies":[{"embeddable":true,"href":"https:\/\/www.altominho.tv\/site\/wp-json\/wp\/v2\/comments?post=115723"}],"version-history":[{"count":3,"href":"https:\/\/www.altominho.tv\/site\/wp-json\/wp\/v2\/posts\/115723\/revisions"}],"predecessor-version":[{"id":115728,"href":"https:\/\/www.altominho.tv\/site\/wp-json\/wp\/v2\/posts\/115723\/revisions\/115728"}],"wp:featuredmedia":[{"embeddable":true,"href":"https:\/\/www.altominho.tv\/site\/wp-json\/wp\/v2\/media\/115724"}],"wp:attachment":[{"href":"https:\/\/www.altominho.tv\/site\/wp-json\/wp\/v2\/media?parent=115723"}],"wp:term":[{"taxonomy":"category","embeddable":true,"href":"https:\/\/www.altominho.tv\/site\/wp-json\/wp\/v2\/categories?post=115723"},{"taxonomy":"post_tag","embeddable":true,"href":"https:\/\/www.altominho.tv\/site\/wp-json\/wp\/v2\/tags?post=115723"}],"curies":[{"name":"wp","href":"https:\/\/api.w.org\/{rel}","templated":true}]}}