{"id":115678,"date":"2025-03-11T09:32:03","date_gmt":"2025-03-11T09:32:03","guid":{"rendered":"https:\/\/www.altominho.tv\/site\/?p=115678"},"modified":"2025-03-11T09:32:05","modified_gmt":"2025-03-11T09:32:05","slug":"expolima-recebeu-iniciativa-a-descoberta-dos-900-anos-de-foral-de-ponte-de-lima","status":"publish","type":"post","link":"https:\/\/www.altominho.tv\/site\/2025\/03\/11\/expolima-recebeu-iniciativa-a-descoberta-dos-900-anos-de-foral-de-ponte-de-lima\/","title":{"rendered":"Expolima recebeu iniciativa \u201c\u00c0 descoberta dos 900 anos de Foral de Ponte de Lima\u201d"},"content":{"rendered":"<p class=\"p1\">No \u00e2mbito das comemora\u00e7\u00f5es dos 900 anos do Foral de Ponte de Lima 1125-2025, realizou-se nos dias 6 e 7 de mar\u00e7o de 2025, no Pavilh\u00e3o de Feiras e Exposi\u00e7\u00f5es \u2013 Expolima, a iniciativa \u201c\u00c0 descoberta dos 900 anos de Foral de Ponte de Lima\u201d.<\/p>\n<p class=\"p1\">Nos dias 6 e 7 de mar\u00e7o, pelas 10h00, realizaram-se duas sess\u00f5es dirigidas exclusivamente aos alunos do 1.\u00ba ciclo do ensino B\u00e1sico, para um n\u00famero aproximado de 1566 participantes.<\/p>\n<p class=\"p1\">Foi realizada uma visita \u00e0 exposi\u00e7\u00e3o patente no Pavilh\u00e3o de Feiras e Exposi\u00e7\u00f5es &#8211; Expolima alusiva \u00e0 efem\u00e9ride que se assinala a 4 de mar\u00e7o \u2013 Dia de Ponte de Lima e visionamento de um conjunto de v\u00eddeos alusivos \u00e0s comemora\u00e7\u00f5es dos 900 anos do Foral de Ponte de Lima, bem como tiveram oportunidade de assistir ao espet\u00e1culo de teatro musical infantil \u201cMaria Melodia\u201d, baseado no livro \u201cAprende com Rimas e Melodias\u201d.<\/p>\n<p class=\"p1\">Ainda no dia 6 de mar\u00e7o, pelas 14h30, a sess\u00e3o foi dirigida aos utentes das IPSS, lares de idosos e centros de dia, com cerca de 300 participantes, que tiveram igualmente a oportunidade de visitar a exposi\u00e7\u00e3o patente e visionar um conjunto de v\u00eddeos alusivos \u00e0s Comemora\u00e7\u00f5es dos 900 anos do Foral de Ponte de Lima, bem como assistirem ao espet\u00e1culo musical de Diogo Penha, Mickael Akordeon e os Irm\u00e3os Cardoso.<\/p>\n","protected":false},"excerpt":{"rendered":"<p>No \u00e2mbito das comemora\u00e7\u00f5es dos 900 anos do Foral de Ponte de Lima 1125-2025, realizou-se nos dias 6 e 7 de mar\u00e7o de 2025, no Pavilh\u00e3o de Feiras e Exposi\u00e7\u00f5es \u2013 Expolima, a iniciativa \u201c\u00c0 descoberta dos 900 anos de Foral de Ponte de Lima\u201d. Nos dias 6 e 7 de mar\u00e7o, pelas 10h00, realizaram-se [&hellip;]<\/p>\n","protected":false},"author":1,"featured_media":115679,"comment_status":"closed","ping_status":"closed","sticky":false,"template":"","format":"standard","meta":{"_exactmetrics_skip_tracking":false,"_exactmetrics_sitenote_active":false,"_exactmetrics_sitenote_note":"","_exactmetrics_sitenote_category":0,"footnotes":""},"categories":[12],"tags":[27],"class_list":["post-115678","post","type-post","status-publish","format-standard","has-post-thumbnail","hentry","category-ponte-de-lima","tag-sociedade"],"yoast_head":"<!-- This site is optimized with the Yoast SEO Premium plugin v27.4 (Yoast SEO v27.4) - https:\/\/yoast.com\/product\/yoast-seo-premium-wordpress\/ -->\n<title>Expolima recebeu iniciativa \u201c\u00c0 descoberta dos 900 anos de Foral de Ponte de Lima\u201d<\/title>\n<meta name=\"description\" content=\"No \u00e2mbito das comemora\u00e7\u00f5es dos 900 anos do Foral de Ponte de Lima 1125-2025, realizou-se nos dias 6 e 7 de mar\u00e7o de 2025, no Pavilh\u00e3o de Feiras e Exposi\u00e7\u00f5es \u2013 Expolima, a iniciativa \u201c\u00c0 descoberta dos 900 anos de Foral de Ponte de Lima\u201d.\" \/>\n<meta name=\"robots\" content=\"index, follow, max-snippet:-1, max-image-preview:large, max-video-preview:-1\" \/>\n<link rel=\"canonical\" href=\"https:\/\/www.altominho.tv\/site\/2025\/03\/11\/expolima-recebeu-iniciativa-a-descoberta-dos-900-anos-de-foral-de-ponte-de-lima\/\" \/>\n<meta property=\"og:locale\" content=\"pt_PT\" \/>\n<meta property=\"og:type\" content=\"article\" \/>\n<meta property=\"og:title\" content=\"Expolima recebeu iniciativa \u201c\u00c0 descoberta dos 900 anos de Foral de Ponte de Lima\u201d\" \/>\n<meta property=\"og:description\" content=\"No \u00e2mbito das comemora\u00e7\u00f5es dos 900 anos do Foral de Ponte de Lima 1125-2025, realizou-se nos dias 6 e 7 de mar\u00e7o de 2025, no Pavilh\u00e3o de Feiras e Exposi\u00e7\u00f5es \u2013 Expolima, a iniciativa \u201c\u00c0 descoberta dos 900 anos de Foral de Ponte de Lima\u201d.\" \/>\n<meta property=\"og:url\" content=\"https:\/\/www.altominho.tv\/site\/2025\/03\/11\/expolima-recebeu-iniciativa-a-descoberta-dos-900-anos-de-foral-de-ponte-de-lima\/\" \/>\n<meta property=\"og:site_name\" content=\"Altominho.tv\" \/>\n<meta property=\"article:publisher\" content=\"https:\/\/www.facebook.com\/altominhotv\" \/>\n<meta property=\"article:published_time\" content=\"2025-03-11T09:32:03+00:00\" \/>\n<meta property=\"article:modified_time\" content=\"2025-03-11T09:32:05+00:00\" \/>\n<meta property=\"og:image\" content=\"https:\/\/www.altominho.tv\/site\/wp-content\/uploads\/2025\/03\/expolima-900-anos-foral.jpg\" \/>\n\t<meta property=\"og:image:width\" content=\"1200\" \/>\n\t<meta property=\"og:image:height\" content=\"630\" \/>\n\t<meta property=\"og:image:type\" content=\"image\/jpeg\" \/>\n<meta name=\"author\" content=\"Altominho.tv\" \/>\n<meta name=\"twitter:card\" content=\"summary_large_image\" \/>\n<meta name=\"twitter:creator\" content=\"@altominhoTV\" \/>\n<meta name=\"twitter:site\" content=\"@altominhoTV\" \/>\n<meta name=\"twitter:label1\" content=\"Escrito por\" \/>\n\t<meta name=\"twitter:data1\" content=\"Altominho.tv\" \/>\n\t<meta name=\"twitter:label2\" content=\"Tempo estimado de leitura\" \/>\n\t<meta name=\"twitter:data2\" content=\"2 minutos\" \/>\n<script type=\"application\/ld+json\" class=\"yoast-schema-graph\">{\"@context\":\"https:\\\/\\\/schema.org\",\"@graph\":[{\"@type\":\"Article\",\"@id\":\"https:\\\/\\\/www.altominho.tv\\\/site\\\/2025\\\/03\\\/11\\\/expolima-recebeu-iniciativa-a-descoberta-dos-900-anos-de-foral-de-ponte-de-lima\\\/#article\",\"isPartOf\":{\"@id\":\"https:\\\/\\\/www.altominho.tv\\\/site\\\/2025\\\/03\\\/11\\\/expolima-recebeu-iniciativa-a-descoberta-dos-900-anos-de-foral-de-ponte-de-lima\\\/\"},\"author\":{\"name\":\"Altominho.tv\",\"@id\":\"https:\\\/\\\/www.altominho.tv\\\/site\\\/#\\\/schema\\\/person\\\/4e536851627d7914baf3dac752b6af22\"},\"headline\":\"Expolima recebeu iniciativa \u201c\u00c0 descoberta dos 900 anos de Foral de Ponte de Lima\u201d\",\"datePublished\":\"2025-03-11T09:32:03+00:00\",\"dateModified\":\"2025-03-11T09:32:05+00:00\",\"mainEntityOfPage\":{\"@id\":\"https:\\\/\\\/www.altominho.tv\\\/site\\\/2025\\\/03\\\/11\\\/expolima-recebeu-iniciativa-a-descoberta-dos-900-anos-de-foral-de-ponte-de-lima\\\/\"},\"wordCount\":233,\"image\":{\"@id\":\"https:\\\/\\\/www.altominho.tv\\\/site\\\/2025\\\/03\\\/11\\\/expolima-recebeu-iniciativa-a-descoberta-dos-900-anos-de-foral-de-ponte-de-lima\\\/#primaryimage\"},\"thumbnailUrl\":\"https:\\\/\\\/www.altominho.tv\\\/site\\\/wp-content\\\/uploads\\\/2025\\\/03\\\/expolima-900-anos-foral.jpg\",\"keywords\":[\"Sociedade\"],\"articleSection\":[\"Ponte de Lima\"],\"inLanguage\":\"pt-PT\",\"copyrightYear\":\"2025\",\"copyrightHolder\":{\"@id\":\"https:\\\/\\\/www.altominho.tv\\\/site\\\/#organization\"}},{\"@type\":\"WebPage\",\"@id\":\"https:\\\/\\\/www.altominho.tv\\\/site\\\/2025\\\/03\\\/11\\\/expolima-recebeu-iniciativa-a-descoberta-dos-900-anos-de-foral-de-ponte-de-lima\\\/\",\"url\":\"https:\\\/\\\/www.altominho.tv\\\/site\\\/2025\\\/03\\\/11\\\/expolima-recebeu-iniciativa-a-descoberta-dos-900-anos-de-foral-de-ponte-de-lima\\\/\",\"name\":\"Expolima recebeu iniciativa \u201c\u00c0 descoberta dos 900 anos de Foral de Ponte de Lima\u201d\",\"isPartOf\":{\"@id\":\"https:\\\/\\\/www.altominho.tv\\\/site\\\/#website\"},\"primaryImageOfPage\":{\"@id\":\"https:\\\/\\\/www.altominho.tv\\\/site\\\/2025\\\/03\\\/11\\\/expolima-recebeu-iniciativa-a-descoberta-dos-900-anos-de-foral-de-ponte-de-lima\\\/#primaryimage\"},\"image\":{\"@id\":\"https:\\\/\\\/www.altominho.tv\\\/site\\\/2025\\\/03\\\/11\\\/expolima-recebeu-iniciativa-a-descoberta-dos-900-anos-de-foral-de-ponte-de-lima\\\/#primaryimage\"},\"thumbnailUrl\":\"https:\\\/\\\/www.altominho.tv\\\/site\\\/wp-content\\\/uploads\\\/2025\\\/03\\\/expolima-900-anos-foral.jpg\",\"datePublished\":\"2025-03-11T09:32:03+00:00\",\"dateModified\":\"2025-03-11T09:32:05+00:00\",\"author\":{\"@id\":\"https:\\\/\\\/www.altominho.tv\\\/site\\\/#\\\/schema\\\/person\\\/4e536851627d7914baf3dac752b6af22\"},\"description\":\"No \u00e2mbito das comemora\u00e7\u00f5es dos 900 anos do Foral de Ponte de Lima 1125-2025, realizou-se nos dias 6 e 7 de mar\u00e7o de 2025, no Pavilh\u00e3o de Feiras e Exposi\u00e7\u00f5es \u2013 Expolima, a iniciativa \u201c\u00c0 descoberta dos 900 anos de Foral de Ponte de Lima\u201d.\",\"breadcrumb\":{\"@id\":\"https:\\\/\\\/www.altominho.tv\\\/site\\\/2025\\\/03\\\/11\\\/expolima-recebeu-iniciativa-a-descoberta-dos-900-anos-de-foral-de-ponte-de-lima\\\/#breadcrumb\"},\"inLanguage\":\"pt-PT\",\"potentialAction\":[{\"@type\":\"ReadAction\",\"target\":[\"https:\\\/\\\/www.altominho.tv\\\/site\\\/2025\\\/03\\\/11\\\/expolima-recebeu-iniciativa-a-descoberta-dos-900-anos-de-foral-de-ponte-de-lima\\\/\"]}]},{\"@type\":\"ImageObject\",\"inLanguage\":\"pt-PT\",\"@id\":\"https:\\\/\\\/www.altominho.tv\\\/site\\\/2025\\\/03\\\/11\\\/expolima-recebeu-iniciativa-a-descoberta-dos-900-anos-de-foral-de-ponte-de-lima\\\/#primaryimage\",\"url\":\"https:\\\/\\\/www.altominho.tv\\\/site\\\/wp-content\\\/uploads\\\/2025\\\/03\\\/expolima-900-anos-foral.jpg\",\"contentUrl\":\"https:\\\/\\\/www.altominho.tv\\\/site\\\/wp-content\\\/uploads\\\/2025\\\/03\\\/expolima-900-anos-foral.jpg\",\"width\":1200,\"height\":630},{\"@type\":\"BreadcrumbList\",\"@id\":\"https:\\\/\\\/www.altominho.tv\\\/site\\\/2025\\\/03\\\/11\\\/expolima-recebeu-iniciativa-a-descoberta-dos-900-anos-de-foral-de-ponte-de-lima\\\/#breadcrumb\",\"itemListElement\":[{\"@type\":\"ListItem\",\"position\":1,\"name\":\"In\u00edcio\",\"item\":\"https:\\\/\\\/www.altominho.tv\\\/site\\\/\"},{\"@type\":\"ListItem\",\"position\":2,\"name\":\"Expolima recebeu iniciativa \u201c\u00c0 descoberta dos 900 anos de Foral de Ponte de Lima\u201d\"}]},{\"@type\":\"WebSite\",\"@id\":\"https:\\\/\\\/www.altominho.tv\\\/site\\\/#website\",\"url\":\"https:\\\/\\\/www.altominho.tv\\\/site\\\/\",\"name\":\"Altominho.tv\",\"description\":\"A sua regi\u00e3o \u00e0 dist\u00e2ncia de um clique...\",\"potentialAction\":[{\"@type\":\"SearchAction\",\"target\":{\"@type\":\"EntryPoint\",\"urlTemplate\":\"https:\\\/\\\/www.altominho.tv\\\/site\\\/?s={search_term_string}\"},\"query-input\":{\"@type\":\"PropertyValueSpecification\",\"valueRequired\":true,\"valueName\":\"search_term_string\"}}],\"inLanguage\":\"pt-PT\"},{\"@type\":\"Person\",\"@id\":\"https:\\\/\\\/www.altominho.tv\\\/site\\\/#\\\/schema\\\/person\\\/4e536851627d7914baf3dac752b6af22\",\"name\":\"Altominho.tv\",\"image\":{\"@type\":\"ImageObject\",\"inLanguage\":\"pt-PT\",\"@id\":\"https:\\\/\\\/www.altominho.tv\\\/site\\\/wp-content\\\/uploads\\\/2019\\\/11\\\/Logo_Avatar_2-150x150.jpg\",\"url\":\"https:\\\/\\\/www.altominho.tv\\\/site\\\/wp-content\\\/uploads\\\/2019\\\/11\\\/Logo_Avatar_2-150x150.jpg\",\"contentUrl\":\"https:\\\/\\\/www.altominho.tv\\\/site\\\/wp-content\\\/uploads\\\/2019\\\/11\\\/Logo_Avatar_2-150x150.jpg\",\"caption\":\"Altominho.tv\"},\"url\":\"https:\\\/\\\/www.altominho.tv\\\/site\\\/author\\\/altominhotv-tecnico\\\/\"}]}<\/script>\n<!-- \/ Yoast SEO Premium plugin. -->","yoast_head_json":{"title":"Expolima recebeu iniciativa \u201c\u00c0 descoberta dos 900 anos de Foral de Ponte de Lima\u201d","description":"No \u00e2mbito das comemora\u00e7\u00f5es dos 900 anos do Foral de Ponte de Lima 1125-2025, realizou-se nos dias 6 e 7 de mar\u00e7o de 2025, no Pavilh\u00e3o de Feiras e Exposi\u00e7\u00f5es \u2013 Expolima, a iniciativa \u201c\u00c0 descoberta dos 900 anos de Foral de Ponte de Lima\u201d.","robots":{"index":"index","follow":"follow","max-snippet":"max-snippet:-1","max-image-preview":"max-image-preview:large","max-video-preview":"max-video-preview:-1"},"canonical":"https:\/\/www.altominho.tv\/site\/2025\/03\/11\/expolima-recebeu-iniciativa-a-descoberta-dos-900-anos-de-foral-de-ponte-de-lima\/","og_locale":"pt_PT","og_type":"article","og_title":"Expolima recebeu iniciativa \u201c\u00c0 descoberta dos 900 anos de Foral de Ponte de Lima\u201d","og_description":"No \u00e2mbito das comemora\u00e7\u00f5es dos 900 anos do Foral de Ponte de Lima 1125-2025, realizou-se nos dias 6 e 7 de mar\u00e7o de 2025, no Pavilh\u00e3o de Feiras e Exposi\u00e7\u00f5es \u2013 Expolima, a iniciativa \u201c\u00c0 descoberta dos 900 anos de Foral de Ponte de Lima\u201d.","og_url":"https:\/\/www.altominho.tv\/site\/2025\/03\/11\/expolima-recebeu-iniciativa-a-descoberta-dos-900-anos-de-foral-de-ponte-de-lima\/","og_site_name":"Altominho.tv","article_publisher":"https:\/\/www.facebook.com\/altominhotv","article_published_time":"2025-03-11T09:32:03+00:00","article_modified_time":"2025-03-11T09:32:05+00:00","og_image":[{"width":1200,"height":630,"url":"https:\/\/www.altominho.tv\/site\/wp-content\/uploads\/2025\/03\/expolima-900-anos-foral.jpg","type":"image\/jpeg"}],"author":"Altominho.tv","twitter_card":"summary_large_image","twitter_creator":"@altominhoTV","twitter_site":"@altominhoTV","twitter_misc":{"Escrito por":"Altominho.tv","Tempo estimado de leitura":"2 minutos"},"schema":{"@context":"https:\/\/schema.org","@graph":[{"@type":"Article","@id":"https:\/\/www.altominho.tv\/site\/2025\/03\/11\/expolima-recebeu-iniciativa-a-descoberta-dos-900-anos-de-foral-de-ponte-de-lima\/#article","isPartOf":{"@id":"https:\/\/www.altominho.tv\/site\/2025\/03\/11\/expolima-recebeu-iniciativa-a-descoberta-dos-900-anos-de-foral-de-ponte-de-lima\/"},"author":{"name":"Altominho.tv","@id":"https:\/\/www.altominho.tv\/site\/#\/schema\/person\/4e536851627d7914baf3dac752b6af22"},"headline":"Expolima recebeu iniciativa \u201c\u00c0 descoberta dos 900 anos de Foral de Ponte de Lima\u201d","datePublished":"2025-03-11T09:32:03+00:00","dateModified":"2025-03-11T09:32:05+00:00","mainEntityOfPage":{"@id":"https:\/\/www.altominho.tv\/site\/2025\/03\/11\/expolima-recebeu-iniciativa-a-descoberta-dos-900-anos-de-foral-de-ponte-de-lima\/"},"wordCount":233,"image":{"@id":"https:\/\/www.altominho.tv\/site\/2025\/03\/11\/expolima-recebeu-iniciativa-a-descoberta-dos-900-anos-de-foral-de-ponte-de-lima\/#primaryimage"},"thumbnailUrl":"https:\/\/www.altominho.tv\/site\/wp-content\/uploads\/2025\/03\/expolima-900-anos-foral.jpg","keywords":["Sociedade"],"articleSection":["Ponte de Lima"],"inLanguage":"pt-PT","copyrightYear":"2025","copyrightHolder":{"@id":"https:\/\/www.altominho.tv\/site\/#organization"}},{"@type":"WebPage","@id":"https:\/\/www.altominho.tv\/site\/2025\/03\/11\/expolima-recebeu-iniciativa-a-descoberta-dos-900-anos-de-foral-de-ponte-de-lima\/","url":"https:\/\/www.altominho.tv\/site\/2025\/03\/11\/expolima-recebeu-iniciativa-a-descoberta-dos-900-anos-de-foral-de-ponte-de-lima\/","name":"Expolima recebeu iniciativa \u201c\u00c0 descoberta dos 900 anos de Foral de Ponte de Lima\u201d","isPartOf":{"@id":"https:\/\/www.altominho.tv\/site\/#website"},"primaryImageOfPage":{"@id":"https:\/\/www.altominho.tv\/site\/2025\/03\/11\/expolima-recebeu-iniciativa-a-descoberta-dos-900-anos-de-foral-de-ponte-de-lima\/#primaryimage"},"image":{"@id":"https:\/\/www.altominho.tv\/site\/2025\/03\/11\/expolima-recebeu-iniciativa-a-descoberta-dos-900-anos-de-foral-de-ponte-de-lima\/#primaryimage"},"thumbnailUrl":"https:\/\/www.altominho.tv\/site\/wp-content\/uploads\/2025\/03\/expolima-900-anos-foral.jpg","datePublished":"2025-03-11T09:32:03+00:00","dateModified":"2025-03-11T09:32:05+00:00","author":{"@id":"https:\/\/www.altominho.tv\/site\/#\/schema\/person\/4e536851627d7914baf3dac752b6af22"},"description":"No \u00e2mbito das comemora\u00e7\u00f5es dos 900 anos do Foral de Ponte de Lima 1125-2025, realizou-se nos dias 6 e 7 de mar\u00e7o de 2025, no Pavilh\u00e3o de Feiras e Exposi\u00e7\u00f5es \u2013 Expolima, a iniciativa \u201c\u00c0 descoberta dos 900 anos de Foral de Ponte de Lima\u201d.","breadcrumb":{"@id":"https:\/\/www.altominho.tv\/site\/2025\/03\/11\/expolima-recebeu-iniciativa-a-descoberta-dos-900-anos-de-foral-de-ponte-de-lima\/#breadcrumb"},"inLanguage":"pt-PT","potentialAction":[{"@type":"ReadAction","target":["https:\/\/www.altominho.tv\/site\/2025\/03\/11\/expolima-recebeu-iniciativa-a-descoberta-dos-900-anos-de-foral-de-ponte-de-lima\/"]}]},{"@type":"ImageObject","inLanguage":"pt-PT","@id":"https:\/\/www.altominho.tv\/site\/2025\/03\/11\/expolima-recebeu-iniciativa-a-descoberta-dos-900-anos-de-foral-de-ponte-de-lima\/#primaryimage","url":"https:\/\/www.altominho.tv\/site\/wp-content\/uploads\/2025\/03\/expolima-900-anos-foral.jpg","contentUrl":"https:\/\/www.altominho.tv\/site\/wp-content\/uploads\/2025\/03\/expolima-900-anos-foral.jpg","width":1200,"height":630},{"@type":"BreadcrumbList","@id":"https:\/\/www.altominho.tv\/site\/2025\/03\/11\/expolima-recebeu-iniciativa-a-descoberta-dos-900-anos-de-foral-de-ponte-de-lima\/#breadcrumb","itemListElement":[{"@type":"ListItem","position":1,"name":"In\u00edcio","item":"https:\/\/www.altominho.tv\/site\/"},{"@type":"ListItem","position":2,"name":"Expolima recebeu iniciativa \u201c\u00c0 descoberta dos 900 anos de Foral de Ponte de Lima\u201d"}]},{"@type":"WebSite","@id":"https:\/\/www.altominho.tv\/site\/#website","url":"https:\/\/www.altominho.tv\/site\/","name":"Altominho.tv","description":"A sua regi\u00e3o \u00e0 dist\u00e2ncia de um clique...","potentialAction":[{"@type":"SearchAction","target":{"@type":"EntryPoint","urlTemplate":"https:\/\/www.altominho.tv\/site\/?s={search_term_string}"},"query-input":{"@type":"PropertyValueSpecification","valueRequired":true,"valueName":"search_term_string"}}],"inLanguage":"pt-PT"},{"@type":"Person","@id":"https:\/\/www.altominho.tv\/site\/#\/schema\/person\/4e536851627d7914baf3dac752b6af22","name":"Altominho.tv","image":{"@type":"ImageObject","inLanguage":"pt-PT","@id":"https:\/\/www.altominho.tv\/site\/wp-content\/uploads\/2019\/11\/Logo_Avatar_2-150x150.jpg","url":"https:\/\/www.altominho.tv\/site\/wp-content\/uploads\/2019\/11\/Logo_Avatar_2-150x150.jpg","contentUrl":"https:\/\/www.altominho.tv\/site\/wp-content\/uploads\/2019\/11\/Logo_Avatar_2-150x150.jpg","caption":"Altominho.tv"},"url":"https:\/\/www.altominho.tv\/site\/author\/altominhotv-tecnico\/"}]}},"_links":{"self":[{"href":"https:\/\/www.altominho.tv\/site\/wp-json\/wp\/v2\/posts\/115678","targetHints":{"allow":["GET"]}}],"collection":[{"href":"https:\/\/www.altominho.tv\/site\/wp-json\/wp\/v2\/posts"}],"about":[{"href":"https:\/\/www.altominho.tv\/site\/wp-json\/wp\/v2\/types\/post"}],"author":[{"embeddable":true,"href":"https:\/\/www.altominho.tv\/site\/wp-json\/wp\/v2\/users\/1"}],"replies":[{"embeddable":true,"href":"https:\/\/www.altominho.tv\/site\/wp-json\/wp\/v2\/comments?post=115678"}],"version-history":[{"count":1,"href":"https:\/\/www.altominho.tv\/site\/wp-json\/wp\/v2\/posts\/115678\/revisions"}],"predecessor-version":[{"id":115680,"href":"https:\/\/www.altominho.tv\/site\/wp-json\/wp\/v2\/posts\/115678\/revisions\/115680"}],"wp:featuredmedia":[{"embeddable":true,"href":"https:\/\/www.altominho.tv\/site\/wp-json\/wp\/v2\/media\/115679"}],"wp:attachment":[{"href":"https:\/\/www.altominho.tv\/site\/wp-json\/wp\/v2\/media?parent=115678"}],"wp:term":[{"taxonomy":"category","embeddable":true,"href":"https:\/\/www.altominho.tv\/site\/wp-json\/wp\/v2\/categories?post=115678"},{"taxonomy":"post_tag","embeddable":true,"href":"https:\/\/www.altominho.tv\/site\/wp-json\/wp\/v2\/tags?post=115678"}],"curies":[{"name":"wp","href":"https:\/\/api.w.org\/{rel}","templated":true}]}}