{"id":115590,"date":"2025-03-08T11:51:04","date_gmt":"2025-03-08T11:51:04","guid":{"rendered":"https:\/\/www.altominho.tv\/site\/?p=115590"},"modified":"2025-03-08T11:51:06","modified_gmt":"2025-03-08T11:51:06","slug":"cerveira-saudavel-2025propoe-10-caminhadas","status":"publish","type":"post","link":"https:\/\/www.altominho.tv\/site\/2025\/03\/08\/cerveira-saudavel-2025propoe-10-caminhadas\/","title":{"rendered":"\u00b4Cerveira Saud\u00e1vel 2025`prop\u00f5e 10 caminhadas"},"content":{"rendered":"\n<p><\/p>\n\n\n<p>A edi\u00e7\u00e3o 2025 do \u2018Cerveira Saud\u00e1vel\u2019 prop\u00f5e 10 caminhadas e umas F\u00e9rias Ativas &#8211; Vers\u00e3o Fam\u00edlia entre 16 de mar\u00e7o e 9 de novembro. Cada atividade surge associada \u00e0 comemora\u00e7\u00e3o de uma efem\u00e9ride e culmina com um lanche saud\u00e1vel apetrechado de produtos locais.<\/p>\n<p>As 10 caminhadas, realizadas em trilhos naturais e culturais, n\u00e3o s\u00f3 promovem o bem-estar f\u00edsico e mental, mas tamb\u00e9m sensibilizam para a import\u00e2ncia da preserva\u00e7\u00e3o da biodiversidade e do patrim\u00f3nio local, com tr\u00eas delas a incutir o esp\u00edrito solid\u00e1rio, nomeadamente com apoio \u00e0 Liga Portuguesa Contra o Cancro e aos Bombeiros Volunt\u00e1rios de Vila Nova de Cerveira.<\/p>\n<p>A primeira atividade est\u00e1 agendada para 16 de mar\u00e7o, com a \u2018Caminhada da Primavera\u2019 (7kms); segue-se a 6 de abril, a caminhada (6kms) \u2018Nogueira Solid\u00e1ria\u2019, cujo valor de inscri\u00e7\u00e3o (5\u20ac) reverte a favor dos Bombeiros Volunt\u00e1rios de Vila Nova de Cerveira; a 18 de maio, caminhada (6kms) para assinalar o Dia Internacional dos Museus; no dia 31 de maio, a caminhada (6kms) \u2018Cuidar do Cora\u00e7\u00e3o\u2019, com inscri\u00e7\u00e3o de 5\u20ac a reverter a favor dos Bombeiros Volunt\u00e1rios de Vila Nova de Cerveira. Em julho, no dia 27, est\u00e1 prevista uma caminhada (12kms) para assinalar o Dia de Santiago, e no dia 30, a caminhada (6kms), \u2018Marcha \u00e0 Montanha\u2019.<\/p>\n<p>Com interregno no m\u00eas de agosto, a calendariza\u00e7\u00e3o do \u2018Cerveira Suad\u00e1vel\u201925 prossegue dia 14 de setembro, com a Caminhada a favor da Liga Portuguesa Contra o Cancro &#8211; NRN (6kms), com uma inscri\u00e7\u00e3o de 5\u20ac a reverter dessa entidade; em outubro, no dia 12, h\u00e1 a caminhada (12kms) \u2018Trilho do Moinhos\u2019 e, no dia 19, a caminhada (5kms) para assinalar o Dia Nacional dos Bens Culturais da Igreja. A \u00faltima atividade da edi\u00e7\u00e3o 2025 deste projeto acontece a 9 de novembro, com a caminhada (12kms) \u2018Trilho do Castro de Pagade\u2019. Ao conjunto de caminhadas, este ano acrescentou-se uma atividade mais alargada de tr\u00eas dias (11 a 13 de julho), denominada \u2018F\u00e9rias Ativas Vers\u00e3o Fam\u00edlia\u2019 com passeios e diversas atividades l\u00fadicas na Natureza em contexto familiar, na Quinta de Pentieiros &#8211; Lagoas de Bertiandos.<\/p>\n<p>&#8220;Tendo na g\u00e9nese a preocupa\u00e7\u00e3o com a sa\u00fade, atrav\u00e9s da ado\u00e7\u00e3o de um estilo de vida saud\u00e1vel, um dos elementos diferenciadores do Cerveira Saud\u00e1vel\u201925 incide na valoriza\u00e7\u00e3o dos produtos locais, incentivado a um consumo respons\u00e1vel e de apoio \u00e0 produ\u00e7\u00e3o regional. Durante os percursos, os participantes v\u00e3o contatar diretamente com a natureza e com os produtores locais, promovendo o consumo de alimentos sazonais, frescos e de proximidade, reduzindo a pegada ecol\u00f3gica&#8221;, refere a autarquia.<\/p>\n<p>Esta iniciativa \u00e9 dinamizada pela C\u00e2mara Municipal de Vila Nova de Cerveira, em parceria com as Juntas de Freguesia, o Clube Celtas do Minho, o Citius Fit, a Farm\u00e1cia Cerqueira e a LPCC-NRN.<\/p>\n<p>Gratuita ou com valor simb\u00f3lico a reverter para entidades de cariz social, a participa\u00e7\u00e3o carece sempre de inscri\u00e7\u00e3o atrav\u00e9s do link:\u00a0<a href=\"https:\/\/bit.ly\/CerveiraSaud%C3%A1vel2025\" target=\"_blank\" rel=\"noopener\" data-saferedirecturl=\"https:\/\/www.google.com\/url?q=https:\/\/bit.ly\/CerveiraSaud%C3%A1vel2025&amp;source=gmail&amp;ust=1741519881592000&amp;usg=AOvVaw2CjhqWnt2oJ5OlB4Y24YP1\">https:\/\/bit.ly\/<wbr \/>CerveiraSaud\u00e1vel2025<\/a><\/p>","protected":false},"excerpt":{"rendered":"<p>A edi\u00e7\u00e3o 2025 do \u2018Cerveira Saud\u00e1vel\u2019 prop\u00f5e 10 caminhadas e umas F\u00e9rias Ativas &#8211; Vers\u00e3o Fam\u00edlia entre 16 de mar\u00e7o e 9 de novembro. Cada atividade surge associada \u00e0 comemora\u00e7\u00e3o de uma efem\u00e9ride e culmina com um lanche saud\u00e1vel apetrechado de produtos locais. As 10 caminhadas, realizadas em trilhos naturais e culturais, n\u00e3o s\u00f3 promovem [&hellip;]<\/p>\n","protected":false},"author":1,"featured_media":115591,"comment_status":"closed","ping_status":"closed","sticky":false,"template":"","format":"standard","meta":{"_exactmetrics_skip_tracking":false,"_exactmetrics_sitenote_active":false,"_exactmetrics_sitenote_note":"","_exactmetrics_sitenote_category":0,"footnotes":""},"categories":[15],"tags":[20],"class_list":["post-115590","post","type-post","status-publish","format-standard","has-post-thumbnail","hentry","category-vila-nova-de-cerveira","tag-desporto"],"yoast_head":"<!-- This site is optimized with the Yoast SEO Premium plugin v27.5 (Yoast SEO v27.5) - https:\/\/yoast.com\/product\/yoast-seo-premium-wordpress\/ -->\n<title>\u00b4Cerveira Saud\u00e1vel 2025`prop\u00f5e 10 caminhadas<\/title>\n<meta name=\"description\" content=\"A edi\u00e7\u00e3o 2025 do \u2018Cerveira Saud\u00e1vel\u2019 prop\u00f5e 10 caminhadas e umas F\u00e9rias Ativas - Vers\u00e3o Fam\u00edlia entre 16 de mar\u00e7o e 9 de novembro.\" \/>\n<meta name=\"robots\" content=\"index, follow, max-snippet:-1, max-image-preview:large, max-video-preview:-1\" \/>\n<link rel=\"canonical\" href=\"https:\/\/www.altominho.tv\/site\/2025\/03\/08\/cerveira-saudavel-2025propoe-10-caminhadas\/\" \/>\n<meta property=\"og:locale\" content=\"pt_PT\" \/>\n<meta property=\"og:type\" content=\"article\" \/>\n<meta property=\"og:title\" content=\"\u00b4Cerveira Saud\u00e1vel 2025`prop\u00f5e 10 caminhadas\" \/>\n<meta property=\"og:description\" content=\"A edi\u00e7\u00e3o 2025 do \u2018Cerveira Saud\u00e1vel\u2019 prop\u00f5e 10 caminhadas e umas F\u00e9rias Ativas - Vers\u00e3o Fam\u00edlia entre 16 de mar\u00e7o e 9 de novembro.\" \/>\n<meta property=\"og:url\" content=\"https:\/\/www.altominho.tv\/site\/2025\/03\/08\/cerveira-saudavel-2025propoe-10-caminhadas\/\" \/>\n<meta property=\"og:site_name\" content=\"Altominho.tv\" \/>\n<meta property=\"article:publisher\" content=\"https:\/\/www.facebook.com\/altominhotv\" \/>\n<meta property=\"article:published_time\" content=\"2025-03-08T11:51:04+00:00\" \/>\n<meta property=\"article:modified_time\" content=\"2025-03-08T11:51:06+00:00\" \/>\n<meta property=\"og:image\" content=\"https:\/\/www.altominho.tv\/site\/wp-content\/uploads\/2025\/03\/caminhada.jpg\" \/>\n\t<meta property=\"og:image:width\" content=\"1200\" \/>\n\t<meta property=\"og:image:height\" content=\"630\" \/>\n\t<meta property=\"og:image:type\" content=\"image\/jpeg\" \/>\n<meta name=\"author\" content=\"Altominho.tv\" \/>\n<meta name=\"twitter:card\" content=\"summary_large_image\" \/>\n<meta name=\"twitter:creator\" content=\"@altominhoTV\" \/>\n<meta name=\"twitter:site\" content=\"@altominhoTV\" \/>\n<meta name=\"twitter:label1\" content=\"Escrito por\" \/>\n\t<meta name=\"twitter:data1\" content=\"Altominho.tv\" \/>\n\t<meta name=\"twitter:label2\" content=\"Tempo estimado de leitura\" \/>\n\t<meta name=\"twitter:data2\" content=\"3 minutos\" \/>\n<script type=\"application\/ld+json\" class=\"yoast-schema-graph\">{\"@context\":\"https:\\\/\\\/schema.org\",\"@graph\":[{\"@type\":\"Article\",\"@id\":\"https:\\\/\\\/www.altominho.tv\\\/site\\\/2025\\\/03\\\/08\\\/cerveira-saudavel-2025propoe-10-caminhadas\\\/#article\",\"isPartOf\":{\"@id\":\"https:\\\/\\\/www.altominho.tv\\\/site\\\/2025\\\/03\\\/08\\\/cerveira-saudavel-2025propoe-10-caminhadas\\\/\"},\"author\":{\"name\":\"Altominho.tv\",\"@id\":\"https:\\\/\\\/www.altominho.tv\\\/site\\\/#\\\/schema\\\/person\\\/4e536851627d7914baf3dac752b6af22\"},\"headline\":\"\u00b4Cerveira Saud\u00e1vel 2025`prop\u00f5e 10 caminhadas\",\"datePublished\":\"2025-03-08T11:51:04+00:00\",\"dateModified\":\"2025-03-08T11:51:06+00:00\",\"mainEntityOfPage\":{\"@id\":\"https:\\\/\\\/www.altominho.tv\\\/site\\\/2025\\\/03\\\/08\\\/cerveira-saudavel-2025propoe-10-caminhadas\\\/\"},\"wordCount\":508,\"image\":{\"@id\":\"https:\\\/\\\/www.altominho.tv\\\/site\\\/2025\\\/03\\\/08\\\/cerveira-saudavel-2025propoe-10-caminhadas\\\/#primaryimage\"},\"thumbnailUrl\":\"https:\\\/\\\/www.altominho.tv\\\/site\\\/wp-content\\\/uploads\\\/2025\\\/03\\\/caminhada.jpg\",\"keywords\":[\"Desporto\"],\"articleSection\":[\"Vila Nova de Cerveira\"],\"inLanguage\":\"pt-PT\",\"copyrightYear\":\"2025\",\"copyrightHolder\":{\"@id\":\"https:\\\/\\\/www.altominho.tv\\\/site\\\/#organization\"}},{\"@type\":\"WebPage\",\"@id\":\"https:\\\/\\\/www.altominho.tv\\\/site\\\/2025\\\/03\\\/08\\\/cerveira-saudavel-2025propoe-10-caminhadas\\\/\",\"url\":\"https:\\\/\\\/www.altominho.tv\\\/site\\\/2025\\\/03\\\/08\\\/cerveira-saudavel-2025propoe-10-caminhadas\\\/\",\"name\":\"\u00b4Cerveira Saud\u00e1vel 2025`prop\u00f5e 10 caminhadas\",\"isPartOf\":{\"@id\":\"https:\\\/\\\/www.altominho.tv\\\/site\\\/#website\"},\"primaryImageOfPage\":{\"@id\":\"https:\\\/\\\/www.altominho.tv\\\/site\\\/2025\\\/03\\\/08\\\/cerveira-saudavel-2025propoe-10-caminhadas\\\/#primaryimage\"},\"image\":{\"@id\":\"https:\\\/\\\/www.altominho.tv\\\/site\\\/2025\\\/03\\\/08\\\/cerveira-saudavel-2025propoe-10-caminhadas\\\/#primaryimage\"},\"thumbnailUrl\":\"https:\\\/\\\/www.altominho.tv\\\/site\\\/wp-content\\\/uploads\\\/2025\\\/03\\\/caminhada.jpg\",\"datePublished\":\"2025-03-08T11:51:04+00:00\",\"dateModified\":\"2025-03-08T11:51:06+00:00\",\"author\":{\"@id\":\"https:\\\/\\\/www.altominho.tv\\\/site\\\/#\\\/schema\\\/person\\\/4e536851627d7914baf3dac752b6af22\"},\"description\":\"A edi\u00e7\u00e3o 2025 do \u2018Cerveira Saud\u00e1vel\u2019 prop\u00f5e 10 caminhadas e umas F\u00e9rias Ativas - Vers\u00e3o Fam\u00edlia entre 16 de mar\u00e7o e 9 de novembro.\",\"breadcrumb\":{\"@id\":\"https:\\\/\\\/www.altominho.tv\\\/site\\\/2025\\\/03\\\/08\\\/cerveira-saudavel-2025propoe-10-caminhadas\\\/#breadcrumb\"},\"inLanguage\":\"pt-PT\",\"potentialAction\":[{\"@type\":\"ReadAction\",\"target\":[\"https:\\\/\\\/www.altominho.tv\\\/site\\\/2025\\\/03\\\/08\\\/cerveira-saudavel-2025propoe-10-caminhadas\\\/\"]}]},{\"@type\":\"ImageObject\",\"inLanguage\":\"pt-PT\",\"@id\":\"https:\\\/\\\/www.altominho.tv\\\/site\\\/2025\\\/03\\\/08\\\/cerveira-saudavel-2025propoe-10-caminhadas\\\/#primaryimage\",\"url\":\"https:\\\/\\\/www.altominho.tv\\\/site\\\/wp-content\\\/uploads\\\/2025\\\/03\\\/caminhada.jpg\",\"contentUrl\":\"https:\\\/\\\/www.altominho.tv\\\/site\\\/wp-content\\\/uploads\\\/2025\\\/03\\\/caminhada.jpg\",\"width\":1200,\"height\":630},{\"@type\":\"BreadcrumbList\",\"@id\":\"https:\\\/\\\/www.altominho.tv\\\/site\\\/2025\\\/03\\\/08\\\/cerveira-saudavel-2025propoe-10-caminhadas\\\/#breadcrumb\",\"itemListElement\":[{\"@type\":\"ListItem\",\"position\":1,\"name\":\"In\u00edcio\",\"item\":\"https:\\\/\\\/www.altominho.tv\\\/site\\\/\"},{\"@type\":\"ListItem\",\"position\":2,\"name\":\"\u00b4Cerveira Saud\u00e1vel 2025`prop\u00f5e 10 caminhadas\"}]},{\"@type\":\"WebSite\",\"@id\":\"https:\\\/\\\/www.altominho.tv\\\/site\\\/#website\",\"url\":\"https:\\\/\\\/www.altominho.tv\\\/site\\\/\",\"name\":\"Altominho.tv\",\"description\":\"A sua regi\u00e3o \u00e0 dist\u00e2ncia de um clique...\",\"potentialAction\":[{\"@type\":\"SearchAction\",\"target\":{\"@type\":\"EntryPoint\",\"urlTemplate\":\"https:\\\/\\\/www.altominho.tv\\\/site\\\/?s={search_term_string}\"},\"query-input\":{\"@type\":\"PropertyValueSpecification\",\"valueRequired\":true,\"valueName\":\"search_term_string\"}}],\"inLanguage\":\"pt-PT\"},{\"@type\":\"Person\",\"@id\":\"https:\\\/\\\/www.altominho.tv\\\/site\\\/#\\\/schema\\\/person\\\/4e536851627d7914baf3dac752b6af22\",\"name\":\"Altominho.tv\",\"image\":{\"@type\":\"ImageObject\",\"inLanguage\":\"pt-PT\",\"@id\":\"https:\\\/\\\/www.altominho.tv\\\/site\\\/wp-content\\\/uploads\\\/2019\\\/11\\\/Logo_Avatar_2-150x150.jpg\",\"url\":\"https:\\\/\\\/www.altominho.tv\\\/site\\\/wp-content\\\/uploads\\\/2019\\\/11\\\/Logo_Avatar_2-150x150.jpg\",\"contentUrl\":\"https:\\\/\\\/www.altominho.tv\\\/site\\\/wp-content\\\/uploads\\\/2019\\\/11\\\/Logo_Avatar_2-150x150.jpg\",\"caption\":\"Altominho.tv\"},\"url\":\"https:\\\/\\\/www.altominho.tv\\\/site\\\/author\\\/altominhotv-tecnico\\\/\"}]}<\/script>\n<!-- \/ Yoast SEO Premium plugin. -->","yoast_head_json":{"title":"\u00b4Cerveira Saud\u00e1vel 2025`prop\u00f5e 10 caminhadas","description":"A edi\u00e7\u00e3o 2025 do \u2018Cerveira Saud\u00e1vel\u2019 prop\u00f5e 10 caminhadas e umas F\u00e9rias Ativas - Vers\u00e3o Fam\u00edlia entre 16 de mar\u00e7o e 9 de novembro.","robots":{"index":"index","follow":"follow","max-snippet":"max-snippet:-1","max-image-preview":"max-image-preview:large","max-video-preview":"max-video-preview:-1"},"canonical":"https:\/\/www.altominho.tv\/site\/2025\/03\/08\/cerveira-saudavel-2025propoe-10-caminhadas\/","og_locale":"pt_PT","og_type":"article","og_title":"\u00b4Cerveira Saud\u00e1vel 2025`prop\u00f5e 10 caminhadas","og_description":"A edi\u00e7\u00e3o 2025 do \u2018Cerveira Saud\u00e1vel\u2019 prop\u00f5e 10 caminhadas e umas F\u00e9rias Ativas - Vers\u00e3o Fam\u00edlia entre 16 de mar\u00e7o e 9 de novembro.","og_url":"https:\/\/www.altominho.tv\/site\/2025\/03\/08\/cerveira-saudavel-2025propoe-10-caminhadas\/","og_site_name":"Altominho.tv","article_publisher":"https:\/\/www.facebook.com\/altominhotv","article_published_time":"2025-03-08T11:51:04+00:00","article_modified_time":"2025-03-08T11:51:06+00:00","og_image":[{"width":1200,"height":630,"url":"https:\/\/www.altominho.tv\/site\/wp-content\/uploads\/2025\/03\/caminhada.jpg","type":"image\/jpeg"}],"author":"Altominho.tv","twitter_card":"summary_large_image","twitter_creator":"@altominhoTV","twitter_site":"@altominhoTV","twitter_misc":{"Escrito por":"Altominho.tv","Tempo estimado de leitura":"3 minutos"},"schema":{"@context":"https:\/\/schema.org","@graph":[{"@type":"Article","@id":"https:\/\/www.altominho.tv\/site\/2025\/03\/08\/cerveira-saudavel-2025propoe-10-caminhadas\/#article","isPartOf":{"@id":"https:\/\/www.altominho.tv\/site\/2025\/03\/08\/cerveira-saudavel-2025propoe-10-caminhadas\/"},"author":{"name":"Altominho.tv","@id":"https:\/\/www.altominho.tv\/site\/#\/schema\/person\/4e536851627d7914baf3dac752b6af22"},"headline":"\u00b4Cerveira Saud\u00e1vel 2025`prop\u00f5e 10 caminhadas","datePublished":"2025-03-08T11:51:04+00:00","dateModified":"2025-03-08T11:51:06+00:00","mainEntityOfPage":{"@id":"https:\/\/www.altominho.tv\/site\/2025\/03\/08\/cerveira-saudavel-2025propoe-10-caminhadas\/"},"wordCount":508,"image":{"@id":"https:\/\/www.altominho.tv\/site\/2025\/03\/08\/cerveira-saudavel-2025propoe-10-caminhadas\/#primaryimage"},"thumbnailUrl":"https:\/\/www.altominho.tv\/site\/wp-content\/uploads\/2025\/03\/caminhada.jpg","keywords":["Desporto"],"articleSection":["Vila Nova de Cerveira"],"inLanguage":"pt-PT","copyrightYear":"2025","copyrightHolder":{"@id":"https:\/\/www.altominho.tv\/site\/#organization"}},{"@type":"WebPage","@id":"https:\/\/www.altominho.tv\/site\/2025\/03\/08\/cerveira-saudavel-2025propoe-10-caminhadas\/","url":"https:\/\/www.altominho.tv\/site\/2025\/03\/08\/cerveira-saudavel-2025propoe-10-caminhadas\/","name":"\u00b4Cerveira Saud\u00e1vel 2025`prop\u00f5e 10 caminhadas","isPartOf":{"@id":"https:\/\/www.altominho.tv\/site\/#website"},"primaryImageOfPage":{"@id":"https:\/\/www.altominho.tv\/site\/2025\/03\/08\/cerveira-saudavel-2025propoe-10-caminhadas\/#primaryimage"},"image":{"@id":"https:\/\/www.altominho.tv\/site\/2025\/03\/08\/cerveira-saudavel-2025propoe-10-caminhadas\/#primaryimage"},"thumbnailUrl":"https:\/\/www.altominho.tv\/site\/wp-content\/uploads\/2025\/03\/caminhada.jpg","datePublished":"2025-03-08T11:51:04+00:00","dateModified":"2025-03-08T11:51:06+00:00","author":{"@id":"https:\/\/www.altominho.tv\/site\/#\/schema\/person\/4e536851627d7914baf3dac752b6af22"},"description":"A edi\u00e7\u00e3o 2025 do \u2018Cerveira Saud\u00e1vel\u2019 prop\u00f5e 10 caminhadas e umas F\u00e9rias Ativas - Vers\u00e3o Fam\u00edlia entre 16 de mar\u00e7o e 9 de novembro.","breadcrumb":{"@id":"https:\/\/www.altominho.tv\/site\/2025\/03\/08\/cerveira-saudavel-2025propoe-10-caminhadas\/#breadcrumb"},"inLanguage":"pt-PT","potentialAction":[{"@type":"ReadAction","target":["https:\/\/www.altominho.tv\/site\/2025\/03\/08\/cerveira-saudavel-2025propoe-10-caminhadas\/"]}]},{"@type":"ImageObject","inLanguage":"pt-PT","@id":"https:\/\/www.altominho.tv\/site\/2025\/03\/08\/cerveira-saudavel-2025propoe-10-caminhadas\/#primaryimage","url":"https:\/\/www.altominho.tv\/site\/wp-content\/uploads\/2025\/03\/caminhada.jpg","contentUrl":"https:\/\/www.altominho.tv\/site\/wp-content\/uploads\/2025\/03\/caminhada.jpg","width":1200,"height":630},{"@type":"BreadcrumbList","@id":"https:\/\/www.altominho.tv\/site\/2025\/03\/08\/cerveira-saudavel-2025propoe-10-caminhadas\/#breadcrumb","itemListElement":[{"@type":"ListItem","position":1,"name":"In\u00edcio","item":"https:\/\/www.altominho.tv\/site\/"},{"@type":"ListItem","position":2,"name":"\u00b4Cerveira Saud\u00e1vel 2025`prop\u00f5e 10 caminhadas"}]},{"@type":"WebSite","@id":"https:\/\/www.altominho.tv\/site\/#website","url":"https:\/\/www.altominho.tv\/site\/","name":"Altominho.tv","description":"A sua regi\u00e3o \u00e0 dist\u00e2ncia de um clique...","potentialAction":[{"@type":"SearchAction","target":{"@type":"EntryPoint","urlTemplate":"https:\/\/www.altominho.tv\/site\/?s={search_term_string}"},"query-input":{"@type":"PropertyValueSpecification","valueRequired":true,"valueName":"search_term_string"}}],"inLanguage":"pt-PT"},{"@type":"Person","@id":"https:\/\/www.altominho.tv\/site\/#\/schema\/person\/4e536851627d7914baf3dac752b6af22","name":"Altominho.tv","image":{"@type":"ImageObject","inLanguage":"pt-PT","@id":"https:\/\/www.altominho.tv\/site\/wp-content\/uploads\/2019\/11\/Logo_Avatar_2-150x150.jpg","url":"https:\/\/www.altominho.tv\/site\/wp-content\/uploads\/2019\/11\/Logo_Avatar_2-150x150.jpg","contentUrl":"https:\/\/www.altominho.tv\/site\/wp-content\/uploads\/2019\/11\/Logo_Avatar_2-150x150.jpg","caption":"Altominho.tv"},"url":"https:\/\/www.altominho.tv\/site\/author\/altominhotv-tecnico\/"}]}},"_links":{"self":[{"href":"https:\/\/www.altominho.tv\/site\/wp-json\/wp\/v2\/posts\/115590","targetHints":{"allow":["GET"]}}],"collection":[{"href":"https:\/\/www.altominho.tv\/site\/wp-json\/wp\/v2\/posts"}],"about":[{"href":"https:\/\/www.altominho.tv\/site\/wp-json\/wp\/v2\/types\/post"}],"author":[{"embeddable":true,"href":"https:\/\/www.altominho.tv\/site\/wp-json\/wp\/v2\/users\/1"}],"replies":[{"embeddable":true,"href":"https:\/\/www.altominho.tv\/site\/wp-json\/wp\/v2\/comments?post=115590"}],"version-history":[{"count":1,"href":"https:\/\/www.altominho.tv\/site\/wp-json\/wp\/v2\/posts\/115590\/revisions"}],"predecessor-version":[{"id":115592,"href":"https:\/\/www.altominho.tv\/site\/wp-json\/wp\/v2\/posts\/115590\/revisions\/115592"}],"wp:featuredmedia":[{"embeddable":true,"href":"https:\/\/www.altominho.tv\/site\/wp-json\/wp\/v2\/media\/115591"}],"wp:attachment":[{"href":"https:\/\/www.altominho.tv\/site\/wp-json\/wp\/v2\/media?parent=115590"}],"wp:term":[{"taxonomy":"category","embeddable":true,"href":"https:\/\/www.altominho.tv\/site\/wp-json\/wp\/v2\/categories?post=115590"},{"taxonomy":"post_tag","embeddable":true,"href":"https:\/\/www.altominho.tv\/site\/wp-json\/wp\/v2\/tags?post=115590"}],"curies":[{"name":"wp","href":"https:\/\/api.w.org\/{rel}","templated":true}]}}