{"id":11553,"date":"2018-04-08T20:07:05","date_gmt":"2018-04-08T19:07:05","guid":{"rendered":"http:\/\/www.altominho.tv\/site\/?p=11553"},"modified":"2018-04-08T20:07:05","modified_gmt":"2018-04-08T19:07:05","slug":"feira-medieval-de-2018-privilegia-vocacao-maritima-e-fluvial-do-territorio","status":"publish","type":"post","link":"https:\/\/www.altominho.tv\/site\/2018\/04\/08\/feira-medieval-de-2018-privilegia-vocacao-maritima-e-fluvial-do-territorio\/","title":{"rendered":"Feira medieval de 2018 privilegia voca\u00e7\u00e3o mar\u00edtima e fluvial do territ\u00f3rio"},"content":{"rendered":"<p>&#8220;Caminha, a Navega\u00e7\u00e3o e seus Of\u00edcios&#8221; \u00e9 o tema deste ano da Feira Medieval. O certame decorre entre os dias 25 e 29 de julho, enchendo as ruas do casco hist\u00f3rico de anima\u00e7\u00e3o e colorido. Como \u00e9 habitual, o evento permitir\u00e1 aos milhares e visitantes que s\u00e3o esperados fazer uma viagem no tempo, desta vez tendo o elemento \u00e1gua como o grande agregador, vincando-se assim a posi\u00e7\u00e3o territorial e as fronteiras de \u00e1gua, que ditaram \u00e0 Vila uma voca\u00e7\u00e3o tripartida: pesca costeira e fluvial, transporte entre margens e navega\u00e7\u00e3o.<\/p>\n<p>Come\u00e7aram os preparativos para cinco dias de magia no casco hist\u00f3rico da Vila de Caminha, nomeadamente a Rua Ricardo Joaquim de Sousa (Rua Direita), Largo do Turismo, Largo da Igreja Matriz, Largo Calouste Gulbenkian, Largo Fetal Carneiro, Rua D. Nuno \u00c1lvares Pereira, Rua 16 de setembro, Pra\u00e7a Conselheiro Silva Torres, Rua Visconde Sousa Rego, Rua de S\u00e3o Jo\u00e3o, Rua da Corredoura e outras ruas que, pela poss\u00edvel envolv\u00eancia de v\u00e1rios caminhenses, poder\u00e3o vir a ser inclu\u00eddas na Feira Medieval.<\/p>\n<p>Sempre com uma tem\u00e1tica diferente, a decis\u00e3o para este ano privilegiou o elemento \u00e1gua e a sua rela\u00e7\u00e3o de muitos s\u00e9culos com a Vila de Caminha. A dinamiza\u00e7\u00e3o que esta proximidade provocava no territ\u00f3rio da Caminha medieval \u00e9 uma das descobertas a realizar no certame, pois, &#8220;se na cerca medieval se concentravam nobres e burgueses, a maior parte dos homens do Mar e do Rio dispersava-se, principalmente, nas Ruas do Vau e da Miseric\u00f3rdia. Em proximidade e complementaridade sazonal, trabalhavam os of\u00edcios de pesca de rio (mestres e pescadores de barcos saveiros e lampreeiros, marinheiros de rio adentro ou de fisga) com os of\u00edcios de pesca costeira (mestres de lanchas e de pina\u00e7as, pescadores, marinheiros e cordoeiros)&#8221;.<\/p>\n<p>\u00c0s artes da navega\u00e7\u00e3o, seja de longo curso ou de cabotagem, associam-se, por outro lado, figuras como a do capit\u00e3o das naus ou caravelas, mestres, mareantes, marinhagem, grumetes, enquanto no areal protegido virado ao norte, trabalhavam carpinteiros e calafates na az\u00e1fama da constru\u00e7\u00e3o naval.<\/p>\n<p>J\u00e1 no Cais, agitavam-se barqueiros e carreteiros que faziam o transporte entre as margens dos rios. Caldeireiros, tanoeiros, serralheiros, ferreiros, armeiros forneciam materiais, enquanto os grandes mercadores (de panos, sal, vinhos, frutos secos, couro, cal\u00e7ado) tratavam dos seus neg\u00f3cios. Outros oficiais prestavam servi\u00e7os diretos ou indiretos \u00e0s diversas artes, salientando-se os sacadores ou mamposteiros de cativos, v\u00edtimas de corso ou da pirataria, atrav\u00e9s do resgaste monet\u00e1rio nos grandes mercados de escravos.<\/p>\n<p>S\u00e3o muitas as inspira\u00e7\u00f5es de que a Feira Medieval vai tirar partido este ver\u00e3o e muitas tamb\u00e9m as novidades que por Caminha v\u00e3o estar \u00e0 disposi\u00e7\u00e3o do p\u00fablico l\u00e1 mais para finais de julho, tudo por um grande objetivo, a &#8220;recria\u00e7\u00e3o de um ambiente medieval atrav\u00e9s do com\u00e9rcio, das artes, of\u00edcios, divertimentos, sabores e h\u00e1bitos alimentares da Idade M\u00e9dia. No ano de 1291. A vila de Caminha \u00e9 detentora de um centro hist\u00f3rico de grande riqueza patrimonial, cuja configura\u00e7\u00e3o remonta \u00e0 \u00e9poca medieval, e que a C\u00e2mara Municipal de Caminha pretende valorizar, potenciar e promover&#8221;.<\/p>\n","protected":false},"excerpt":{"rendered":"<p>&#8220;Caminha, a Navega\u00e7\u00e3o e seus Of\u00edcios&#8221; \u00e9 o tema deste ano da Feira Medieval. O certame decorre entre os dias 25 e 29 de julho, enchendo as ruas do casco hist\u00f3rico de anima\u00e7\u00e3o e colorido. Como \u00e9 habitual, o evento permitir\u00e1 aos milhares e visitantes que s\u00e3o esperados fazer uma viagem no tempo, desta vez [&hellip;]<\/p>\n","protected":false},"author":11,"featured_media":11554,"comment_status":"closed","ping_status":"closed","sticky":false,"template":"","format":"standard","meta":{"_exactmetrics_skip_tracking":false,"_exactmetrics_sitenote_active":false,"_exactmetrics_sitenote_note":"","_exactmetrics_sitenote_category":0,"footnotes":""},"categories":[7],"tags":[27],"class_list":["post-11553","post","type-post","status-publish","format-standard","has-post-thumbnail","hentry","category-caminha","tag-sociedade"],"yoast_head":"<!-- This site is optimized with the Yoast SEO Premium plugin v27.5 (Yoast SEO v27.5) - https:\/\/yoast.com\/product\/yoast-seo-premium-wordpress\/ -->\n<title>Feira medieval de 2018 privilegia voca\u00e7\u00e3o mar\u00edtima e fluvial do territ\u00f3rio<\/title>\n<meta name=\"robots\" content=\"index, follow, max-snippet:-1, max-image-preview:large, max-video-preview:-1\" \/>\n<link rel=\"canonical\" href=\"https:\/\/www.altominho.tv\/site\/2018\/04\/08\/feira-medieval-de-2018-privilegia-vocacao-maritima-e-fluvial-do-territorio\/\" \/>\n<meta property=\"og:locale\" content=\"pt_PT\" \/>\n<meta property=\"og:type\" content=\"article\" \/>\n<meta property=\"og:title\" content=\"Feira medieval de 2018 privilegia voca\u00e7\u00e3o mar\u00edtima e fluvial do territ\u00f3rio\" \/>\n<meta property=\"og:description\" content=\"&#8220;Caminha, a Navega\u00e7\u00e3o e seus Of\u00edcios&#8221; \u00e9 o tema deste ano da Feira Medieval. O certame decorre entre os dias 25 e 29 de julho, enchendo as ruas do casco hist\u00f3rico de anima\u00e7\u00e3o e colorido. Como \u00e9 habitual, o evento permitir\u00e1 aos milhares e visitantes que s\u00e3o esperados fazer uma viagem no tempo, desta vez [&hellip;]\" \/>\n<meta property=\"og:url\" content=\"https:\/\/www.altominho.tv\/site\/2018\/04\/08\/feira-medieval-de-2018-privilegia-vocacao-maritima-e-fluvial-do-territorio\/\" \/>\n<meta property=\"og:site_name\" content=\"Altominho.tv\" \/>\n<meta property=\"article:publisher\" content=\"https:\/\/www.facebook.com\/altominhotv\" \/>\n<meta property=\"article:published_time\" content=\"2018-04-08T19:07:05+00:00\" \/>\n<meta property=\"og:image\" content=\"https:\/\/www.altominho.tv\/site\/wp-content\/uploads\/2018\/04\/12_07_2011_-_Feira_Medieval_1.jpg\" \/>\n\t<meta property=\"og:image:width\" content=\"800\" \/>\n\t<meta property=\"og:image:height\" content=\"533\" \/>\n\t<meta property=\"og:image:type\" content=\"image\/jpeg\" \/>\n<meta name=\"author\" content=\"M\u00e1rcio Ferreira\" \/>\n<meta name=\"twitter:card\" content=\"summary_large_image\" \/>\n<meta name=\"twitter:creator\" content=\"@altominhoTV\" \/>\n<meta name=\"twitter:site\" content=\"@altominhoTV\" \/>\n<meta name=\"twitter:label1\" content=\"Escrito por\" \/>\n\t<meta name=\"twitter:data1\" content=\"M\u00e1rcio Ferreira\" \/>\n\t<meta name=\"twitter:label2\" content=\"Tempo estimado de leitura\" \/>\n\t<meta name=\"twitter:data2\" content=\"3 minutos\" \/>\n<script type=\"application\/ld+json\" class=\"yoast-schema-graph\">{\"@context\":\"https:\\\/\\\/schema.org\",\"@graph\":[{\"@type\":\"Article\",\"@id\":\"https:\\\/\\\/www.altominho.tv\\\/site\\\/2018\\\/04\\\/08\\\/feira-medieval-de-2018-privilegia-vocacao-maritima-e-fluvial-do-territorio\\\/#article\",\"isPartOf\":{\"@id\":\"https:\\\/\\\/www.altominho.tv\\\/site\\\/2018\\\/04\\\/08\\\/feira-medieval-de-2018-privilegia-vocacao-maritima-e-fluvial-do-territorio\\\/\"},\"author\":{\"name\":\"M\u00e1rcio Ferreira\",\"@id\":\"https:\\\/\\\/www.altominho.tv\\\/site\\\/#\\\/schema\\\/person\\\/f836e37082b5dabe9144f3eb724ed5a7\"},\"headline\":\"Feira medieval de 2018 privilegia voca\u00e7\u00e3o mar\u00edtima e fluvial do territ\u00f3rio\",\"datePublished\":\"2018-04-08T19:07:05+00:00\",\"mainEntityOfPage\":{\"@id\":\"https:\\\/\\\/www.altominho.tv\\\/site\\\/2018\\\/04\\\/08\\\/feira-medieval-de-2018-privilegia-vocacao-maritima-e-fluvial-do-territorio\\\/\"},\"wordCount\":551,\"image\":{\"@id\":\"https:\\\/\\\/www.altominho.tv\\\/site\\\/2018\\\/04\\\/08\\\/feira-medieval-de-2018-privilegia-vocacao-maritima-e-fluvial-do-territorio\\\/#primaryimage\"},\"thumbnailUrl\":\"https:\\\/\\\/www.altominho.tv\\\/site\\\/wp-content\\\/uploads\\\/2018\\\/04\\\/12_07_2011_-_Feira_Medieval_1.jpg\",\"keywords\":[\"Sociedade\"],\"articleSection\":[\"Caminha\"],\"inLanguage\":\"pt-PT\",\"copyrightYear\":\"2018\",\"copyrightHolder\":{\"@id\":\"https:\\\/\\\/www.altominho.tv\\\/site\\\/#organization\"}},{\"@type\":\"WebPage\",\"@id\":\"https:\\\/\\\/www.altominho.tv\\\/site\\\/2018\\\/04\\\/08\\\/feira-medieval-de-2018-privilegia-vocacao-maritima-e-fluvial-do-territorio\\\/\",\"url\":\"https:\\\/\\\/www.altominho.tv\\\/site\\\/2018\\\/04\\\/08\\\/feira-medieval-de-2018-privilegia-vocacao-maritima-e-fluvial-do-territorio\\\/\",\"name\":\"Feira medieval de 2018 privilegia voca\u00e7\u00e3o mar\u00edtima e fluvial do territ\u00f3rio\",\"isPartOf\":{\"@id\":\"https:\\\/\\\/www.altominho.tv\\\/site\\\/#website\"},\"primaryImageOfPage\":{\"@id\":\"https:\\\/\\\/www.altominho.tv\\\/site\\\/2018\\\/04\\\/08\\\/feira-medieval-de-2018-privilegia-vocacao-maritima-e-fluvial-do-territorio\\\/#primaryimage\"},\"image\":{\"@id\":\"https:\\\/\\\/www.altominho.tv\\\/site\\\/2018\\\/04\\\/08\\\/feira-medieval-de-2018-privilegia-vocacao-maritima-e-fluvial-do-territorio\\\/#primaryimage\"},\"thumbnailUrl\":\"https:\\\/\\\/www.altominho.tv\\\/site\\\/wp-content\\\/uploads\\\/2018\\\/04\\\/12_07_2011_-_Feira_Medieval_1.jpg\",\"datePublished\":\"2018-04-08T19:07:05+00:00\",\"author\":{\"@id\":\"https:\\\/\\\/www.altominho.tv\\\/site\\\/#\\\/schema\\\/person\\\/f836e37082b5dabe9144f3eb724ed5a7\"},\"breadcrumb\":{\"@id\":\"https:\\\/\\\/www.altominho.tv\\\/site\\\/2018\\\/04\\\/08\\\/feira-medieval-de-2018-privilegia-vocacao-maritima-e-fluvial-do-territorio\\\/#breadcrumb\"},\"inLanguage\":\"pt-PT\",\"potentialAction\":[{\"@type\":\"ReadAction\",\"target\":[\"https:\\\/\\\/www.altominho.tv\\\/site\\\/2018\\\/04\\\/08\\\/feira-medieval-de-2018-privilegia-vocacao-maritima-e-fluvial-do-territorio\\\/\"]}]},{\"@type\":\"ImageObject\",\"inLanguage\":\"pt-PT\",\"@id\":\"https:\\\/\\\/www.altominho.tv\\\/site\\\/2018\\\/04\\\/08\\\/feira-medieval-de-2018-privilegia-vocacao-maritima-e-fluvial-do-territorio\\\/#primaryimage\",\"url\":\"https:\\\/\\\/www.altominho.tv\\\/site\\\/wp-content\\\/uploads\\\/2018\\\/04\\\/12_07_2011_-_Feira_Medieval_1.jpg\",\"contentUrl\":\"https:\\\/\\\/www.altominho.tv\\\/site\\\/wp-content\\\/uploads\\\/2018\\\/04\\\/12_07_2011_-_Feira_Medieval_1.jpg\",\"width\":800,\"height\":533},{\"@type\":\"BreadcrumbList\",\"@id\":\"https:\\\/\\\/www.altominho.tv\\\/site\\\/2018\\\/04\\\/08\\\/feira-medieval-de-2018-privilegia-vocacao-maritima-e-fluvial-do-territorio\\\/#breadcrumb\",\"itemListElement\":[{\"@type\":\"ListItem\",\"position\":1,\"name\":\"In\u00edcio\",\"item\":\"https:\\\/\\\/www.altominho.tv\\\/site\\\/\"},{\"@type\":\"ListItem\",\"position\":2,\"name\":\"Feira medieval de 2018 privilegia voca\u00e7\u00e3o mar\u00edtima e fluvial do territ\u00f3rio\"}]},{\"@type\":\"WebSite\",\"@id\":\"https:\\\/\\\/www.altominho.tv\\\/site\\\/#website\",\"url\":\"https:\\\/\\\/www.altominho.tv\\\/site\\\/\",\"name\":\"Altominho.tv\",\"description\":\"A sua regi\u00e3o \u00e0 dist\u00e2ncia de um clique...\",\"potentialAction\":[{\"@type\":\"SearchAction\",\"target\":{\"@type\":\"EntryPoint\",\"urlTemplate\":\"https:\\\/\\\/www.altominho.tv\\\/site\\\/?s={search_term_string}\"},\"query-input\":{\"@type\":\"PropertyValueSpecification\",\"valueRequired\":true,\"valueName\":\"search_term_string\"}}],\"inLanguage\":\"pt-PT\"},{\"@type\":\"Person\",\"@id\":\"https:\\\/\\\/www.altominho.tv\\\/site\\\/#\\\/schema\\\/person\\\/f836e37082b5dabe9144f3eb724ed5a7\",\"name\":\"M\u00e1rcio Ferreira\",\"image\":{\"@type\":\"ImageObject\",\"inLanguage\":\"pt-PT\",\"@id\":\"https:\\\/\\\/www.altominho.tv\\\/site\\\/wp-content\\\/uploads\\\/2017\\\/11\\\/Marcio-150x150.jpg\",\"url\":\"https:\\\/\\\/www.altominho.tv\\\/site\\\/wp-content\\\/uploads\\\/2017\\\/11\\\/Marcio-150x150.jpg\",\"contentUrl\":\"https:\\\/\\\/www.altominho.tv\\\/site\\\/wp-content\\\/uploads\\\/2017\\\/11\\\/Marcio-150x150.jpg\",\"caption\":\"M\u00e1rcio Ferreira\"},\"url\":\"https:\\\/\\\/www.altominho.tv\\\/site\\\/author\\\/marcioferreira\\\/\"}]}<\/script>\n<!-- \/ Yoast SEO Premium plugin. -->","yoast_head_json":{"title":"Feira medieval de 2018 privilegia voca\u00e7\u00e3o mar\u00edtima e fluvial do territ\u00f3rio","robots":{"index":"index","follow":"follow","max-snippet":"max-snippet:-1","max-image-preview":"max-image-preview:large","max-video-preview":"max-video-preview:-1"},"canonical":"https:\/\/www.altominho.tv\/site\/2018\/04\/08\/feira-medieval-de-2018-privilegia-vocacao-maritima-e-fluvial-do-territorio\/","og_locale":"pt_PT","og_type":"article","og_title":"Feira medieval de 2018 privilegia voca\u00e7\u00e3o mar\u00edtima e fluvial do territ\u00f3rio","og_description":"&#8220;Caminha, a Navega\u00e7\u00e3o e seus Of\u00edcios&#8221; \u00e9 o tema deste ano da Feira Medieval. O certame decorre entre os dias 25 e 29 de julho, enchendo as ruas do casco hist\u00f3rico de anima\u00e7\u00e3o e colorido. Como \u00e9 habitual, o evento permitir\u00e1 aos milhares e visitantes que s\u00e3o esperados fazer uma viagem no tempo, desta vez [&hellip;]","og_url":"https:\/\/www.altominho.tv\/site\/2018\/04\/08\/feira-medieval-de-2018-privilegia-vocacao-maritima-e-fluvial-do-territorio\/","og_site_name":"Altominho.tv","article_publisher":"https:\/\/www.facebook.com\/altominhotv","article_published_time":"2018-04-08T19:07:05+00:00","og_image":[{"width":800,"height":533,"url":"https:\/\/www.altominho.tv\/site\/wp-content\/uploads\/2018\/04\/12_07_2011_-_Feira_Medieval_1.jpg","type":"image\/jpeg"}],"author":"M\u00e1rcio Ferreira","twitter_card":"summary_large_image","twitter_creator":"@altominhoTV","twitter_site":"@altominhoTV","twitter_misc":{"Escrito por":"M\u00e1rcio Ferreira","Tempo estimado de leitura":"3 minutos"},"schema":{"@context":"https:\/\/schema.org","@graph":[{"@type":"Article","@id":"https:\/\/www.altominho.tv\/site\/2018\/04\/08\/feira-medieval-de-2018-privilegia-vocacao-maritima-e-fluvial-do-territorio\/#article","isPartOf":{"@id":"https:\/\/www.altominho.tv\/site\/2018\/04\/08\/feira-medieval-de-2018-privilegia-vocacao-maritima-e-fluvial-do-territorio\/"},"author":{"name":"M\u00e1rcio Ferreira","@id":"https:\/\/www.altominho.tv\/site\/#\/schema\/person\/f836e37082b5dabe9144f3eb724ed5a7"},"headline":"Feira medieval de 2018 privilegia voca\u00e7\u00e3o mar\u00edtima e fluvial do territ\u00f3rio","datePublished":"2018-04-08T19:07:05+00:00","mainEntityOfPage":{"@id":"https:\/\/www.altominho.tv\/site\/2018\/04\/08\/feira-medieval-de-2018-privilegia-vocacao-maritima-e-fluvial-do-territorio\/"},"wordCount":551,"image":{"@id":"https:\/\/www.altominho.tv\/site\/2018\/04\/08\/feira-medieval-de-2018-privilegia-vocacao-maritima-e-fluvial-do-territorio\/#primaryimage"},"thumbnailUrl":"https:\/\/www.altominho.tv\/site\/wp-content\/uploads\/2018\/04\/12_07_2011_-_Feira_Medieval_1.jpg","keywords":["Sociedade"],"articleSection":["Caminha"],"inLanguage":"pt-PT","copyrightYear":"2018","copyrightHolder":{"@id":"https:\/\/www.altominho.tv\/site\/#organization"}},{"@type":"WebPage","@id":"https:\/\/www.altominho.tv\/site\/2018\/04\/08\/feira-medieval-de-2018-privilegia-vocacao-maritima-e-fluvial-do-territorio\/","url":"https:\/\/www.altominho.tv\/site\/2018\/04\/08\/feira-medieval-de-2018-privilegia-vocacao-maritima-e-fluvial-do-territorio\/","name":"Feira medieval de 2018 privilegia voca\u00e7\u00e3o mar\u00edtima e fluvial do territ\u00f3rio","isPartOf":{"@id":"https:\/\/www.altominho.tv\/site\/#website"},"primaryImageOfPage":{"@id":"https:\/\/www.altominho.tv\/site\/2018\/04\/08\/feira-medieval-de-2018-privilegia-vocacao-maritima-e-fluvial-do-territorio\/#primaryimage"},"image":{"@id":"https:\/\/www.altominho.tv\/site\/2018\/04\/08\/feira-medieval-de-2018-privilegia-vocacao-maritima-e-fluvial-do-territorio\/#primaryimage"},"thumbnailUrl":"https:\/\/www.altominho.tv\/site\/wp-content\/uploads\/2018\/04\/12_07_2011_-_Feira_Medieval_1.jpg","datePublished":"2018-04-08T19:07:05+00:00","author":{"@id":"https:\/\/www.altominho.tv\/site\/#\/schema\/person\/f836e37082b5dabe9144f3eb724ed5a7"},"breadcrumb":{"@id":"https:\/\/www.altominho.tv\/site\/2018\/04\/08\/feira-medieval-de-2018-privilegia-vocacao-maritima-e-fluvial-do-territorio\/#breadcrumb"},"inLanguage":"pt-PT","potentialAction":[{"@type":"ReadAction","target":["https:\/\/www.altominho.tv\/site\/2018\/04\/08\/feira-medieval-de-2018-privilegia-vocacao-maritima-e-fluvial-do-territorio\/"]}]},{"@type":"ImageObject","inLanguage":"pt-PT","@id":"https:\/\/www.altominho.tv\/site\/2018\/04\/08\/feira-medieval-de-2018-privilegia-vocacao-maritima-e-fluvial-do-territorio\/#primaryimage","url":"https:\/\/www.altominho.tv\/site\/wp-content\/uploads\/2018\/04\/12_07_2011_-_Feira_Medieval_1.jpg","contentUrl":"https:\/\/www.altominho.tv\/site\/wp-content\/uploads\/2018\/04\/12_07_2011_-_Feira_Medieval_1.jpg","width":800,"height":533},{"@type":"BreadcrumbList","@id":"https:\/\/www.altominho.tv\/site\/2018\/04\/08\/feira-medieval-de-2018-privilegia-vocacao-maritima-e-fluvial-do-territorio\/#breadcrumb","itemListElement":[{"@type":"ListItem","position":1,"name":"In\u00edcio","item":"https:\/\/www.altominho.tv\/site\/"},{"@type":"ListItem","position":2,"name":"Feira medieval de 2018 privilegia voca\u00e7\u00e3o mar\u00edtima e fluvial do territ\u00f3rio"}]},{"@type":"WebSite","@id":"https:\/\/www.altominho.tv\/site\/#website","url":"https:\/\/www.altominho.tv\/site\/","name":"Altominho.tv","description":"A sua regi\u00e3o \u00e0 dist\u00e2ncia de um clique...","potentialAction":[{"@type":"SearchAction","target":{"@type":"EntryPoint","urlTemplate":"https:\/\/www.altominho.tv\/site\/?s={search_term_string}"},"query-input":{"@type":"PropertyValueSpecification","valueRequired":true,"valueName":"search_term_string"}}],"inLanguage":"pt-PT"},{"@type":"Person","@id":"https:\/\/www.altominho.tv\/site\/#\/schema\/person\/f836e37082b5dabe9144f3eb724ed5a7","name":"M\u00e1rcio Ferreira","image":{"@type":"ImageObject","inLanguage":"pt-PT","@id":"https:\/\/www.altominho.tv\/site\/wp-content\/uploads\/2017\/11\/Marcio-150x150.jpg","url":"https:\/\/www.altominho.tv\/site\/wp-content\/uploads\/2017\/11\/Marcio-150x150.jpg","contentUrl":"https:\/\/www.altominho.tv\/site\/wp-content\/uploads\/2017\/11\/Marcio-150x150.jpg","caption":"M\u00e1rcio Ferreira"},"url":"https:\/\/www.altominho.tv\/site\/author\/marcioferreira\/"}]}},"_links":{"self":[{"href":"https:\/\/www.altominho.tv\/site\/wp-json\/wp\/v2\/posts\/11553","targetHints":{"allow":["GET"]}}],"collection":[{"href":"https:\/\/www.altominho.tv\/site\/wp-json\/wp\/v2\/posts"}],"about":[{"href":"https:\/\/www.altominho.tv\/site\/wp-json\/wp\/v2\/types\/post"}],"author":[{"embeddable":true,"href":"https:\/\/www.altominho.tv\/site\/wp-json\/wp\/v2\/users\/11"}],"replies":[{"embeddable":true,"href":"https:\/\/www.altominho.tv\/site\/wp-json\/wp\/v2\/comments?post=11553"}],"version-history":[{"count":0,"href":"https:\/\/www.altominho.tv\/site\/wp-json\/wp\/v2\/posts\/11553\/revisions"}],"wp:featuredmedia":[{"embeddable":true,"href":"https:\/\/www.altominho.tv\/site\/wp-json\/wp\/v2\/media\/11554"}],"wp:attachment":[{"href":"https:\/\/www.altominho.tv\/site\/wp-json\/wp\/v2\/media?parent=11553"}],"wp:term":[{"taxonomy":"category","embeddable":true,"href":"https:\/\/www.altominho.tv\/site\/wp-json\/wp\/v2\/categories?post=11553"},{"taxonomy":"post_tag","embeddable":true,"href":"https:\/\/www.altominho.tv\/site\/wp-json\/wp\/v2\/tags?post=11553"}],"curies":[{"name":"wp","href":"https:\/\/api.w.org\/{rel}","templated":true}]}}