{"id":115519,"date":"2025-03-06T12:31:46","date_gmt":"2025-03-06T12:31:46","guid":{"rendered":"https:\/\/www.altominho.tv\/site\/?p=115519"},"modified":"2025-03-06T12:31:49","modified_gmt":"2025-03-06T12:31:49","slug":"workshop-entre-linhas-e-geracoes-une-estudantes-e-voluntarias-para-celebrar-o-dia-da-mulher","status":"publish","type":"post","link":"https:\/\/www.altominho.tv\/site\/2025\/03\/06\/workshop-entre-linhas-e-geracoes-une-estudantes-e-voluntarias-para-celebrar-o-dia-da-mulher\/","title":{"rendered":"Workshop &#8220;Entre Linhas e Gera\u00e7\u00f5es&#8221; une estudantes e volunt\u00e1rias para celebrar o Dia da Mulher"},"content":{"rendered":"<p><span data-contrast=\"auto\">Um grupo de estudantes do curso de design de moda da ETAP Cerveira e algumas volunt\u00e1rias afetas ao Banco Local do Voluntariado juntam-se, esta sexta-feira, na Casa do Artes\u00e3o, pelas 14h00, para uma\u00a0 troca de conhecimentos e fortalecimento de la\u00e7os intergeracionais. <\/span><\/p>\n<p><span data-contrast=\"auto\">O Workshop &#8220;Entre Linhas e Gera\u00e7\u00f5es&#8221;, enquadrado na comemora\u00e7\u00e3o do Dia Internacional da Mulher, apresenta-se como um legado de t\u00e9cnicas de costura \u00e0 m\u00e3o, numa partilha de experi\u00eancias de vida no feminino.<\/span><span data-ccp-props=\"{}\">\u00a0<\/span><\/p>\n<p><span data-contrast=\"auto\">&#8220;Porque o ato de costurar transcende a mera conce\u00e7\u00e3o de pe\u00e7as de vestu\u00e1rio, representando uma forma de express\u00e3o, criatividade e autonomia, o Munic\u00edpio de Vila Nova de Cerveira desafiou um grupo de mulheres para um momento de conv\u00edvio intergeracional, onde as alunas t\u00eam uma oportunidade para enriquecer a aprendizagem t\u00e9cnica e as volunt\u00e1rias experientes de verem valorizados o seu conhecimento e sabedoria&#8221;, refere a autarquia.<\/span><\/p>\n<p><span data-contrast=\"auto\">Aberto \u00e0 comunidade escolar e popula\u00e7\u00e3o em geral, este workshop interativo apresenta ainda um momento de discuss\u00e3o sobre a tem\u00e1tica da igualdade de g\u00e9nero, refletindo sobre os pap\u00e9is tradicionais das mulheres na sociedade e desafiando estere\u00f3tipos.\u00a0<\/span><\/p>\n","protected":false},"excerpt":{"rendered":"<p>Um grupo de estudantes do curso de design de moda da ETAP Cerveira e algumas volunt\u00e1rias afetas ao Banco Local do Voluntariado juntam-se, esta sexta-feira, na Casa do Artes\u00e3o, pelas 14h00, para uma\u00a0 troca de conhecimentos e fortalecimento de la\u00e7os intergeracionais. O Workshop &#8220;Entre Linhas e Gera\u00e7\u00f5es&#8221;, enquadrado na comemora\u00e7\u00e3o do Dia Internacional da Mulher, [&hellip;]<\/p>\n","protected":false},"author":1,"featured_media":115520,"comment_status":"closed","ping_status":"closed","sticky":false,"template":"","format":"standard","meta":{"_exactmetrics_skip_tracking":false,"_exactmetrics_sitenote_active":false,"_exactmetrics_sitenote_note":"","_exactmetrics_sitenote_category":0,"footnotes":""},"categories":[15],"tags":[19],"class_list":["post-115519","post","type-post","status-publish","format-standard","has-post-thumbnail","hentry","category-vila-nova-de-cerveira","tag-cultura"],"yoast_head":"<!-- This site is optimized with the Yoast SEO Premium plugin v27.5 (Yoast SEO v27.5) - https:\/\/yoast.com\/product\/yoast-seo-premium-wordpress\/ -->\n<title>Workshop &quot;Entre Linhas e Gera\u00e7\u00f5es&quot; une estudantes e volunt\u00e1rias para celebrar o Dia da Mulher<\/title>\n<meta name=\"description\" content=\"Um grupo de estudantes e algumas volunt\u00e1rias juntam-se para uma\u00a0 troca de conhecimentos e fortalecimento de la\u00e7os intergeracionais.\" \/>\n<meta name=\"robots\" content=\"index, follow, max-snippet:-1, max-image-preview:large, max-video-preview:-1\" \/>\n<link rel=\"canonical\" href=\"https:\/\/www.altominho.tv\/site\/2025\/03\/06\/workshop-entre-linhas-e-geracoes-une-estudantes-e-voluntarias-para-celebrar-o-dia-da-mulher\/\" \/>\n<meta property=\"og:locale\" content=\"pt_PT\" \/>\n<meta property=\"og:type\" content=\"article\" \/>\n<meta property=\"og:title\" content=\"Workshop &quot;Entre Linhas e Gera\u00e7\u00f5es&quot; une estudantes e volunt\u00e1rias para celebrar o Dia da Mulher\" \/>\n<meta property=\"og:description\" content=\"Um grupo de estudantes e algumas volunt\u00e1rias juntam-se para uma\u00a0 troca de conhecimentos e fortalecimento de la\u00e7os intergeracionais.\" \/>\n<meta property=\"og:url\" content=\"https:\/\/www.altominho.tv\/site\/2025\/03\/06\/workshop-entre-linhas-e-geracoes-une-estudantes-e-voluntarias-para-celebrar-o-dia-da-mulher\/\" \/>\n<meta property=\"og:site_name\" content=\"Altominho.tv\" \/>\n<meta property=\"article:publisher\" content=\"https:\/\/www.facebook.com\/altominhotv\" \/>\n<meta property=\"article:published_time\" content=\"2025-03-06T12:31:46+00:00\" \/>\n<meta property=\"article:modified_time\" content=\"2025-03-06T12:31:49+00:00\" \/>\n<meta property=\"og:image\" content=\"https:\/\/www.altominho.tv\/site\/wp-content\/uploads\/2025\/03\/costura.jpg\" \/>\n\t<meta property=\"og:image:width\" content=\"1200\" \/>\n\t<meta property=\"og:image:height\" content=\"630\" \/>\n\t<meta property=\"og:image:type\" content=\"image\/jpeg\" \/>\n<meta name=\"author\" content=\"Altominho.tv\" \/>\n<meta name=\"twitter:card\" content=\"summary_large_image\" \/>\n<meta name=\"twitter:creator\" content=\"@altominhoTV\" \/>\n<meta name=\"twitter:site\" content=\"@altominhoTV\" \/>\n<meta name=\"twitter:label1\" content=\"Escrito por\" \/>\n\t<meta name=\"twitter:data1\" content=\"Altominho.tv\" \/>\n\t<meta name=\"twitter:label2\" content=\"Tempo estimado de leitura\" \/>\n\t<meta name=\"twitter:data2\" content=\"2 minutos\" \/>\n<script type=\"application\/ld+json\" class=\"yoast-schema-graph\">{\"@context\":\"https:\\\/\\\/schema.org\",\"@graph\":[{\"@type\":\"Article\",\"@id\":\"https:\\\/\\\/www.altominho.tv\\\/site\\\/2025\\\/03\\\/06\\\/workshop-entre-linhas-e-geracoes-une-estudantes-e-voluntarias-para-celebrar-o-dia-da-mulher\\\/#article\",\"isPartOf\":{\"@id\":\"https:\\\/\\\/www.altominho.tv\\\/site\\\/2025\\\/03\\\/06\\\/workshop-entre-linhas-e-geracoes-une-estudantes-e-voluntarias-para-celebrar-o-dia-da-mulher\\\/\"},\"author\":{\"name\":\"Altominho.tv\",\"@id\":\"https:\\\/\\\/www.altominho.tv\\\/site\\\/#\\\/schema\\\/person\\\/4e536851627d7914baf3dac752b6af22\"},\"headline\":\"Workshop &#8220;Entre Linhas e Gera\u00e7\u00f5es&#8221; une estudantes e volunt\u00e1rias para celebrar o Dia da Mulher\",\"datePublished\":\"2025-03-06T12:31:46+00:00\",\"dateModified\":\"2025-03-06T12:31:49+00:00\",\"mainEntityOfPage\":{\"@id\":\"https:\\\/\\\/www.altominho.tv\\\/site\\\/2025\\\/03\\\/06\\\/workshop-entre-linhas-e-geracoes-une-estudantes-e-voluntarias-para-celebrar-o-dia-da-mulher\\\/\"},\"wordCount\":212,\"image\":{\"@id\":\"https:\\\/\\\/www.altominho.tv\\\/site\\\/2025\\\/03\\\/06\\\/workshop-entre-linhas-e-geracoes-une-estudantes-e-voluntarias-para-celebrar-o-dia-da-mulher\\\/#primaryimage\"},\"thumbnailUrl\":\"https:\\\/\\\/www.altominho.tv\\\/site\\\/wp-content\\\/uploads\\\/2025\\\/03\\\/costura.jpg\",\"keywords\":[\"Cultura\"],\"articleSection\":[\"Vila Nova de Cerveira\"],\"inLanguage\":\"pt-PT\",\"copyrightYear\":\"2025\",\"copyrightHolder\":{\"@id\":\"https:\\\/\\\/www.altominho.tv\\\/site\\\/#organization\"}},{\"@type\":\"WebPage\",\"@id\":\"https:\\\/\\\/www.altominho.tv\\\/site\\\/2025\\\/03\\\/06\\\/workshop-entre-linhas-e-geracoes-une-estudantes-e-voluntarias-para-celebrar-o-dia-da-mulher\\\/\",\"url\":\"https:\\\/\\\/www.altominho.tv\\\/site\\\/2025\\\/03\\\/06\\\/workshop-entre-linhas-e-geracoes-une-estudantes-e-voluntarias-para-celebrar-o-dia-da-mulher\\\/\",\"name\":\"Workshop \\\"Entre Linhas e Gera\u00e7\u00f5es\\\" une estudantes e volunt\u00e1rias para celebrar o Dia da Mulher\",\"isPartOf\":{\"@id\":\"https:\\\/\\\/www.altominho.tv\\\/site\\\/#website\"},\"primaryImageOfPage\":{\"@id\":\"https:\\\/\\\/www.altominho.tv\\\/site\\\/2025\\\/03\\\/06\\\/workshop-entre-linhas-e-geracoes-une-estudantes-e-voluntarias-para-celebrar-o-dia-da-mulher\\\/#primaryimage\"},\"image\":{\"@id\":\"https:\\\/\\\/www.altominho.tv\\\/site\\\/2025\\\/03\\\/06\\\/workshop-entre-linhas-e-geracoes-une-estudantes-e-voluntarias-para-celebrar-o-dia-da-mulher\\\/#primaryimage\"},\"thumbnailUrl\":\"https:\\\/\\\/www.altominho.tv\\\/site\\\/wp-content\\\/uploads\\\/2025\\\/03\\\/costura.jpg\",\"datePublished\":\"2025-03-06T12:31:46+00:00\",\"dateModified\":\"2025-03-06T12:31:49+00:00\",\"author\":{\"@id\":\"https:\\\/\\\/www.altominho.tv\\\/site\\\/#\\\/schema\\\/person\\\/4e536851627d7914baf3dac752b6af22\"},\"description\":\"Um grupo de estudantes e algumas volunt\u00e1rias juntam-se para uma\u00a0 troca de conhecimentos e fortalecimento de la\u00e7os intergeracionais.\",\"breadcrumb\":{\"@id\":\"https:\\\/\\\/www.altominho.tv\\\/site\\\/2025\\\/03\\\/06\\\/workshop-entre-linhas-e-geracoes-une-estudantes-e-voluntarias-para-celebrar-o-dia-da-mulher\\\/#breadcrumb\"},\"inLanguage\":\"pt-PT\",\"potentialAction\":[{\"@type\":\"ReadAction\",\"target\":[\"https:\\\/\\\/www.altominho.tv\\\/site\\\/2025\\\/03\\\/06\\\/workshop-entre-linhas-e-geracoes-une-estudantes-e-voluntarias-para-celebrar-o-dia-da-mulher\\\/\"]}]},{\"@type\":\"ImageObject\",\"inLanguage\":\"pt-PT\",\"@id\":\"https:\\\/\\\/www.altominho.tv\\\/site\\\/2025\\\/03\\\/06\\\/workshop-entre-linhas-e-geracoes-une-estudantes-e-voluntarias-para-celebrar-o-dia-da-mulher\\\/#primaryimage\",\"url\":\"https:\\\/\\\/www.altominho.tv\\\/site\\\/wp-content\\\/uploads\\\/2025\\\/03\\\/costura.jpg\",\"contentUrl\":\"https:\\\/\\\/www.altominho.tv\\\/site\\\/wp-content\\\/uploads\\\/2025\\\/03\\\/costura.jpg\",\"width\":1200,\"height\":630},{\"@type\":\"BreadcrumbList\",\"@id\":\"https:\\\/\\\/www.altominho.tv\\\/site\\\/2025\\\/03\\\/06\\\/workshop-entre-linhas-e-geracoes-une-estudantes-e-voluntarias-para-celebrar-o-dia-da-mulher\\\/#breadcrumb\",\"itemListElement\":[{\"@type\":\"ListItem\",\"position\":1,\"name\":\"In\u00edcio\",\"item\":\"https:\\\/\\\/www.altominho.tv\\\/site\\\/\"},{\"@type\":\"ListItem\",\"position\":2,\"name\":\"Workshop &#8220;Entre Linhas e Gera\u00e7\u00f5es&#8221; une estudantes e volunt\u00e1rias para celebrar o Dia da Mulher\"}]},{\"@type\":\"WebSite\",\"@id\":\"https:\\\/\\\/www.altominho.tv\\\/site\\\/#website\",\"url\":\"https:\\\/\\\/www.altominho.tv\\\/site\\\/\",\"name\":\"Altominho.tv\",\"description\":\"A sua regi\u00e3o \u00e0 dist\u00e2ncia de um clique...\",\"potentialAction\":[{\"@type\":\"SearchAction\",\"target\":{\"@type\":\"EntryPoint\",\"urlTemplate\":\"https:\\\/\\\/www.altominho.tv\\\/site\\\/?s={search_term_string}\"},\"query-input\":{\"@type\":\"PropertyValueSpecification\",\"valueRequired\":true,\"valueName\":\"search_term_string\"}}],\"inLanguage\":\"pt-PT\"},{\"@type\":\"Person\",\"@id\":\"https:\\\/\\\/www.altominho.tv\\\/site\\\/#\\\/schema\\\/person\\\/4e536851627d7914baf3dac752b6af22\",\"name\":\"Altominho.tv\",\"image\":{\"@type\":\"ImageObject\",\"inLanguage\":\"pt-PT\",\"@id\":\"https:\\\/\\\/www.altominho.tv\\\/site\\\/wp-content\\\/uploads\\\/2019\\\/11\\\/Logo_Avatar_2-150x150.jpg\",\"url\":\"https:\\\/\\\/www.altominho.tv\\\/site\\\/wp-content\\\/uploads\\\/2019\\\/11\\\/Logo_Avatar_2-150x150.jpg\",\"contentUrl\":\"https:\\\/\\\/www.altominho.tv\\\/site\\\/wp-content\\\/uploads\\\/2019\\\/11\\\/Logo_Avatar_2-150x150.jpg\",\"caption\":\"Altominho.tv\"},\"url\":\"https:\\\/\\\/www.altominho.tv\\\/site\\\/author\\\/altominhotv-tecnico\\\/\"}]}<\/script>\n<!-- \/ Yoast SEO Premium plugin. -->","yoast_head_json":{"title":"Workshop \"Entre Linhas e Gera\u00e7\u00f5es\" une estudantes e volunt\u00e1rias para celebrar o Dia da Mulher","description":"Um grupo de estudantes e algumas volunt\u00e1rias juntam-se para uma\u00a0 troca de conhecimentos e fortalecimento de la\u00e7os intergeracionais.","robots":{"index":"index","follow":"follow","max-snippet":"max-snippet:-1","max-image-preview":"max-image-preview:large","max-video-preview":"max-video-preview:-1"},"canonical":"https:\/\/www.altominho.tv\/site\/2025\/03\/06\/workshop-entre-linhas-e-geracoes-une-estudantes-e-voluntarias-para-celebrar-o-dia-da-mulher\/","og_locale":"pt_PT","og_type":"article","og_title":"Workshop \"Entre Linhas e Gera\u00e7\u00f5es\" une estudantes e volunt\u00e1rias para celebrar o Dia da Mulher","og_description":"Um grupo de estudantes e algumas volunt\u00e1rias juntam-se para uma\u00a0 troca de conhecimentos e fortalecimento de la\u00e7os intergeracionais.","og_url":"https:\/\/www.altominho.tv\/site\/2025\/03\/06\/workshop-entre-linhas-e-geracoes-une-estudantes-e-voluntarias-para-celebrar-o-dia-da-mulher\/","og_site_name":"Altominho.tv","article_publisher":"https:\/\/www.facebook.com\/altominhotv","article_published_time":"2025-03-06T12:31:46+00:00","article_modified_time":"2025-03-06T12:31:49+00:00","og_image":[{"width":1200,"height":630,"url":"https:\/\/www.altominho.tv\/site\/wp-content\/uploads\/2025\/03\/costura.jpg","type":"image\/jpeg"}],"author":"Altominho.tv","twitter_card":"summary_large_image","twitter_creator":"@altominhoTV","twitter_site":"@altominhoTV","twitter_misc":{"Escrito por":"Altominho.tv","Tempo estimado de leitura":"2 minutos"},"schema":{"@context":"https:\/\/schema.org","@graph":[{"@type":"Article","@id":"https:\/\/www.altominho.tv\/site\/2025\/03\/06\/workshop-entre-linhas-e-geracoes-une-estudantes-e-voluntarias-para-celebrar-o-dia-da-mulher\/#article","isPartOf":{"@id":"https:\/\/www.altominho.tv\/site\/2025\/03\/06\/workshop-entre-linhas-e-geracoes-une-estudantes-e-voluntarias-para-celebrar-o-dia-da-mulher\/"},"author":{"name":"Altominho.tv","@id":"https:\/\/www.altominho.tv\/site\/#\/schema\/person\/4e536851627d7914baf3dac752b6af22"},"headline":"Workshop &#8220;Entre Linhas e Gera\u00e7\u00f5es&#8221; une estudantes e volunt\u00e1rias para celebrar o Dia da Mulher","datePublished":"2025-03-06T12:31:46+00:00","dateModified":"2025-03-06T12:31:49+00:00","mainEntityOfPage":{"@id":"https:\/\/www.altominho.tv\/site\/2025\/03\/06\/workshop-entre-linhas-e-geracoes-une-estudantes-e-voluntarias-para-celebrar-o-dia-da-mulher\/"},"wordCount":212,"image":{"@id":"https:\/\/www.altominho.tv\/site\/2025\/03\/06\/workshop-entre-linhas-e-geracoes-une-estudantes-e-voluntarias-para-celebrar-o-dia-da-mulher\/#primaryimage"},"thumbnailUrl":"https:\/\/www.altominho.tv\/site\/wp-content\/uploads\/2025\/03\/costura.jpg","keywords":["Cultura"],"articleSection":["Vila Nova de Cerveira"],"inLanguage":"pt-PT","copyrightYear":"2025","copyrightHolder":{"@id":"https:\/\/www.altominho.tv\/site\/#organization"}},{"@type":"WebPage","@id":"https:\/\/www.altominho.tv\/site\/2025\/03\/06\/workshop-entre-linhas-e-geracoes-une-estudantes-e-voluntarias-para-celebrar-o-dia-da-mulher\/","url":"https:\/\/www.altominho.tv\/site\/2025\/03\/06\/workshop-entre-linhas-e-geracoes-une-estudantes-e-voluntarias-para-celebrar-o-dia-da-mulher\/","name":"Workshop \"Entre Linhas e Gera\u00e7\u00f5es\" une estudantes e volunt\u00e1rias para celebrar o Dia da Mulher","isPartOf":{"@id":"https:\/\/www.altominho.tv\/site\/#website"},"primaryImageOfPage":{"@id":"https:\/\/www.altominho.tv\/site\/2025\/03\/06\/workshop-entre-linhas-e-geracoes-une-estudantes-e-voluntarias-para-celebrar-o-dia-da-mulher\/#primaryimage"},"image":{"@id":"https:\/\/www.altominho.tv\/site\/2025\/03\/06\/workshop-entre-linhas-e-geracoes-une-estudantes-e-voluntarias-para-celebrar-o-dia-da-mulher\/#primaryimage"},"thumbnailUrl":"https:\/\/www.altominho.tv\/site\/wp-content\/uploads\/2025\/03\/costura.jpg","datePublished":"2025-03-06T12:31:46+00:00","dateModified":"2025-03-06T12:31:49+00:00","author":{"@id":"https:\/\/www.altominho.tv\/site\/#\/schema\/person\/4e536851627d7914baf3dac752b6af22"},"description":"Um grupo de estudantes e algumas volunt\u00e1rias juntam-se para uma\u00a0 troca de conhecimentos e fortalecimento de la\u00e7os intergeracionais.","breadcrumb":{"@id":"https:\/\/www.altominho.tv\/site\/2025\/03\/06\/workshop-entre-linhas-e-geracoes-une-estudantes-e-voluntarias-para-celebrar-o-dia-da-mulher\/#breadcrumb"},"inLanguage":"pt-PT","potentialAction":[{"@type":"ReadAction","target":["https:\/\/www.altominho.tv\/site\/2025\/03\/06\/workshop-entre-linhas-e-geracoes-une-estudantes-e-voluntarias-para-celebrar-o-dia-da-mulher\/"]}]},{"@type":"ImageObject","inLanguage":"pt-PT","@id":"https:\/\/www.altominho.tv\/site\/2025\/03\/06\/workshop-entre-linhas-e-geracoes-une-estudantes-e-voluntarias-para-celebrar-o-dia-da-mulher\/#primaryimage","url":"https:\/\/www.altominho.tv\/site\/wp-content\/uploads\/2025\/03\/costura.jpg","contentUrl":"https:\/\/www.altominho.tv\/site\/wp-content\/uploads\/2025\/03\/costura.jpg","width":1200,"height":630},{"@type":"BreadcrumbList","@id":"https:\/\/www.altominho.tv\/site\/2025\/03\/06\/workshop-entre-linhas-e-geracoes-une-estudantes-e-voluntarias-para-celebrar-o-dia-da-mulher\/#breadcrumb","itemListElement":[{"@type":"ListItem","position":1,"name":"In\u00edcio","item":"https:\/\/www.altominho.tv\/site\/"},{"@type":"ListItem","position":2,"name":"Workshop &#8220;Entre Linhas e Gera\u00e7\u00f5es&#8221; une estudantes e volunt\u00e1rias para celebrar o Dia da Mulher"}]},{"@type":"WebSite","@id":"https:\/\/www.altominho.tv\/site\/#website","url":"https:\/\/www.altominho.tv\/site\/","name":"Altominho.tv","description":"A sua regi\u00e3o \u00e0 dist\u00e2ncia de um clique...","potentialAction":[{"@type":"SearchAction","target":{"@type":"EntryPoint","urlTemplate":"https:\/\/www.altominho.tv\/site\/?s={search_term_string}"},"query-input":{"@type":"PropertyValueSpecification","valueRequired":true,"valueName":"search_term_string"}}],"inLanguage":"pt-PT"},{"@type":"Person","@id":"https:\/\/www.altominho.tv\/site\/#\/schema\/person\/4e536851627d7914baf3dac752b6af22","name":"Altominho.tv","image":{"@type":"ImageObject","inLanguage":"pt-PT","@id":"https:\/\/www.altominho.tv\/site\/wp-content\/uploads\/2019\/11\/Logo_Avatar_2-150x150.jpg","url":"https:\/\/www.altominho.tv\/site\/wp-content\/uploads\/2019\/11\/Logo_Avatar_2-150x150.jpg","contentUrl":"https:\/\/www.altominho.tv\/site\/wp-content\/uploads\/2019\/11\/Logo_Avatar_2-150x150.jpg","caption":"Altominho.tv"},"url":"https:\/\/www.altominho.tv\/site\/author\/altominhotv-tecnico\/"}]}},"_links":{"self":[{"href":"https:\/\/www.altominho.tv\/site\/wp-json\/wp\/v2\/posts\/115519","targetHints":{"allow":["GET"]}}],"collection":[{"href":"https:\/\/www.altominho.tv\/site\/wp-json\/wp\/v2\/posts"}],"about":[{"href":"https:\/\/www.altominho.tv\/site\/wp-json\/wp\/v2\/types\/post"}],"author":[{"embeddable":true,"href":"https:\/\/www.altominho.tv\/site\/wp-json\/wp\/v2\/users\/1"}],"replies":[{"embeddable":true,"href":"https:\/\/www.altominho.tv\/site\/wp-json\/wp\/v2\/comments?post=115519"}],"version-history":[{"count":2,"href":"https:\/\/www.altominho.tv\/site\/wp-json\/wp\/v2\/posts\/115519\/revisions"}],"predecessor-version":[{"id":115522,"href":"https:\/\/www.altominho.tv\/site\/wp-json\/wp\/v2\/posts\/115519\/revisions\/115522"}],"wp:featuredmedia":[{"embeddable":true,"href":"https:\/\/www.altominho.tv\/site\/wp-json\/wp\/v2\/media\/115520"}],"wp:attachment":[{"href":"https:\/\/www.altominho.tv\/site\/wp-json\/wp\/v2\/media?parent=115519"}],"wp:term":[{"taxonomy":"category","embeddable":true,"href":"https:\/\/www.altominho.tv\/site\/wp-json\/wp\/v2\/categories?post=115519"},{"taxonomy":"post_tag","embeddable":true,"href":"https:\/\/www.altominho.tv\/site\/wp-json\/wp\/v2\/tags?post=115519"}],"curies":[{"name":"wp","href":"https:\/\/api.w.org\/{rel}","templated":true}]}}