{"id":115467,"date":"2025-03-04T20:00:00","date_gmt":"2025-03-04T20:00:00","guid":{"rendered":"https:\/\/www.altominho.tv\/site\/?p=115467"},"modified":"2025-03-04T19:45:38","modified_gmt":"2025-03-04T19:45:38","slug":"vila-nova-de-cerveira-celebra-o-mundo-do-cinema-em-mais-uma-noite-de-carnaval","status":"publish","type":"post","link":"https:\/\/www.altominho.tv\/site\/2025\/03\/04\/vila-nova-de-cerveira-celebra-o-mundo-do-cinema-em-mais-uma-noite-de-carnaval\/","title":{"rendered":"Vila Nova de Cerveira celebra o mundo do cinema em mais uma noite de Carnaval"},"content":{"rendered":"\n<figure class=\"wp-block-embed is-type-video is-provider-youtube wp-block-embed-youtube wp-embed-aspect-16-9 wp-has-aspect-ratio\"><div class=\"wp-block-embed__wrapper\">\n<iframe loading=\"lazy\" title=\"Vila Nova de Cerveira celebra o mundo do cinema em mais uma noite de Carnaval | Altominho TV\" width=\"770\" height=\"433\" src=\"https:\/\/www.youtube.com\/embed\/qj2hPdS2cBU?feature=oembed\" frameborder=\"0\" allow=\"accelerometer; autoplay; clipboard-write; encrypted-media; gyroscope; picture-in-picture; web-share\" referrerpolicy=\"strict-origin-when-cross-origin\" allowfullscreen><\/iframe>\n<\/div><\/figure>\n\n\n<p>Na noite mais vibrante do ano, Vila Nova de Cerveira transformou-se num verdadeiro palco de cor e alegria para celebrar mais uma edi\u00e7\u00e3o da Festa de Carnaval, este ano com tem\u00e1tica inspirada no mundo do filme Avatar.<\/p>\n<p>Dos mais velhos aos mais novos, os foli\u00f5es sa\u00edram \u00e0 rua, mantendo viva a tradi\u00e7\u00e3o do Carnaval.<\/p>\n<p>A festa prolongou-se noite dentro, com v\u00e1rias atua\u00e7\u00f5es, que marcaram mais uma noite inesquec\u00edvel.<\/p>","protected":false},"excerpt":{"rendered":"<p>Na noite mais vibrante do ano, Vila Nova de Cerveira transformou-se num verdadeiro palco de cor e alegria para celebrar mais uma edi\u00e7\u00e3o da Festa de Carnaval, este ano com tem\u00e1tica inspirada no mundo do filme Avatar. Dos mais velhos aos mais novos, os foli\u00f5es sa\u00edram \u00e0 rua, mantendo viva a tradi\u00e7\u00e3o do Carnaval. A [&hellip;]<\/p>\n","protected":false},"author":8,"featured_media":115469,"comment_status":"closed","ping_status":"closed","sticky":false,"template":"","format":"video","meta":{"_exactmetrics_skip_tracking":false,"_exactmetrics_sitenote_active":false,"_exactmetrics_sitenote_note":"","_exactmetrics_sitenote_category":0,"footnotes":""},"categories":[15],"tags":[24],"class_list":["post-115467","post","type-post","status-publish","format-video","has-post-thumbnail","hentry","category-vila-nova-de-cerveira","tag-lazer","post_format-post-format-video"],"yoast_head":"<!-- This site is optimized with the Yoast SEO Premium plugin v27.5 (Yoast SEO v27.5) - https:\/\/yoast.com\/product\/yoast-seo-premium-wordpress\/ -->\n<title>Vila Nova de Cerveira celebra o mundo do cinema em mais uma noite de Carnaval<\/title>\n<meta name=\"robots\" content=\"index, follow, max-snippet:-1, max-image-preview:large, max-video-preview:-1\" \/>\n<link rel=\"canonical\" href=\"https:\/\/www.altominho.tv\/site\/2025\/03\/04\/vila-nova-de-cerveira-celebra-o-mundo-do-cinema-em-mais-uma-noite-de-carnaval\/\" \/>\n<meta property=\"og:locale\" content=\"pt_PT\" \/>\n<meta property=\"og:type\" content=\"article\" \/>\n<meta property=\"og:title\" content=\"Vila Nova de Cerveira celebra o mundo do cinema em mais uma noite de Carnaval\" \/>\n<meta property=\"og:description\" content=\"Na noite mais vibrante do ano, Vila Nova de Cerveira transformou-se num verdadeiro palco de cor e alegria para celebrar mais uma edi\u00e7\u00e3o da Festa de Carnaval, este ano com tem\u00e1tica inspirada no mundo do filme Avatar. Dos mais velhos aos mais novos, os foli\u00f5es sa\u00edram \u00e0 rua, mantendo viva a tradi\u00e7\u00e3o do Carnaval. A [&hellip;]\" \/>\n<meta property=\"og:url\" content=\"https:\/\/www.altominho.tv\/site\/2025\/03\/04\/vila-nova-de-cerveira-celebra-o-mundo-do-cinema-em-mais-uma-noite-de-carnaval\/\" \/>\n<meta property=\"og:site_name\" content=\"Altominho.tv\" \/>\n<meta property=\"article:publisher\" content=\"https:\/\/www.facebook.com\/altominhotv\" \/>\n<meta property=\"article:published_time\" content=\"2025-03-04T20:00:00+00:00\" \/>\n<meta property=\"og:image\" content=\"https:\/\/www.altominho.tv\/site\/wp-content\/uploads\/2025\/03\/qj2hpds2cbu.jpg\" \/>\n\t<meta property=\"og:image:width\" content=\"1280\" \/>\n\t<meta property=\"og:image:height\" content=\"720\" \/>\n\t<meta property=\"og:image:type\" content=\"image\/jpeg\" \/>\n<meta name=\"author\" content=\"Alexandre Ferreira\" \/>\n<meta name=\"twitter:card\" content=\"summary_large_image\" \/>\n<meta name=\"twitter:creator\" content=\"@altominhoTV\" \/>\n<meta name=\"twitter:site\" content=\"@altominhoTV\" \/>\n<meta name=\"twitter:label1\" content=\"Escrito por\" \/>\n\t<meta name=\"twitter:data1\" content=\"Alexandre Ferreira\" \/>\n\t<meta name=\"twitter:label2\" content=\"Tempo estimado de leitura\" \/>\n\t<meta name=\"twitter:data2\" content=\"1 minuto\" \/>\n<script type=\"application\/ld+json\" class=\"yoast-schema-graph\">{\"@context\":\"https:\\\/\\\/schema.org\",\"@graph\":[{\"@type\":\"Article\",\"@id\":\"https:\\\/\\\/www.altominho.tv\\\/site\\\/2025\\\/03\\\/04\\\/vila-nova-de-cerveira-celebra-o-mundo-do-cinema-em-mais-uma-noite-de-carnaval\\\/#article\",\"isPartOf\":{\"@id\":\"https:\\\/\\\/www.altominho.tv\\\/site\\\/2025\\\/03\\\/04\\\/vila-nova-de-cerveira-celebra-o-mundo-do-cinema-em-mais-uma-noite-de-carnaval\\\/\"},\"author\":{\"name\":\"Alexandre Ferreira\",\"@id\":\"https:\\\/\\\/www.altominho.tv\\\/site\\\/#\\\/schema\\\/person\\\/56c462a0f6591602f4e9fb3fa6ea49bd\"},\"headline\":\"Vila Nova de Cerveira celebra o mundo do cinema em mais uma noite de Carnaval\",\"datePublished\":\"2025-03-04T20:00:00+00:00\",\"mainEntityOfPage\":{\"@id\":\"https:\\\/\\\/www.altominho.tv\\\/site\\\/2025\\\/03\\\/04\\\/vila-nova-de-cerveira-celebra-o-mundo-do-cinema-em-mais-uma-noite-de-carnaval\\\/\"},\"wordCount\":96,\"image\":{\"@id\":\"https:\\\/\\\/www.altominho.tv\\\/site\\\/2025\\\/03\\\/04\\\/vila-nova-de-cerveira-celebra-o-mundo-do-cinema-em-mais-uma-noite-de-carnaval\\\/#primaryimage\"},\"thumbnailUrl\":\"https:\\\/\\\/www.altominho.tv\\\/site\\\/wp-content\\\/uploads\\\/2025\\\/03\\\/qj2hpds2cbu.jpg\",\"keywords\":[\"Lazer\"],\"articleSection\":[\"Vila Nova de Cerveira\"],\"inLanguage\":\"pt-PT\",\"copyrightYear\":\"2025\",\"copyrightHolder\":{\"@id\":\"https:\\\/\\\/www.altominho.tv\\\/site\\\/#organization\"}},{\"@type\":\"WebPage\",\"@id\":\"https:\\\/\\\/www.altominho.tv\\\/site\\\/2025\\\/03\\\/04\\\/vila-nova-de-cerveira-celebra-o-mundo-do-cinema-em-mais-uma-noite-de-carnaval\\\/\",\"url\":\"https:\\\/\\\/www.altominho.tv\\\/site\\\/2025\\\/03\\\/04\\\/vila-nova-de-cerveira-celebra-o-mundo-do-cinema-em-mais-uma-noite-de-carnaval\\\/\",\"name\":\"Vila Nova de Cerveira celebra o mundo do cinema em mais uma noite de Carnaval\",\"isPartOf\":{\"@id\":\"https:\\\/\\\/www.altominho.tv\\\/site\\\/#website\"},\"primaryImageOfPage\":{\"@id\":\"https:\\\/\\\/www.altominho.tv\\\/site\\\/2025\\\/03\\\/04\\\/vila-nova-de-cerveira-celebra-o-mundo-do-cinema-em-mais-uma-noite-de-carnaval\\\/#primaryimage\"},\"image\":{\"@id\":\"https:\\\/\\\/www.altominho.tv\\\/site\\\/2025\\\/03\\\/04\\\/vila-nova-de-cerveira-celebra-o-mundo-do-cinema-em-mais-uma-noite-de-carnaval\\\/#primaryimage\"},\"thumbnailUrl\":\"https:\\\/\\\/www.altominho.tv\\\/site\\\/wp-content\\\/uploads\\\/2025\\\/03\\\/qj2hpds2cbu.jpg\",\"datePublished\":\"2025-03-04T20:00:00+00:00\",\"author\":{\"@id\":\"https:\\\/\\\/www.altominho.tv\\\/site\\\/#\\\/schema\\\/person\\\/56c462a0f6591602f4e9fb3fa6ea49bd\"},\"breadcrumb\":{\"@id\":\"https:\\\/\\\/www.altominho.tv\\\/site\\\/2025\\\/03\\\/04\\\/vila-nova-de-cerveira-celebra-o-mundo-do-cinema-em-mais-uma-noite-de-carnaval\\\/#breadcrumb\"},\"inLanguage\":\"pt-PT\",\"potentialAction\":[{\"@type\":\"ReadAction\",\"target\":[\"https:\\\/\\\/www.altominho.tv\\\/site\\\/2025\\\/03\\\/04\\\/vila-nova-de-cerveira-celebra-o-mundo-do-cinema-em-mais-uma-noite-de-carnaval\\\/\"]}]},{\"@type\":\"ImageObject\",\"inLanguage\":\"pt-PT\",\"@id\":\"https:\\\/\\\/www.altominho.tv\\\/site\\\/2025\\\/03\\\/04\\\/vila-nova-de-cerveira-celebra-o-mundo-do-cinema-em-mais-uma-noite-de-carnaval\\\/#primaryimage\",\"url\":\"https:\\\/\\\/www.altominho.tv\\\/site\\\/wp-content\\\/uploads\\\/2025\\\/03\\\/qj2hpds2cbu.jpg\",\"contentUrl\":\"https:\\\/\\\/www.altominho.tv\\\/site\\\/wp-content\\\/uploads\\\/2025\\\/03\\\/qj2hpds2cbu.jpg\",\"width\":1280,\"height\":720},{\"@type\":\"BreadcrumbList\",\"@id\":\"https:\\\/\\\/www.altominho.tv\\\/site\\\/2025\\\/03\\\/04\\\/vila-nova-de-cerveira-celebra-o-mundo-do-cinema-em-mais-uma-noite-de-carnaval\\\/#breadcrumb\",\"itemListElement\":[{\"@type\":\"ListItem\",\"position\":1,\"name\":\"In\u00edcio\",\"item\":\"https:\\\/\\\/www.altominho.tv\\\/site\\\/\"},{\"@type\":\"ListItem\",\"position\":2,\"name\":\"Vila Nova de Cerveira celebra o mundo do cinema em mais uma noite de Carnaval\"}]},{\"@type\":\"WebSite\",\"@id\":\"https:\\\/\\\/www.altominho.tv\\\/site\\\/#website\",\"url\":\"https:\\\/\\\/www.altominho.tv\\\/site\\\/\",\"name\":\"Altominho.tv\",\"description\":\"A sua regi\u00e3o \u00e0 dist\u00e2ncia de um clique...\",\"potentialAction\":[{\"@type\":\"SearchAction\",\"target\":{\"@type\":\"EntryPoint\",\"urlTemplate\":\"https:\\\/\\\/www.altominho.tv\\\/site\\\/?s={search_term_string}\"},\"query-input\":{\"@type\":\"PropertyValueSpecification\",\"valueRequired\":true,\"valueName\":\"search_term_string\"}}],\"inLanguage\":\"pt-PT\"},{\"@type\":\"Person\",\"@id\":\"https:\\\/\\\/www.altominho.tv\\\/site\\\/#\\\/schema\\\/person\\\/56c462a0f6591602f4e9fb3fa6ea49bd\",\"name\":\"Alexandre Ferreira\",\"image\":{\"@type\":\"ImageObject\",\"inLanguage\":\"pt-PT\",\"@id\":\"https:\\\/\\\/www.altominho.tv\\\/site\\\/wp-content\\\/uploads\\\/2017\\\/11\\\/Alexandre-150x150.jpg\",\"url\":\"https:\\\/\\\/www.altominho.tv\\\/site\\\/wp-content\\\/uploads\\\/2017\\\/11\\\/Alexandre-150x150.jpg\",\"contentUrl\":\"https:\\\/\\\/www.altominho.tv\\\/site\\\/wp-content\\\/uploads\\\/2017\\\/11\\\/Alexandre-150x150.jpg\",\"caption\":\"Alexandre Ferreira\"},\"url\":\"https:\\\/\\\/www.altominho.tv\\\/site\\\/author\\\/alexandreferreira\\\/\"}]}<\/script>\n<meta property=\"og:video\" content=\"https:\/\/www.youtube.com\/embed\/qj2hPdS2cBU\" \/>\n<meta property=\"og:video:type\" content=\"text\/html\" \/>\n<meta property=\"og:video:duration\" content=\"144\" \/>\n<meta property=\"og:video:width\" content=\"480\" \/>\n<meta property=\"og:video:height\" content=\"270\" \/>\n<meta property=\"ya:ovs:adult\" content=\"false\" \/>\n<meta property=\"ya:ovs:upload_date\" content=\"2025-03-04T20:00:00+00:00\" \/>\n<meta property=\"ya:ovs:allow_embed\" content=\"true\" \/>\n<!-- \/ Yoast SEO Premium plugin. -->","yoast_head_json":{"title":"Vila Nova de Cerveira celebra o mundo do cinema em mais uma noite de Carnaval","robots":{"index":"index","follow":"follow","max-snippet":"max-snippet:-1","max-image-preview":"max-image-preview:large","max-video-preview":"max-video-preview:-1"},"canonical":"https:\/\/www.altominho.tv\/site\/2025\/03\/04\/vila-nova-de-cerveira-celebra-o-mundo-do-cinema-em-mais-uma-noite-de-carnaval\/","og_locale":"pt_PT","og_type":"article","og_title":"Vila Nova de Cerveira celebra o mundo do cinema em mais uma noite de Carnaval","og_description":"Na noite mais vibrante do ano, Vila Nova de Cerveira transformou-se num verdadeiro palco de cor e alegria para celebrar mais uma edi\u00e7\u00e3o da Festa de Carnaval, este ano com tem\u00e1tica inspirada no mundo do filme Avatar. Dos mais velhos aos mais novos, os foli\u00f5es sa\u00edram \u00e0 rua, mantendo viva a tradi\u00e7\u00e3o do Carnaval. A [&hellip;]","og_url":"https:\/\/www.altominho.tv\/site\/2025\/03\/04\/vila-nova-de-cerveira-celebra-o-mundo-do-cinema-em-mais-uma-noite-de-carnaval\/","og_site_name":"Altominho.tv","article_publisher":"https:\/\/www.facebook.com\/altominhotv","article_published_time":"2025-03-04T20:00:00+00:00","og_image":[{"width":1280,"height":720,"url":"https:\/\/www.altominho.tv\/site\/wp-content\/uploads\/2025\/03\/qj2hpds2cbu.jpg","type":"image\/jpeg"}],"author":"Alexandre Ferreira","twitter_card":"summary_large_image","twitter_creator":"@altominhoTV","twitter_site":"@altominhoTV","twitter_misc":{"Escrito por":"Alexandre Ferreira","Tempo estimado de leitura":"1 minuto"},"schema":{"@context":"https:\/\/schema.org","@graph":[{"@type":"Article","@id":"https:\/\/www.altominho.tv\/site\/2025\/03\/04\/vila-nova-de-cerveira-celebra-o-mundo-do-cinema-em-mais-uma-noite-de-carnaval\/#article","isPartOf":{"@id":"https:\/\/www.altominho.tv\/site\/2025\/03\/04\/vila-nova-de-cerveira-celebra-o-mundo-do-cinema-em-mais-uma-noite-de-carnaval\/"},"author":{"name":"Alexandre Ferreira","@id":"https:\/\/www.altominho.tv\/site\/#\/schema\/person\/56c462a0f6591602f4e9fb3fa6ea49bd"},"headline":"Vila Nova de Cerveira celebra o mundo do cinema em mais uma noite de Carnaval","datePublished":"2025-03-04T20:00:00+00:00","mainEntityOfPage":{"@id":"https:\/\/www.altominho.tv\/site\/2025\/03\/04\/vila-nova-de-cerveira-celebra-o-mundo-do-cinema-em-mais-uma-noite-de-carnaval\/"},"wordCount":96,"image":{"@id":"https:\/\/www.altominho.tv\/site\/2025\/03\/04\/vila-nova-de-cerveira-celebra-o-mundo-do-cinema-em-mais-uma-noite-de-carnaval\/#primaryimage"},"thumbnailUrl":"https:\/\/www.altominho.tv\/site\/wp-content\/uploads\/2025\/03\/qj2hpds2cbu.jpg","keywords":["Lazer"],"articleSection":["Vila Nova de Cerveira"],"inLanguage":"pt-PT","copyrightYear":"2025","copyrightHolder":{"@id":"https:\/\/www.altominho.tv\/site\/#organization"}},{"@type":"WebPage","@id":"https:\/\/www.altominho.tv\/site\/2025\/03\/04\/vila-nova-de-cerveira-celebra-o-mundo-do-cinema-em-mais-uma-noite-de-carnaval\/","url":"https:\/\/www.altominho.tv\/site\/2025\/03\/04\/vila-nova-de-cerveira-celebra-o-mundo-do-cinema-em-mais-uma-noite-de-carnaval\/","name":"Vila Nova de Cerveira celebra o mundo do cinema em mais uma noite de Carnaval","isPartOf":{"@id":"https:\/\/www.altominho.tv\/site\/#website"},"primaryImageOfPage":{"@id":"https:\/\/www.altominho.tv\/site\/2025\/03\/04\/vila-nova-de-cerveira-celebra-o-mundo-do-cinema-em-mais-uma-noite-de-carnaval\/#primaryimage"},"image":{"@id":"https:\/\/www.altominho.tv\/site\/2025\/03\/04\/vila-nova-de-cerveira-celebra-o-mundo-do-cinema-em-mais-uma-noite-de-carnaval\/#primaryimage"},"thumbnailUrl":"https:\/\/www.altominho.tv\/site\/wp-content\/uploads\/2025\/03\/qj2hpds2cbu.jpg","datePublished":"2025-03-04T20:00:00+00:00","author":{"@id":"https:\/\/www.altominho.tv\/site\/#\/schema\/person\/56c462a0f6591602f4e9fb3fa6ea49bd"},"breadcrumb":{"@id":"https:\/\/www.altominho.tv\/site\/2025\/03\/04\/vila-nova-de-cerveira-celebra-o-mundo-do-cinema-em-mais-uma-noite-de-carnaval\/#breadcrumb"},"inLanguage":"pt-PT","potentialAction":[{"@type":"ReadAction","target":["https:\/\/www.altominho.tv\/site\/2025\/03\/04\/vila-nova-de-cerveira-celebra-o-mundo-do-cinema-em-mais-uma-noite-de-carnaval\/"]}]},{"@type":"ImageObject","inLanguage":"pt-PT","@id":"https:\/\/www.altominho.tv\/site\/2025\/03\/04\/vila-nova-de-cerveira-celebra-o-mundo-do-cinema-em-mais-uma-noite-de-carnaval\/#primaryimage","url":"https:\/\/www.altominho.tv\/site\/wp-content\/uploads\/2025\/03\/qj2hpds2cbu.jpg","contentUrl":"https:\/\/www.altominho.tv\/site\/wp-content\/uploads\/2025\/03\/qj2hpds2cbu.jpg","width":1280,"height":720},{"@type":"BreadcrumbList","@id":"https:\/\/www.altominho.tv\/site\/2025\/03\/04\/vila-nova-de-cerveira-celebra-o-mundo-do-cinema-em-mais-uma-noite-de-carnaval\/#breadcrumb","itemListElement":[{"@type":"ListItem","position":1,"name":"In\u00edcio","item":"https:\/\/www.altominho.tv\/site\/"},{"@type":"ListItem","position":2,"name":"Vila Nova de Cerveira celebra o mundo do cinema em mais uma noite de Carnaval"}]},{"@type":"WebSite","@id":"https:\/\/www.altominho.tv\/site\/#website","url":"https:\/\/www.altominho.tv\/site\/","name":"Altominho.tv","description":"A sua regi\u00e3o \u00e0 dist\u00e2ncia de um clique...","potentialAction":[{"@type":"SearchAction","target":{"@type":"EntryPoint","urlTemplate":"https:\/\/www.altominho.tv\/site\/?s={search_term_string}"},"query-input":{"@type":"PropertyValueSpecification","valueRequired":true,"valueName":"search_term_string"}}],"inLanguage":"pt-PT"},{"@type":"Person","@id":"https:\/\/www.altominho.tv\/site\/#\/schema\/person\/56c462a0f6591602f4e9fb3fa6ea49bd","name":"Alexandre Ferreira","image":{"@type":"ImageObject","inLanguage":"pt-PT","@id":"https:\/\/www.altominho.tv\/site\/wp-content\/uploads\/2017\/11\/Alexandre-150x150.jpg","url":"https:\/\/www.altominho.tv\/site\/wp-content\/uploads\/2017\/11\/Alexandre-150x150.jpg","contentUrl":"https:\/\/www.altominho.tv\/site\/wp-content\/uploads\/2017\/11\/Alexandre-150x150.jpg","caption":"Alexandre Ferreira"},"url":"https:\/\/www.altominho.tv\/site\/author\/alexandreferreira\/"}]},"og_video":"https:\/\/www.youtube.com\/embed\/qj2hPdS2cBU","og_video_type":"text\/html","og_video_duration":"144","og_video_width":"480","og_video_height":"270","ya_ovs_adult":"false","ya_ovs_upload_date":"2025-03-04T20:00:00+00:00","ya_ovs_allow_embed":"true"},"_links":{"self":[{"href":"https:\/\/www.altominho.tv\/site\/wp-json\/wp\/v2\/posts\/115467","targetHints":{"allow":["GET"]}}],"collection":[{"href":"https:\/\/www.altominho.tv\/site\/wp-json\/wp\/v2\/posts"}],"about":[{"href":"https:\/\/www.altominho.tv\/site\/wp-json\/wp\/v2\/types\/post"}],"author":[{"embeddable":true,"href":"https:\/\/www.altominho.tv\/site\/wp-json\/wp\/v2\/users\/8"}],"replies":[{"embeddable":true,"href":"https:\/\/www.altominho.tv\/site\/wp-json\/wp\/v2\/comments?post=115467"}],"version-history":[{"count":1,"href":"https:\/\/www.altominho.tv\/site\/wp-json\/wp\/v2\/posts\/115467\/revisions"}],"predecessor-version":[{"id":115468,"href":"https:\/\/www.altominho.tv\/site\/wp-json\/wp\/v2\/posts\/115467\/revisions\/115468"}],"wp:featuredmedia":[{"embeddable":true,"href":"https:\/\/www.altominho.tv\/site\/wp-json\/wp\/v2\/media\/115469"}],"wp:attachment":[{"href":"https:\/\/www.altominho.tv\/site\/wp-json\/wp\/v2\/media?parent=115467"}],"wp:term":[{"taxonomy":"category","embeddable":true,"href":"https:\/\/www.altominho.tv\/site\/wp-json\/wp\/v2\/categories?post=115467"},{"taxonomy":"post_tag","embeddable":true,"href":"https:\/\/www.altominho.tv\/site\/wp-json\/wp\/v2\/tags?post=115467"}],"curies":[{"name":"wp","href":"https:\/\/api.w.org\/{rel}","templated":true}]}}