{"id":11543,"date":"2018-04-07T11:23:01","date_gmt":"2018-04-07T10:23:01","guid":{"rendered":"http:\/\/www.altominho.tv\/site\/?p=11543"},"modified":"2018-04-07T11:23:01","modified_gmt":"2018-04-07T10:23:01","slug":"moncao-e-pre-finalista-nas-7-maravilhas-a-mesa-de-portugal","status":"publish","type":"post","link":"https:\/\/www.altominho.tv\/site\/2018\/04\/07\/moncao-e-pre-finalista-nas-7-maravilhas-a-mesa-de-portugal\/","title":{"rendered":"Mon\u00e7\u00e3o \u00e9 Pr\u00e9 &#8211; finalista nas 7 Maravilhas \u00e0 Mesa de Portugal"},"content":{"rendered":"<p style=\"font-weight: 400\">Do Minho ao Algarve, passando pela Madeira e A\u00e7ores, s\u00e3o hoje divulgadas as 49 Mesas pr\u00e9-finalistas que reuniram o consenso de um Painel de 77 Especialistas e do Conselho Cient\u00edfico, destacando-se com o melhor da gastronomia, vinhos, azeite e roteiros tur\u00edsticos de cada regi\u00e3o de Portugal, de entre as 182 candidaturas submetidas \u00e0s 7 Maravilhas \u00e0 Mesa<sup>\u00ae<\/sup>.<\/p>\n<p style=\"font-weight: 400\"><strong><em>\u201cA ideia desta edi\u00e7\u00e3o era bastante ambiciosa, pois obrigava a fundir numa experi\u00eancia de territ\u00f3rio, a gastronomia, os vinhos e azeites e roteiros tur\u00edsticos. O que tamb\u00e9m dificultou a tarefa de eleger as pr\u00e9-finalistas. Mas a verdade \u00e9 que se conseguiram reunir propostas muito inovadoras e que projetam o interesse pela descoberta do pa\u00eds, o que, na verdade, constitui o objetivo principal desta iniciativa: a promo\u00e7\u00e3o dos grandes valores da identidade nacional\u201d<\/em><\/strong>,\u00a0explica\u00a0<strong>Lu\u00eds Segad\u00e3es, Presidente das 7 Maravilhas<sup>\u00ae<\/sup>.<\/strong><\/p>\n<p style=\"font-weight: 400\">A partir de 22 de julho \u2013 altura em que se iniciam as galas \u2013 est\u00e1 nas m\u00e3os dos portugueses votar e eleger as 7 Maravilhas \u00e0 Mesa<sup>\u00ae<\/sup>. As pr\u00e9-finalistas incluem patrim\u00f3nios t\u00e3o distintos que v\u00e3o desde os ex-l\u00edbris de cada regi\u00e3o, aos petiscos tradicionais, pratos t\u00edpicos, vinhos, azeites mas tamb\u00e9m roteiros tur\u00edsticos que incluem patrim\u00f3nios hist\u00f3ricos, culturais e naturais, festivais, eventos e experi\u00eancias \u00fanicas, e provenientes de entidades p\u00fablicas e privadas.<\/p>\n<p style=\"font-weight: 400\">\u201c<strong><em>Acreditamos que a diversidade de patrim\u00f3nios vai potenciar ainda mais a participa\u00e7\u00e3o popular, j\u00e1 que \u00e9 nestes temas que o cidad\u00e3o se rev\u00ea e onde manifesta o seu orgulho pela sua regi\u00e3o e por ser portugu\u00eas. O resultado final ser\u00e1, com certeza, um roteiro eno-gastron\u00f3mico \u00fanico do nosso pa\u00eds<\/em><\/strong>\u201d, afirma o respons\u00e1vel pelo projeto.<\/p>\n<p style=\"font-weight: 400\">\u00c0 semelhan\u00e7a das edi\u00e7\u00f5es anteriores, as galas onde v\u00e3o ser eleitas as 7 Maravilhas \u00e0 Mesa<sup>\u00ae<\/sup>\u00a0v\u00e3o ser apresentadas pela dupla Catarina Furtado e Jos\u00e9 Carlos Malato e transmitidas em direto na RTP, aos domingos em hor\u00e1rio nobre, de 22 de julho at\u00e9 \u00e0 grande final, a 16 de setembro.<\/p>\n<p style=\"font-weight: 400\">Naquela que \u00e9 uma das edi\u00e7\u00f5es mais completas desde 2007, as 7 Maravilhas \u00e0 Mesa<sup>\u00ae<\/sup>\u00a0\u00e9 a s\u00e9tima elei\u00e7\u00e3o realizada em Portugal, entregando um selo de garantia \u00e0s Mesas homenageadas e promovendo as regi\u00f5es de Portugal enquanto destino tur\u00edstico de refer\u00eancia.<\/p>\n<p style=\"font-weight: 400\"><strong>As 49 Mesas pr\u00e9-finalistas:<\/strong><\/p>\n<p style=\"font-weight: 400\"><strong>Mesa, Concelho \u2013 Regi\u00e3o<\/strong><\/p>\n<p style=\"font-weight: 400\">\n<ol>\n<li style=\"font-weight: 400\"><strong>\u00c0 Mesa com Ponta Delgada &#8211; O Segredo da Atl\u00e2ntida<\/strong>, Ponta Delgada &#8211; A\u00e7ores<\/li>\n<li style=\"font-weight: 400\"><strong>Alij\u00f3 \u00e0 Mesa<\/strong>, Alij\u00f3 &#8211; Norte<\/li>\n<li style=\"font-weight: 400\"><strong>Barco \u00e0 Mesa na Zambujeira do Mar<\/strong>, Odemira &#8211; Alentejo<\/li>\n<li style=\"font-weight: 400\"><strong>Loul\u00e9 Tradi\u00e7\u00e3o e Criatividade \u00e0 Mesa<\/strong>, Loul\u00e9 &#8211; Algarve<\/li>\n<li style=\"font-weight: 400\"><strong>Mesa A Tasquinha Do Matias<\/strong>\u00a0\u2013 Ucanha, Tarouca &#8211; Norte<\/li>\n<li style=\"font-weight: 400\"><strong>Mesa Almeirinense<\/strong>, Almeirim &#8211; Alentejo<\/li>\n<li style=\"font-weight: 400\"><strong>Mesa Beira Serra<\/strong>, G\u00f3is &#8211; Centro<\/li>\n<li style=\"font-weight: 400\"><strong>Mesa Capital do Turismo Rural<\/strong>, S\u00e3o Roque do Pico &#8211; A\u00e7ores<\/li>\n<li style=\"font-weight: 400\"><strong>Mesa Cidade da Guarda<\/strong>, Guarda &#8211; Centro<\/li>\n<li style=\"font-weight: 400\"><strong>Mesa Cidade de Beja<\/strong>, Beja &#8211; Alentejo<\/li>\n<li style=\"font-weight: 400\"><strong>Mesa da Bairrada ao Mondego<\/strong>, Cantanhede &#8211; Centro<\/li>\n<li style=\"font-weight: 400\"><strong>Mesa da Dieta Mediterr\u00e2nica<\/strong>, Tavira &#8211; Algarve<\/li>\n<li style=\"font-weight: 400\"><strong>Mesa da Experi\u00eancia \u00danica&#8230; Batalha<\/strong>, Batalha &#8211; Centro<\/li>\n<li style=\"font-weight: 400\"><strong>Mesa da Maria Rita do Romeu<\/strong>, Mirandela &#8211; Norte<\/li>\n<li style=\"font-weight: 400\"><strong>Mesa da Quinta do Martelo<\/strong>, Angra do Hero\u00edsmo &#8211; A\u00e7ores<\/li>\n<li style=\"font-weight: 400\"><strong>Mesa da Regaleira<\/strong>, Sintra &#8211; Lisboa<\/li>\n<li style=\"font-weight: 400\"><strong>Mesa da Taberna do Petisco<\/strong>, Santa Cruz \u2013 Madeira<\/li>\n<li style=\"font-weight: 400\"><strong>Mesa da Venda da Donna Maria<\/strong>, Funchal &#8211; Madeira<\/li>\n<li style=\"font-weight: 400\"><strong>Mesa das Terras da Chanfana<\/strong>, Lous\u00e3 &#8211; Centro<\/li>\n<li style=\"font-weight: 400\"><strong>Mesa de Arraiolos<\/strong>, Arraiolos &#8211; Alentejo<\/li>\n<li style=\"font-weight: 400\"><strong>Mesa de Aveiro<\/strong>\u00a0<strong>\u2013 Salpoente<\/strong>, Aveiro &#8211; Centro<\/li>\n<li style=\"font-weight: 400\"><strong>Mesa de Borba<\/strong>, Borba &#8211; Alentejo<\/li>\n<li style=\"font-weight: 400\"><strong>Mesa de Braga<\/strong>, Braga &#8211; Norte<\/li>\n<li style=\"font-weight: 400\"><strong>Mesa de Bragan\u00e7a<\/strong>, Bragan\u00e7a &#8211; Norte<\/li>\n<li style=\"font-weight: 400\"><strong>Mesa de Casa Velha &#8211; Cacela Velha<\/strong>, Vila Real de Santo Ant\u00f3nio &#8211; Algarve<\/li>\n<li style=\"font-weight: 400\"><strong>Mesa de Chaves<\/strong>, Chaves &#8211; Norte<\/li>\n<li style=\"font-weight: 400\"><strong>Mesa de Const\u00e2ncia<\/strong>, Const\u00e2ncia &#8211; Centro<\/li>\n<li style=\"font-weight: 400\"><strong>Mesa de Gouveia<\/strong>, Gouveia &#8211; Centro<\/li>\n<li style=\"font-weight: 400\"><strong>Mesa de Lagoa do Algarve<\/strong>, Lagoa &#8211; Algarve<\/li>\n<li style=\"font-weight: 400\"><strong>Mesa de Maresias, Vila do Bispo<\/strong>\u00a0&#8211; Algarve<\/li>\n<li style=\"font-weight: 400\"><strong>Mesa de Monchique, Monchique<\/strong>\u00a0&#8211; Algarve<\/li>\n<li style=\"font-weight: 400\"><strong>Mesa de Montalegre<\/strong>, Montalegre &#8211; Norte<\/li>\n<li style=\"font-weight: 400\"><strong>Mesa de Palmela<\/strong>, Palmela &#8211; Lisboa<\/li>\n<li style=\"font-weight: 400\"><strong>Mesa de Porto Moniz Munic\u00edpio<\/strong>, Porto Moniz &#8211; Madeira<\/li>\n<li style=\"font-weight: 400\"><strong>Mesa de Silves: da Serra ao Mar<\/strong>, Silves &#8211; Algarve<\/li>\n<li style=\"font-weight: 400\"><strong>Mesa de Vila Real<\/strong>, Vila Real &#8211; Norte<\/li>\n<li style=\"font-weight: 400\"><strong>Mesa de Villa Oeiras<\/strong>, Oeiras &#8211; Lisboa<\/li>\n<li style=\"font-weight: 400\"><strong>Mesa do Cordeiro \u00e0 Moda De Mon\u00e7\u00e3o<\/strong>, Mon\u00e7\u00e3o &#8211; Norte<\/li>\n<li style=\"font-weight: 400\"><strong>Mesa do Mar &#8211; Albufeira e Olhos De \u00c1gua<\/strong>, Albufeira &#8211; Algarve<\/li>\n<li style=\"font-weight: 400\"><strong>Mesa do Restaurante Os Amigos &#8211; S. Jorge<\/strong>, Calheta \u2013 A\u00e7ores<\/li>\n<li style=\"font-weight: 400\"><strong>Mesa dos Templ\u00e1rios<\/strong>, Tomar &#8211; Centro<\/li>\n<li style=\"font-weight: 400\"><strong>Mesa Encosta dos T\u00faneis<\/strong>, Sever do Vouga &#8211; Centro<\/li>\n<li style=\"font-weight: 400\"><strong>Mesa Lajes das Flores<\/strong>, Lajes das Flores &#8211; A\u00e7ores<\/li>\n<li style=\"font-weight: 400\"><strong>Mesa Lajes do Pico &#8211; Capital da Cultura da Baleia<\/strong>, Lajes do Pico &#8211; A\u00e7ores<\/li>\n<li style=\"font-weight: 400\"><strong>Mesa Madalena do Pico, Capital dos A\u00e7ores da Vinha e do Vinho<\/strong>, Madalena &#8211; A\u00e7ores<\/li>\n<li style=\"font-weight: 400\"><strong>Mesa Sabores de Monsaraz<\/strong>, Reguengos de Monsaraz &#8211; Alentejo<\/li>\n<li style=\"font-weight: 400\"><strong>Mesa Set\u00fabal &#8211; Casa da Ba\u00eda de Set\u00fabal<\/strong>, Set\u00fabal &#8211; Lisboa<\/li>\n<li style=\"font-weight: 400\"><strong>Mesa Tipicamente Beir\u00e3 \u2013 Corti\u00e7o<\/strong>, Viseu &#8211; Centro<\/li>\n<li style=\"font-weight: 400\"><strong>Mesa Vila de Frades A &#8216;Catedral &#8216; dos Vinhos de Talha<\/strong>, Vidigueira \u2013 Alentejo<\/li>\n<\/ol>\n<p style=\"font-weight: 400\">\n","protected":false},"excerpt":{"rendered":"<p>Do Minho ao Algarve, passando pela Madeira e A\u00e7ores, s\u00e3o hoje divulgadas as 49 Mesas pr\u00e9-finalistas que reuniram o consenso de um Painel de 77 Especialistas e do Conselho Cient\u00edfico, destacando-se com o melhor da gastronomia, vinhos, azeite e roteiros tur\u00edsticos de cada regi\u00e3o de Portugal, de entre as 182 candidaturas submetidas \u00e0s 7 Maravilhas [&hellip;]<\/p>\n","protected":false},"author":11,"featured_media":11101,"comment_status":"closed","ping_status":"closed","sticky":false,"template":"","format":"standard","meta":{"_exactmetrics_skip_tracking":false,"footnotes":""},"categories":[9],"tags":[27],"class_list":["post-11543","post","type-post","status-publish","format-standard","has-post-thumbnail","hentry","category-moncao","tag-sociedade"],"yoast_head":"<!-- This site is optimized with the Yoast SEO Premium plugin v28.3 (Yoast SEO v28.3) - https:\/\/yoast.com\/product\/yoast-seo-premium-wordpress\/ -->\n<title>Mon\u00e7\u00e3o \u00e9 Pr\u00e9 - finalista nas 7 Maravilhas \u00e0 Mesa de Portugal<\/title>\n<meta name=\"robots\" content=\"index, follow, max-snippet:-1, max-image-preview:large, max-video-preview:-1\" \/>\n<link rel=\"canonical\" href=\"https:\/\/www.altominho.tv\/site\/2018\/04\/07\/moncao-e-pre-finalista-nas-7-maravilhas-a-mesa-de-portugal\/\" \/>\n<meta property=\"og:locale\" content=\"pt_PT\" \/>\n<meta property=\"og:type\" content=\"article\" \/>\n<meta property=\"og:title\" content=\"Mon\u00e7\u00e3o \u00e9 Pr\u00e9 - finalista nas 7 Maravilhas \u00e0 Mesa de Portugal\" \/>\n<meta property=\"og:description\" content=\"Do Minho ao Algarve, passando pela Madeira e A\u00e7ores, s\u00e3o hoje divulgadas as 49 Mesas pr\u00e9-finalistas que reuniram o consenso de um Painel de 77 Especialistas e do Conselho Cient\u00edfico, destacando-se com o melhor da gastronomia, vinhos, azeite e roteiros tur\u00edsticos de cada regi\u00e3o de Portugal, de entre as 182 candidaturas submetidas \u00e0s 7 Maravilhas [&hellip;]\" \/>\n<meta property=\"og:url\" content=\"https:\/\/www.altominho.tv\/site\/2018\/04\/07\/moncao-e-pre-finalista-nas-7-maravilhas-a-mesa-de-portugal\/\" \/>\n<meta property=\"og:site_name\" content=\"Altominho.tv\" \/>\n<meta property=\"article:publisher\" content=\"https:\/\/www.facebook.com\/altominhotv\" \/>\n<meta property=\"article:published_time\" content=\"2018-04-07T10:23:01+00:00\" \/>\n<meta property=\"og:image\" content=\"https:\/\/www.altominho.tv\/site\/wp-content\/uploads\/2018\/03\/7-maravilhas-\u00e0-mesa-1.jpg\" \/>\n\t<meta property=\"og:image:width\" content=\"620\" \/>\n\t<meta property=\"og:image:height\" content=\"310\" \/>\n\t<meta property=\"og:image:type\" content=\"image\/jpeg\" \/>\n<meta name=\"author\" content=\"M\u00e1rcio Ferreira\" \/>\n<meta name=\"twitter:card\" content=\"summary_large_image\" \/>\n<meta name=\"twitter:creator\" content=\"@altominhoTV\" \/>\n<meta name=\"twitter:site\" content=\"@altominhoTV\" \/>\n<meta name=\"twitter:label1\" content=\"Escrito por\" \/>\n\t<meta name=\"twitter:data1\" content=\"M\u00e1rcio Ferreira\" \/>\n\t<meta name=\"twitter:label2\" content=\"Tempo estimado de leitura\" \/>\n\t<meta name=\"twitter:data2\" content=\"4 minutos\" \/>\n<script type=\"application\/ld+json\" class=\"yoast-schema-graph\">{\"@context\":\"https:\\\/\\\/schema.org\",\"@graph\":[{\"@type\":\"Article\",\"@id\":\"https:\\\/\\\/www.altominho.tv\\\/site\\\/2018\\\/04\\\/07\\\/moncao-e-pre-finalista-nas-7-maravilhas-a-mesa-de-portugal\\\/#article\",\"isPartOf\":{\"@id\":\"https:\\\/\\\/www.altominho.tv\\\/site\\\/2018\\\/04\\\/07\\\/moncao-e-pre-finalista-nas-7-maravilhas-a-mesa-de-portugal\\\/\"},\"author\":{\"name\":\"M\u00e1rcio Ferreira\",\"@id\":\"https:\\\/\\\/www.altominho.tv\\\/site\\\/#\\\/schema\\\/person\\\/f836e37082b5dabe9144f3eb724ed5a7\"},\"headline\":\"Mon\u00e7\u00e3o \u00e9 Pr\u00e9 &#8211; finalista nas 7 Maravilhas \u00e0 Mesa de Portugal\",\"datePublished\":\"2018-04-07T10:23:01+00:00\",\"mainEntityOfPage\":{\"@id\":\"https:\\\/\\\/www.altominho.tv\\\/site\\\/2018\\\/04\\\/07\\\/moncao-e-pre-finalista-nas-7-maravilhas-a-mesa-de-portugal\\\/\"},\"wordCount\":835,\"image\":{\"@id\":\"https:\\\/\\\/www.altominho.tv\\\/site\\\/2018\\\/04\\\/07\\\/moncao-e-pre-finalista-nas-7-maravilhas-a-mesa-de-portugal\\\/#primaryimage\"},\"thumbnailUrl\":\"https:\\\/\\\/www.altominho.tv\\\/site\\\/wp-content\\\/uploads\\\/2018\\\/03\\\/7-maravilhas-\u00e0-mesa-1.jpg\",\"keywords\":[\"Sociedade\"],\"articleSection\":[\"Mon\u00e7\u00e3o\"],\"inLanguage\":\"pt-PT\",\"copyrightYear\":\"2018\",\"copyrightHolder\":{\"@id\":\"https:\\\/\\\/www.altominho.tv\\\/site\\\/#organization\"}},{\"@type\":\"WebPage\",\"@id\":\"https:\\\/\\\/www.altominho.tv\\\/site\\\/2018\\\/04\\\/07\\\/moncao-e-pre-finalista-nas-7-maravilhas-a-mesa-de-portugal\\\/\",\"url\":\"https:\\\/\\\/www.altominho.tv\\\/site\\\/2018\\\/04\\\/07\\\/moncao-e-pre-finalista-nas-7-maravilhas-a-mesa-de-portugal\\\/\",\"name\":\"Mon\u00e7\u00e3o \u00e9 Pr\u00e9 - finalista nas 7 Maravilhas \u00e0 Mesa de Portugal\",\"isPartOf\":{\"@id\":\"https:\\\/\\\/www.altominho.tv\\\/site\\\/#website\"},\"primaryImageOfPage\":{\"@id\":\"https:\\\/\\\/www.altominho.tv\\\/site\\\/2018\\\/04\\\/07\\\/moncao-e-pre-finalista-nas-7-maravilhas-a-mesa-de-portugal\\\/#primaryimage\"},\"image\":{\"@id\":\"https:\\\/\\\/www.altominho.tv\\\/site\\\/2018\\\/04\\\/07\\\/moncao-e-pre-finalista-nas-7-maravilhas-a-mesa-de-portugal\\\/#primaryimage\"},\"thumbnailUrl\":\"https:\\\/\\\/www.altominho.tv\\\/site\\\/wp-content\\\/uploads\\\/2018\\\/03\\\/7-maravilhas-\u00e0-mesa-1.jpg\",\"datePublished\":\"2018-04-07T10:23:01+00:00\",\"author\":{\"@id\":\"https:\\\/\\\/www.altominho.tv\\\/site\\\/#\\\/schema\\\/person\\\/f836e37082b5dabe9144f3eb724ed5a7\"},\"breadcrumb\":{\"@id\":\"https:\\\/\\\/www.altominho.tv\\\/site\\\/2018\\\/04\\\/07\\\/moncao-e-pre-finalista-nas-7-maravilhas-a-mesa-de-portugal\\\/#breadcrumb\"},\"inLanguage\":\"pt-PT\",\"potentialAction\":[{\"@type\":\"ReadAction\",\"target\":[\"https:\\\/\\\/www.altominho.tv\\\/site\\\/2018\\\/04\\\/07\\\/moncao-e-pre-finalista-nas-7-maravilhas-a-mesa-de-portugal\\\/\"]}]},{\"@type\":\"ImageObject\",\"inLanguage\":\"pt-PT\",\"@id\":\"https:\\\/\\\/www.altominho.tv\\\/site\\\/2018\\\/04\\\/07\\\/moncao-e-pre-finalista-nas-7-maravilhas-a-mesa-de-portugal\\\/#primaryimage\",\"url\":\"https:\\\/\\\/www.altominho.tv\\\/site\\\/wp-content\\\/uploads\\\/2018\\\/03\\\/7-maravilhas-\u00e0-mesa-1.jpg\",\"contentUrl\":\"https:\\\/\\\/www.altominho.tv\\\/site\\\/wp-content\\\/uploads\\\/2018\\\/03\\\/7-maravilhas-\u00e0-mesa-1.jpg\",\"width\":620,\"height\":310},{\"@type\":\"BreadcrumbList\",\"@id\":\"https:\\\/\\\/www.altominho.tv\\\/site\\\/2018\\\/04\\\/07\\\/moncao-e-pre-finalista-nas-7-maravilhas-a-mesa-de-portugal\\\/#breadcrumb\",\"itemListElement\":[{\"@type\":\"ListItem\",\"position\":1,\"name\":\"In\u00edcio\",\"item\":\"https:\\\/\\\/www.altominho.tv\\\/site\\\/\"},{\"@type\":\"ListItem\",\"position\":2,\"name\":\"Mon\u00e7\u00e3o \u00e9 Pr\u00e9 &#8211; finalista nas 7 Maravilhas \u00e0 Mesa de Portugal\"}]},{\"@type\":\"WebSite\",\"@id\":\"https:\\\/\\\/www.altominho.tv\\\/site\\\/#website\",\"url\":\"https:\\\/\\\/www.altominho.tv\\\/site\\\/\",\"name\":\"Altominho.tv\",\"description\":\"A sua regi\u00e3o \u00e0 dist\u00e2ncia de um clique...\",\"potentialAction\":[{\"@type\":\"SearchAction\",\"target\":{\"@type\":\"EntryPoint\",\"urlTemplate\":\"https:\\\/\\\/www.altominho.tv\\\/site\\\/?s={search_term_string}\"},\"query-input\":{\"@type\":\"PropertyValueSpecification\",\"valueRequired\":true,\"valueName\":\"search_term_string\"}}],\"inLanguage\":\"pt-PT\"},{\"@type\":\"Person\",\"@id\":\"https:\\\/\\\/www.altominho.tv\\\/site\\\/#\\\/schema\\\/person\\\/f836e37082b5dabe9144f3eb724ed5a7\",\"name\":\"M\u00e1rcio Ferreira\",\"image\":{\"@type\":\"ImageObject\",\"inLanguage\":\"pt-PT\",\"@id\":\"https:\\\/\\\/www.altominho.tv\\\/site\\\/wp-content\\\/uploads\\\/2017\\\/11\\\/Marcio-150x150.jpg\",\"url\":\"https:\\\/\\\/www.altominho.tv\\\/site\\\/wp-content\\\/uploads\\\/2017\\\/11\\\/Marcio-150x150.jpg\",\"contentUrl\":\"https:\\\/\\\/www.altominho.tv\\\/site\\\/wp-content\\\/uploads\\\/2017\\\/11\\\/Marcio-150x150.jpg\",\"caption\":\"M\u00e1rcio Ferreira\"},\"url\":\"https:\\\/\\\/www.altominho.tv\\\/site\\\/author\\\/marcioferreira\\\/\"}]}<\/script>\n<!-- \/ Yoast SEO Premium plugin. -->","yoast_head_json":{"title":"Mon\u00e7\u00e3o \u00e9 Pr\u00e9 - finalista nas 7 Maravilhas \u00e0 Mesa de Portugal","robots":{"index":"index","follow":"follow","max-snippet":"max-snippet:-1","max-image-preview":"max-image-preview:large","max-video-preview":"max-video-preview:-1"},"canonical":"https:\/\/www.altominho.tv\/site\/2018\/04\/07\/moncao-e-pre-finalista-nas-7-maravilhas-a-mesa-de-portugal\/","og_locale":"pt_PT","og_type":"article","og_title":"Mon\u00e7\u00e3o \u00e9 Pr\u00e9 - finalista nas 7 Maravilhas \u00e0 Mesa de Portugal","og_description":"Do Minho ao Algarve, passando pela Madeira e A\u00e7ores, s\u00e3o hoje divulgadas as 49 Mesas pr\u00e9-finalistas que reuniram o consenso de um Painel de 77 Especialistas e do Conselho Cient\u00edfico, destacando-se com o melhor da gastronomia, vinhos, azeite e roteiros tur\u00edsticos de cada regi\u00e3o de Portugal, de entre as 182 candidaturas submetidas \u00e0s 7 Maravilhas [&hellip;]","og_url":"https:\/\/www.altominho.tv\/site\/2018\/04\/07\/moncao-e-pre-finalista-nas-7-maravilhas-a-mesa-de-portugal\/","og_site_name":"Altominho.tv","article_publisher":"https:\/\/www.facebook.com\/altominhotv","article_published_time":"2018-04-07T10:23:01+00:00","og_image":[{"width":620,"height":310,"url":"https:\/\/www.altominho.tv\/site\/wp-content\/uploads\/2018\/03\/7-maravilhas-\u00e0-mesa-1.jpg","type":"image\/jpeg"}],"author":"M\u00e1rcio Ferreira","twitter_card":"summary_large_image","twitter_creator":"@altominhoTV","twitter_site":"@altominhoTV","twitter_misc":{"Escrito por":"M\u00e1rcio Ferreira","Tempo estimado de leitura":"4 minutos"},"schema":{"@context":"https:\/\/schema.org","@graph":[{"@type":"Article","@id":"https:\/\/www.altominho.tv\/site\/2018\/04\/07\/moncao-e-pre-finalista-nas-7-maravilhas-a-mesa-de-portugal\/#article","isPartOf":{"@id":"https:\/\/www.altominho.tv\/site\/2018\/04\/07\/moncao-e-pre-finalista-nas-7-maravilhas-a-mesa-de-portugal\/"},"author":{"name":"M\u00e1rcio Ferreira","@id":"https:\/\/www.altominho.tv\/site\/#\/schema\/person\/f836e37082b5dabe9144f3eb724ed5a7"},"headline":"Mon\u00e7\u00e3o \u00e9 Pr\u00e9 &#8211; finalista nas 7 Maravilhas \u00e0 Mesa de Portugal","datePublished":"2018-04-07T10:23:01+00:00","mainEntityOfPage":{"@id":"https:\/\/www.altominho.tv\/site\/2018\/04\/07\/moncao-e-pre-finalista-nas-7-maravilhas-a-mesa-de-portugal\/"},"wordCount":835,"image":{"@id":"https:\/\/www.altominho.tv\/site\/2018\/04\/07\/moncao-e-pre-finalista-nas-7-maravilhas-a-mesa-de-portugal\/#primaryimage"},"thumbnailUrl":"https:\/\/www.altominho.tv\/site\/wp-content\/uploads\/2018\/03\/7-maravilhas-\u00e0-mesa-1.jpg","keywords":["Sociedade"],"articleSection":["Mon\u00e7\u00e3o"],"inLanguage":"pt-PT","copyrightYear":"2018","copyrightHolder":{"@id":"https:\/\/www.altominho.tv\/site\/#organization"}},{"@type":"WebPage","@id":"https:\/\/www.altominho.tv\/site\/2018\/04\/07\/moncao-e-pre-finalista-nas-7-maravilhas-a-mesa-de-portugal\/","url":"https:\/\/www.altominho.tv\/site\/2018\/04\/07\/moncao-e-pre-finalista-nas-7-maravilhas-a-mesa-de-portugal\/","name":"Mon\u00e7\u00e3o \u00e9 Pr\u00e9 - finalista nas 7 Maravilhas \u00e0 Mesa de Portugal","isPartOf":{"@id":"https:\/\/www.altominho.tv\/site\/#website"},"primaryImageOfPage":{"@id":"https:\/\/www.altominho.tv\/site\/2018\/04\/07\/moncao-e-pre-finalista-nas-7-maravilhas-a-mesa-de-portugal\/#primaryimage"},"image":{"@id":"https:\/\/www.altominho.tv\/site\/2018\/04\/07\/moncao-e-pre-finalista-nas-7-maravilhas-a-mesa-de-portugal\/#primaryimage"},"thumbnailUrl":"https:\/\/www.altominho.tv\/site\/wp-content\/uploads\/2018\/03\/7-maravilhas-\u00e0-mesa-1.jpg","datePublished":"2018-04-07T10:23:01+00:00","author":{"@id":"https:\/\/www.altominho.tv\/site\/#\/schema\/person\/f836e37082b5dabe9144f3eb724ed5a7"},"breadcrumb":{"@id":"https:\/\/www.altominho.tv\/site\/2018\/04\/07\/moncao-e-pre-finalista-nas-7-maravilhas-a-mesa-de-portugal\/#breadcrumb"},"inLanguage":"pt-PT","potentialAction":[{"@type":"ReadAction","target":["https:\/\/www.altominho.tv\/site\/2018\/04\/07\/moncao-e-pre-finalista-nas-7-maravilhas-a-mesa-de-portugal\/"]}]},{"@type":"ImageObject","inLanguage":"pt-PT","@id":"https:\/\/www.altominho.tv\/site\/2018\/04\/07\/moncao-e-pre-finalista-nas-7-maravilhas-a-mesa-de-portugal\/#primaryimage","url":"https:\/\/www.altominho.tv\/site\/wp-content\/uploads\/2018\/03\/7-maravilhas-\u00e0-mesa-1.jpg","contentUrl":"https:\/\/www.altominho.tv\/site\/wp-content\/uploads\/2018\/03\/7-maravilhas-\u00e0-mesa-1.jpg","width":620,"height":310},{"@type":"BreadcrumbList","@id":"https:\/\/www.altominho.tv\/site\/2018\/04\/07\/moncao-e-pre-finalista-nas-7-maravilhas-a-mesa-de-portugal\/#breadcrumb","itemListElement":[{"@type":"ListItem","position":1,"name":"In\u00edcio","item":"https:\/\/www.altominho.tv\/site\/"},{"@type":"ListItem","position":2,"name":"Mon\u00e7\u00e3o \u00e9 Pr\u00e9 &#8211; finalista nas 7 Maravilhas \u00e0 Mesa de Portugal"}]},{"@type":"WebSite","@id":"https:\/\/www.altominho.tv\/site\/#website","url":"https:\/\/www.altominho.tv\/site\/","name":"Altominho.tv","description":"A sua regi\u00e3o \u00e0 dist\u00e2ncia de um clique...","potentialAction":[{"@type":"SearchAction","target":{"@type":"EntryPoint","urlTemplate":"https:\/\/www.altominho.tv\/site\/?s={search_term_string}"},"query-input":{"@type":"PropertyValueSpecification","valueRequired":true,"valueName":"search_term_string"}}],"inLanguage":"pt-PT"},{"@type":"Person","@id":"https:\/\/www.altominho.tv\/site\/#\/schema\/person\/f836e37082b5dabe9144f3eb724ed5a7","name":"M\u00e1rcio Ferreira","image":{"@type":"ImageObject","inLanguage":"pt-PT","@id":"https:\/\/www.altominho.tv\/site\/wp-content\/uploads\/2017\/11\/Marcio-150x150.jpg","url":"https:\/\/www.altominho.tv\/site\/wp-content\/uploads\/2017\/11\/Marcio-150x150.jpg","contentUrl":"https:\/\/www.altominho.tv\/site\/wp-content\/uploads\/2017\/11\/Marcio-150x150.jpg","caption":"M\u00e1rcio Ferreira"},"url":"https:\/\/www.altominho.tv\/site\/author\/marcioferreira\/"}]}},"_links":{"self":[{"href":"https:\/\/www.altominho.tv\/site\/wp-json\/wp\/v2\/posts\/11543","targetHints":{"allow":["GET"]}}],"collection":[{"href":"https:\/\/www.altominho.tv\/site\/wp-json\/wp\/v2\/posts"}],"about":[{"href":"https:\/\/www.altominho.tv\/site\/wp-json\/wp\/v2\/types\/post"}],"author":[{"embeddable":true,"href":"https:\/\/www.altominho.tv\/site\/wp-json\/wp\/v2\/users\/11"}],"replies":[{"embeddable":true,"href":"https:\/\/www.altominho.tv\/site\/wp-json\/wp\/v2\/comments?post=11543"}],"version-history":[{"count":0,"href":"https:\/\/www.altominho.tv\/site\/wp-json\/wp\/v2\/posts\/11543\/revisions"}],"wp:featuredmedia":[{"embeddable":true,"href":"https:\/\/www.altominho.tv\/site\/wp-json\/wp\/v2\/media\/11101"}],"wp:attachment":[{"href":"https:\/\/www.altominho.tv\/site\/wp-json\/wp\/v2\/media?parent=11543"}],"wp:term":[{"taxonomy":"category","embeddable":true,"href":"https:\/\/www.altominho.tv\/site\/wp-json\/wp\/v2\/categories?post=11543"},{"taxonomy":"post_tag","embeddable":true,"href":"https:\/\/www.altominho.tv\/site\/wp-json\/wp\/v2\/tags?post=11543"}],"curies":[{"name":"wp","href":"https:\/\/api.w.org\/{rel}","templated":true}]}}