{"id":11539,"date":"2018-04-06T17:51:37","date_gmt":"2018-04-06T16:51:37","guid":{"rendered":"http:\/\/www.altominho.tv\/site\/?p=11539"},"modified":"2018-04-06T17:52:48","modified_gmt":"2018-04-06T16:52:48","slug":"cim-alto-minho-e-finistere-assinaram-declaracao-sobre-politica-de-coesao-e-lancaram-programa-erasmus-sana","status":"publish","type":"post","link":"https:\/\/www.altominho.tv\/site\/2018\/04\/06\/cim-alto-minho-e-finistere-assinaram-declaracao-sobre-politica-de-coesao-e-lancaram-programa-erasmus-sana\/","title":{"rendered":"CIM Alto Minho e Finist\u00e8re assinaram declara\u00e7\u00e3o sobre pol\u00edtica de coes\u00e3o e lan\u00e7aram Programa ERASMUS +SANA"},"content":{"rendered":"<p>O presidente da C\u00e2mara Municipal de Viana do Castelo, na qualidade de presidente da CIM Alto Minho, Jos\u00e9 Maria Costa, marcou presen\u00e7a na sess\u00e3o de assinatura da declara\u00e7\u00e3o comum sobre pol\u00edtica de coes\u00e3o p\u00f3s-2020.<\/p>\n<p>A iniciativa, que decorreu em Finist\u00e8re, surge na sequ\u00eancia de um protocolo de coopera\u00e7\u00e3o assinado em 2016 para um melhor entendimento em \u00e1reas comuns como a posi\u00e7\u00e3o perif\u00e9rica dos territ\u00f3rios e a sua ruralidade, a identidade cultural forte e o peso importante do turismo.<\/p>\n<p>As duas regi\u00f5es, depois de uma an\u00e1lise conjunta efetuada \u00e0s propostas de Pol\u00edticas de Coes\u00e3o p\u00f3s-2020 que t\u00eam vindo a ser apresentadas pela Comiss\u00e3o Europeia e diversos Estados Membros, entendem ser necess\u00e1rio refor\u00e7ar a Europa das regi\u00f5es, tendo em considera\u00e7\u00e3o, nomeadamente, as dimens\u00f5es da mem\u00f3ria e solidariedade europeia, coes\u00e3o e coopera\u00e7\u00e3o territorial europeia, desenvolvimento dos territ\u00f3rios e valoriza\u00e7\u00e3o da fachada atl\u00e2ntica e gest\u00e3o de proximidade e maior autonomia dos atores territoriais para a aplica\u00e7\u00e3o das pol\u00edticas de coes\u00e3o.<\/p>\n<p>Para as duas regi\u00f5es, \u201cas pol\u00edticas estabelecidas ao n\u00edvel supranacional nem sempre coincidem com as necessidades locais dos cidad\u00e3os das regi\u00f5es europeias na sua grande diversidade. Para responder melhor a estas necessidades, torna-se fundamental atribuir aos atores territoriais uma maior autonomia, permitindo-lhes ter uma maior margem de manobra na defini\u00e7\u00e3o e operacionaliza\u00e7\u00e3o das grandes orienta\u00e7\u00f5es das pol\u00edticas de coes\u00e3o, nomeadamente no que se refere \u00e0 estrutura\u00e7\u00e3o e aplica\u00e7\u00e3o dos objetivos tem\u00e1ticos das Pol\u00edticas de Coes\u00e3o\u201d.<\/p>\n<p>Desta forma, solicitam que seja considerada a diversidade de necessidades das regi\u00f5es europeias e dos seus n\u00edveis de desenvolvimento, bem como a simplifica\u00e7\u00e3o\/flexibiliza\u00e7\u00e3o dos objetivos tem\u00e1ticos das pol\u00edticas de coes\u00e3o e dos seus processos de operacionaliza\u00e7\u00e3o, e o refor\u00e7o dos n\u00edveis de descentraliza\u00e7\u00e3o das pol\u00edticas de coes\u00e3o.<\/p>\n<p>Paralelamente, o autarca participou na sess\u00e3o de lan\u00e7amento do projeto europeu &#8220;ERASMUS + Sport SANA \u2013 Desenvolvimento do desporto de natureza para todas\/os&#8221;, que coloca em parceria Finist\u00e8re, a CIM Alto Minho e a Galiza, visando desenvolver a pr\u00e1tica do desporto n\u00e1utico adaptado. Tem como objetivo a inclus\u00e3o social e o desenvolvimento de boas pr\u00e1ticas comuns aos parceiros.<\/p>\n","protected":false},"excerpt":{"rendered":"<p>O presidente da C\u00e2mara Municipal de Viana do Castelo, na qualidade de presidente da CIM Alto Minho, Jos\u00e9 Maria Costa, marcou presen\u00e7a na sess\u00e3o de assinatura da declara\u00e7\u00e3o comum sobre pol\u00edtica de coes\u00e3o p\u00f3s-2020. A iniciativa, que decorreu em Finist\u00e8re, surge na sequ\u00eancia de um protocolo de coopera\u00e7\u00e3o assinado em 2016 para um melhor entendimento [&hellip;]<\/p>\n","protected":false},"author":12,"featured_media":11364,"comment_status":"closed","ping_status":"closed","sticky":false,"template":"","format":"standard","meta":{"_exactmetrics_skip_tracking":false,"_exactmetrics_sitenote_active":false,"_exactmetrics_sitenote_note":"","_exactmetrics_sitenote_category":0,"footnotes":""},"categories":[73],"tags":[27],"class_list":["post-11539","post","type-post","status-publish","format-standard","has-post-thumbnail","hentry","category-alto-minho","tag-sociedade"],"yoast_head":"<!-- This site is optimized with the Yoast SEO Premium plugin v27.5 (Yoast SEO v27.5) - https:\/\/yoast.com\/product\/yoast-seo-premium-wordpress\/ -->\n<title>CIM Alto Minho e Finist\u00e8re assinaram declara\u00e7\u00e3o sobre pol\u00edtica de coes\u00e3o e lan\u00e7aram Programa ERASMUS +SANA<\/title>\n<meta name=\"robots\" content=\"index, follow, max-snippet:-1, max-image-preview:large, max-video-preview:-1\" \/>\n<link rel=\"canonical\" href=\"https:\/\/www.altominho.tv\/site\/2018\/04\/06\/cim-alto-minho-e-finistere-assinaram-declaracao-sobre-politica-de-coesao-e-lancaram-programa-erasmus-sana\/\" \/>\n<meta property=\"og:locale\" content=\"pt_PT\" \/>\n<meta property=\"og:type\" content=\"article\" \/>\n<meta property=\"og:title\" content=\"CIM Alto Minho e Finist\u00e8re assinaram declara\u00e7\u00e3o sobre pol\u00edtica de coes\u00e3o e lan\u00e7aram Programa ERASMUS +SANA\" \/>\n<meta property=\"og:description\" content=\"O presidente da C\u00e2mara Municipal de Viana do Castelo, na qualidade de presidente da CIM Alto Minho, Jos\u00e9 Maria Costa, marcou presen\u00e7a na sess\u00e3o de assinatura da declara\u00e7\u00e3o comum sobre pol\u00edtica de coes\u00e3o p\u00f3s-2020. A iniciativa, que decorreu em Finist\u00e8re, surge na sequ\u00eancia de um protocolo de coopera\u00e7\u00e3o assinado em 2016 para um melhor entendimento [&hellip;]\" \/>\n<meta property=\"og:url\" content=\"https:\/\/www.altominho.tv\/site\/2018\/04\/06\/cim-alto-minho-e-finistere-assinaram-declaracao-sobre-politica-de-coesao-e-lancaram-programa-erasmus-sana\/\" \/>\n<meta property=\"og:site_name\" content=\"Altominho.tv\" \/>\n<meta property=\"article:publisher\" content=\"https:\/\/www.facebook.com\/altominhotv\" \/>\n<meta property=\"article:published_time\" content=\"2018-04-06T16:51:37+00:00\" \/>\n<meta property=\"article:modified_time\" content=\"2018-04-06T16:52:48+00:00\" \/>\n<meta property=\"og:image\" content=\"https:\/\/www.altominho.tv\/site\/wp-content\/uploads\/2018\/04\/jose.jpg\" \/>\n\t<meta property=\"og:image:width\" content=\"900\" \/>\n\t<meta property=\"og:image:height\" content=\"507\" \/>\n\t<meta property=\"og:image:type\" content=\"image\/jpeg\" \/>\n<meta name=\"author\" content=\"Andreia Ferreira\" \/>\n<meta name=\"twitter:card\" content=\"summary_large_image\" \/>\n<meta name=\"twitter:creator\" content=\"@altominhoTV\" \/>\n<meta name=\"twitter:site\" content=\"@altominhoTV\" \/>\n<meta name=\"twitter:label1\" content=\"Escrito por\" \/>\n\t<meta name=\"twitter:data1\" content=\"Andreia Ferreira\" \/>\n\t<meta name=\"twitter:label2\" content=\"Tempo estimado de leitura\" \/>\n\t<meta name=\"twitter:data2\" content=\"2 minutos\" \/>\n<script type=\"application\/ld+json\" class=\"yoast-schema-graph\">{\"@context\":\"https:\\\/\\\/schema.org\",\"@graph\":[{\"@type\":\"Article\",\"@id\":\"https:\\\/\\\/www.altominho.tv\\\/site\\\/2018\\\/04\\\/06\\\/cim-alto-minho-e-finistere-assinaram-declaracao-sobre-politica-de-coesao-e-lancaram-programa-erasmus-sana\\\/#article\",\"isPartOf\":{\"@id\":\"https:\\\/\\\/www.altominho.tv\\\/site\\\/2018\\\/04\\\/06\\\/cim-alto-minho-e-finistere-assinaram-declaracao-sobre-politica-de-coesao-e-lancaram-programa-erasmus-sana\\\/\"},\"author\":{\"name\":\"Andreia Ferreira\",\"@id\":\"https:\\\/\\\/www.altominho.tv\\\/site\\\/#\\\/schema\\\/person\\\/d9be4265364723f14ea8e0d56a1d38cd\"},\"headline\":\"CIM Alto Minho e Finist\u00e8re assinaram declara\u00e7\u00e3o sobre pol\u00edtica de coes\u00e3o e lan\u00e7aram Programa ERASMUS +SANA\",\"datePublished\":\"2018-04-06T16:51:37+00:00\",\"dateModified\":\"2018-04-06T16:52:48+00:00\",\"mainEntityOfPage\":{\"@id\":\"https:\\\/\\\/www.altominho.tv\\\/site\\\/2018\\\/04\\\/06\\\/cim-alto-minho-e-finistere-assinaram-declaracao-sobre-politica-de-coesao-e-lancaram-programa-erasmus-sana\\\/\"},\"wordCount\":425,\"image\":{\"@id\":\"https:\\\/\\\/www.altominho.tv\\\/site\\\/2018\\\/04\\\/06\\\/cim-alto-minho-e-finistere-assinaram-declaracao-sobre-politica-de-coesao-e-lancaram-programa-erasmus-sana\\\/#primaryimage\"},\"thumbnailUrl\":\"https:\\\/\\\/www.altominho.tv\\\/site\\\/wp-content\\\/uploads\\\/2018\\\/04\\\/jose.jpg\",\"keywords\":[\"Sociedade\"],\"articleSection\":[\"Alto Minho\"],\"inLanguage\":\"pt-PT\",\"copyrightYear\":\"2018\",\"copyrightHolder\":{\"@id\":\"https:\\\/\\\/www.altominho.tv\\\/site\\\/#organization\"}},{\"@type\":\"WebPage\",\"@id\":\"https:\\\/\\\/www.altominho.tv\\\/site\\\/2018\\\/04\\\/06\\\/cim-alto-minho-e-finistere-assinaram-declaracao-sobre-politica-de-coesao-e-lancaram-programa-erasmus-sana\\\/\",\"url\":\"https:\\\/\\\/www.altominho.tv\\\/site\\\/2018\\\/04\\\/06\\\/cim-alto-minho-e-finistere-assinaram-declaracao-sobre-politica-de-coesao-e-lancaram-programa-erasmus-sana\\\/\",\"name\":\"CIM Alto Minho e Finist\u00e8re assinaram declara\u00e7\u00e3o sobre pol\u00edtica de coes\u00e3o e lan\u00e7aram Programa ERASMUS +SANA\",\"isPartOf\":{\"@id\":\"https:\\\/\\\/www.altominho.tv\\\/site\\\/#website\"},\"primaryImageOfPage\":{\"@id\":\"https:\\\/\\\/www.altominho.tv\\\/site\\\/2018\\\/04\\\/06\\\/cim-alto-minho-e-finistere-assinaram-declaracao-sobre-politica-de-coesao-e-lancaram-programa-erasmus-sana\\\/#primaryimage\"},\"image\":{\"@id\":\"https:\\\/\\\/www.altominho.tv\\\/site\\\/2018\\\/04\\\/06\\\/cim-alto-minho-e-finistere-assinaram-declaracao-sobre-politica-de-coesao-e-lancaram-programa-erasmus-sana\\\/#primaryimage\"},\"thumbnailUrl\":\"https:\\\/\\\/www.altominho.tv\\\/site\\\/wp-content\\\/uploads\\\/2018\\\/04\\\/jose.jpg\",\"datePublished\":\"2018-04-06T16:51:37+00:00\",\"dateModified\":\"2018-04-06T16:52:48+00:00\",\"author\":{\"@id\":\"https:\\\/\\\/www.altominho.tv\\\/site\\\/#\\\/schema\\\/person\\\/d9be4265364723f14ea8e0d56a1d38cd\"},\"breadcrumb\":{\"@id\":\"https:\\\/\\\/www.altominho.tv\\\/site\\\/2018\\\/04\\\/06\\\/cim-alto-minho-e-finistere-assinaram-declaracao-sobre-politica-de-coesao-e-lancaram-programa-erasmus-sana\\\/#breadcrumb\"},\"inLanguage\":\"pt-PT\",\"potentialAction\":[{\"@type\":\"ReadAction\",\"target\":[\"https:\\\/\\\/www.altominho.tv\\\/site\\\/2018\\\/04\\\/06\\\/cim-alto-minho-e-finistere-assinaram-declaracao-sobre-politica-de-coesao-e-lancaram-programa-erasmus-sana\\\/\"]}]},{\"@type\":\"ImageObject\",\"inLanguage\":\"pt-PT\",\"@id\":\"https:\\\/\\\/www.altominho.tv\\\/site\\\/2018\\\/04\\\/06\\\/cim-alto-minho-e-finistere-assinaram-declaracao-sobre-politica-de-coesao-e-lancaram-programa-erasmus-sana\\\/#primaryimage\",\"url\":\"https:\\\/\\\/www.altominho.tv\\\/site\\\/wp-content\\\/uploads\\\/2018\\\/04\\\/jose.jpg\",\"contentUrl\":\"https:\\\/\\\/www.altominho.tv\\\/site\\\/wp-content\\\/uploads\\\/2018\\\/04\\\/jose.jpg\",\"width\":900,\"height\":507},{\"@type\":\"BreadcrumbList\",\"@id\":\"https:\\\/\\\/www.altominho.tv\\\/site\\\/2018\\\/04\\\/06\\\/cim-alto-minho-e-finistere-assinaram-declaracao-sobre-politica-de-coesao-e-lancaram-programa-erasmus-sana\\\/#breadcrumb\",\"itemListElement\":[{\"@type\":\"ListItem\",\"position\":1,\"name\":\"In\u00edcio\",\"item\":\"https:\\\/\\\/www.altominho.tv\\\/site\\\/\"},{\"@type\":\"ListItem\",\"position\":2,\"name\":\"CIM Alto Minho e Finist\u00e8re assinaram declara\u00e7\u00e3o sobre pol\u00edtica de coes\u00e3o e lan\u00e7aram Programa ERASMUS +SANA\"}]},{\"@type\":\"WebSite\",\"@id\":\"https:\\\/\\\/www.altominho.tv\\\/site\\\/#website\",\"url\":\"https:\\\/\\\/www.altominho.tv\\\/site\\\/\",\"name\":\"Altominho.tv\",\"description\":\"A sua regi\u00e3o \u00e0 dist\u00e2ncia de um clique...\",\"potentialAction\":[{\"@type\":\"SearchAction\",\"target\":{\"@type\":\"EntryPoint\",\"urlTemplate\":\"https:\\\/\\\/www.altominho.tv\\\/site\\\/?s={search_term_string}\"},\"query-input\":{\"@type\":\"PropertyValueSpecification\",\"valueRequired\":true,\"valueName\":\"search_term_string\"}}],\"inLanguage\":\"pt-PT\"},{\"@type\":\"Person\",\"@id\":\"https:\\\/\\\/www.altominho.tv\\\/site\\\/#\\\/schema\\\/person\\\/d9be4265364723f14ea8e0d56a1d38cd\",\"name\":\"Andreia Ferreira\",\"image\":{\"@type\":\"ImageObject\",\"inLanguage\":\"pt-PT\",\"@id\":\"https:\\\/\\\/www.altominho.tv\\\/site\\\/wp-content\\\/uploads\\\/2021\\\/01\\\/AndreiaFerreira-150x150.jpg\",\"url\":\"https:\\\/\\\/www.altominho.tv\\\/site\\\/wp-content\\\/uploads\\\/2021\\\/01\\\/AndreiaFerreira-150x150.jpg\",\"contentUrl\":\"https:\\\/\\\/www.altominho.tv\\\/site\\\/wp-content\\\/uploads\\\/2021\\\/01\\\/AndreiaFerreira-150x150.jpg\",\"caption\":\"Andreia Ferreira\"},\"url\":\"https:\\\/\\\/www.altominho.tv\\\/site\\\/author\\\/andreiaferreira\\\/\"}]}<\/script>\n<!-- \/ Yoast SEO Premium plugin. -->","yoast_head_json":{"title":"CIM Alto Minho e Finist\u00e8re assinaram declara\u00e7\u00e3o sobre pol\u00edtica de coes\u00e3o e lan\u00e7aram Programa ERASMUS +SANA","robots":{"index":"index","follow":"follow","max-snippet":"max-snippet:-1","max-image-preview":"max-image-preview:large","max-video-preview":"max-video-preview:-1"},"canonical":"https:\/\/www.altominho.tv\/site\/2018\/04\/06\/cim-alto-minho-e-finistere-assinaram-declaracao-sobre-politica-de-coesao-e-lancaram-programa-erasmus-sana\/","og_locale":"pt_PT","og_type":"article","og_title":"CIM Alto Minho e Finist\u00e8re assinaram declara\u00e7\u00e3o sobre pol\u00edtica de coes\u00e3o e lan\u00e7aram Programa ERASMUS +SANA","og_description":"O presidente da C\u00e2mara Municipal de Viana do Castelo, na qualidade de presidente da CIM Alto Minho, Jos\u00e9 Maria Costa, marcou presen\u00e7a na sess\u00e3o de assinatura da declara\u00e7\u00e3o comum sobre pol\u00edtica de coes\u00e3o p\u00f3s-2020. A iniciativa, que decorreu em Finist\u00e8re, surge na sequ\u00eancia de um protocolo de coopera\u00e7\u00e3o assinado em 2016 para um melhor entendimento [&hellip;]","og_url":"https:\/\/www.altominho.tv\/site\/2018\/04\/06\/cim-alto-minho-e-finistere-assinaram-declaracao-sobre-politica-de-coesao-e-lancaram-programa-erasmus-sana\/","og_site_name":"Altominho.tv","article_publisher":"https:\/\/www.facebook.com\/altominhotv","article_published_time":"2018-04-06T16:51:37+00:00","article_modified_time":"2018-04-06T16:52:48+00:00","og_image":[{"width":900,"height":507,"url":"https:\/\/www.altominho.tv\/site\/wp-content\/uploads\/2018\/04\/jose.jpg","type":"image\/jpeg"}],"author":"Andreia Ferreira","twitter_card":"summary_large_image","twitter_creator":"@altominhoTV","twitter_site":"@altominhoTV","twitter_misc":{"Escrito por":"Andreia Ferreira","Tempo estimado de leitura":"2 minutos"},"schema":{"@context":"https:\/\/schema.org","@graph":[{"@type":"Article","@id":"https:\/\/www.altominho.tv\/site\/2018\/04\/06\/cim-alto-minho-e-finistere-assinaram-declaracao-sobre-politica-de-coesao-e-lancaram-programa-erasmus-sana\/#article","isPartOf":{"@id":"https:\/\/www.altominho.tv\/site\/2018\/04\/06\/cim-alto-minho-e-finistere-assinaram-declaracao-sobre-politica-de-coesao-e-lancaram-programa-erasmus-sana\/"},"author":{"name":"Andreia Ferreira","@id":"https:\/\/www.altominho.tv\/site\/#\/schema\/person\/d9be4265364723f14ea8e0d56a1d38cd"},"headline":"CIM Alto Minho e Finist\u00e8re assinaram declara\u00e7\u00e3o sobre pol\u00edtica de coes\u00e3o e lan\u00e7aram Programa ERASMUS +SANA","datePublished":"2018-04-06T16:51:37+00:00","dateModified":"2018-04-06T16:52:48+00:00","mainEntityOfPage":{"@id":"https:\/\/www.altominho.tv\/site\/2018\/04\/06\/cim-alto-minho-e-finistere-assinaram-declaracao-sobre-politica-de-coesao-e-lancaram-programa-erasmus-sana\/"},"wordCount":425,"image":{"@id":"https:\/\/www.altominho.tv\/site\/2018\/04\/06\/cim-alto-minho-e-finistere-assinaram-declaracao-sobre-politica-de-coesao-e-lancaram-programa-erasmus-sana\/#primaryimage"},"thumbnailUrl":"https:\/\/www.altominho.tv\/site\/wp-content\/uploads\/2018\/04\/jose.jpg","keywords":["Sociedade"],"articleSection":["Alto Minho"],"inLanguage":"pt-PT","copyrightYear":"2018","copyrightHolder":{"@id":"https:\/\/www.altominho.tv\/site\/#organization"}},{"@type":"WebPage","@id":"https:\/\/www.altominho.tv\/site\/2018\/04\/06\/cim-alto-minho-e-finistere-assinaram-declaracao-sobre-politica-de-coesao-e-lancaram-programa-erasmus-sana\/","url":"https:\/\/www.altominho.tv\/site\/2018\/04\/06\/cim-alto-minho-e-finistere-assinaram-declaracao-sobre-politica-de-coesao-e-lancaram-programa-erasmus-sana\/","name":"CIM Alto Minho e Finist\u00e8re assinaram declara\u00e7\u00e3o sobre pol\u00edtica de coes\u00e3o e lan\u00e7aram Programa ERASMUS +SANA","isPartOf":{"@id":"https:\/\/www.altominho.tv\/site\/#website"},"primaryImageOfPage":{"@id":"https:\/\/www.altominho.tv\/site\/2018\/04\/06\/cim-alto-minho-e-finistere-assinaram-declaracao-sobre-politica-de-coesao-e-lancaram-programa-erasmus-sana\/#primaryimage"},"image":{"@id":"https:\/\/www.altominho.tv\/site\/2018\/04\/06\/cim-alto-minho-e-finistere-assinaram-declaracao-sobre-politica-de-coesao-e-lancaram-programa-erasmus-sana\/#primaryimage"},"thumbnailUrl":"https:\/\/www.altominho.tv\/site\/wp-content\/uploads\/2018\/04\/jose.jpg","datePublished":"2018-04-06T16:51:37+00:00","dateModified":"2018-04-06T16:52:48+00:00","author":{"@id":"https:\/\/www.altominho.tv\/site\/#\/schema\/person\/d9be4265364723f14ea8e0d56a1d38cd"},"breadcrumb":{"@id":"https:\/\/www.altominho.tv\/site\/2018\/04\/06\/cim-alto-minho-e-finistere-assinaram-declaracao-sobre-politica-de-coesao-e-lancaram-programa-erasmus-sana\/#breadcrumb"},"inLanguage":"pt-PT","potentialAction":[{"@type":"ReadAction","target":["https:\/\/www.altominho.tv\/site\/2018\/04\/06\/cim-alto-minho-e-finistere-assinaram-declaracao-sobre-politica-de-coesao-e-lancaram-programa-erasmus-sana\/"]}]},{"@type":"ImageObject","inLanguage":"pt-PT","@id":"https:\/\/www.altominho.tv\/site\/2018\/04\/06\/cim-alto-minho-e-finistere-assinaram-declaracao-sobre-politica-de-coesao-e-lancaram-programa-erasmus-sana\/#primaryimage","url":"https:\/\/www.altominho.tv\/site\/wp-content\/uploads\/2018\/04\/jose.jpg","contentUrl":"https:\/\/www.altominho.tv\/site\/wp-content\/uploads\/2018\/04\/jose.jpg","width":900,"height":507},{"@type":"BreadcrumbList","@id":"https:\/\/www.altominho.tv\/site\/2018\/04\/06\/cim-alto-minho-e-finistere-assinaram-declaracao-sobre-politica-de-coesao-e-lancaram-programa-erasmus-sana\/#breadcrumb","itemListElement":[{"@type":"ListItem","position":1,"name":"In\u00edcio","item":"https:\/\/www.altominho.tv\/site\/"},{"@type":"ListItem","position":2,"name":"CIM Alto Minho e Finist\u00e8re assinaram declara\u00e7\u00e3o sobre pol\u00edtica de coes\u00e3o e lan\u00e7aram Programa ERASMUS +SANA"}]},{"@type":"WebSite","@id":"https:\/\/www.altominho.tv\/site\/#website","url":"https:\/\/www.altominho.tv\/site\/","name":"Altominho.tv","description":"A sua regi\u00e3o \u00e0 dist\u00e2ncia de um clique...","potentialAction":[{"@type":"SearchAction","target":{"@type":"EntryPoint","urlTemplate":"https:\/\/www.altominho.tv\/site\/?s={search_term_string}"},"query-input":{"@type":"PropertyValueSpecification","valueRequired":true,"valueName":"search_term_string"}}],"inLanguage":"pt-PT"},{"@type":"Person","@id":"https:\/\/www.altominho.tv\/site\/#\/schema\/person\/d9be4265364723f14ea8e0d56a1d38cd","name":"Andreia Ferreira","image":{"@type":"ImageObject","inLanguage":"pt-PT","@id":"https:\/\/www.altominho.tv\/site\/wp-content\/uploads\/2021\/01\/AndreiaFerreira-150x150.jpg","url":"https:\/\/www.altominho.tv\/site\/wp-content\/uploads\/2021\/01\/AndreiaFerreira-150x150.jpg","contentUrl":"https:\/\/www.altominho.tv\/site\/wp-content\/uploads\/2021\/01\/AndreiaFerreira-150x150.jpg","caption":"Andreia Ferreira"},"url":"https:\/\/www.altominho.tv\/site\/author\/andreiaferreira\/"}]}},"_links":{"self":[{"href":"https:\/\/www.altominho.tv\/site\/wp-json\/wp\/v2\/posts\/11539","targetHints":{"allow":["GET"]}}],"collection":[{"href":"https:\/\/www.altominho.tv\/site\/wp-json\/wp\/v2\/posts"}],"about":[{"href":"https:\/\/www.altominho.tv\/site\/wp-json\/wp\/v2\/types\/post"}],"author":[{"embeddable":true,"href":"https:\/\/www.altominho.tv\/site\/wp-json\/wp\/v2\/users\/12"}],"replies":[{"embeddable":true,"href":"https:\/\/www.altominho.tv\/site\/wp-json\/wp\/v2\/comments?post=11539"}],"version-history":[{"count":0,"href":"https:\/\/www.altominho.tv\/site\/wp-json\/wp\/v2\/posts\/11539\/revisions"}],"wp:featuredmedia":[{"embeddable":true,"href":"https:\/\/www.altominho.tv\/site\/wp-json\/wp\/v2\/media\/11364"}],"wp:attachment":[{"href":"https:\/\/www.altominho.tv\/site\/wp-json\/wp\/v2\/media?parent=11539"}],"wp:term":[{"taxonomy":"category","embeddable":true,"href":"https:\/\/www.altominho.tv\/site\/wp-json\/wp\/v2\/categories?post=11539"},{"taxonomy":"post_tag","embeddable":true,"href":"https:\/\/www.altominho.tv\/site\/wp-json\/wp\/v2\/tags?post=11539"}],"curies":[{"name":"wp","href":"https:\/\/api.w.org\/{rel}","templated":true}]}}