{"id":115378,"date":"2025-03-01T11:17:51","date_gmt":"2025-03-01T11:17:51","guid":{"rendered":"https:\/\/www.altominho.tv\/site\/?p=115378"},"modified":"2025-03-01T11:21:23","modified_gmt":"2025-03-01T11:21:23","slug":"estrelas-do-btt-internacional-competem-em-melgaco","status":"publish","type":"post","link":"https:\/\/www.altominho.tv\/site\/2025\/03\/01\/estrelas-do-btt-internacional-competem-em-melgaco\/","title":{"rendered":"Estrelas do BTT Internacional competem em Melga\u00e7o"},"content":{"rendered":"<p class=\"p1\">Cerca de 370 atletas, de 12 nacionalidades, entre algumas das maiores estrelas do BTT, marcam presen\u00e7a na XI BTT XCO Vila de Melga\u00e7o, a decorrer este fim de semana, dias 1 e 2 de mar\u00e7o.<\/p>\n<p class=\"p1\">\u00c9 um dos mais aguardados eventos do calend\u00e1rio nacional e internacional do BTT: marca o arranque da Ta\u00e7a de Portugal XCO 2025 e ser\u00e1 a primeira vez que Portugal receber\u00e1 uma prova da UCI XCO Junior Series. O momento refor\u00e7a a crescente relev\u00e2ncia do concelho melgacense no panorama desportivo mundial, nomeadamente na modalidade de XCO.<\/p>\n<p class=\"p1\">Entre os destaques desta edi\u00e7\u00e3o, est\u00e1 a participa\u00e7\u00e3o da equipa UCI TREK FACTORY RACING \u2013 PIRELLI, uma das mais relevantes do circuito mundial de Mountain Bike. Conta com Evie Richards, atual campe\u00e3 do mundo de XCC e ex-campe\u00e3 do mundo de XCO; Madigan Munro, atual campe\u00e3 dos Estados Unidos de XCO e detentora de 13 p\u00f3dios em Ta\u00e7as do Mundo; e Gunnar Holmgren, ex-campe\u00e3o nacional do Canad\u00e1 de XCO e quatro vezes p\u00f3dio em Ta\u00e7as do Mundo s\u00e3o os atletas confirmados at\u00e9 ao momento.<\/p>\n<p class=\"p1\">De entre os participantes, a destacar ainda a participa\u00e7\u00e3o de Raquel Queir\u00f3s, campe\u00e3 nacional de XCO e XCC e representante de Portugal nos Jogos Ol\u00edmpicos de Paris 2024. Na competi\u00e7\u00e3o masculina de Elite, destaca-se tamb\u00e9m a presen\u00e7a do campe\u00e3o nacional da Irlanda, Christopher Dawson, do campe\u00e3o nacional, Ricardo Marinheiro, e de alguns dos melhores atletas de Portugal, como Roberto Ferreira, Jo\u00e3o Cruz e Rafael Sousa. De referir ainda a presen\u00e7a de Alejandro Garcia V\u00e1squez (Mondraker Factory Racing) &#8211; na categoria sub-23, um dos atletas mais promissores de Espanha e vencedor do X BTT XCO Vila de Melga\u00e7o.<\/p>\n<p class=\"p1\">Esta edi\u00e7\u00e3o traz ainda uma outra grande novidade, s\u00e3o dois dias de competi\u00e7\u00e3o, com provas no s\u00e1bado, 1 de mar\u00e7o, proporcionando ainda mais espet\u00e1culo para atletas e p\u00fablico.<\/p>\n<p class=\"p1\">A categoria j\u00fanior tamb\u00e9m promete emo\u00e7\u00e3o, com a presen\u00e7a da atleta francesa Lison Desprez e da campe\u00e3 da Venezuela, Ana Ron. Nos juniores masculinos, est\u00e1 confirmada a presen\u00e7a de Noa Filippi, da equipa Canyon Cllctv, uma das forma\u00e7\u00f5es de topo do circuito mundial.<\/p>\n<p class=\"p1\">O evento, que se realizar\u00e1 no Centro de Est\u00e1gios de Melga\u00e7o, centro de treinos oficializado pela UEFA e reconhecido pela sua qualidade e diversidade de equipamentos, \u00e9 uma prova teste para o Campeonato da Europa de XCO 2025, que acontecer\u00e1 em julho, do dia 23 a 27.<\/p>\n<p class=\"p1\">A prova consiste num percurso fechado de 3 650 metros, com amplas zonas de partida e duas \u00e1reas de assist\u00eancia t\u00e9cnica, assegurando as melhores condi\u00e7\u00f5es para os atletas.<\/p>\n<p class=\"p1\">A XI XCO Vila de Melga\u00e7o ser\u00e1, assim, uma prova de refer\u00eancia para atletas e adeptos da modalidade, consolidando Melga\u00e7o como um dos destinos de excel\u00eancia para o BTT, projetando Melga\u00e7o no panorama internacional.<\/p>\n<p class=\"p1\">A realiza\u00e7\u00e3o da Ta\u00e7a de Portugal de XCO em Melga\u00e7o n\u00e3o \u00e9 apenas um evento desportivo, mas sim mais um passo na afirma\u00e7\u00e3o do concelho como destino de refer\u00eancia para a pr\u00e1tica de ciclismo e desporto de montanha.<\/p>\n<p class=\"p1\">Segundo o presidente da C\u00e2mara Municipal de Melga\u00e7o, Manoel Batista, este evento destaca a vis\u00e3o estrat\u00e9gica do munic\u00edpio. \u201cTemos investido fortemente na melhoria das nossas infraestruturas desportivas e na capta\u00e7\u00e3o de eventos de prest\u00edgio. O desporto \u00e9 um motor de desenvolvimento e um fator de dinamiza\u00e7\u00e3o econ\u00f3mica e tur\u00edstica. Ao recebermos competi\u00e7\u00f5es como a Ta\u00e7a de Portugal de XCO e, em julho, o Campeonato da Europa, estamos a consolidar Melga\u00e7o como um destino de excel\u00eancia para o BTT\u201d, destaca o autarca.<\/p>\n<p class=\"p1\">A iniciativa \u00e9 promovida pela Melsport \u2013 Melga\u00e7o, Desporto e Lazer EM e pelo Munic\u00edpio de Melga\u00e7o, com o apoio da Federa\u00e7\u00e3o Portuguesa de Ciclismo (UVP\/FPC) e da Associa\u00e7\u00e3o de Ciclismo do Minho (ACM), cumprindo os regulamentos da UCI (provas internacionais) e da UVP\/FPC.<\/p>\n","protected":false},"excerpt":{"rendered":"<p>Cerca de 370 atletas, de 12 nacionalidades, entre algumas das maiores estrelas do BTT, marcam presen\u00e7a na XI BTT XCO Vila de Melga\u00e7o, a decorrer este fim de semana, dias 1 e 2 de mar\u00e7o. \u00c9 um dos mais aguardados eventos do calend\u00e1rio nacional e internacional do BTT: marca o arranque da Ta\u00e7a de Portugal [&hellip;]<\/p>\n","protected":false},"author":1,"featured_media":115379,"comment_status":"closed","ping_status":"closed","sticky":false,"template":"","format":"standard","meta":{"_exactmetrics_skip_tracking":false,"footnotes":""},"categories":[8],"tags":[20],"class_list":["post-115378","post","type-post","status-publish","format-standard","has-post-thumbnail","hentry","category-melgaco","tag-desporto"],"yoast_head":"<!-- This site is optimized with the Yoast SEO Premium plugin v28.3 (Yoast SEO v28.3) - https:\/\/yoast.com\/product\/yoast-seo-premium-wordpress\/ -->\n<title>Estrelas do BTT Internacional competem em Melga\u00e7o<\/title>\n<meta name=\"description\" content=\"Cerca de 370 atletas, de 12 nacionalidades, entre algumas das maiores estrelas do BTT, marcam presen\u00e7a na XI BTT XCO Vila de Melga\u00e7o, a decorrer este fim de semana, dias 1 e 2 de mar\u00e7o\" \/>\n<meta name=\"robots\" content=\"index, follow, max-snippet:-1, max-image-preview:large, max-video-preview:-1\" \/>\n<link rel=\"canonical\" href=\"https:\/\/www.altominho.tv\/site\/2025\/03\/01\/estrelas-do-btt-internacional-competem-em-melgaco\/\" \/>\n<meta property=\"og:locale\" content=\"pt_PT\" \/>\n<meta property=\"og:type\" content=\"article\" \/>\n<meta property=\"og:title\" content=\"Estrelas do BTT Internacional competem em Melga\u00e7o\" \/>\n<meta property=\"og:description\" content=\"Cerca de 370 atletas, de 12 nacionalidades, entre algumas das maiores estrelas do BTT, marcam presen\u00e7a na XI BTT XCO Vila de Melga\u00e7o, a decorrer este fim de semana, dias 1 e 2 de mar\u00e7o\" \/>\n<meta property=\"og:url\" content=\"https:\/\/www.altominho.tv\/site\/2025\/03\/01\/estrelas-do-btt-internacional-competem-em-melgaco\/\" \/>\n<meta property=\"og:site_name\" content=\"Altominho.tv\" \/>\n<meta property=\"article:publisher\" content=\"https:\/\/www.facebook.com\/altominhotv\" \/>\n<meta property=\"article:published_time\" content=\"2025-03-01T11:17:51+00:00\" \/>\n<meta property=\"article:modified_time\" content=\"2025-03-01T11:21:23+00:00\" \/>\n<meta property=\"og:image\" content=\"https:\/\/www.altominho.tv\/site\/wp-content\/uploads\/2025\/03\/Design-sem-nome-36.jpg\" \/>\n\t<meta property=\"og:image:width\" content=\"1200\" \/>\n\t<meta property=\"og:image:height\" content=\"630\" \/>\n\t<meta property=\"og:image:type\" content=\"image\/jpeg\" \/>\n<meta name=\"author\" content=\"Altominho.tv\" \/>\n<meta name=\"twitter:card\" content=\"summary_large_image\" \/>\n<meta name=\"twitter:creator\" content=\"@altominhoTV\" \/>\n<meta name=\"twitter:site\" content=\"@altominhoTV\" \/>\n<meta name=\"twitter:label1\" content=\"Escrito por\" \/>\n\t<meta name=\"twitter:data1\" content=\"Altominho.tv\" \/>\n\t<meta name=\"twitter:label2\" content=\"Tempo estimado de leitura\" \/>\n\t<meta name=\"twitter:data2\" content=\"4 minutos\" \/>\n<script type=\"application\/ld+json\" class=\"yoast-schema-graph\">{\"@context\":\"https:\\\/\\\/schema.org\",\"@graph\":[{\"@type\":\"Article\",\"@id\":\"https:\\\/\\\/www.altominho.tv\\\/site\\\/2025\\\/03\\\/01\\\/estrelas-do-btt-internacional-competem-em-melgaco\\\/#article\",\"isPartOf\":{\"@id\":\"https:\\\/\\\/www.altominho.tv\\\/site\\\/2025\\\/03\\\/01\\\/estrelas-do-btt-internacional-competem-em-melgaco\\\/\"},\"author\":{\"name\":\"Altominho.tv\",\"@id\":\"https:\\\/\\\/www.altominho.tv\\\/site\\\/#\\\/schema\\\/person\\\/4e536851627d7914baf3dac752b6af22\"},\"headline\":\"Estrelas do BTT Internacional competem em Melga\u00e7o\",\"datePublished\":\"2025-03-01T11:17:51+00:00\",\"dateModified\":\"2025-03-01T11:21:23+00:00\",\"mainEntityOfPage\":{\"@id\":\"https:\\\/\\\/www.altominho.tv\\\/site\\\/2025\\\/03\\\/01\\\/estrelas-do-btt-internacional-competem-em-melgaco\\\/\"},\"wordCount\":680,\"image\":{\"@id\":\"https:\\\/\\\/www.altominho.tv\\\/site\\\/2025\\\/03\\\/01\\\/estrelas-do-btt-internacional-competem-em-melgaco\\\/#primaryimage\"},\"thumbnailUrl\":\"https:\\\/\\\/www.altominho.tv\\\/site\\\/wp-content\\\/uploads\\\/2025\\\/03\\\/Design-sem-nome-36.jpg\",\"keywords\":[\"Desporto\"],\"articleSection\":[\"Melga\u00e7o\"],\"inLanguage\":\"pt-PT\",\"copyrightYear\":\"2025\",\"copyrightHolder\":{\"@id\":\"https:\\\/\\\/www.altominho.tv\\\/site\\\/#organization\"}},{\"@type\":\"WebPage\",\"@id\":\"https:\\\/\\\/www.altominho.tv\\\/site\\\/2025\\\/03\\\/01\\\/estrelas-do-btt-internacional-competem-em-melgaco\\\/\",\"url\":\"https:\\\/\\\/www.altominho.tv\\\/site\\\/2025\\\/03\\\/01\\\/estrelas-do-btt-internacional-competem-em-melgaco\\\/\",\"name\":\"Estrelas do BTT Internacional competem em Melga\u00e7o\",\"isPartOf\":{\"@id\":\"https:\\\/\\\/www.altominho.tv\\\/site\\\/#website\"},\"primaryImageOfPage\":{\"@id\":\"https:\\\/\\\/www.altominho.tv\\\/site\\\/2025\\\/03\\\/01\\\/estrelas-do-btt-internacional-competem-em-melgaco\\\/#primaryimage\"},\"image\":{\"@id\":\"https:\\\/\\\/www.altominho.tv\\\/site\\\/2025\\\/03\\\/01\\\/estrelas-do-btt-internacional-competem-em-melgaco\\\/#primaryimage\"},\"thumbnailUrl\":\"https:\\\/\\\/www.altominho.tv\\\/site\\\/wp-content\\\/uploads\\\/2025\\\/03\\\/Design-sem-nome-36.jpg\",\"datePublished\":\"2025-03-01T11:17:51+00:00\",\"dateModified\":\"2025-03-01T11:21:23+00:00\",\"author\":{\"@id\":\"https:\\\/\\\/www.altominho.tv\\\/site\\\/#\\\/schema\\\/person\\\/4e536851627d7914baf3dac752b6af22\"},\"description\":\"Cerca de 370 atletas, de 12 nacionalidades, entre algumas das maiores estrelas do BTT, marcam presen\u00e7a na XI BTT XCO Vila de Melga\u00e7o, a decorrer este fim de semana, dias 1 e 2 de mar\u00e7o\",\"breadcrumb\":{\"@id\":\"https:\\\/\\\/www.altominho.tv\\\/site\\\/2025\\\/03\\\/01\\\/estrelas-do-btt-internacional-competem-em-melgaco\\\/#breadcrumb\"},\"inLanguage\":\"pt-PT\",\"potentialAction\":[{\"@type\":\"ReadAction\",\"target\":[\"https:\\\/\\\/www.altominho.tv\\\/site\\\/2025\\\/03\\\/01\\\/estrelas-do-btt-internacional-competem-em-melgaco\\\/\"]}]},{\"@type\":\"ImageObject\",\"inLanguage\":\"pt-PT\",\"@id\":\"https:\\\/\\\/www.altominho.tv\\\/site\\\/2025\\\/03\\\/01\\\/estrelas-do-btt-internacional-competem-em-melgaco\\\/#primaryimage\",\"url\":\"https:\\\/\\\/www.altominho.tv\\\/site\\\/wp-content\\\/uploads\\\/2025\\\/03\\\/Design-sem-nome-36.jpg\",\"contentUrl\":\"https:\\\/\\\/www.altominho.tv\\\/site\\\/wp-content\\\/uploads\\\/2025\\\/03\\\/Design-sem-nome-36.jpg\",\"width\":1200,\"height\":630},{\"@type\":\"BreadcrumbList\",\"@id\":\"https:\\\/\\\/www.altominho.tv\\\/site\\\/2025\\\/03\\\/01\\\/estrelas-do-btt-internacional-competem-em-melgaco\\\/#breadcrumb\",\"itemListElement\":[{\"@type\":\"ListItem\",\"position\":1,\"name\":\"In\u00edcio\",\"item\":\"https:\\\/\\\/www.altominho.tv\\\/site\\\/\"},{\"@type\":\"ListItem\",\"position\":2,\"name\":\"Estrelas do BTT Internacional competem em Melga\u00e7o\"}]},{\"@type\":\"WebSite\",\"@id\":\"https:\\\/\\\/www.altominho.tv\\\/site\\\/#website\",\"url\":\"https:\\\/\\\/www.altominho.tv\\\/site\\\/\",\"name\":\"Altominho.tv\",\"description\":\"A sua regi\u00e3o \u00e0 dist\u00e2ncia de um clique...\",\"potentialAction\":[{\"@type\":\"SearchAction\",\"target\":{\"@type\":\"EntryPoint\",\"urlTemplate\":\"https:\\\/\\\/www.altominho.tv\\\/site\\\/?s={search_term_string}\"},\"query-input\":{\"@type\":\"PropertyValueSpecification\",\"valueRequired\":true,\"valueName\":\"search_term_string\"}}],\"inLanguage\":\"pt-PT\"},{\"@type\":\"Person\",\"@id\":\"https:\\\/\\\/www.altominho.tv\\\/site\\\/#\\\/schema\\\/person\\\/4e536851627d7914baf3dac752b6af22\",\"name\":\"Altominho.tv\",\"image\":{\"@type\":\"ImageObject\",\"inLanguage\":\"pt-PT\",\"@id\":\"https:\\\/\\\/www.altominho.tv\\\/site\\\/wp-content\\\/uploads\\\/2019\\\/11\\\/Logo_Avatar_2-150x150.jpg\",\"url\":\"https:\\\/\\\/www.altominho.tv\\\/site\\\/wp-content\\\/uploads\\\/2019\\\/11\\\/Logo_Avatar_2-150x150.jpg\",\"contentUrl\":\"https:\\\/\\\/www.altominho.tv\\\/site\\\/wp-content\\\/uploads\\\/2019\\\/11\\\/Logo_Avatar_2-150x150.jpg\",\"caption\":\"Altominho.tv\"},\"url\":\"https:\\\/\\\/www.altominho.tv\\\/site\\\/author\\\/altominhotv-tecnico\\\/\"}]}<\/script>\n<!-- \/ Yoast SEO Premium plugin. -->","yoast_head_json":{"title":"Estrelas do BTT Internacional competem em Melga\u00e7o","description":"Cerca de 370 atletas, de 12 nacionalidades, entre algumas das maiores estrelas do BTT, marcam presen\u00e7a na XI BTT XCO Vila de Melga\u00e7o, a decorrer este fim de semana, dias 1 e 2 de mar\u00e7o","robots":{"index":"index","follow":"follow","max-snippet":"max-snippet:-1","max-image-preview":"max-image-preview:large","max-video-preview":"max-video-preview:-1"},"canonical":"https:\/\/www.altominho.tv\/site\/2025\/03\/01\/estrelas-do-btt-internacional-competem-em-melgaco\/","og_locale":"pt_PT","og_type":"article","og_title":"Estrelas do BTT Internacional competem em Melga\u00e7o","og_description":"Cerca de 370 atletas, de 12 nacionalidades, entre algumas das maiores estrelas do BTT, marcam presen\u00e7a na XI BTT XCO Vila de Melga\u00e7o, a decorrer este fim de semana, dias 1 e 2 de mar\u00e7o","og_url":"https:\/\/www.altominho.tv\/site\/2025\/03\/01\/estrelas-do-btt-internacional-competem-em-melgaco\/","og_site_name":"Altominho.tv","article_publisher":"https:\/\/www.facebook.com\/altominhotv","article_published_time":"2025-03-01T11:17:51+00:00","article_modified_time":"2025-03-01T11:21:23+00:00","og_image":[{"width":1200,"height":630,"url":"https:\/\/www.altominho.tv\/site\/wp-content\/uploads\/2025\/03\/Design-sem-nome-36.jpg","type":"image\/jpeg"}],"author":"Altominho.tv","twitter_card":"summary_large_image","twitter_creator":"@altominhoTV","twitter_site":"@altominhoTV","twitter_misc":{"Escrito por":"Altominho.tv","Tempo estimado de leitura":"4 minutos"},"schema":{"@context":"https:\/\/schema.org","@graph":[{"@type":"Article","@id":"https:\/\/www.altominho.tv\/site\/2025\/03\/01\/estrelas-do-btt-internacional-competem-em-melgaco\/#article","isPartOf":{"@id":"https:\/\/www.altominho.tv\/site\/2025\/03\/01\/estrelas-do-btt-internacional-competem-em-melgaco\/"},"author":{"name":"Altominho.tv","@id":"https:\/\/www.altominho.tv\/site\/#\/schema\/person\/4e536851627d7914baf3dac752b6af22"},"headline":"Estrelas do BTT Internacional competem em Melga\u00e7o","datePublished":"2025-03-01T11:17:51+00:00","dateModified":"2025-03-01T11:21:23+00:00","mainEntityOfPage":{"@id":"https:\/\/www.altominho.tv\/site\/2025\/03\/01\/estrelas-do-btt-internacional-competem-em-melgaco\/"},"wordCount":680,"image":{"@id":"https:\/\/www.altominho.tv\/site\/2025\/03\/01\/estrelas-do-btt-internacional-competem-em-melgaco\/#primaryimage"},"thumbnailUrl":"https:\/\/www.altominho.tv\/site\/wp-content\/uploads\/2025\/03\/Design-sem-nome-36.jpg","keywords":["Desporto"],"articleSection":["Melga\u00e7o"],"inLanguage":"pt-PT","copyrightYear":"2025","copyrightHolder":{"@id":"https:\/\/www.altominho.tv\/site\/#organization"}},{"@type":"WebPage","@id":"https:\/\/www.altominho.tv\/site\/2025\/03\/01\/estrelas-do-btt-internacional-competem-em-melgaco\/","url":"https:\/\/www.altominho.tv\/site\/2025\/03\/01\/estrelas-do-btt-internacional-competem-em-melgaco\/","name":"Estrelas do BTT Internacional competem em Melga\u00e7o","isPartOf":{"@id":"https:\/\/www.altominho.tv\/site\/#website"},"primaryImageOfPage":{"@id":"https:\/\/www.altominho.tv\/site\/2025\/03\/01\/estrelas-do-btt-internacional-competem-em-melgaco\/#primaryimage"},"image":{"@id":"https:\/\/www.altominho.tv\/site\/2025\/03\/01\/estrelas-do-btt-internacional-competem-em-melgaco\/#primaryimage"},"thumbnailUrl":"https:\/\/www.altominho.tv\/site\/wp-content\/uploads\/2025\/03\/Design-sem-nome-36.jpg","datePublished":"2025-03-01T11:17:51+00:00","dateModified":"2025-03-01T11:21:23+00:00","author":{"@id":"https:\/\/www.altominho.tv\/site\/#\/schema\/person\/4e536851627d7914baf3dac752b6af22"},"description":"Cerca de 370 atletas, de 12 nacionalidades, entre algumas das maiores estrelas do BTT, marcam presen\u00e7a na XI BTT XCO Vila de Melga\u00e7o, a decorrer este fim de semana, dias 1 e 2 de mar\u00e7o","breadcrumb":{"@id":"https:\/\/www.altominho.tv\/site\/2025\/03\/01\/estrelas-do-btt-internacional-competem-em-melgaco\/#breadcrumb"},"inLanguage":"pt-PT","potentialAction":[{"@type":"ReadAction","target":["https:\/\/www.altominho.tv\/site\/2025\/03\/01\/estrelas-do-btt-internacional-competem-em-melgaco\/"]}]},{"@type":"ImageObject","inLanguage":"pt-PT","@id":"https:\/\/www.altominho.tv\/site\/2025\/03\/01\/estrelas-do-btt-internacional-competem-em-melgaco\/#primaryimage","url":"https:\/\/www.altominho.tv\/site\/wp-content\/uploads\/2025\/03\/Design-sem-nome-36.jpg","contentUrl":"https:\/\/www.altominho.tv\/site\/wp-content\/uploads\/2025\/03\/Design-sem-nome-36.jpg","width":1200,"height":630},{"@type":"BreadcrumbList","@id":"https:\/\/www.altominho.tv\/site\/2025\/03\/01\/estrelas-do-btt-internacional-competem-em-melgaco\/#breadcrumb","itemListElement":[{"@type":"ListItem","position":1,"name":"In\u00edcio","item":"https:\/\/www.altominho.tv\/site\/"},{"@type":"ListItem","position":2,"name":"Estrelas do BTT Internacional competem em Melga\u00e7o"}]},{"@type":"WebSite","@id":"https:\/\/www.altominho.tv\/site\/#website","url":"https:\/\/www.altominho.tv\/site\/","name":"Altominho.tv","description":"A sua regi\u00e3o \u00e0 dist\u00e2ncia de um clique...","potentialAction":[{"@type":"SearchAction","target":{"@type":"EntryPoint","urlTemplate":"https:\/\/www.altominho.tv\/site\/?s={search_term_string}"},"query-input":{"@type":"PropertyValueSpecification","valueRequired":true,"valueName":"search_term_string"}}],"inLanguage":"pt-PT"},{"@type":"Person","@id":"https:\/\/www.altominho.tv\/site\/#\/schema\/person\/4e536851627d7914baf3dac752b6af22","name":"Altominho.tv","image":{"@type":"ImageObject","inLanguage":"pt-PT","@id":"https:\/\/www.altominho.tv\/site\/wp-content\/uploads\/2019\/11\/Logo_Avatar_2-150x150.jpg","url":"https:\/\/www.altominho.tv\/site\/wp-content\/uploads\/2019\/11\/Logo_Avatar_2-150x150.jpg","contentUrl":"https:\/\/www.altominho.tv\/site\/wp-content\/uploads\/2019\/11\/Logo_Avatar_2-150x150.jpg","caption":"Altominho.tv"},"url":"https:\/\/www.altominho.tv\/site\/author\/altominhotv-tecnico\/"}]}},"_links":{"self":[{"href":"https:\/\/www.altominho.tv\/site\/wp-json\/wp\/v2\/posts\/115378","targetHints":{"allow":["GET"]}}],"collection":[{"href":"https:\/\/www.altominho.tv\/site\/wp-json\/wp\/v2\/posts"}],"about":[{"href":"https:\/\/www.altominho.tv\/site\/wp-json\/wp\/v2\/types\/post"}],"author":[{"embeddable":true,"href":"https:\/\/www.altominho.tv\/site\/wp-json\/wp\/v2\/users\/1"}],"replies":[{"embeddable":true,"href":"https:\/\/www.altominho.tv\/site\/wp-json\/wp\/v2\/comments?post=115378"}],"version-history":[{"count":2,"href":"https:\/\/www.altominho.tv\/site\/wp-json\/wp\/v2\/posts\/115378\/revisions"}],"predecessor-version":[{"id":115382,"href":"https:\/\/www.altominho.tv\/site\/wp-json\/wp\/v2\/posts\/115378\/revisions\/115382"}],"wp:featuredmedia":[{"embeddable":true,"href":"https:\/\/www.altominho.tv\/site\/wp-json\/wp\/v2\/media\/115379"}],"wp:attachment":[{"href":"https:\/\/www.altominho.tv\/site\/wp-json\/wp\/v2\/media?parent=115378"}],"wp:term":[{"taxonomy":"category","embeddable":true,"href":"https:\/\/www.altominho.tv\/site\/wp-json\/wp\/v2\/categories?post=115378"},{"taxonomy":"post_tag","embeddable":true,"href":"https:\/\/www.altominho.tv\/site\/wp-json\/wp\/v2\/tags?post=115378"}],"curies":[{"name":"wp","href":"https:\/\/api.w.org\/{rel}","templated":true}]}}