{"id":115291,"date":"2025-02-27T10:10:14","date_gmt":"2025-02-27T10:10:14","guid":{"rendered":"https:\/\/www.altominho.tv\/site\/?p=115291"},"modified":"2025-02-27T10:10:16","modified_gmt":"2025-02-27T10:10:16","slug":"btt-eurocidade-tui-valenca-espera-1200-participantes-no-domingo","status":"publish","type":"post","link":"https:\/\/www.altominho.tv\/site\/2025\/02\/27\/btt-eurocidade-tui-valenca-espera-1200-participantes-no-domingo\/","title":{"rendered":"BTT Eurocidade Tui.Valen\u00e7a espera 1200 participantes no domingo"},"content":{"rendered":"<p><span data-contrast=\"auto\">A XII Eurocidade BTT espera contar com a presen\u00e7a de cerca de 1200 participantes no pr\u00f3ximo domingo, 9 de mar\u00e7o, posicionando-se como a grande prova desportiva de Valen\u00e7a e Tui e uma refer\u00eancia da modalidade no Noroeste Peninsular.<\/span><\/p>\n<p><span data-contrast=\"auto\">Para as 8h00 (PT) est\u00e1 prevista a sa\u00edda da prova desde a avenida da Juventude em Valen\u00e7a e a meta estar\u00e1 localizada na Pra\u00e7a da Rep\u00fablica, em frente \u00e0 C\u00e2mara Municipal, na Fortaleza de Valen\u00e7a.<\/span><\/p>\n<p><span data-contrast=\"auto\">Esta prova internacional tem um car\u00e1cter n\u00e3o competitivo e, como habitualmente, consta de dois percursos um de 45 km e outro de 75 km.<\/span><span data-ccp-props=\"{}\">\u00a0<\/span><\/p>\n<p><span data-contrast=\"auto\">O percurso de 45 kms est\u00e1 preparado para desfrutar das belezas naturais, paisag\u00edsticas e patrimoniais da regi\u00e3o. Este percurso ter\u00e1 um grau de dificuldade f\u00edsica m\u00e9dia-alta, com um desn\u00edvel positivo de 1200 metros, acess\u00edvel para os ciclistas com uma certa prepara\u00e7\u00e3o f\u00edsica. Este percurso inclui a subida ao Monte do Faro, ao Monte de Aloia, a passagem pelos centros hist\u00f3ricos de Valen\u00e7a e Tui, a ponte internacional e muitos outros pontos naturais e patrimoniais da regi\u00e3o.<\/span><span data-ccp-props=\"{}\">\u00a0<\/span><\/p>\n<p><span data-contrast=\"auto\">O percurso longo, de 75 Kms tem uma dificuldade f\u00edsica alta e uma t\u00e9cnica m\u00e9dia, com um desn\u00edvel positivo de 1.950 metros.<\/span><span data-ccp-props=\"{}\">\u00a0<\/span><\/p>\n<p><span data-contrast=\"auto\">Esta \u00e9 uma prova cativante para os amantes das bikes, pelo ambiente que proporciona, pelos percursos espetaculares preparados ao pormenor para poderem viver a paisagem e pelas trialeiras que exploram a t\u00e9cnica dos praticantes.<\/span><span data-ccp-props=\"{}\">\u00a0<\/span><\/p>\n<p><span data-contrast=\"auto\">As inscri\u00e7\u00f5es podem ser feitas no site <\/span><a href=\"https:\/\/euc-word-edit.officeapps.live.com\/we\/www.biciosos.gal\" target=\"_blank\" rel=\"noopener\"><span data-contrast=\"none\">www.biciosos.gal<\/span><\/a><span data-contrast=\"auto\">, at\u00e9 domingo, dia 2 de mar\u00e7o. Os interessados em obter mais informa\u00e7\u00f5es podem contactar a organiza\u00e7\u00e3o pelo telefone 0034644524425 ou pelo e-mail: <\/span><a href=\"mailto:marcha@biciosos.gal\" target=\"_blank\" rel=\"noopener\"><span data-contrast=\"none\">marcha@biciosos.gal<\/span><\/a><span data-ccp-props=\"{}\">\u00a0<\/span><\/p>\n<p><span data-contrast=\"auto\">A organiza\u00e7\u00e3o \u00e9 da Eurocidade Tui Valen\u00e7a, da Pe\u00f1a Ciclista Biciosos Rias Baixas com o apoio da Federaci\u00f3n Galega de Ciclismo, Deporte Galego, Deputaci\u00f3n de Pontevedra.<\/span><span data-ccp-props=\"{}\">\u00a0<\/span><\/p>\n<p><span data-ccp-props=\"{}\">\u00a0<\/span><\/p>\n","protected":false},"excerpt":{"rendered":"<p>A XII Eurocidade BTT espera contar com a presen\u00e7a de cerca de 1200 participantes no pr\u00f3ximo domingo, 9 de mar\u00e7o, posicionando-se como a grande prova desportiva de Valen\u00e7a e Tui e uma refer\u00eancia da modalidade no Noroeste Peninsular. Para as 8h00 (PT) est\u00e1 prevista a sa\u00edda da prova desde a avenida da Juventude em Valen\u00e7a [&hellip;]<\/p>\n","protected":false},"author":1,"featured_media":115292,"comment_status":"closed","ping_status":"closed","sticky":false,"template":"","format":"standard","meta":{"_exactmetrics_skip_tracking":false,"_exactmetrics_sitenote_active":false,"_exactmetrics_sitenote_note":"","_exactmetrics_sitenote_category":0,"footnotes":""},"categories":[13],"tags":[20],"class_list":["post-115291","post","type-post","status-publish","format-standard","has-post-thumbnail","hentry","category-valenca","tag-desporto"],"yoast_head":"<!-- This site is optimized with the Yoast SEO Premium plugin v27.5 (Yoast SEO v27.5) - https:\/\/yoast.com\/product\/yoast-seo-premium-wordpress\/ -->\n<title>BTT Eurocidade Tui.Valen\u00e7a espera 1200 participantes no domingo<\/title>\n<meta name=\"description\" content=\"A XII Eurocidade BTT espera contar com a presen\u00e7a de cerca de 1200 participantes no pr\u00f3ximo domingo, 9 de mar\u00e7o, posicionando-se como a grande prova desportiva de Valen\u00e7a e Tui e uma refer\u00eancia da modalidade no Noroeste Peninsular.\" \/>\n<meta name=\"robots\" content=\"index, follow, max-snippet:-1, max-image-preview:large, max-video-preview:-1\" \/>\n<link rel=\"canonical\" href=\"https:\/\/www.altominho.tv\/site\/2025\/02\/27\/btt-eurocidade-tui-valenca-espera-1200-participantes-no-domingo\/\" \/>\n<meta property=\"og:locale\" content=\"pt_PT\" \/>\n<meta property=\"og:type\" content=\"article\" \/>\n<meta property=\"og:title\" content=\"BTT Eurocidade Tui.Valen\u00e7a espera 1200 participantes no domingo\" \/>\n<meta property=\"og:description\" content=\"A XII Eurocidade BTT espera contar com a presen\u00e7a de cerca de 1200 participantes no pr\u00f3ximo domingo, 9 de mar\u00e7o, posicionando-se como a grande prova desportiva de Valen\u00e7a e Tui e uma refer\u00eancia da modalidade no Noroeste Peninsular.\" \/>\n<meta property=\"og:url\" content=\"https:\/\/www.altominho.tv\/site\/2025\/02\/27\/btt-eurocidade-tui-valenca-espera-1200-participantes-no-domingo\/\" \/>\n<meta property=\"og:site_name\" content=\"Altominho.tv\" \/>\n<meta property=\"article:publisher\" content=\"https:\/\/www.facebook.com\/altominhotv\" \/>\n<meta property=\"article:published_time\" content=\"2025-02-27T10:10:14+00:00\" \/>\n<meta property=\"article:modified_time\" content=\"2025-02-27T10:10:16+00:00\" \/>\n<meta property=\"og:image\" content=\"https:\/\/www.altominho.tv\/site\/wp-content\/uploads\/2025\/02\/btt-eurocidade-valenca-tui.jpg\" \/>\n\t<meta property=\"og:image:width\" content=\"1200\" \/>\n\t<meta property=\"og:image:height\" content=\"630\" \/>\n\t<meta property=\"og:image:type\" content=\"image\/jpeg\" \/>\n<meta name=\"author\" content=\"Altominho.tv\" \/>\n<meta name=\"twitter:card\" content=\"summary_large_image\" \/>\n<meta name=\"twitter:creator\" content=\"@altominhoTV\" \/>\n<meta name=\"twitter:site\" content=\"@altominhoTV\" \/>\n<meta name=\"twitter:label1\" content=\"Escrito por\" \/>\n\t<meta name=\"twitter:data1\" content=\"Altominho.tv\" \/>\n\t<meta name=\"twitter:label2\" content=\"Tempo estimado de leitura\" \/>\n\t<meta name=\"twitter:data2\" content=\"2 minutos\" \/>\n<script type=\"application\/ld+json\" class=\"yoast-schema-graph\">{\"@context\":\"https:\\\/\\\/schema.org\",\"@graph\":[{\"@type\":\"Article\",\"@id\":\"https:\\\/\\\/www.altominho.tv\\\/site\\\/2025\\\/02\\\/27\\\/btt-eurocidade-tui-valenca-espera-1200-participantes-no-domingo\\\/#article\",\"isPartOf\":{\"@id\":\"https:\\\/\\\/www.altominho.tv\\\/site\\\/2025\\\/02\\\/27\\\/btt-eurocidade-tui-valenca-espera-1200-participantes-no-domingo\\\/\"},\"author\":{\"name\":\"Altominho.tv\",\"@id\":\"https:\\\/\\\/www.altominho.tv\\\/site\\\/#\\\/schema\\\/person\\\/4e536851627d7914baf3dac752b6af22\"},\"headline\":\"BTT Eurocidade Tui.Valen\u00e7a espera 1200 participantes no domingo\",\"datePublished\":\"2025-02-27T10:10:14+00:00\",\"dateModified\":\"2025-02-27T10:10:16+00:00\",\"mainEntityOfPage\":{\"@id\":\"https:\\\/\\\/www.altominho.tv\\\/site\\\/2025\\\/02\\\/27\\\/btt-eurocidade-tui-valenca-espera-1200-participantes-no-domingo\\\/\"},\"wordCount\":324,\"image\":{\"@id\":\"https:\\\/\\\/www.altominho.tv\\\/site\\\/2025\\\/02\\\/27\\\/btt-eurocidade-tui-valenca-espera-1200-participantes-no-domingo\\\/#primaryimage\"},\"thumbnailUrl\":\"https:\\\/\\\/www.altominho.tv\\\/site\\\/wp-content\\\/uploads\\\/2025\\\/02\\\/btt-eurocidade-valenca-tui.jpg\",\"keywords\":[\"Desporto\"],\"articleSection\":[\"Valen\u00e7a\"],\"inLanguage\":\"pt-PT\",\"copyrightYear\":\"2025\",\"copyrightHolder\":{\"@id\":\"https:\\\/\\\/www.altominho.tv\\\/site\\\/#organization\"}},{\"@type\":\"WebPage\",\"@id\":\"https:\\\/\\\/www.altominho.tv\\\/site\\\/2025\\\/02\\\/27\\\/btt-eurocidade-tui-valenca-espera-1200-participantes-no-domingo\\\/\",\"url\":\"https:\\\/\\\/www.altominho.tv\\\/site\\\/2025\\\/02\\\/27\\\/btt-eurocidade-tui-valenca-espera-1200-participantes-no-domingo\\\/\",\"name\":\"BTT Eurocidade Tui.Valen\u00e7a espera 1200 participantes no domingo\",\"isPartOf\":{\"@id\":\"https:\\\/\\\/www.altominho.tv\\\/site\\\/#website\"},\"primaryImageOfPage\":{\"@id\":\"https:\\\/\\\/www.altominho.tv\\\/site\\\/2025\\\/02\\\/27\\\/btt-eurocidade-tui-valenca-espera-1200-participantes-no-domingo\\\/#primaryimage\"},\"image\":{\"@id\":\"https:\\\/\\\/www.altominho.tv\\\/site\\\/2025\\\/02\\\/27\\\/btt-eurocidade-tui-valenca-espera-1200-participantes-no-domingo\\\/#primaryimage\"},\"thumbnailUrl\":\"https:\\\/\\\/www.altominho.tv\\\/site\\\/wp-content\\\/uploads\\\/2025\\\/02\\\/btt-eurocidade-valenca-tui.jpg\",\"datePublished\":\"2025-02-27T10:10:14+00:00\",\"dateModified\":\"2025-02-27T10:10:16+00:00\",\"author\":{\"@id\":\"https:\\\/\\\/www.altominho.tv\\\/site\\\/#\\\/schema\\\/person\\\/4e536851627d7914baf3dac752b6af22\"},\"description\":\"A XII Eurocidade BTT espera contar com a presen\u00e7a de cerca de 1200 participantes no pr\u00f3ximo domingo, 9 de mar\u00e7o, posicionando-se como a grande prova desportiva de Valen\u00e7a e Tui e uma refer\u00eancia da modalidade no Noroeste Peninsular.\",\"breadcrumb\":{\"@id\":\"https:\\\/\\\/www.altominho.tv\\\/site\\\/2025\\\/02\\\/27\\\/btt-eurocidade-tui-valenca-espera-1200-participantes-no-domingo\\\/#breadcrumb\"},\"inLanguage\":\"pt-PT\",\"potentialAction\":[{\"@type\":\"ReadAction\",\"target\":[\"https:\\\/\\\/www.altominho.tv\\\/site\\\/2025\\\/02\\\/27\\\/btt-eurocidade-tui-valenca-espera-1200-participantes-no-domingo\\\/\"]}]},{\"@type\":\"ImageObject\",\"inLanguage\":\"pt-PT\",\"@id\":\"https:\\\/\\\/www.altominho.tv\\\/site\\\/2025\\\/02\\\/27\\\/btt-eurocidade-tui-valenca-espera-1200-participantes-no-domingo\\\/#primaryimage\",\"url\":\"https:\\\/\\\/www.altominho.tv\\\/site\\\/wp-content\\\/uploads\\\/2025\\\/02\\\/btt-eurocidade-valenca-tui.jpg\",\"contentUrl\":\"https:\\\/\\\/www.altominho.tv\\\/site\\\/wp-content\\\/uploads\\\/2025\\\/02\\\/btt-eurocidade-valenca-tui.jpg\",\"width\":1200,\"height\":630},{\"@type\":\"BreadcrumbList\",\"@id\":\"https:\\\/\\\/www.altominho.tv\\\/site\\\/2025\\\/02\\\/27\\\/btt-eurocidade-tui-valenca-espera-1200-participantes-no-domingo\\\/#breadcrumb\",\"itemListElement\":[{\"@type\":\"ListItem\",\"position\":1,\"name\":\"In\u00edcio\",\"item\":\"https:\\\/\\\/www.altominho.tv\\\/site\\\/\"},{\"@type\":\"ListItem\",\"position\":2,\"name\":\"BTT Eurocidade Tui.Valen\u00e7a espera 1200 participantes no domingo\"}]},{\"@type\":\"WebSite\",\"@id\":\"https:\\\/\\\/www.altominho.tv\\\/site\\\/#website\",\"url\":\"https:\\\/\\\/www.altominho.tv\\\/site\\\/\",\"name\":\"Altominho.tv\",\"description\":\"A sua regi\u00e3o \u00e0 dist\u00e2ncia de um clique...\",\"potentialAction\":[{\"@type\":\"SearchAction\",\"target\":{\"@type\":\"EntryPoint\",\"urlTemplate\":\"https:\\\/\\\/www.altominho.tv\\\/site\\\/?s={search_term_string}\"},\"query-input\":{\"@type\":\"PropertyValueSpecification\",\"valueRequired\":true,\"valueName\":\"search_term_string\"}}],\"inLanguage\":\"pt-PT\"},{\"@type\":\"Person\",\"@id\":\"https:\\\/\\\/www.altominho.tv\\\/site\\\/#\\\/schema\\\/person\\\/4e536851627d7914baf3dac752b6af22\",\"name\":\"Altominho.tv\",\"image\":{\"@type\":\"ImageObject\",\"inLanguage\":\"pt-PT\",\"@id\":\"https:\\\/\\\/www.altominho.tv\\\/site\\\/wp-content\\\/uploads\\\/2019\\\/11\\\/Logo_Avatar_2-150x150.jpg\",\"url\":\"https:\\\/\\\/www.altominho.tv\\\/site\\\/wp-content\\\/uploads\\\/2019\\\/11\\\/Logo_Avatar_2-150x150.jpg\",\"contentUrl\":\"https:\\\/\\\/www.altominho.tv\\\/site\\\/wp-content\\\/uploads\\\/2019\\\/11\\\/Logo_Avatar_2-150x150.jpg\",\"caption\":\"Altominho.tv\"},\"url\":\"https:\\\/\\\/www.altominho.tv\\\/site\\\/author\\\/altominhotv-tecnico\\\/\"}]}<\/script>\n<!-- \/ Yoast SEO Premium plugin. -->","yoast_head_json":{"title":"BTT Eurocidade Tui.Valen\u00e7a espera 1200 participantes no domingo","description":"A XII Eurocidade BTT espera contar com a presen\u00e7a de cerca de 1200 participantes no pr\u00f3ximo domingo, 9 de mar\u00e7o, posicionando-se como a grande prova desportiva de Valen\u00e7a e Tui e uma refer\u00eancia da modalidade no Noroeste Peninsular.","robots":{"index":"index","follow":"follow","max-snippet":"max-snippet:-1","max-image-preview":"max-image-preview:large","max-video-preview":"max-video-preview:-1"},"canonical":"https:\/\/www.altominho.tv\/site\/2025\/02\/27\/btt-eurocidade-tui-valenca-espera-1200-participantes-no-domingo\/","og_locale":"pt_PT","og_type":"article","og_title":"BTT Eurocidade Tui.Valen\u00e7a espera 1200 participantes no domingo","og_description":"A XII Eurocidade BTT espera contar com a presen\u00e7a de cerca de 1200 participantes no pr\u00f3ximo domingo, 9 de mar\u00e7o, posicionando-se como a grande prova desportiva de Valen\u00e7a e Tui e uma refer\u00eancia da modalidade no Noroeste Peninsular.","og_url":"https:\/\/www.altominho.tv\/site\/2025\/02\/27\/btt-eurocidade-tui-valenca-espera-1200-participantes-no-domingo\/","og_site_name":"Altominho.tv","article_publisher":"https:\/\/www.facebook.com\/altominhotv","article_published_time":"2025-02-27T10:10:14+00:00","article_modified_time":"2025-02-27T10:10:16+00:00","og_image":[{"width":1200,"height":630,"url":"https:\/\/www.altominho.tv\/site\/wp-content\/uploads\/2025\/02\/btt-eurocidade-valenca-tui.jpg","type":"image\/jpeg"}],"author":"Altominho.tv","twitter_card":"summary_large_image","twitter_creator":"@altominhoTV","twitter_site":"@altominhoTV","twitter_misc":{"Escrito por":"Altominho.tv","Tempo estimado de leitura":"2 minutos"},"schema":{"@context":"https:\/\/schema.org","@graph":[{"@type":"Article","@id":"https:\/\/www.altominho.tv\/site\/2025\/02\/27\/btt-eurocidade-tui-valenca-espera-1200-participantes-no-domingo\/#article","isPartOf":{"@id":"https:\/\/www.altominho.tv\/site\/2025\/02\/27\/btt-eurocidade-tui-valenca-espera-1200-participantes-no-domingo\/"},"author":{"name":"Altominho.tv","@id":"https:\/\/www.altominho.tv\/site\/#\/schema\/person\/4e536851627d7914baf3dac752b6af22"},"headline":"BTT Eurocidade Tui.Valen\u00e7a espera 1200 participantes no domingo","datePublished":"2025-02-27T10:10:14+00:00","dateModified":"2025-02-27T10:10:16+00:00","mainEntityOfPage":{"@id":"https:\/\/www.altominho.tv\/site\/2025\/02\/27\/btt-eurocidade-tui-valenca-espera-1200-participantes-no-domingo\/"},"wordCount":324,"image":{"@id":"https:\/\/www.altominho.tv\/site\/2025\/02\/27\/btt-eurocidade-tui-valenca-espera-1200-participantes-no-domingo\/#primaryimage"},"thumbnailUrl":"https:\/\/www.altominho.tv\/site\/wp-content\/uploads\/2025\/02\/btt-eurocidade-valenca-tui.jpg","keywords":["Desporto"],"articleSection":["Valen\u00e7a"],"inLanguage":"pt-PT","copyrightYear":"2025","copyrightHolder":{"@id":"https:\/\/www.altominho.tv\/site\/#organization"}},{"@type":"WebPage","@id":"https:\/\/www.altominho.tv\/site\/2025\/02\/27\/btt-eurocidade-tui-valenca-espera-1200-participantes-no-domingo\/","url":"https:\/\/www.altominho.tv\/site\/2025\/02\/27\/btt-eurocidade-tui-valenca-espera-1200-participantes-no-domingo\/","name":"BTT Eurocidade Tui.Valen\u00e7a espera 1200 participantes no domingo","isPartOf":{"@id":"https:\/\/www.altominho.tv\/site\/#website"},"primaryImageOfPage":{"@id":"https:\/\/www.altominho.tv\/site\/2025\/02\/27\/btt-eurocidade-tui-valenca-espera-1200-participantes-no-domingo\/#primaryimage"},"image":{"@id":"https:\/\/www.altominho.tv\/site\/2025\/02\/27\/btt-eurocidade-tui-valenca-espera-1200-participantes-no-domingo\/#primaryimage"},"thumbnailUrl":"https:\/\/www.altominho.tv\/site\/wp-content\/uploads\/2025\/02\/btt-eurocidade-valenca-tui.jpg","datePublished":"2025-02-27T10:10:14+00:00","dateModified":"2025-02-27T10:10:16+00:00","author":{"@id":"https:\/\/www.altominho.tv\/site\/#\/schema\/person\/4e536851627d7914baf3dac752b6af22"},"description":"A XII Eurocidade BTT espera contar com a presen\u00e7a de cerca de 1200 participantes no pr\u00f3ximo domingo, 9 de mar\u00e7o, posicionando-se como a grande prova desportiva de Valen\u00e7a e Tui e uma refer\u00eancia da modalidade no Noroeste Peninsular.","breadcrumb":{"@id":"https:\/\/www.altominho.tv\/site\/2025\/02\/27\/btt-eurocidade-tui-valenca-espera-1200-participantes-no-domingo\/#breadcrumb"},"inLanguage":"pt-PT","potentialAction":[{"@type":"ReadAction","target":["https:\/\/www.altominho.tv\/site\/2025\/02\/27\/btt-eurocidade-tui-valenca-espera-1200-participantes-no-domingo\/"]}]},{"@type":"ImageObject","inLanguage":"pt-PT","@id":"https:\/\/www.altominho.tv\/site\/2025\/02\/27\/btt-eurocidade-tui-valenca-espera-1200-participantes-no-domingo\/#primaryimage","url":"https:\/\/www.altominho.tv\/site\/wp-content\/uploads\/2025\/02\/btt-eurocidade-valenca-tui.jpg","contentUrl":"https:\/\/www.altominho.tv\/site\/wp-content\/uploads\/2025\/02\/btt-eurocidade-valenca-tui.jpg","width":1200,"height":630},{"@type":"BreadcrumbList","@id":"https:\/\/www.altominho.tv\/site\/2025\/02\/27\/btt-eurocidade-tui-valenca-espera-1200-participantes-no-domingo\/#breadcrumb","itemListElement":[{"@type":"ListItem","position":1,"name":"In\u00edcio","item":"https:\/\/www.altominho.tv\/site\/"},{"@type":"ListItem","position":2,"name":"BTT Eurocidade Tui.Valen\u00e7a espera 1200 participantes no domingo"}]},{"@type":"WebSite","@id":"https:\/\/www.altominho.tv\/site\/#website","url":"https:\/\/www.altominho.tv\/site\/","name":"Altominho.tv","description":"A sua regi\u00e3o \u00e0 dist\u00e2ncia de um clique...","potentialAction":[{"@type":"SearchAction","target":{"@type":"EntryPoint","urlTemplate":"https:\/\/www.altominho.tv\/site\/?s={search_term_string}"},"query-input":{"@type":"PropertyValueSpecification","valueRequired":true,"valueName":"search_term_string"}}],"inLanguage":"pt-PT"},{"@type":"Person","@id":"https:\/\/www.altominho.tv\/site\/#\/schema\/person\/4e536851627d7914baf3dac752b6af22","name":"Altominho.tv","image":{"@type":"ImageObject","inLanguage":"pt-PT","@id":"https:\/\/www.altominho.tv\/site\/wp-content\/uploads\/2019\/11\/Logo_Avatar_2-150x150.jpg","url":"https:\/\/www.altominho.tv\/site\/wp-content\/uploads\/2019\/11\/Logo_Avatar_2-150x150.jpg","contentUrl":"https:\/\/www.altominho.tv\/site\/wp-content\/uploads\/2019\/11\/Logo_Avatar_2-150x150.jpg","caption":"Altominho.tv"},"url":"https:\/\/www.altominho.tv\/site\/author\/altominhotv-tecnico\/"}]}},"_links":{"self":[{"href":"https:\/\/www.altominho.tv\/site\/wp-json\/wp\/v2\/posts\/115291","targetHints":{"allow":["GET"]}}],"collection":[{"href":"https:\/\/www.altominho.tv\/site\/wp-json\/wp\/v2\/posts"}],"about":[{"href":"https:\/\/www.altominho.tv\/site\/wp-json\/wp\/v2\/types\/post"}],"author":[{"embeddable":true,"href":"https:\/\/www.altominho.tv\/site\/wp-json\/wp\/v2\/users\/1"}],"replies":[{"embeddable":true,"href":"https:\/\/www.altominho.tv\/site\/wp-json\/wp\/v2\/comments?post=115291"}],"version-history":[{"count":1,"href":"https:\/\/www.altominho.tv\/site\/wp-json\/wp\/v2\/posts\/115291\/revisions"}],"predecessor-version":[{"id":115293,"href":"https:\/\/www.altominho.tv\/site\/wp-json\/wp\/v2\/posts\/115291\/revisions\/115293"}],"wp:featuredmedia":[{"embeddable":true,"href":"https:\/\/www.altominho.tv\/site\/wp-json\/wp\/v2\/media\/115292"}],"wp:attachment":[{"href":"https:\/\/www.altominho.tv\/site\/wp-json\/wp\/v2\/media?parent=115291"}],"wp:term":[{"taxonomy":"category","embeddable":true,"href":"https:\/\/www.altominho.tv\/site\/wp-json\/wp\/v2\/categories?post=115291"},{"taxonomy":"post_tag","embeddable":true,"href":"https:\/\/www.altominho.tv\/site\/wp-json\/wp\/v2\/tags?post=115291"}],"curies":[{"name":"wp","href":"https:\/\/api.w.org\/{rel}","templated":true}]}}