{"id":115265,"date":"2025-02-26T17:02:49","date_gmt":"2025-02-26T17:02:49","guid":{"rendered":"https:\/\/www.altominho.tv\/site\/?p=115265"},"modified":"2025-02-26T17:02:51","modified_gmt":"2025-02-26T17:02:51","slug":"uls-alto-minho-apura-causas-da-demora-de-36-horas-para-diagnostico-de-enfarte","status":"publish","type":"post","link":"https:\/\/www.altominho.tv\/site\/2025\/02\/26\/uls-alto-minho-apura-causas-da-demora-de-36-horas-para-diagnostico-de-enfarte\/","title":{"rendered":"ULS Alto Minho apura causas da demora de 36 horas para diagn\u00f3stico de enfarte"},"content":{"rendered":"<p>A ULS Alto Minho revelou hoje ter instaurado um inqu\u00e9rito interno para apurar \u201cos factos e avaliar os procedimentos adotados\u201d a um utente, diagnosticado com um enfarte do mioc\u00e1rdio 36 horas depois de ter dado entrada no hospital.<\/p>\n<p>Na resposta, por escrito, a um pedido de esclarecimento hoje enviado pela ag\u00eancia Lusa, a administra\u00e7\u00e3o da Unidade Local de Sa\u00fade do Alto Minho (ULSAM) explica que o inqu\u00e9rito interno foi instaurado esta semana, quando teve conhecimento do caso atrav\u00e9s de uma reportagem da CNN\/TVI.<\/p>\n<p>O caso remonta a outubro de 2023. Ricardo Gon\u00e7alves, de 48 anos, deu entrada no hospital de Santa Luzia, em Viana do Castelo com sintomas que associou \u00e0s de um enfarte do mioc\u00e1rdio, mas s\u00f3 36 horas depois \u00e9 que o diagn\u00f3stico confirmou as suas suspeitas.<\/p>\n<p>A administra\u00e7\u00e3o da ULSAM adianta que na altura o utente \u201cn\u00e3o efetuou qualquer exposi\u00e7\u00e3o ou reclama\u00e7\u00e3o nos canais internos da institui\u00e7\u00e3o\u201d.<\/p>\n<p>Contactado pela ag\u00eancia Lusa, Ricardo Gon\u00e7alves disse ter apresentado queixa-crime por ofensas \u00e0 integridade f\u00edsica por neglig\u00eancia, junto do Departamento de Investiga\u00e7\u00e3o e A\u00e7\u00e3o Penal (DIAP) de Viana do Castelo, no dia 5 de julho de 2024.<\/p>\n<p>Ricardo Gon\u00e7alves acrescentou ter &#8220;temido pela vida&#8221; e que &#8220;quando perderam as segundas colheitas ao sangue&#8221; que lhe fizeram pediu para &#8220;assinar o termo de responsabilidade&#8221;.<\/p>\n<p>&#8220;Queria sair dali [hospital] porque senti que me iam deixar morrer&#8221;, frisou.<br \/>\nO doente acabou transferido para o hospital de Braga para receber tratamento.<\/p>\n<p>Fonte judicial hoje contactada pela ag\u00eancia Lusa adiantou que \u201co inqu\u00e9rito est\u00e1 a decorrer com normalidade e que, normalmente, h\u00e1 um prazo de seis meses, para apurar se a queixa tem fundamento\u201d.<\/p>\n<p>Na nota enviada \u00e0 Lusa, a ULSAM afirma \u201cj\u00e1 ter sido chamada a pronunciar-se\u201d.<\/p>\n<p>\u201cNo \u00e2mbito desse processo, o tribunal solicitou registos cl\u00ednicos, os quais foram remetidos nos prazos estabelecidos. Reafirmamos o compromisso da institui\u00e7\u00e3o com a qualidade e seguran\u00e7a dos cuidados prestados aos nossos utentes, aguardando a conclus\u00e3o do inqu\u00e9rito interno para um esclarecimento cabal dos acontecimentos\u201d, refere a ULSAM.<\/p>\n<p>A Lusa questionou a Inspe\u00e7\u00e3o-Geral das Atividades em Sa\u00fade (IGAS), mas ainda n\u00e3o obteve resposta.<\/p>\n","protected":false},"excerpt":{"rendered":"<p>A ULS Alto Minho revelou hoje ter instaurado um inqu\u00e9rito interno para apurar \u201cos factos e avaliar os procedimentos adotados\u201d a um utente, diagnosticado com um enfarte do mioc\u00e1rdio 36 horas depois de ter dado entrada no hospital. Na resposta, por escrito, a um pedido de esclarecimento hoje enviado pela ag\u00eancia Lusa, a administra\u00e7\u00e3o da [&hellip;]<\/p>\n","protected":false},"author":13,"featured_media":115266,"comment_status":"closed","ping_status":"closed","sticky":false,"template":"","format":"standard","meta":{"_exactmetrics_skip_tracking":false,"_exactmetrics_sitenote_active":false,"_exactmetrics_sitenote_note":"","_exactmetrics_sitenote_category":0,"footnotes":""},"categories":[14],"tags":[26],"class_list":["post-115265","post","type-post","status-publish","format-standard","has-post-thumbnail","hentry","category-viana-do-castelo","tag-saude"],"yoast_head":"<!-- This site is optimized with the Yoast SEO Premium plugin v27.5 (Yoast SEO v27.5) - https:\/\/yoast.com\/product\/yoast-seo-premium-wordpress\/ -->\n<title>ULS Alto Minho apura causas da demora de 36 horas para diagn\u00f3stico de enfarte<\/title>\n<meta name=\"description\" content=\"ULSAM instaurou inqu\u00e9rito interno para apurar &quot;fatos&quot; em caso de utente diagnosticado com enfarte do mioc\u00e1rdio 36 horas depois de dar entrada no hospital.\" \/>\n<meta name=\"robots\" content=\"index, follow, max-snippet:-1, max-image-preview:large, max-video-preview:-1\" \/>\n<link rel=\"canonical\" href=\"https:\/\/www.altominho.tv\/site\/2025\/02\/26\/uls-alto-minho-apura-causas-da-demora-de-36-horas-para-diagnostico-de-enfarte\/\" \/>\n<meta property=\"og:locale\" content=\"pt_PT\" \/>\n<meta property=\"og:type\" content=\"article\" \/>\n<meta property=\"og:title\" content=\"ULS Alto Minho apura causas da demora de 36 horas para diagn\u00f3stico de enfarte\" \/>\n<meta property=\"og:description\" content=\"ULSAM instaurou inqu\u00e9rito interno para apurar &quot;fatos&quot; em caso de utente diagnosticado com enfarte do mioc\u00e1rdio 36 horas depois de dar entrada no hospital.\" \/>\n<meta property=\"og:url\" content=\"https:\/\/www.altominho.tv\/site\/2025\/02\/26\/uls-alto-minho-apura-causas-da-demora-de-36-horas-para-diagnostico-de-enfarte\/\" \/>\n<meta property=\"og:site_name\" content=\"Altominho.tv\" \/>\n<meta property=\"article:publisher\" content=\"https:\/\/www.facebook.com\/altominhotv\" \/>\n<meta property=\"article:published_time\" content=\"2025-02-26T17:02:49+00:00\" \/>\n<meta property=\"article:modified_time\" content=\"2025-02-26T17:02:51+00:00\" \/>\n<meta property=\"og:image\" content=\"https:\/\/www.altominho.tv\/site\/wp-content\/uploads\/2025\/02\/enfarte.jpg\" \/>\n\t<meta property=\"og:image:width\" content=\"1200\" \/>\n\t<meta property=\"og:image:height\" content=\"630\" \/>\n\t<meta property=\"og:image:type\" content=\"image\/jpeg\" \/>\n<meta name=\"author\" content=\"Lusa\" \/>\n<meta name=\"twitter:card\" content=\"summary_large_image\" \/>\n<meta name=\"twitter:creator\" content=\"@altominhoTV\" \/>\n<meta name=\"twitter:site\" content=\"@altominhoTV\" \/>\n<meta name=\"twitter:label1\" content=\"Escrito por\" \/>\n\t<meta name=\"twitter:data1\" content=\"Lusa\" \/>\n\t<meta name=\"twitter:label2\" content=\"Tempo estimado de leitura\" \/>\n\t<meta name=\"twitter:data2\" content=\"3 minutos\" \/>\n<script type=\"application\/ld+json\" class=\"yoast-schema-graph\">{\"@context\":\"https:\\\/\\\/schema.org\",\"@graph\":[{\"@type\":\"Article\",\"@id\":\"https:\\\/\\\/www.altominho.tv\\\/site\\\/2025\\\/02\\\/26\\\/uls-alto-minho-apura-causas-da-demora-de-36-horas-para-diagnostico-de-enfarte\\\/#article\",\"isPartOf\":{\"@id\":\"https:\\\/\\\/www.altominho.tv\\\/site\\\/2025\\\/02\\\/26\\\/uls-alto-minho-apura-causas-da-demora-de-36-horas-para-diagnostico-de-enfarte\\\/\"},\"author\":{\"name\":\"Lusa\",\"@id\":\"https:\\\/\\\/www.altominho.tv\\\/site\\\/#\\\/schema\\\/person\\\/63f693da3e1899361cbe955c46f3232e\"},\"headline\":\"ULS Alto Minho apura causas da demora de 36 horas para diagn\u00f3stico de enfarte\",\"datePublished\":\"2025-02-26T17:02:49+00:00\",\"dateModified\":\"2025-02-26T17:02:51+00:00\",\"mainEntityOfPage\":{\"@id\":\"https:\\\/\\\/www.altominho.tv\\\/site\\\/2025\\\/02\\\/26\\\/uls-alto-minho-apura-causas-da-demora-de-36-horas-para-diagnostico-de-enfarte\\\/\"},\"wordCount\":383,\"image\":{\"@id\":\"https:\\\/\\\/www.altominho.tv\\\/site\\\/2025\\\/02\\\/26\\\/uls-alto-minho-apura-causas-da-demora-de-36-horas-para-diagnostico-de-enfarte\\\/#primaryimage\"},\"thumbnailUrl\":\"https:\\\/\\\/www.altominho.tv\\\/site\\\/wp-content\\\/uploads\\\/2025\\\/02\\\/enfarte.jpg\",\"keywords\":[\"Sa\u00fade\"],\"articleSection\":[\"Viana do Castelo\"],\"inLanguage\":\"pt-PT\",\"copyrightYear\":\"2025\",\"copyrightHolder\":{\"@id\":\"https:\\\/\\\/www.altominho.tv\\\/site\\\/#organization\"}},{\"@type\":\"WebPage\",\"@id\":\"https:\\\/\\\/www.altominho.tv\\\/site\\\/2025\\\/02\\\/26\\\/uls-alto-minho-apura-causas-da-demora-de-36-horas-para-diagnostico-de-enfarte\\\/\",\"url\":\"https:\\\/\\\/www.altominho.tv\\\/site\\\/2025\\\/02\\\/26\\\/uls-alto-minho-apura-causas-da-demora-de-36-horas-para-diagnostico-de-enfarte\\\/\",\"name\":\"ULS Alto Minho apura causas da demora de 36 horas para diagn\u00f3stico de enfarte\",\"isPartOf\":{\"@id\":\"https:\\\/\\\/www.altominho.tv\\\/site\\\/#website\"},\"primaryImageOfPage\":{\"@id\":\"https:\\\/\\\/www.altominho.tv\\\/site\\\/2025\\\/02\\\/26\\\/uls-alto-minho-apura-causas-da-demora-de-36-horas-para-diagnostico-de-enfarte\\\/#primaryimage\"},\"image\":{\"@id\":\"https:\\\/\\\/www.altominho.tv\\\/site\\\/2025\\\/02\\\/26\\\/uls-alto-minho-apura-causas-da-demora-de-36-horas-para-diagnostico-de-enfarte\\\/#primaryimage\"},\"thumbnailUrl\":\"https:\\\/\\\/www.altominho.tv\\\/site\\\/wp-content\\\/uploads\\\/2025\\\/02\\\/enfarte.jpg\",\"datePublished\":\"2025-02-26T17:02:49+00:00\",\"dateModified\":\"2025-02-26T17:02:51+00:00\",\"author\":{\"@id\":\"https:\\\/\\\/www.altominho.tv\\\/site\\\/#\\\/schema\\\/person\\\/63f693da3e1899361cbe955c46f3232e\"},\"description\":\"ULSAM instaurou inqu\u00e9rito interno para apurar \\\"fatos\\\" em caso de utente diagnosticado com enfarte do mioc\u00e1rdio 36 horas depois de dar entrada no hospital.\",\"breadcrumb\":{\"@id\":\"https:\\\/\\\/www.altominho.tv\\\/site\\\/2025\\\/02\\\/26\\\/uls-alto-minho-apura-causas-da-demora-de-36-horas-para-diagnostico-de-enfarte\\\/#breadcrumb\"},\"inLanguage\":\"pt-PT\",\"potentialAction\":[{\"@type\":\"ReadAction\",\"target\":[\"https:\\\/\\\/www.altominho.tv\\\/site\\\/2025\\\/02\\\/26\\\/uls-alto-minho-apura-causas-da-demora-de-36-horas-para-diagnostico-de-enfarte\\\/\"]}]},{\"@type\":\"ImageObject\",\"inLanguage\":\"pt-PT\",\"@id\":\"https:\\\/\\\/www.altominho.tv\\\/site\\\/2025\\\/02\\\/26\\\/uls-alto-minho-apura-causas-da-demora-de-36-horas-para-diagnostico-de-enfarte\\\/#primaryimage\",\"url\":\"https:\\\/\\\/www.altominho.tv\\\/site\\\/wp-content\\\/uploads\\\/2025\\\/02\\\/enfarte.jpg\",\"contentUrl\":\"https:\\\/\\\/www.altominho.tv\\\/site\\\/wp-content\\\/uploads\\\/2025\\\/02\\\/enfarte.jpg\",\"width\":1200,\"height\":630},{\"@type\":\"BreadcrumbList\",\"@id\":\"https:\\\/\\\/www.altominho.tv\\\/site\\\/2025\\\/02\\\/26\\\/uls-alto-minho-apura-causas-da-demora-de-36-horas-para-diagnostico-de-enfarte\\\/#breadcrumb\",\"itemListElement\":[{\"@type\":\"ListItem\",\"position\":1,\"name\":\"In\u00edcio\",\"item\":\"https:\\\/\\\/www.altominho.tv\\\/site\\\/\"},{\"@type\":\"ListItem\",\"position\":2,\"name\":\"ULS Alto Minho apura causas da demora de 36 horas para diagn\u00f3stico de enfarte\"}]},{\"@type\":\"WebSite\",\"@id\":\"https:\\\/\\\/www.altominho.tv\\\/site\\\/#website\",\"url\":\"https:\\\/\\\/www.altominho.tv\\\/site\\\/\",\"name\":\"Altominho.tv\",\"description\":\"A sua regi\u00e3o \u00e0 dist\u00e2ncia de um clique...\",\"potentialAction\":[{\"@type\":\"SearchAction\",\"target\":{\"@type\":\"EntryPoint\",\"urlTemplate\":\"https:\\\/\\\/www.altominho.tv\\\/site\\\/?s={search_term_string}\"},\"query-input\":{\"@type\":\"PropertyValueSpecification\",\"valueRequired\":true,\"valueName\":\"search_term_string\"}}],\"inLanguage\":\"pt-PT\"},{\"@type\":\"Person\",\"@id\":\"https:\\\/\\\/www.altominho.tv\\\/site\\\/#\\\/schema\\\/person\\\/63f693da3e1899361cbe955c46f3232e\",\"name\":\"Lusa\",\"image\":{\"@type\":\"ImageObject\",\"inLanguage\":\"pt-PT\",\"@id\":\"https:\\\/\\\/www.altominho.tv\\\/site\\\/wp-content\\\/uploads\\\/2019\\\/08\\\/LUSA_Logo.gif\",\"url\":\"https:\\\/\\\/www.altominho.tv\\\/site\\\/wp-content\\\/uploads\\\/2019\\\/08\\\/LUSA_Logo.gif\",\"contentUrl\":\"https:\\\/\\\/www.altominho.tv\\\/site\\\/wp-content\\\/uploads\\\/2019\\\/08\\\/LUSA_Logo.gif\",\"caption\":\"Lusa\"},\"sameAs\":[\"http:\\\/\\\/\\\/\\\/www.altominho.tv\\\/site\"],\"url\":\"https:\\\/\\\/www.altominho.tv\\\/site\\\/author\\\/lusa\\\/\"}]}<\/script>\n<!-- \/ Yoast SEO Premium plugin. -->","yoast_head_json":{"title":"ULS Alto Minho apura causas da demora de 36 horas para diagn\u00f3stico de enfarte","description":"ULSAM instaurou inqu\u00e9rito interno para apurar \"fatos\" em caso de utente diagnosticado com enfarte do mioc\u00e1rdio 36 horas depois de dar entrada no hospital.","robots":{"index":"index","follow":"follow","max-snippet":"max-snippet:-1","max-image-preview":"max-image-preview:large","max-video-preview":"max-video-preview:-1"},"canonical":"https:\/\/www.altominho.tv\/site\/2025\/02\/26\/uls-alto-minho-apura-causas-da-demora-de-36-horas-para-diagnostico-de-enfarte\/","og_locale":"pt_PT","og_type":"article","og_title":"ULS Alto Minho apura causas da demora de 36 horas para diagn\u00f3stico de enfarte","og_description":"ULSAM instaurou inqu\u00e9rito interno para apurar \"fatos\" em caso de utente diagnosticado com enfarte do mioc\u00e1rdio 36 horas depois de dar entrada no hospital.","og_url":"https:\/\/www.altominho.tv\/site\/2025\/02\/26\/uls-alto-minho-apura-causas-da-demora-de-36-horas-para-diagnostico-de-enfarte\/","og_site_name":"Altominho.tv","article_publisher":"https:\/\/www.facebook.com\/altominhotv","article_published_time":"2025-02-26T17:02:49+00:00","article_modified_time":"2025-02-26T17:02:51+00:00","og_image":[{"width":1200,"height":630,"url":"https:\/\/www.altominho.tv\/site\/wp-content\/uploads\/2025\/02\/enfarte.jpg","type":"image\/jpeg"}],"author":"Lusa","twitter_card":"summary_large_image","twitter_creator":"@altominhoTV","twitter_site":"@altominhoTV","twitter_misc":{"Escrito por":"Lusa","Tempo estimado de leitura":"3 minutos"},"schema":{"@context":"https:\/\/schema.org","@graph":[{"@type":"Article","@id":"https:\/\/www.altominho.tv\/site\/2025\/02\/26\/uls-alto-minho-apura-causas-da-demora-de-36-horas-para-diagnostico-de-enfarte\/#article","isPartOf":{"@id":"https:\/\/www.altominho.tv\/site\/2025\/02\/26\/uls-alto-minho-apura-causas-da-demora-de-36-horas-para-diagnostico-de-enfarte\/"},"author":{"name":"Lusa","@id":"https:\/\/www.altominho.tv\/site\/#\/schema\/person\/63f693da3e1899361cbe955c46f3232e"},"headline":"ULS Alto Minho apura causas da demora de 36 horas para diagn\u00f3stico de enfarte","datePublished":"2025-02-26T17:02:49+00:00","dateModified":"2025-02-26T17:02:51+00:00","mainEntityOfPage":{"@id":"https:\/\/www.altominho.tv\/site\/2025\/02\/26\/uls-alto-minho-apura-causas-da-demora-de-36-horas-para-diagnostico-de-enfarte\/"},"wordCount":383,"image":{"@id":"https:\/\/www.altominho.tv\/site\/2025\/02\/26\/uls-alto-minho-apura-causas-da-demora-de-36-horas-para-diagnostico-de-enfarte\/#primaryimage"},"thumbnailUrl":"https:\/\/www.altominho.tv\/site\/wp-content\/uploads\/2025\/02\/enfarte.jpg","keywords":["Sa\u00fade"],"articleSection":["Viana do Castelo"],"inLanguage":"pt-PT","copyrightYear":"2025","copyrightHolder":{"@id":"https:\/\/www.altominho.tv\/site\/#organization"}},{"@type":"WebPage","@id":"https:\/\/www.altominho.tv\/site\/2025\/02\/26\/uls-alto-minho-apura-causas-da-demora-de-36-horas-para-diagnostico-de-enfarte\/","url":"https:\/\/www.altominho.tv\/site\/2025\/02\/26\/uls-alto-minho-apura-causas-da-demora-de-36-horas-para-diagnostico-de-enfarte\/","name":"ULS Alto Minho apura causas da demora de 36 horas para diagn\u00f3stico de enfarte","isPartOf":{"@id":"https:\/\/www.altominho.tv\/site\/#website"},"primaryImageOfPage":{"@id":"https:\/\/www.altominho.tv\/site\/2025\/02\/26\/uls-alto-minho-apura-causas-da-demora-de-36-horas-para-diagnostico-de-enfarte\/#primaryimage"},"image":{"@id":"https:\/\/www.altominho.tv\/site\/2025\/02\/26\/uls-alto-minho-apura-causas-da-demora-de-36-horas-para-diagnostico-de-enfarte\/#primaryimage"},"thumbnailUrl":"https:\/\/www.altominho.tv\/site\/wp-content\/uploads\/2025\/02\/enfarte.jpg","datePublished":"2025-02-26T17:02:49+00:00","dateModified":"2025-02-26T17:02:51+00:00","author":{"@id":"https:\/\/www.altominho.tv\/site\/#\/schema\/person\/63f693da3e1899361cbe955c46f3232e"},"description":"ULSAM instaurou inqu\u00e9rito interno para apurar \"fatos\" em caso de utente diagnosticado com enfarte do mioc\u00e1rdio 36 horas depois de dar entrada no hospital.","breadcrumb":{"@id":"https:\/\/www.altominho.tv\/site\/2025\/02\/26\/uls-alto-minho-apura-causas-da-demora-de-36-horas-para-diagnostico-de-enfarte\/#breadcrumb"},"inLanguage":"pt-PT","potentialAction":[{"@type":"ReadAction","target":["https:\/\/www.altominho.tv\/site\/2025\/02\/26\/uls-alto-minho-apura-causas-da-demora-de-36-horas-para-diagnostico-de-enfarte\/"]}]},{"@type":"ImageObject","inLanguage":"pt-PT","@id":"https:\/\/www.altominho.tv\/site\/2025\/02\/26\/uls-alto-minho-apura-causas-da-demora-de-36-horas-para-diagnostico-de-enfarte\/#primaryimage","url":"https:\/\/www.altominho.tv\/site\/wp-content\/uploads\/2025\/02\/enfarte.jpg","contentUrl":"https:\/\/www.altominho.tv\/site\/wp-content\/uploads\/2025\/02\/enfarte.jpg","width":1200,"height":630},{"@type":"BreadcrumbList","@id":"https:\/\/www.altominho.tv\/site\/2025\/02\/26\/uls-alto-minho-apura-causas-da-demora-de-36-horas-para-diagnostico-de-enfarte\/#breadcrumb","itemListElement":[{"@type":"ListItem","position":1,"name":"In\u00edcio","item":"https:\/\/www.altominho.tv\/site\/"},{"@type":"ListItem","position":2,"name":"ULS Alto Minho apura causas da demora de 36 horas para diagn\u00f3stico de enfarte"}]},{"@type":"WebSite","@id":"https:\/\/www.altominho.tv\/site\/#website","url":"https:\/\/www.altominho.tv\/site\/","name":"Altominho.tv","description":"A sua regi\u00e3o \u00e0 dist\u00e2ncia de um clique...","potentialAction":[{"@type":"SearchAction","target":{"@type":"EntryPoint","urlTemplate":"https:\/\/www.altominho.tv\/site\/?s={search_term_string}"},"query-input":{"@type":"PropertyValueSpecification","valueRequired":true,"valueName":"search_term_string"}}],"inLanguage":"pt-PT"},{"@type":"Person","@id":"https:\/\/www.altominho.tv\/site\/#\/schema\/person\/63f693da3e1899361cbe955c46f3232e","name":"Lusa","image":{"@type":"ImageObject","inLanguage":"pt-PT","@id":"https:\/\/www.altominho.tv\/site\/wp-content\/uploads\/2019\/08\/LUSA_Logo.gif","url":"https:\/\/www.altominho.tv\/site\/wp-content\/uploads\/2019\/08\/LUSA_Logo.gif","contentUrl":"https:\/\/www.altominho.tv\/site\/wp-content\/uploads\/2019\/08\/LUSA_Logo.gif","caption":"Lusa"},"sameAs":["http:\/\/\/\/www.altominho.tv\/site"],"url":"https:\/\/www.altominho.tv\/site\/author\/lusa\/"}]}},"_links":{"self":[{"href":"https:\/\/www.altominho.tv\/site\/wp-json\/wp\/v2\/posts\/115265","targetHints":{"allow":["GET"]}}],"collection":[{"href":"https:\/\/www.altominho.tv\/site\/wp-json\/wp\/v2\/posts"}],"about":[{"href":"https:\/\/www.altominho.tv\/site\/wp-json\/wp\/v2\/types\/post"}],"author":[{"embeddable":true,"href":"https:\/\/www.altominho.tv\/site\/wp-json\/wp\/v2\/users\/13"}],"replies":[{"embeddable":true,"href":"https:\/\/www.altominho.tv\/site\/wp-json\/wp\/v2\/comments?post=115265"}],"version-history":[{"count":1,"href":"https:\/\/www.altominho.tv\/site\/wp-json\/wp\/v2\/posts\/115265\/revisions"}],"predecessor-version":[{"id":115267,"href":"https:\/\/www.altominho.tv\/site\/wp-json\/wp\/v2\/posts\/115265\/revisions\/115267"}],"wp:featuredmedia":[{"embeddable":true,"href":"https:\/\/www.altominho.tv\/site\/wp-json\/wp\/v2\/media\/115266"}],"wp:attachment":[{"href":"https:\/\/www.altominho.tv\/site\/wp-json\/wp\/v2\/media?parent=115265"}],"wp:term":[{"taxonomy":"category","embeddable":true,"href":"https:\/\/www.altominho.tv\/site\/wp-json\/wp\/v2\/categories?post=115265"},{"taxonomy":"post_tag","embeddable":true,"href":"https:\/\/www.altominho.tv\/site\/wp-json\/wp\/v2\/tags?post=115265"}],"curies":[{"name":"wp","href":"https:\/\/api.w.org\/{rel}","templated":true}]}}