{"id":115159,"date":"2025-02-24T15:47:03","date_gmt":"2025-02-24T15:47:03","guid":{"rendered":"https:\/\/www.altominho.tv\/site\/?p=115159"},"modified":"2025-02-24T15:47:05","modified_gmt":"2025-02-24T15:47:05","slug":"apresentacao-do-programa-das-comemoracoes-dos-125-anos-do-bombeiros-voluntarios-de-moncao","status":"publish","type":"post","link":"https:\/\/www.altominho.tv\/site\/2025\/02\/24\/apresentacao-do-programa-das-comemoracoes-dos-125-anos-do-bombeiros-voluntarios-de-moncao\/","title":{"rendered":"Apresenta\u00e7\u00e3o do programa das comemora\u00e7\u00f5es dos 125 anos do Bombeiros Volunt\u00e1rios de Mon\u00e7\u00e3o"},"content":{"rendered":"\n<figure class=\"wp-block-embed is-type-video is-provider-youtube wp-block-embed-youtube wp-embed-aspect-16-9 wp-has-aspect-ratio\"><div class=\"wp-block-embed__wrapper\">\n<iframe loading=\"lazy\" title=\"Apresenta\u00e7\u00e3o das comemora\u00e7\u00f5es dos 125 anos do Bombeiros Volunt\u00e1rios de Mon\u00e7\u00e3o | Altominho TV\" width=\"770\" height=\"433\" src=\"https:\/\/www.youtube.com\/embed\/p482L8-0LJ0?feature=oembed\" frameborder=\"0\" allow=\"accelerometer; autoplay; clipboard-write; encrypted-media; gyroscope; picture-in-picture; web-share\" referrerpolicy=\"strict-origin-when-cross-origin\" allowfullscreen><\/iframe>\n<\/div><\/figure>\n\n\n<p>O Sal\u00e3o Nobre do quartel dos Bombeiros Volunt\u00e1rios de Mon\u00e7\u00e3o abriu portas na sexta feira para a apresenta\u00e7\u00e3o do programa das comemora\u00e7\u00f5es dos seus 125 anos.<\/p>\n<p>Com v\u00e1rios eventos espalhados ao longo do ano, o foco deste programa \u00e9 a angaria\u00e7\u00e3o de fundos.<\/p>\n<p>Esta \u00e9 uma data especial e simb\u00f3lica, que serviu para refor\u00e7ar e relembrar a import\u00e2ncia dos bombeiros na comunidade mon\u00e7anense.<\/p>\n<p>No final da noite, foi divulgada uma edi\u00e7\u00e3o especial de Aguardente Velha Alvarinha, alusiva \u00e0 comemora\u00e7\u00e3o dos 125 anos da Associa\u00e7\u00e3o Humanit\u00e1ria dos Bombeiros Volunt\u00e1rios de Mon\u00e7\u00e3o.<\/p>","protected":false},"excerpt":{"rendered":"<p>O Sal\u00e3o Nobre do quartel dos Bombeiros Volunt\u00e1rios de Mon\u00e7\u00e3o abriu portas na sexta feira para a apresenta\u00e7\u00e3o do programa das comemora\u00e7\u00f5es dos seus 125 anos. Com v\u00e1rios eventos espalhados ao longo do ano, o foco deste programa \u00e9 a angaria\u00e7\u00e3o de fundos. Esta \u00e9 uma data especial e simb\u00f3lica, que serviu para refor\u00e7ar e [&hellip;]<\/p>\n","protected":false},"author":8,"featured_media":115161,"comment_status":"closed","ping_status":"closed","sticky":false,"template":"","format":"video","meta":{"_exactmetrics_skip_tracking":false,"_exactmetrics_sitenote_active":false,"_exactmetrics_sitenote_note":"","_exactmetrics_sitenote_category":0,"footnotes":""},"categories":[9],"tags":[27],"class_list":["post-115159","post","type-post","status-publish","format-video","has-post-thumbnail","hentry","category-moncao","tag-sociedade","post_format-post-format-video"],"yoast_head":"<!-- This site is optimized with the Yoast SEO Premium plugin v27.5 (Yoast SEO v27.5) - https:\/\/yoast.com\/product\/yoast-seo-premium-wordpress\/ -->\n<title>Apresenta\u00e7\u00e3o do programa das comemora\u00e7\u00f5es dos 125 anos do Bombeiros Volunt\u00e1rios de Mon\u00e7\u00e3o<\/title>\n<meta name=\"description\" content=\"Com v\u00e1rios eventos espalhados ao longo do ano, o foco deste programa \u00e9 a angaria\u00e7\u00e3o de fundos.\" \/>\n<meta name=\"robots\" content=\"index, follow, max-snippet:-1, max-image-preview:large, max-video-preview:-1\" \/>\n<link rel=\"canonical\" href=\"https:\/\/www.altominho.tv\/site\/2025\/02\/24\/apresentacao-do-programa-das-comemoracoes-dos-125-anos-do-bombeiros-voluntarios-de-moncao\/\" \/>\n<meta property=\"og:locale\" content=\"pt_PT\" \/>\n<meta property=\"og:type\" content=\"article\" \/>\n<meta property=\"og:title\" content=\"Apresenta\u00e7\u00e3o do programa das comemora\u00e7\u00f5es dos 125 anos do Bombeiros Volunt\u00e1rios de Mon\u00e7\u00e3o\" \/>\n<meta property=\"og:description\" content=\"Com v\u00e1rios eventos espalhados ao longo do ano, o foco deste programa \u00e9 a angaria\u00e7\u00e3o de fundos.\" \/>\n<meta property=\"og:url\" content=\"https:\/\/www.altominho.tv\/site\/2025\/02\/24\/apresentacao-do-programa-das-comemoracoes-dos-125-anos-do-bombeiros-voluntarios-de-moncao\/\" \/>\n<meta property=\"og:site_name\" content=\"Altominho.tv\" \/>\n<meta property=\"article:publisher\" content=\"https:\/\/www.facebook.com\/altominhotv\" \/>\n<meta property=\"article:published_time\" content=\"2025-02-24T15:47:03+00:00\" \/>\n<meta property=\"article:modified_time\" content=\"2025-02-24T15:47:05+00:00\" \/>\n<meta property=\"og:image\" content=\"https:\/\/www.altominho.tv\/site\/wp-content\/uploads\/2025\/02\/p482l8-0lj0.jpg\" \/>\n\t<meta property=\"og:image:width\" content=\"1280\" \/>\n\t<meta property=\"og:image:height\" content=\"720\" \/>\n\t<meta property=\"og:image:type\" content=\"image\/jpeg\" \/>\n<meta name=\"author\" content=\"Alexandre Ferreira\" \/>\n<meta name=\"twitter:card\" content=\"summary_large_image\" \/>\n<meta name=\"twitter:creator\" content=\"@altominhoTV\" \/>\n<meta name=\"twitter:site\" content=\"@altominhoTV\" \/>\n<meta name=\"twitter:label1\" content=\"Escrito por\" \/>\n\t<meta name=\"twitter:data1\" content=\"Alexandre Ferreira\" \/>\n\t<meta name=\"twitter:label2\" content=\"Tempo estimado de leitura\" \/>\n\t<meta name=\"twitter:data2\" content=\"1 minuto\" \/>\n<script type=\"application\/ld+json\" class=\"yoast-schema-graph\">{\"@context\":\"https:\\\/\\\/schema.org\",\"@graph\":[{\"@type\":\"Article\",\"@id\":\"https:\\\/\\\/www.altominho.tv\\\/site\\\/2025\\\/02\\\/24\\\/apresentacao-do-programa-das-comemoracoes-dos-125-anos-do-bombeiros-voluntarios-de-moncao\\\/#article\",\"isPartOf\":{\"@id\":\"https:\\\/\\\/www.altominho.tv\\\/site\\\/2025\\\/02\\\/24\\\/apresentacao-do-programa-das-comemoracoes-dos-125-anos-do-bombeiros-voluntarios-de-moncao\\\/\"},\"author\":{\"name\":\"Alexandre Ferreira\",\"@id\":\"https:\\\/\\\/www.altominho.tv\\\/site\\\/#\\\/schema\\\/person\\\/56c462a0f6591602f4e9fb3fa6ea49bd\"},\"headline\":\"Apresenta\u00e7\u00e3o do programa das comemora\u00e7\u00f5es dos 125 anos do Bombeiros Volunt\u00e1rios de Mon\u00e7\u00e3o\",\"datePublished\":\"2025-02-24T15:47:03+00:00\",\"dateModified\":\"2025-02-24T15:47:05+00:00\",\"mainEntityOfPage\":{\"@id\":\"https:\\\/\\\/www.altominho.tv\\\/site\\\/2025\\\/02\\\/24\\\/apresentacao-do-programa-das-comemoracoes-dos-125-anos-do-bombeiros-voluntarios-de-moncao\\\/\"},\"wordCount\":125,\"image\":{\"@id\":\"https:\\\/\\\/www.altominho.tv\\\/site\\\/2025\\\/02\\\/24\\\/apresentacao-do-programa-das-comemoracoes-dos-125-anos-do-bombeiros-voluntarios-de-moncao\\\/#primaryimage\"},\"thumbnailUrl\":\"https:\\\/\\\/www.altominho.tv\\\/site\\\/wp-content\\\/uploads\\\/2025\\\/02\\\/p482l8-0lj0.jpg\",\"keywords\":[\"Sociedade\"],\"articleSection\":[\"Mon\u00e7\u00e3o\"],\"inLanguage\":\"pt-PT\",\"copyrightYear\":\"2025\",\"copyrightHolder\":{\"@id\":\"https:\\\/\\\/www.altominho.tv\\\/site\\\/#organization\"}},{\"@type\":\"WebPage\",\"@id\":\"https:\\\/\\\/www.altominho.tv\\\/site\\\/2025\\\/02\\\/24\\\/apresentacao-do-programa-das-comemoracoes-dos-125-anos-do-bombeiros-voluntarios-de-moncao\\\/\",\"url\":\"https:\\\/\\\/www.altominho.tv\\\/site\\\/2025\\\/02\\\/24\\\/apresentacao-do-programa-das-comemoracoes-dos-125-anos-do-bombeiros-voluntarios-de-moncao\\\/\",\"name\":\"Apresenta\u00e7\u00e3o do programa das comemora\u00e7\u00f5es dos 125 anos do Bombeiros Volunt\u00e1rios de Mon\u00e7\u00e3o\",\"isPartOf\":{\"@id\":\"https:\\\/\\\/www.altominho.tv\\\/site\\\/#website\"},\"primaryImageOfPage\":{\"@id\":\"https:\\\/\\\/www.altominho.tv\\\/site\\\/2025\\\/02\\\/24\\\/apresentacao-do-programa-das-comemoracoes-dos-125-anos-do-bombeiros-voluntarios-de-moncao\\\/#primaryimage\"},\"image\":{\"@id\":\"https:\\\/\\\/www.altominho.tv\\\/site\\\/2025\\\/02\\\/24\\\/apresentacao-do-programa-das-comemoracoes-dos-125-anos-do-bombeiros-voluntarios-de-moncao\\\/#primaryimage\"},\"thumbnailUrl\":\"https:\\\/\\\/www.altominho.tv\\\/site\\\/wp-content\\\/uploads\\\/2025\\\/02\\\/p482l8-0lj0.jpg\",\"datePublished\":\"2025-02-24T15:47:03+00:00\",\"dateModified\":\"2025-02-24T15:47:05+00:00\",\"author\":{\"@id\":\"https:\\\/\\\/www.altominho.tv\\\/site\\\/#\\\/schema\\\/person\\\/56c462a0f6591602f4e9fb3fa6ea49bd\"},\"description\":\"Com v\u00e1rios eventos espalhados ao longo do ano, o foco deste programa \u00e9 a angaria\u00e7\u00e3o de fundos.\",\"breadcrumb\":{\"@id\":\"https:\\\/\\\/www.altominho.tv\\\/site\\\/2025\\\/02\\\/24\\\/apresentacao-do-programa-das-comemoracoes-dos-125-anos-do-bombeiros-voluntarios-de-moncao\\\/#breadcrumb\"},\"inLanguage\":\"pt-PT\",\"potentialAction\":[{\"@type\":\"ReadAction\",\"target\":[\"https:\\\/\\\/www.altominho.tv\\\/site\\\/2025\\\/02\\\/24\\\/apresentacao-do-programa-das-comemoracoes-dos-125-anos-do-bombeiros-voluntarios-de-moncao\\\/\"]}]},{\"@type\":\"ImageObject\",\"inLanguage\":\"pt-PT\",\"@id\":\"https:\\\/\\\/www.altominho.tv\\\/site\\\/2025\\\/02\\\/24\\\/apresentacao-do-programa-das-comemoracoes-dos-125-anos-do-bombeiros-voluntarios-de-moncao\\\/#primaryimage\",\"url\":\"https:\\\/\\\/www.altominho.tv\\\/site\\\/wp-content\\\/uploads\\\/2025\\\/02\\\/p482l8-0lj0.jpg\",\"contentUrl\":\"https:\\\/\\\/www.altominho.tv\\\/site\\\/wp-content\\\/uploads\\\/2025\\\/02\\\/p482l8-0lj0.jpg\",\"width\":1280,\"height\":720},{\"@type\":\"BreadcrumbList\",\"@id\":\"https:\\\/\\\/www.altominho.tv\\\/site\\\/2025\\\/02\\\/24\\\/apresentacao-do-programa-das-comemoracoes-dos-125-anos-do-bombeiros-voluntarios-de-moncao\\\/#breadcrumb\",\"itemListElement\":[{\"@type\":\"ListItem\",\"position\":1,\"name\":\"In\u00edcio\",\"item\":\"https:\\\/\\\/www.altominho.tv\\\/site\\\/\"},{\"@type\":\"ListItem\",\"position\":2,\"name\":\"Apresenta\u00e7\u00e3o do programa das comemora\u00e7\u00f5es dos 125 anos do Bombeiros Volunt\u00e1rios de Mon\u00e7\u00e3o\"}]},{\"@type\":\"WebSite\",\"@id\":\"https:\\\/\\\/www.altominho.tv\\\/site\\\/#website\",\"url\":\"https:\\\/\\\/www.altominho.tv\\\/site\\\/\",\"name\":\"Altominho.tv\",\"description\":\"A sua regi\u00e3o \u00e0 dist\u00e2ncia de um clique...\",\"potentialAction\":[{\"@type\":\"SearchAction\",\"target\":{\"@type\":\"EntryPoint\",\"urlTemplate\":\"https:\\\/\\\/www.altominho.tv\\\/site\\\/?s={search_term_string}\"},\"query-input\":{\"@type\":\"PropertyValueSpecification\",\"valueRequired\":true,\"valueName\":\"search_term_string\"}}],\"inLanguage\":\"pt-PT\"},{\"@type\":\"Person\",\"@id\":\"https:\\\/\\\/www.altominho.tv\\\/site\\\/#\\\/schema\\\/person\\\/56c462a0f6591602f4e9fb3fa6ea49bd\",\"name\":\"Alexandre Ferreira\",\"image\":{\"@type\":\"ImageObject\",\"inLanguage\":\"pt-PT\",\"@id\":\"https:\\\/\\\/www.altominho.tv\\\/site\\\/wp-content\\\/uploads\\\/2017\\\/11\\\/Alexandre-150x150.jpg\",\"url\":\"https:\\\/\\\/www.altominho.tv\\\/site\\\/wp-content\\\/uploads\\\/2017\\\/11\\\/Alexandre-150x150.jpg\",\"contentUrl\":\"https:\\\/\\\/www.altominho.tv\\\/site\\\/wp-content\\\/uploads\\\/2017\\\/11\\\/Alexandre-150x150.jpg\",\"caption\":\"Alexandre Ferreira\"},\"url\":\"https:\\\/\\\/www.altominho.tv\\\/site\\\/author\\\/alexandreferreira\\\/\"}]}<\/script>\n<meta property=\"og:video\" content=\"https:\/\/www.youtube.com\/embed\/p482L8-0LJ0\" \/>\n<meta property=\"og:video:type\" content=\"text\/html\" \/>\n<meta property=\"og:video:duration\" content=\"105\" \/>\n<meta property=\"og:video:width\" content=\"480\" \/>\n<meta property=\"og:video:height\" content=\"270\" \/>\n<meta property=\"ya:ovs:adult\" content=\"false\" \/>\n<meta property=\"ya:ovs:upload_date\" content=\"2025-02-24T15:47:03+00:00\" \/>\n<meta property=\"ya:ovs:allow_embed\" content=\"true\" \/>\n<!-- \/ Yoast SEO Premium plugin. -->","yoast_head_json":{"title":"Apresenta\u00e7\u00e3o do programa das comemora\u00e7\u00f5es dos 125 anos do Bombeiros Volunt\u00e1rios de Mon\u00e7\u00e3o","description":"Com v\u00e1rios eventos espalhados ao longo do ano, o foco deste programa \u00e9 a angaria\u00e7\u00e3o de fundos.","robots":{"index":"index","follow":"follow","max-snippet":"max-snippet:-1","max-image-preview":"max-image-preview:large","max-video-preview":"max-video-preview:-1"},"canonical":"https:\/\/www.altominho.tv\/site\/2025\/02\/24\/apresentacao-do-programa-das-comemoracoes-dos-125-anos-do-bombeiros-voluntarios-de-moncao\/","og_locale":"pt_PT","og_type":"article","og_title":"Apresenta\u00e7\u00e3o do programa das comemora\u00e7\u00f5es dos 125 anos do Bombeiros Volunt\u00e1rios de Mon\u00e7\u00e3o","og_description":"Com v\u00e1rios eventos espalhados ao longo do ano, o foco deste programa \u00e9 a angaria\u00e7\u00e3o de fundos.","og_url":"https:\/\/www.altominho.tv\/site\/2025\/02\/24\/apresentacao-do-programa-das-comemoracoes-dos-125-anos-do-bombeiros-voluntarios-de-moncao\/","og_site_name":"Altominho.tv","article_publisher":"https:\/\/www.facebook.com\/altominhotv","article_published_time":"2025-02-24T15:47:03+00:00","article_modified_time":"2025-02-24T15:47:05+00:00","og_image":[{"width":1280,"height":720,"url":"https:\/\/www.altominho.tv\/site\/wp-content\/uploads\/2025\/02\/p482l8-0lj0.jpg","type":"image\/jpeg"}],"author":"Alexandre Ferreira","twitter_card":"summary_large_image","twitter_creator":"@altominhoTV","twitter_site":"@altominhoTV","twitter_misc":{"Escrito por":"Alexandre Ferreira","Tempo estimado de leitura":"1 minuto"},"schema":{"@context":"https:\/\/schema.org","@graph":[{"@type":"Article","@id":"https:\/\/www.altominho.tv\/site\/2025\/02\/24\/apresentacao-do-programa-das-comemoracoes-dos-125-anos-do-bombeiros-voluntarios-de-moncao\/#article","isPartOf":{"@id":"https:\/\/www.altominho.tv\/site\/2025\/02\/24\/apresentacao-do-programa-das-comemoracoes-dos-125-anos-do-bombeiros-voluntarios-de-moncao\/"},"author":{"name":"Alexandre Ferreira","@id":"https:\/\/www.altominho.tv\/site\/#\/schema\/person\/56c462a0f6591602f4e9fb3fa6ea49bd"},"headline":"Apresenta\u00e7\u00e3o do programa das comemora\u00e7\u00f5es dos 125 anos do Bombeiros Volunt\u00e1rios de Mon\u00e7\u00e3o","datePublished":"2025-02-24T15:47:03+00:00","dateModified":"2025-02-24T15:47:05+00:00","mainEntityOfPage":{"@id":"https:\/\/www.altominho.tv\/site\/2025\/02\/24\/apresentacao-do-programa-das-comemoracoes-dos-125-anos-do-bombeiros-voluntarios-de-moncao\/"},"wordCount":125,"image":{"@id":"https:\/\/www.altominho.tv\/site\/2025\/02\/24\/apresentacao-do-programa-das-comemoracoes-dos-125-anos-do-bombeiros-voluntarios-de-moncao\/#primaryimage"},"thumbnailUrl":"https:\/\/www.altominho.tv\/site\/wp-content\/uploads\/2025\/02\/p482l8-0lj0.jpg","keywords":["Sociedade"],"articleSection":["Mon\u00e7\u00e3o"],"inLanguage":"pt-PT","copyrightYear":"2025","copyrightHolder":{"@id":"https:\/\/www.altominho.tv\/site\/#organization"}},{"@type":"WebPage","@id":"https:\/\/www.altominho.tv\/site\/2025\/02\/24\/apresentacao-do-programa-das-comemoracoes-dos-125-anos-do-bombeiros-voluntarios-de-moncao\/","url":"https:\/\/www.altominho.tv\/site\/2025\/02\/24\/apresentacao-do-programa-das-comemoracoes-dos-125-anos-do-bombeiros-voluntarios-de-moncao\/","name":"Apresenta\u00e7\u00e3o do programa das comemora\u00e7\u00f5es dos 125 anos do Bombeiros Volunt\u00e1rios de Mon\u00e7\u00e3o","isPartOf":{"@id":"https:\/\/www.altominho.tv\/site\/#website"},"primaryImageOfPage":{"@id":"https:\/\/www.altominho.tv\/site\/2025\/02\/24\/apresentacao-do-programa-das-comemoracoes-dos-125-anos-do-bombeiros-voluntarios-de-moncao\/#primaryimage"},"image":{"@id":"https:\/\/www.altominho.tv\/site\/2025\/02\/24\/apresentacao-do-programa-das-comemoracoes-dos-125-anos-do-bombeiros-voluntarios-de-moncao\/#primaryimage"},"thumbnailUrl":"https:\/\/www.altominho.tv\/site\/wp-content\/uploads\/2025\/02\/p482l8-0lj0.jpg","datePublished":"2025-02-24T15:47:03+00:00","dateModified":"2025-02-24T15:47:05+00:00","author":{"@id":"https:\/\/www.altominho.tv\/site\/#\/schema\/person\/56c462a0f6591602f4e9fb3fa6ea49bd"},"description":"Com v\u00e1rios eventos espalhados ao longo do ano, o foco deste programa \u00e9 a angaria\u00e7\u00e3o de fundos.","breadcrumb":{"@id":"https:\/\/www.altominho.tv\/site\/2025\/02\/24\/apresentacao-do-programa-das-comemoracoes-dos-125-anos-do-bombeiros-voluntarios-de-moncao\/#breadcrumb"},"inLanguage":"pt-PT","potentialAction":[{"@type":"ReadAction","target":["https:\/\/www.altominho.tv\/site\/2025\/02\/24\/apresentacao-do-programa-das-comemoracoes-dos-125-anos-do-bombeiros-voluntarios-de-moncao\/"]}]},{"@type":"ImageObject","inLanguage":"pt-PT","@id":"https:\/\/www.altominho.tv\/site\/2025\/02\/24\/apresentacao-do-programa-das-comemoracoes-dos-125-anos-do-bombeiros-voluntarios-de-moncao\/#primaryimage","url":"https:\/\/www.altominho.tv\/site\/wp-content\/uploads\/2025\/02\/p482l8-0lj0.jpg","contentUrl":"https:\/\/www.altominho.tv\/site\/wp-content\/uploads\/2025\/02\/p482l8-0lj0.jpg","width":1280,"height":720},{"@type":"BreadcrumbList","@id":"https:\/\/www.altominho.tv\/site\/2025\/02\/24\/apresentacao-do-programa-das-comemoracoes-dos-125-anos-do-bombeiros-voluntarios-de-moncao\/#breadcrumb","itemListElement":[{"@type":"ListItem","position":1,"name":"In\u00edcio","item":"https:\/\/www.altominho.tv\/site\/"},{"@type":"ListItem","position":2,"name":"Apresenta\u00e7\u00e3o do programa das comemora\u00e7\u00f5es dos 125 anos do Bombeiros Volunt\u00e1rios de Mon\u00e7\u00e3o"}]},{"@type":"WebSite","@id":"https:\/\/www.altominho.tv\/site\/#website","url":"https:\/\/www.altominho.tv\/site\/","name":"Altominho.tv","description":"A sua regi\u00e3o \u00e0 dist\u00e2ncia de um clique...","potentialAction":[{"@type":"SearchAction","target":{"@type":"EntryPoint","urlTemplate":"https:\/\/www.altominho.tv\/site\/?s={search_term_string}"},"query-input":{"@type":"PropertyValueSpecification","valueRequired":true,"valueName":"search_term_string"}}],"inLanguage":"pt-PT"},{"@type":"Person","@id":"https:\/\/www.altominho.tv\/site\/#\/schema\/person\/56c462a0f6591602f4e9fb3fa6ea49bd","name":"Alexandre Ferreira","image":{"@type":"ImageObject","inLanguage":"pt-PT","@id":"https:\/\/www.altominho.tv\/site\/wp-content\/uploads\/2017\/11\/Alexandre-150x150.jpg","url":"https:\/\/www.altominho.tv\/site\/wp-content\/uploads\/2017\/11\/Alexandre-150x150.jpg","contentUrl":"https:\/\/www.altominho.tv\/site\/wp-content\/uploads\/2017\/11\/Alexandre-150x150.jpg","caption":"Alexandre Ferreira"},"url":"https:\/\/www.altominho.tv\/site\/author\/alexandreferreira\/"}]},"og_video":"https:\/\/www.youtube.com\/embed\/p482L8-0LJ0","og_video_type":"text\/html","og_video_duration":"105","og_video_width":"480","og_video_height":"270","ya_ovs_adult":"false","ya_ovs_upload_date":"2025-02-24T15:47:03+00:00","ya_ovs_allow_embed":"true"},"_links":{"self":[{"href":"https:\/\/www.altominho.tv\/site\/wp-json\/wp\/v2\/posts\/115159","targetHints":{"allow":["GET"]}}],"collection":[{"href":"https:\/\/www.altominho.tv\/site\/wp-json\/wp\/v2\/posts"}],"about":[{"href":"https:\/\/www.altominho.tv\/site\/wp-json\/wp\/v2\/types\/post"}],"author":[{"embeddable":true,"href":"https:\/\/www.altominho.tv\/site\/wp-json\/wp\/v2\/users\/8"}],"replies":[{"embeddable":true,"href":"https:\/\/www.altominho.tv\/site\/wp-json\/wp\/v2\/comments?post=115159"}],"version-history":[{"count":1,"href":"https:\/\/www.altominho.tv\/site\/wp-json\/wp\/v2\/posts\/115159\/revisions"}],"predecessor-version":[{"id":115160,"href":"https:\/\/www.altominho.tv\/site\/wp-json\/wp\/v2\/posts\/115159\/revisions\/115160"}],"wp:featuredmedia":[{"embeddable":true,"href":"https:\/\/www.altominho.tv\/site\/wp-json\/wp\/v2\/media\/115161"}],"wp:attachment":[{"href":"https:\/\/www.altominho.tv\/site\/wp-json\/wp\/v2\/media?parent=115159"}],"wp:term":[{"taxonomy":"category","embeddable":true,"href":"https:\/\/www.altominho.tv\/site\/wp-json\/wp\/v2\/categories?post=115159"},{"taxonomy":"post_tag","embeddable":true,"href":"https:\/\/www.altominho.tv\/site\/wp-json\/wp\/v2\/tags?post=115159"}],"curies":[{"name":"wp","href":"https:\/\/api.w.org\/{rel}","templated":true}]}}