{"id":115061,"date":"2025-02-20T15:21:24","date_gmt":"2025-02-20T15:21:24","guid":{"rendered":"https:\/\/www.altominho.tv\/site\/?p=115061"},"modified":"2025-02-20T15:28:18","modified_gmt":"2025-02-20T15:28:18","slug":"camara-municipal-vai-investir-mais-de-duzentos-mil-euros-na-obra-de-reabilitacao-do-campo-do-corro","status":"publish","type":"post","link":"https:\/\/www.altominho.tv\/site\/2025\/02\/20\/camara-municipal-vai-investir-mais-de-duzentos-mil-euros-na-obra-de-reabilitacao-do-campo-do-corro\/","title":{"rendered":"C\u00e2mara Municipal vai investir mais de duzentos mil euros na obra de reabilita\u00e7\u00e3o do Campo do C\u00f4rro"},"content":{"rendered":"\n<p>A obra de reabilita\u00e7\u00e3o do Campo do C\u00f4rro vai avan\u00e7ar em breve, representando um investimento da C\u00e2mara Municipal superior a 200 mil euros, integrado no plano de reabilita\u00e7\u00e3o e revitaliza\u00e7\u00e3o do espa\u00e7o p\u00fablico. <\/p>\n\n\n\n<p>Conclu\u00eddo o procedimento de contrata\u00e7\u00e3o p\u00fablica, as interven\u00e7\u00f5es avan\u00e7ar\u00e3o em breve, trazendo melhorias significativas para esta \u00e1rea junto ao rio Lima.<\/p>\n\n\n\n<p>A empreitada prev\u00ea a cria\u00e7\u00e3o de uma pequena zona de estar e lazer, a pavimenta\u00e7\u00e3o de toda a \u00e1rea, a reorganiza\u00e7\u00e3o do estacionamento e a instala\u00e7\u00e3o de mobili\u00e1rio e equipamento urbano. <\/p>\n\n\n\n<p>Com estas melhorias, o Campo do C\u00f4rro ficar\u00e1 mais acess\u00edvel e funcional.<\/p>\n\n\n\n<p><\/p>\n","protected":false},"excerpt":{"rendered":"<p>A obra de reabilita\u00e7\u00e3o do Campo do C\u00f4rro vai avan\u00e7ar em breve, representando um investimento da C\u00e2mara Municipal superior a 200 mil euros, integrado no plano de reabilita\u00e7\u00e3o e revitaliza\u00e7\u00e3o do espa\u00e7o p\u00fablico. Conclu\u00eddo o procedimento de contrata\u00e7\u00e3o p\u00fablica, as interven\u00e7\u00f5es avan\u00e7ar\u00e3o em breve, trazendo melhorias significativas para esta \u00e1rea junto ao rio Lima. A [&hellip;]<\/p>\n","protected":false},"author":1,"featured_media":115062,"comment_status":"closed","ping_status":"closed","sticky":false,"template":"","format":"standard","meta":{"_exactmetrics_skip_tracking":false,"_exactmetrics_sitenote_active":false,"_exactmetrics_sitenote_note":"","_exactmetrics_sitenote_category":0,"footnotes":""},"categories":[11],"tags":[23,27],"class_list":["post-115061","post","type-post","status-publish","format-standard","has-post-thumbnail","hentry","category-ponte-da-barca","tag-gente","tag-sociedade"],"yoast_head":"<!-- This site is optimized with the Yoast SEO Premium plugin v27.5 (Yoast SEO v27.5) - https:\/\/yoast.com\/product\/yoast-seo-premium-wordpress\/ -->\n<title>C\u00e2mara Municipal vai investir mais de duzentos mil euros na obra de reabilita\u00e7\u00e3o do Campo do C\u00f4rro<\/title>\n<meta name=\"robots\" content=\"index, follow, max-snippet:-1, max-image-preview:large, max-video-preview:-1\" \/>\n<link rel=\"canonical\" href=\"https:\/\/www.altominho.tv\/site\/2025\/02\/20\/camara-municipal-vai-investir-mais-de-duzentos-mil-euros-na-obra-de-reabilitacao-do-campo-do-corro\/\" \/>\n<meta property=\"og:locale\" content=\"pt_PT\" \/>\n<meta property=\"og:type\" content=\"article\" \/>\n<meta property=\"og:title\" content=\"C\u00e2mara Municipal vai investir mais de duzentos mil euros na obra de reabilita\u00e7\u00e3o do Campo do C\u00f4rro\" \/>\n<meta property=\"og:description\" content=\"A obra de reabilita\u00e7\u00e3o do Campo do C\u00f4rro vai avan\u00e7ar em breve, representando um investimento da C\u00e2mara Municipal superior a 200 mil euros, integrado no plano de reabilita\u00e7\u00e3o e revitaliza\u00e7\u00e3o do espa\u00e7o p\u00fablico. Conclu\u00eddo o procedimento de contrata\u00e7\u00e3o p\u00fablica, as interven\u00e7\u00f5es avan\u00e7ar\u00e3o em breve, trazendo melhorias significativas para esta \u00e1rea junto ao rio Lima. A [&hellip;]\" \/>\n<meta property=\"og:url\" content=\"https:\/\/www.altominho.tv\/site\/2025\/02\/20\/camara-municipal-vai-investir-mais-de-duzentos-mil-euros-na-obra-de-reabilitacao-do-campo-do-corro\/\" \/>\n<meta property=\"og:site_name\" content=\"Altominho.tv\" \/>\n<meta property=\"article:publisher\" content=\"https:\/\/www.facebook.com\/altominhotv\" \/>\n<meta property=\"article:published_time\" content=\"2025-02-20T15:21:24+00:00\" \/>\n<meta property=\"article:modified_time\" content=\"2025-02-20T15:28:18+00:00\" \/>\n<meta property=\"og:image\" content=\"https:\/\/www.altominho.tv\/site\/wp-content\/uploads\/2025\/02\/Design-sem-nome-copia-2.jpg\" \/>\n\t<meta property=\"og:image:width\" content=\"1920\" \/>\n\t<meta property=\"og:image:height\" content=\"1080\" \/>\n\t<meta property=\"og:image:type\" content=\"image\/jpeg\" \/>\n<meta name=\"author\" content=\"Altominho.tv\" \/>\n<meta name=\"twitter:card\" content=\"summary_large_image\" \/>\n<meta name=\"twitter:creator\" content=\"@altominhoTV\" \/>\n<meta name=\"twitter:site\" content=\"@altominhoTV\" \/>\n<meta name=\"twitter:label1\" content=\"Escrito por\" \/>\n\t<meta name=\"twitter:data1\" content=\"Altominho.tv\" \/>\n\t<meta name=\"twitter:label2\" content=\"Tempo estimado de leitura\" \/>\n\t<meta name=\"twitter:data2\" content=\"1 minuto\" \/>\n<script type=\"application\/ld+json\" class=\"yoast-schema-graph\">{\"@context\":\"https:\\\/\\\/schema.org\",\"@graph\":[{\"@type\":\"Article\",\"@id\":\"https:\\\/\\\/www.altominho.tv\\\/site\\\/2025\\\/02\\\/20\\\/camara-municipal-vai-investir-mais-de-duzentos-mil-euros-na-obra-de-reabilitacao-do-campo-do-corro\\\/#article\",\"isPartOf\":{\"@id\":\"https:\\\/\\\/www.altominho.tv\\\/site\\\/2025\\\/02\\\/20\\\/camara-municipal-vai-investir-mais-de-duzentos-mil-euros-na-obra-de-reabilitacao-do-campo-do-corro\\\/\"},\"author\":{\"name\":\"Altominho.tv\",\"@id\":\"https:\\\/\\\/www.altominho.tv\\\/site\\\/#\\\/schema\\\/person\\\/4e536851627d7914baf3dac752b6af22\"},\"headline\":\"C\u00e2mara Municipal vai investir mais de duzentos mil euros na obra de reabilita\u00e7\u00e3o do Campo do C\u00f4rro\",\"datePublished\":\"2025-02-20T15:21:24+00:00\",\"dateModified\":\"2025-02-20T15:28:18+00:00\",\"mainEntityOfPage\":{\"@id\":\"https:\\\/\\\/www.altominho.tv\\\/site\\\/2025\\\/02\\\/20\\\/camara-municipal-vai-investir-mais-de-duzentos-mil-euros-na-obra-de-reabilitacao-do-campo-do-corro\\\/\"},\"wordCount\":137,\"image\":{\"@id\":\"https:\\\/\\\/www.altominho.tv\\\/site\\\/2025\\\/02\\\/20\\\/camara-municipal-vai-investir-mais-de-duzentos-mil-euros-na-obra-de-reabilitacao-do-campo-do-corro\\\/#primaryimage\"},\"thumbnailUrl\":\"https:\\\/\\\/www.altominho.tv\\\/site\\\/wp-content\\\/uploads\\\/2025\\\/02\\\/Design-sem-nome-copia-2.jpg\",\"keywords\":[\"Gente\",\"Sociedade\"],\"articleSection\":[\"Ponte da Barca\"],\"inLanguage\":\"pt-PT\",\"copyrightYear\":\"2025\",\"copyrightHolder\":{\"@id\":\"https:\\\/\\\/www.altominho.tv\\\/site\\\/#organization\"}},{\"@type\":\"WebPage\",\"@id\":\"https:\\\/\\\/www.altominho.tv\\\/site\\\/2025\\\/02\\\/20\\\/camara-municipal-vai-investir-mais-de-duzentos-mil-euros-na-obra-de-reabilitacao-do-campo-do-corro\\\/\",\"url\":\"https:\\\/\\\/www.altominho.tv\\\/site\\\/2025\\\/02\\\/20\\\/camara-municipal-vai-investir-mais-de-duzentos-mil-euros-na-obra-de-reabilitacao-do-campo-do-corro\\\/\",\"name\":\"C\u00e2mara Municipal vai investir mais de duzentos mil euros na obra de reabilita\u00e7\u00e3o do Campo do C\u00f4rro\",\"isPartOf\":{\"@id\":\"https:\\\/\\\/www.altominho.tv\\\/site\\\/#website\"},\"primaryImageOfPage\":{\"@id\":\"https:\\\/\\\/www.altominho.tv\\\/site\\\/2025\\\/02\\\/20\\\/camara-municipal-vai-investir-mais-de-duzentos-mil-euros-na-obra-de-reabilitacao-do-campo-do-corro\\\/#primaryimage\"},\"image\":{\"@id\":\"https:\\\/\\\/www.altominho.tv\\\/site\\\/2025\\\/02\\\/20\\\/camara-municipal-vai-investir-mais-de-duzentos-mil-euros-na-obra-de-reabilitacao-do-campo-do-corro\\\/#primaryimage\"},\"thumbnailUrl\":\"https:\\\/\\\/www.altominho.tv\\\/site\\\/wp-content\\\/uploads\\\/2025\\\/02\\\/Design-sem-nome-copia-2.jpg\",\"datePublished\":\"2025-02-20T15:21:24+00:00\",\"dateModified\":\"2025-02-20T15:28:18+00:00\",\"author\":{\"@id\":\"https:\\\/\\\/www.altominho.tv\\\/site\\\/#\\\/schema\\\/person\\\/4e536851627d7914baf3dac752b6af22\"},\"breadcrumb\":{\"@id\":\"https:\\\/\\\/www.altominho.tv\\\/site\\\/2025\\\/02\\\/20\\\/camara-municipal-vai-investir-mais-de-duzentos-mil-euros-na-obra-de-reabilitacao-do-campo-do-corro\\\/#breadcrumb\"},\"inLanguage\":\"pt-PT\",\"potentialAction\":[{\"@type\":\"ReadAction\",\"target\":[\"https:\\\/\\\/www.altominho.tv\\\/site\\\/2025\\\/02\\\/20\\\/camara-municipal-vai-investir-mais-de-duzentos-mil-euros-na-obra-de-reabilitacao-do-campo-do-corro\\\/\"]}]},{\"@type\":\"ImageObject\",\"inLanguage\":\"pt-PT\",\"@id\":\"https:\\\/\\\/www.altominho.tv\\\/site\\\/2025\\\/02\\\/20\\\/camara-municipal-vai-investir-mais-de-duzentos-mil-euros-na-obra-de-reabilitacao-do-campo-do-corro\\\/#primaryimage\",\"url\":\"https:\\\/\\\/www.altominho.tv\\\/site\\\/wp-content\\\/uploads\\\/2025\\\/02\\\/Design-sem-nome-copia-2.jpg\",\"contentUrl\":\"https:\\\/\\\/www.altominho.tv\\\/site\\\/wp-content\\\/uploads\\\/2025\\\/02\\\/Design-sem-nome-copia-2.jpg\",\"width\":1920,\"height\":1080},{\"@type\":\"BreadcrumbList\",\"@id\":\"https:\\\/\\\/www.altominho.tv\\\/site\\\/2025\\\/02\\\/20\\\/camara-municipal-vai-investir-mais-de-duzentos-mil-euros-na-obra-de-reabilitacao-do-campo-do-corro\\\/#breadcrumb\",\"itemListElement\":[{\"@type\":\"ListItem\",\"position\":1,\"name\":\"In\u00edcio\",\"item\":\"https:\\\/\\\/www.altominho.tv\\\/site\\\/\"},{\"@type\":\"ListItem\",\"position\":2,\"name\":\"C\u00e2mara Municipal vai investir mais de duzentos mil euros na obra de reabilita\u00e7\u00e3o do Campo do C\u00f4rro\"}]},{\"@type\":\"WebSite\",\"@id\":\"https:\\\/\\\/www.altominho.tv\\\/site\\\/#website\",\"url\":\"https:\\\/\\\/www.altominho.tv\\\/site\\\/\",\"name\":\"Altominho.tv\",\"description\":\"A sua regi\u00e3o \u00e0 dist\u00e2ncia de um clique...\",\"potentialAction\":[{\"@type\":\"SearchAction\",\"target\":{\"@type\":\"EntryPoint\",\"urlTemplate\":\"https:\\\/\\\/www.altominho.tv\\\/site\\\/?s={search_term_string}\"},\"query-input\":{\"@type\":\"PropertyValueSpecification\",\"valueRequired\":true,\"valueName\":\"search_term_string\"}}],\"inLanguage\":\"pt-PT\"},{\"@type\":\"Person\",\"@id\":\"https:\\\/\\\/www.altominho.tv\\\/site\\\/#\\\/schema\\\/person\\\/4e536851627d7914baf3dac752b6af22\",\"name\":\"Altominho.tv\",\"image\":{\"@type\":\"ImageObject\",\"inLanguage\":\"pt-PT\",\"@id\":\"https:\\\/\\\/www.altominho.tv\\\/site\\\/wp-content\\\/uploads\\\/2019\\\/11\\\/Logo_Avatar_2-150x150.jpg\",\"url\":\"https:\\\/\\\/www.altominho.tv\\\/site\\\/wp-content\\\/uploads\\\/2019\\\/11\\\/Logo_Avatar_2-150x150.jpg\",\"contentUrl\":\"https:\\\/\\\/www.altominho.tv\\\/site\\\/wp-content\\\/uploads\\\/2019\\\/11\\\/Logo_Avatar_2-150x150.jpg\",\"caption\":\"Altominho.tv\"},\"url\":\"https:\\\/\\\/www.altominho.tv\\\/site\\\/author\\\/altominhotv-tecnico\\\/\"}]}<\/script>\n<!-- \/ Yoast SEO Premium plugin. -->","yoast_head_json":{"title":"C\u00e2mara Municipal vai investir mais de duzentos mil euros na obra de reabilita\u00e7\u00e3o do Campo do C\u00f4rro","robots":{"index":"index","follow":"follow","max-snippet":"max-snippet:-1","max-image-preview":"max-image-preview:large","max-video-preview":"max-video-preview:-1"},"canonical":"https:\/\/www.altominho.tv\/site\/2025\/02\/20\/camara-municipal-vai-investir-mais-de-duzentos-mil-euros-na-obra-de-reabilitacao-do-campo-do-corro\/","og_locale":"pt_PT","og_type":"article","og_title":"C\u00e2mara Municipal vai investir mais de duzentos mil euros na obra de reabilita\u00e7\u00e3o do Campo do C\u00f4rro","og_description":"A obra de reabilita\u00e7\u00e3o do Campo do C\u00f4rro vai avan\u00e7ar em breve, representando um investimento da C\u00e2mara Municipal superior a 200 mil euros, integrado no plano de reabilita\u00e7\u00e3o e revitaliza\u00e7\u00e3o do espa\u00e7o p\u00fablico. Conclu\u00eddo o procedimento de contrata\u00e7\u00e3o p\u00fablica, as interven\u00e7\u00f5es avan\u00e7ar\u00e3o em breve, trazendo melhorias significativas para esta \u00e1rea junto ao rio Lima. A [&hellip;]","og_url":"https:\/\/www.altominho.tv\/site\/2025\/02\/20\/camara-municipal-vai-investir-mais-de-duzentos-mil-euros-na-obra-de-reabilitacao-do-campo-do-corro\/","og_site_name":"Altominho.tv","article_publisher":"https:\/\/www.facebook.com\/altominhotv","article_published_time":"2025-02-20T15:21:24+00:00","article_modified_time":"2025-02-20T15:28:18+00:00","og_image":[{"width":1920,"height":1080,"url":"https:\/\/www.altominho.tv\/site\/wp-content\/uploads\/2025\/02\/Design-sem-nome-copia-2.jpg","type":"image\/jpeg"}],"author":"Altominho.tv","twitter_card":"summary_large_image","twitter_creator":"@altominhoTV","twitter_site":"@altominhoTV","twitter_misc":{"Escrito por":"Altominho.tv","Tempo estimado de leitura":"1 minuto"},"schema":{"@context":"https:\/\/schema.org","@graph":[{"@type":"Article","@id":"https:\/\/www.altominho.tv\/site\/2025\/02\/20\/camara-municipal-vai-investir-mais-de-duzentos-mil-euros-na-obra-de-reabilitacao-do-campo-do-corro\/#article","isPartOf":{"@id":"https:\/\/www.altominho.tv\/site\/2025\/02\/20\/camara-municipal-vai-investir-mais-de-duzentos-mil-euros-na-obra-de-reabilitacao-do-campo-do-corro\/"},"author":{"name":"Altominho.tv","@id":"https:\/\/www.altominho.tv\/site\/#\/schema\/person\/4e536851627d7914baf3dac752b6af22"},"headline":"C\u00e2mara Municipal vai investir mais de duzentos mil euros na obra de reabilita\u00e7\u00e3o do Campo do C\u00f4rro","datePublished":"2025-02-20T15:21:24+00:00","dateModified":"2025-02-20T15:28:18+00:00","mainEntityOfPage":{"@id":"https:\/\/www.altominho.tv\/site\/2025\/02\/20\/camara-municipal-vai-investir-mais-de-duzentos-mil-euros-na-obra-de-reabilitacao-do-campo-do-corro\/"},"wordCount":137,"image":{"@id":"https:\/\/www.altominho.tv\/site\/2025\/02\/20\/camara-municipal-vai-investir-mais-de-duzentos-mil-euros-na-obra-de-reabilitacao-do-campo-do-corro\/#primaryimage"},"thumbnailUrl":"https:\/\/www.altominho.tv\/site\/wp-content\/uploads\/2025\/02\/Design-sem-nome-copia-2.jpg","keywords":["Gente","Sociedade"],"articleSection":["Ponte da Barca"],"inLanguage":"pt-PT","copyrightYear":"2025","copyrightHolder":{"@id":"https:\/\/www.altominho.tv\/site\/#organization"}},{"@type":"WebPage","@id":"https:\/\/www.altominho.tv\/site\/2025\/02\/20\/camara-municipal-vai-investir-mais-de-duzentos-mil-euros-na-obra-de-reabilitacao-do-campo-do-corro\/","url":"https:\/\/www.altominho.tv\/site\/2025\/02\/20\/camara-municipal-vai-investir-mais-de-duzentos-mil-euros-na-obra-de-reabilitacao-do-campo-do-corro\/","name":"C\u00e2mara Municipal vai investir mais de duzentos mil euros na obra de reabilita\u00e7\u00e3o do Campo do C\u00f4rro","isPartOf":{"@id":"https:\/\/www.altominho.tv\/site\/#website"},"primaryImageOfPage":{"@id":"https:\/\/www.altominho.tv\/site\/2025\/02\/20\/camara-municipal-vai-investir-mais-de-duzentos-mil-euros-na-obra-de-reabilitacao-do-campo-do-corro\/#primaryimage"},"image":{"@id":"https:\/\/www.altominho.tv\/site\/2025\/02\/20\/camara-municipal-vai-investir-mais-de-duzentos-mil-euros-na-obra-de-reabilitacao-do-campo-do-corro\/#primaryimage"},"thumbnailUrl":"https:\/\/www.altominho.tv\/site\/wp-content\/uploads\/2025\/02\/Design-sem-nome-copia-2.jpg","datePublished":"2025-02-20T15:21:24+00:00","dateModified":"2025-02-20T15:28:18+00:00","author":{"@id":"https:\/\/www.altominho.tv\/site\/#\/schema\/person\/4e536851627d7914baf3dac752b6af22"},"breadcrumb":{"@id":"https:\/\/www.altominho.tv\/site\/2025\/02\/20\/camara-municipal-vai-investir-mais-de-duzentos-mil-euros-na-obra-de-reabilitacao-do-campo-do-corro\/#breadcrumb"},"inLanguage":"pt-PT","potentialAction":[{"@type":"ReadAction","target":["https:\/\/www.altominho.tv\/site\/2025\/02\/20\/camara-municipal-vai-investir-mais-de-duzentos-mil-euros-na-obra-de-reabilitacao-do-campo-do-corro\/"]}]},{"@type":"ImageObject","inLanguage":"pt-PT","@id":"https:\/\/www.altominho.tv\/site\/2025\/02\/20\/camara-municipal-vai-investir-mais-de-duzentos-mil-euros-na-obra-de-reabilitacao-do-campo-do-corro\/#primaryimage","url":"https:\/\/www.altominho.tv\/site\/wp-content\/uploads\/2025\/02\/Design-sem-nome-copia-2.jpg","contentUrl":"https:\/\/www.altominho.tv\/site\/wp-content\/uploads\/2025\/02\/Design-sem-nome-copia-2.jpg","width":1920,"height":1080},{"@type":"BreadcrumbList","@id":"https:\/\/www.altominho.tv\/site\/2025\/02\/20\/camara-municipal-vai-investir-mais-de-duzentos-mil-euros-na-obra-de-reabilitacao-do-campo-do-corro\/#breadcrumb","itemListElement":[{"@type":"ListItem","position":1,"name":"In\u00edcio","item":"https:\/\/www.altominho.tv\/site\/"},{"@type":"ListItem","position":2,"name":"C\u00e2mara Municipal vai investir mais de duzentos mil euros na obra de reabilita\u00e7\u00e3o do Campo do C\u00f4rro"}]},{"@type":"WebSite","@id":"https:\/\/www.altominho.tv\/site\/#website","url":"https:\/\/www.altominho.tv\/site\/","name":"Altominho.tv","description":"A sua regi\u00e3o \u00e0 dist\u00e2ncia de um clique...","potentialAction":[{"@type":"SearchAction","target":{"@type":"EntryPoint","urlTemplate":"https:\/\/www.altominho.tv\/site\/?s={search_term_string}"},"query-input":{"@type":"PropertyValueSpecification","valueRequired":true,"valueName":"search_term_string"}}],"inLanguage":"pt-PT"},{"@type":"Person","@id":"https:\/\/www.altominho.tv\/site\/#\/schema\/person\/4e536851627d7914baf3dac752b6af22","name":"Altominho.tv","image":{"@type":"ImageObject","inLanguage":"pt-PT","@id":"https:\/\/www.altominho.tv\/site\/wp-content\/uploads\/2019\/11\/Logo_Avatar_2-150x150.jpg","url":"https:\/\/www.altominho.tv\/site\/wp-content\/uploads\/2019\/11\/Logo_Avatar_2-150x150.jpg","contentUrl":"https:\/\/www.altominho.tv\/site\/wp-content\/uploads\/2019\/11\/Logo_Avatar_2-150x150.jpg","caption":"Altominho.tv"},"url":"https:\/\/www.altominho.tv\/site\/author\/altominhotv-tecnico\/"}]}},"_links":{"self":[{"href":"https:\/\/www.altominho.tv\/site\/wp-json\/wp\/v2\/posts\/115061","targetHints":{"allow":["GET"]}}],"collection":[{"href":"https:\/\/www.altominho.tv\/site\/wp-json\/wp\/v2\/posts"}],"about":[{"href":"https:\/\/www.altominho.tv\/site\/wp-json\/wp\/v2\/types\/post"}],"author":[{"embeddable":true,"href":"https:\/\/www.altominho.tv\/site\/wp-json\/wp\/v2\/users\/1"}],"replies":[{"embeddable":true,"href":"https:\/\/www.altominho.tv\/site\/wp-json\/wp\/v2\/comments?post=115061"}],"version-history":[{"count":1,"href":"https:\/\/www.altominho.tv\/site\/wp-json\/wp\/v2\/posts\/115061\/revisions"}],"predecessor-version":[{"id":115063,"href":"https:\/\/www.altominho.tv\/site\/wp-json\/wp\/v2\/posts\/115061\/revisions\/115063"}],"wp:featuredmedia":[{"embeddable":true,"href":"https:\/\/www.altominho.tv\/site\/wp-json\/wp\/v2\/media\/115062"}],"wp:attachment":[{"href":"https:\/\/www.altominho.tv\/site\/wp-json\/wp\/v2\/media?parent=115061"}],"wp:term":[{"taxonomy":"category","embeddable":true,"href":"https:\/\/www.altominho.tv\/site\/wp-json\/wp\/v2\/categories?post=115061"},{"taxonomy":"post_tag","embeddable":true,"href":"https:\/\/www.altominho.tv\/site\/wp-json\/wp\/v2\/tags?post=115061"}],"curies":[{"name":"wp","href":"https:\/\/api.w.org\/{rel}","templated":true}]}}