{"id":114966,"date":"2025-02-17T09:53:24","date_gmt":"2025-02-17T09:53:24","guid":{"rendered":"https:\/\/www.altominho.tv\/site\/?p=114966"},"modified":"2025-02-17T09:53:27","modified_gmt":"2025-02-17T09:53:27","slug":"ponte-da-barca-prepara-se-para-um-carnaval-de-alegria-tradicao-e-animacao","status":"publish","type":"post","link":"https:\/\/www.altominho.tv\/site\/2025\/02\/17\/ponte-da-barca-prepara-se-para-um-carnaval-de-alegria-tradicao-e-animacao\/","title":{"rendered":"Ponte da Barca prepara-se para um Carnaval de &#8220;alegria, tradi\u00e7\u00e3o e anima\u00e7\u00e3o&#8221;"},"content":{"rendered":"<p><span data-contrast=\"auto\">&#8220;Ponte da Barca prepara-se para celebrar o Carnaval com um programa repleto de alegria, tradi\u00e7\u00e3o e anima\u00e7\u00e3o.&#8221; A garantia \u00e9 dada pelo munic\u00edpio, com a anima\u00e7\u00e3o carnavalesca a come\u00e7ar j\u00e1 no domingo, 2 de mar\u00e7o, com o desfile que se realizar\u00e1 a partir das 16h00. <\/span><\/p>\n<p><span data-contrast=\"auto\">Organizado pela Associa\u00e7\u00e3o AMA Vade S\u00e3o Tom\u00e9, em colabora\u00e7\u00e3o com diversas associa\u00e7\u00f5es concelhias, o desfile percorrer\u00e1 as ruas de Ponte da Barca, proporcionando uma tarde de boa disposi\u00e7\u00e3o e cor, reunindo tanto a popula\u00e7\u00e3o local como os visitantes para uma celebra\u00e7\u00e3o comunit\u00e1ria do esp\u00edrito carnavalesco.\u00a0<\/span><\/p>\n<p><span data-contrast=\"auto\">Na segunda-feira, 3 de mar\u00e7o, a Pra\u00e7a da Rep\u00fablica ser\u00e1 o cen\u00e1rio de um Baile e Concurso de M\u00e1scaras. A noite ser\u00e1 animada ao som de Roconorte, garantindo uma festa repleta de ritmo. O Concurso de M\u00e1scaras, um dos momentos mais aguardados da celebra\u00e7\u00e3o, proporcionar\u00e1 aos participantes a oportunidade de expressar a sua criatividade e originalidade, contribuindo para a riqueza e diversidade da festividade.<\/span><span data-ccp-props=\"{&quot;134233117&quot;:false,&quot;134233118&quot;:false,&quot;335557856&quot;:16777215,&quot;335559738&quot;:195,&quot;335559739&quot;:195}\">\u00a0<\/span><\/p>\n<p><span data-contrast=\"auto\">Em Lindoso, a celebra\u00e7\u00e3o do &#8220;Pai Velho&#8221;, uma das tradi\u00e7\u00f5es mais antigas e representativas do pa\u00eds, organizado pela Associa\u00e7\u00e3o Os Amigos de Lindoso, tamb\u00e9m integra as festividades. Nos dias 2 e 4 de mar\u00e7o, conhecidos como &#8220;Domingo Gordo&#8221;; (10h30) e Ter\u00e7a-feira de Carnaval (13h00), o busto de madeira do Pai Velho ser\u00e1 transportado entre os espigueiros e a eira comunit\u00e1ria, com o Castelo Medieval como pano de fundo, criando um ambiente \u00fanico e emblem\u00e1tico. <\/span><\/p>\n<p><span data-contrast=\"auto\">O ponto alto da festa ocorrer\u00e1 na noite de ter\u00e7a-feira, 4 de mar\u00e7o, a partir das 23h30, com o vel\u00f3rio do Pai Velho, seguido pela queima do busto e a leitura do seu testamento. Este ritual simb\u00f3lico marca o encerramento das festividades e celebra a chegada da primavera, simbolizando a renova\u00e7\u00e3o e a esperan\u00e7a.<\/span><span data-ccp-props=\"{&quot;134233117&quot;:false,&quot;134233118&quot;:false,&quot;335557856&quot;:16777215,&quot;335559738&quot;:195,&quot;335559739&quot;:195}\">\u00a0<\/span><\/p>\n","protected":false},"excerpt":{"rendered":"<p>&#8220;Ponte da Barca prepara-se para celebrar o Carnaval com um programa repleto de alegria, tradi\u00e7\u00e3o e anima\u00e7\u00e3o.&#8221; A garantia \u00e9 dada pelo munic\u00edpio, com a anima\u00e7\u00e3o carnavalesca a come\u00e7ar j\u00e1 no domingo, 2 de mar\u00e7o, com o desfile que se realizar\u00e1 a partir das 16h00. Organizado pela Associa\u00e7\u00e3o AMA Vade S\u00e3o Tom\u00e9, em colabora\u00e7\u00e3o com [&hellip;]<\/p>\n","protected":false},"author":1,"featured_media":114967,"comment_status":"closed","ping_status":"closed","sticky":false,"template":"","format":"standard","meta":{"_exactmetrics_skip_tracking":false,"_exactmetrics_sitenote_active":false,"_exactmetrics_sitenote_note":"","_exactmetrics_sitenote_category":0,"footnotes":""},"categories":[11],"tags":[24],"class_list":["post-114966","post","type-post","status-publish","format-standard","has-post-thumbnail","hentry","category-ponte-da-barca","tag-lazer"],"yoast_head":"<!-- This site is optimized with the Yoast SEO Premium plugin v27.5 (Yoast SEO v27.5) - https:\/\/yoast.com\/product\/yoast-seo-premium-wordpress\/ -->\n<title>Ponte da Barca prepara-se para um Carnaval de &quot;alegria, tradi\u00e7\u00e3o e anima\u00e7\u00e3o&quot;<\/title>\n<meta name=\"description\" content=\"&quot;Ponte da Barca prepara-se para celebrar o Carnaval com um programa repleto de alegria, tradi\u00e7\u00e3o e anima\u00e7\u00e3o.&quot;\" \/>\n<meta name=\"robots\" content=\"index, follow, max-snippet:-1, max-image-preview:large, max-video-preview:-1\" \/>\n<link rel=\"canonical\" href=\"https:\/\/www.altominho.tv\/site\/2025\/02\/17\/ponte-da-barca-prepara-se-para-um-carnaval-de-alegria-tradicao-e-animacao\/\" \/>\n<meta property=\"og:locale\" content=\"pt_PT\" \/>\n<meta property=\"og:type\" content=\"article\" \/>\n<meta property=\"og:title\" content=\"Ponte da Barca prepara-se para um Carnaval de &quot;alegria, tradi\u00e7\u00e3o e anima\u00e7\u00e3o&quot;\" \/>\n<meta property=\"og:description\" content=\"&quot;Ponte da Barca prepara-se para celebrar o Carnaval com um programa repleto de alegria, tradi\u00e7\u00e3o e anima\u00e7\u00e3o.&quot;\" \/>\n<meta property=\"og:url\" content=\"https:\/\/www.altominho.tv\/site\/2025\/02\/17\/ponte-da-barca-prepara-se-para-um-carnaval-de-alegria-tradicao-e-animacao\/\" \/>\n<meta property=\"og:site_name\" content=\"Altominho.tv\" \/>\n<meta property=\"article:publisher\" content=\"https:\/\/www.facebook.com\/altominhotv\" \/>\n<meta property=\"article:published_time\" content=\"2025-02-17T09:53:24+00:00\" \/>\n<meta property=\"article:modified_time\" content=\"2025-02-17T09:53:27+00:00\" \/>\n<meta property=\"og:image\" content=\"https:\/\/www.altominho.tv\/site\/wp-content\/uploads\/2025\/02\/Pai-Velho-Barca.png\" \/>\n\t<meta property=\"og:image:width\" content=\"1200\" \/>\n\t<meta property=\"og:image:height\" content=\"630\" \/>\n\t<meta property=\"og:image:type\" content=\"image\/png\" \/>\n<meta name=\"author\" content=\"Altominho.tv\" \/>\n<meta name=\"twitter:card\" content=\"summary_large_image\" \/>\n<meta name=\"twitter:creator\" content=\"@altominhoTV\" \/>\n<meta name=\"twitter:site\" content=\"@altominhoTV\" \/>\n<meta name=\"twitter:label1\" content=\"Escrito por\" \/>\n\t<meta name=\"twitter:data1\" content=\"Altominho.tv\" \/>\n\t<meta name=\"twitter:label2\" content=\"Tempo estimado de leitura\" \/>\n\t<meta name=\"twitter:data2\" content=\"2 minutos\" \/>\n<script type=\"application\/ld+json\" class=\"yoast-schema-graph\">{\"@context\":\"https:\\\/\\\/schema.org\",\"@graph\":[{\"@type\":\"Article\",\"@id\":\"https:\\\/\\\/www.altominho.tv\\\/site\\\/2025\\\/02\\\/17\\\/ponte-da-barca-prepara-se-para-um-carnaval-de-alegria-tradicao-e-animacao\\\/#article\",\"isPartOf\":{\"@id\":\"https:\\\/\\\/www.altominho.tv\\\/site\\\/2025\\\/02\\\/17\\\/ponte-da-barca-prepara-se-para-um-carnaval-de-alegria-tradicao-e-animacao\\\/\"},\"author\":{\"name\":\"Altominho.tv\",\"@id\":\"https:\\\/\\\/www.altominho.tv\\\/site\\\/#\\\/schema\\\/person\\\/4e536851627d7914baf3dac752b6af22\"},\"headline\":\"Ponte da Barca prepara-se para um Carnaval de &#8220;alegria, tradi\u00e7\u00e3o e anima\u00e7\u00e3o&#8221;\",\"datePublished\":\"2025-02-17T09:53:24+00:00\",\"dateModified\":\"2025-02-17T09:53:27+00:00\",\"mainEntityOfPage\":{\"@id\":\"https:\\\/\\\/www.altominho.tv\\\/site\\\/2025\\\/02\\\/17\\\/ponte-da-barca-prepara-se-para-um-carnaval-de-alegria-tradicao-e-animacao\\\/\"},\"wordCount\":327,\"image\":{\"@id\":\"https:\\\/\\\/www.altominho.tv\\\/site\\\/2025\\\/02\\\/17\\\/ponte-da-barca-prepara-se-para-um-carnaval-de-alegria-tradicao-e-animacao\\\/#primaryimage\"},\"thumbnailUrl\":\"https:\\\/\\\/www.altominho.tv\\\/site\\\/wp-content\\\/uploads\\\/2025\\\/02\\\/Pai-Velho-Barca.png\",\"keywords\":[\"Lazer\"],\"articleSection\":[\"Ponte da Barca\"],\"inLanguage\":\"pt-PT\",\"copyrightYear\":\"2025\",\"copyrightHolder\":{\"@id\":\"https:\\\/\\\/www.altominho.tv\\\/site\\\/#organization\"}},{\"@type\":\"WebPage\",\"@id\":\"https:\\\/\\\/www.altominho.tv\\\/site\\\/2025\\\/02\\\/17\\\/ponte-da-barca-prepara-se-para-um-carnaval-de-alegria-tradicao-e-animacao\\\/\",\"url\":\"https:\\\/\\\/www.altominho.tv\\\/site\\\/2025\\\/02\\\/17\\\/ponte-da-barca-prepara-se-para-um-carnaval-de-alegria-tradicao-e-animacao\\\/\",\"name\":\"Ponte da Barca prepara-se para um Carnaval de \\\"alegria, tradi\u00e7\u00e3o e anima\u00e7\u00e3o\\\"\",\"isPartOf\":{\"@id\":\"https:\\\/\\\/www.altominho.tv\\\/site\\\/#website\"},\"primaryImageOfPage\":{\"@id\":\"https:\\\/\\\/www.altominho.tv\\\/site\\\/2025\\\/02\\\/17\\\/ponte-da-barca-prepara-se-para-um-carnaval-de-alegria-tradicao-e-animacao\\\/#primaryimage\"},\"image\":{\"@id\":\"https:\\\/\\\/www.altominho.tv\\\/site\\\/2025\\\/02\\\/17\\\/ponte-da-barca-prepara-se-para-um-carnaval-de-alegria-tradicao-e-animacao\\\/#primaryimage\"},\"thumbnailUrl\":\"https:\\\/\\\/www.altominho.tv\\\/site\\\/wp-content\\\/uploads\\\/2025\\\/02\\\/Pai-Velho-Barca.png\",\"datePublished\":\"2025-02-17T09:53:24+00:00\",\"dateModified\":\"2025-02-17T09:53:27+00:00\",\"author\":{\"@id\":\"https:\\\/\\\/www.altominho.tv\\\/site\\\/#\\\/schema\\\/person\\\/4e536851627d7914baf3dac752b6af22\"},\"description\":\"\\\"Ponte da Barca prepara-se para celebrar o Carnaval com um programa repleto de alegria, tradi\u00e7\u00e3o e anima\u00e7\u00e3o.\\\"\",\"breadcrumb\":{\"@id\":\"https:\\\/\\\/www.altominho.tv\\\/site\\\/2025\\\/02\\\/17\\\/ponte-da-barca-prepara-se-para-um-carnaval-de-alegria-tradicao-e-animacao\\\/#breadcrumb\"},\"inLanguage\":\"pt-PT\",\"potentialAction\":[{\"@type\":\"ReadAction\",\"target\":[\"https:\\\/\\\/www.altominho.tv\\\/site\\\/2025\\\/02\\\/17\\\/ponte-da-barca-prepara-se-para-um-carnaval-de-alegria-tradicao-e-animacao\\\/\"]}]},{\"@type\":\"ImageObject\",\"inLanguage\":\"pt-PT\",\"@id\":\"https:\\\/\\\/www.altominho.tv\\\/site\\\/2025\\\/02\\\/17\\\/ponte-da-barca-prepara-se-para-um-carnaval-de-alegria-tradicao-e-animacao\\\/#primaryimage\",\"url\":\"https:\\\/\\\/www.altominho.tv\\\/site\\\/wp-content\\\/uploads\\\/2025\\\/02\\\/Pai-Velho-Barca.png\",\"contentUrl\":\"https:\\\/\\\/www.altominho.tv\\\/site\\\/wp-content\\\/uploads\\\/2025\\\/02\\\/Pai-Velho-Barca.png\",\"width\":1200,\"height\":630},{\"@type\":\"BreadcrumbList\",\"@id\":\"https:\\\/\\\/www.altominho.tv\\\/site\\\/2025\\\/02\\\/17\\\/ponte-da-barca-prepara-se-para-um-carnaval-de-alegria-tradicao-e-animacao\\\/#breadcrumb\",\"itemListElement\":[{\"@type\":\"ListItem\",\"position\":1,\"name\":\"In\u00edcio\",\"item\":\"https:\\\/\\\/www.altominho.tv\\\/site\\\/\"},{\"@type\":\"ListItem\",\"position\":2,\"name\":\"Ponte da Barca prepara-se para um Carnaval de &#8220;alegria, tradi\u00e7\u00e3o e anima\u00e7\u00e3o&#8221;\"}]},{\"@type\":\"WebSite\",\"@id\":\"https:\\\/\\\/www.altominho.tv\\\/site\\\/#website\",\"url\":\"https:\\\/\\\/www.altominho.tv\\\/site\\\/\",\"name\":\"Altominho.tv\",\"description\":\"A sua regi\u00e3o \u00e0 dist\u00e2ncia de um clique...\",\"potentialAction\":[{\"@type\":\"SearchAction\",\"target\":{\"@type\":\"EntryPoint\",\"urlTemplate\":\"https:\\\/\\\/www.altominho.tv\\\/site\\\/?s={search_term_string}\"},\"query-input\":{\"@type\":\"PropertyValueSpecification\",\"valueRequired\":true,\"valueName\":\"search_term_string\"}}],\"inLanguage\":\"pt-PT\"},{\"@type\":\"Person\",\"@id\":\"https:\\\/\\\/www.altominho.tv\\\/site\\\/#\\\/schema\\\/person\\\/4e536851627d7914baf3dac752b6af22\",\"name\":\"Altominho.tv\",\"image\":{\"@type\":\"ImageObject\",\"inLanguage\":\"pt-PT\",\"@id\":\"https:\\\/\\\/www.altominho.tv\\\/site\\\/wp-content\\\/uploads\\\/2019\\\/11\\\/Logo_Avatar_2-150x150.jpg\",\"url\":\"https:\\\/\\\/www.altominho.tv\\\/site\\\/wp-content\\\/uploads\\\/2019\\\/11\\\/Logo_Avatar_2-150x150.jpg\",\"contentUrl\":\"https:\\\/\\\/www.altominho.tv\\\/site\\\/wp-content\\\/uploads\\\/2019\\\/11\\\/Logo_Avatar_2-150x150.jpg\",\"caption\":\"Altominho.tv\"},\"url\":\"https:\\\/\\\/www.altominho.tv\\\/site\\\/author\\\/altominhotv-tecnico\\\/\"}]}<\/script>\n<!-- \/ Yoast SEO Premium plugin. -->","yoast_head_json":{"title":"Ponte da Barca prepara-se para um Carnaval de \"alegria, tradi\u00e7\u00e3o e anima\u00e7\u00e3o\"","description":"\"Ponte da Barca prepara-se para celebrar o Carnaval com um programa repleto de alegria, tradi\u00e7\u00e3o e anima\u00e7\u00e3o.\"","robots":{"index":"index","follow":"follow","max-snippet":"max-snippet:-1","max-image-preview":"max-image-preview:large","max-video-preview":"max-video-preview:-1"},"canonical":"https:\/\/www.altominho.tv\/site\/2025\/02\/17\/ponte-da-barca-prepara-se-para-um-carnaval-de-alegria-tradicao-e-animacao\/","og_locale":"pt_PT","og_type":"article","og_title":"Ponte da Barca prepara-se para um Carnaval de \"alegria, tradi\u00e7\u00e3o e anima\u00e7\u00e3o\"","og_description":"\"Ponte da Barca prepara-se para celebrar o Carnaval com um programa repleto de alegria, tradi\u00e7\u00e3o e anima\u00e7\u00e3o.\"","og_url":"https:\/\/www.altominho.tv\/site\/2025\/02\/17\/ponte-da-barca-prepara-se-para-um-carnaval-de-alegria-tradicao-e-animacao\/","og_site_name":"Altominho.tv","article_publisher":"https:\/\/www.facebook.com\/altominhotv","article_published_time":"2025-02-17T09:53:24+00:00","article_modified_time":"2025-02-17T09:53:27+00:00","og_image":[{"width":1200,"height":630,"url":"https:\/\/www.altominho.tv\/site\/wp-content\/uploads\/2025\/02\/Pai-Velho-Barca.png","type":"image\/png"}],"author":"Altominho.tv","twitter_card":"summary_large_image","twitter_creator":"@altominhoTV","twitter_site":"@altominhoTV","twitter_misc":{"Escrito por":"Altominho.tv","Tempo estimado de leitura":"2 minutos"},"schema":{"@context":"https:\/\/schema.org","@graph":[{"@type":"Article","@id":"https:\/\/www.altominho.tv\/site\/2025\/02\/17\/ponte-da-barca-prepara-se-para-um-carnaval-de-alegria-tradicao-e-animacao\/#article","isPartOf":{"@id":"https:\/\/www.altominho.tv\/site\/2025\/02\/17\/ponte-da-barca-prepara-se-para-um-carnaval-de-alegria-tradicao-e-animacao\/"},"author":{"name":"Altominho.tv","@id":"https:\/\/www.altominho.tv\/site\/#\/schema\/person\/4e536851627d7914baf3dac752b6af22"},"headline":"Ponte da Barca prepara-se para um Carnaval de &#8220;alegria, tradi\u00e7\u00e3o e anima\u00e7\u00e3o&#8221;","datePublished":"2025-02-17T09:53:24+00:00","dateModified":"2025-02-17T09:53:27+00:00","mainEntityOfPage":{"@id":"https:\/\/www.altominho.tv\/site\/2025\/02\/17\/ponte-da-barca-prepara-se-para-um-carnaval-de-alegria-tradicao-e-animacao\/"},"wordCount":327,"image":{"@id":"https:\/\/www.altominho.tv\/site\/2025\/02\/17\/ponte-da-barca-prepara-se-para-um-carnaval-de-alegria-tradicao-e-animacao\/#primaryimage"},"thumbnailUrl":"https:\/\/www.altominho.tv\/site\/wp-content\/uploads\/2025\/02\/Pai-Velho-Barca.png","keywords":["Lazer"],"articleSection":["Ponte da Barca"],"inLanguage":"pt-PT","copyrightYear":"2025","copyrightHolder":{"@id":"https:\/\/www.altominho.tv\/site\/#organization"}},{"@type":"WebPage","@id":"https:\/\/www.altominho.tv\/site\/2025\/02\/17\/ponte-da-barca-prepara-se-para-um-carnaval-de-alegria-tradicao-e-animacao\/","url":"https:\/\/www.altominho.tv\/site\/2025\/02\/17\/ponte-da-barca-prepara-se-para-um-carnaval-de-alegria-tradicao-e-animacao\/","name":"Ponte da Barca prepara-se para um Carnaval de \"alegria, tradi\u00e7\u00e3o e anima\u00e7\u00e3o\"","isPartOf":{"@id":"https:\/\/www.altominho.tv\/site\/#website"},"primaryImageOfPage":{"@id":"https:\/\/www.altominho.tv\/site\/2025\/02\/17\/ponte-da-barca-prepara-se-para-um-carnaval-de-alegria-tradicao-e-animacao\/#primaryimage"},"image":{"@id":"https:\/\/www.altominho.tv\/site\/2025\/02\/17\/ponte-da-barca-prepara-se-para-um-carnaval-de-alegria-tradicao-e-animacao\/#primaryimage"},"thumbnailUrl":"https:\/\/www.altominho.tv\/site\/wp-content\/uploads\/2025\/02\/Pai-Velho-Barca.png","datePublished":"2025-02-17T09:53:24+00:00","dateModified":"2025-02-17T09:53:27+00:00","author":{"@id":"https:\/\/www.altominho.tv\/site\/#\/schema\/person\/4e536851627d7914baf3dac752b6af22"},"description":"\"Ponte da Barca prepara-se para celebrar o Carnaval com um programa repleto de alegria, tradi\u00e7\u00e3o e anima\u00e7\u00e3o.\"","breadcrumb":{"@id":"https:\/\/www.altominho.tv\/site\/2025\/02\/17\/ponte-da-barca-prepara-se-para-um-carnaval-de-alegria-tradicao-e-animacao\/#breadcrumb"},"inLanguage":"pt-PT","potentialAction":[{"@type":"ReadAction","target":["https:\/\/www.altominho.tv\/site\/2025\/02\/17\/ponte-da-barca-prepara-se-para-um-carnaval-de-alegria-tradicao-e-animacao\/"]}]},{"@type":"ImageObject","inLanguage":"pt-PT","@id":"https:\/\/www.altominho.tv\/site\/2025\/02\/17\/ponte-da-barca-prepara-se-para-um-carnaval-de-alegria-tradicao-e-animacao\/#primaryimage","url":"https:\/\/www.altominho.tv\/site\/wp-content\/uploads\/2025\/02\/Pai-Velho-Barca.png","contentUrl":"https:\/\/www.altominho.tv\/site\/wp-content\/uploads\/2025\/02\/Pai-Velho-Barca.png","width":1200,"height":630},{"@type":"BreadcrumbList","@id":"https:\/\/www.altominho.tv\/site\/2025\/02\/17\/ponte-da-barca-prepara-se-para-um-carnaval-de-alegria-tradicao-e-animacao\/#breadcrumb","itemListElement":[{"@type":"ListItem","position":1,"name":"In\u00edcio","item":"https:\/\/www.altominho.tv\/site\/"},{"@type":"ListItem","position":2,"name":"Ponte da Barca prepara-se para um Carnaval de &#8220;alegria, tradi\u00e7\u00e3o e anima\u00e7\u00e3o&#8221;"}]},{"@type":"WebSite","@id":"https:\/\/www.altominho.tv\/site\/#website","url":"https:\/\/www.altominho.tv\/site\/","name":"Altominho.tv","description":"A sua regi\u00e3o \u00e0 dist\u00e2ncia de um clique...","potentialAction":[{"@type":"SearchAction","target":{"@type":"EntryPoint","urlTemplate":"https:\/\/www.altominho.tv\/site\/?s={search_term_string}"},"query-input":{"@type":"PropertyValueSpecification","valueRequired":true,"valueName":"search_term_string"}}],"inLanguage":"pt-PT"},{"@type":"Person","@id":"https:\/\/www.altominho.tv\/site\/#\/schema\/person\/4e536851627d7914baf3dac752b6af22","name":"Altominho.tv","image":{"@type":"ImageObject","inLanguage":"pt-PT","@id":"https:\/\/www.altominho.tv\/site\/wp-content\/uploads\/2019\/11\/Logo_Avatar_2-150x150.jpg","url":"https:\/\/www.altominho.tv\/site\/wp-content\/uploads\/2019\/11\/Logo_Avatar_2-150x150.jpg","contentUrl":"https:\/\/www.altominho.tv\/site\/wp-content\/uploads\/2019\/11\/Logo_Avatar_2-150x150.jpg","caption":"Altominho.tv"},"url":"https:\/\/www.altominho.tv\/site\/author\/altominhotv-tecnico\/"}]}},"_links":{"self":[{"href":"https:\/\/www.altominho.tv\/site\/wp-json\/wp\/v2\/posts\/114966","targetHints":{"allow":["GET"]}}],"collection":[{"href":"https:\/\/www.altominho.tv\/site\/wp-json\/wp\/v2\/posts"}],"about":[{"href":"https:\/\/www.altominho.tv\/site\/wp-json\/wp\/v2\/types\/post"}],"author":[{"embeddable":true,"href":"https:\/\/www.altominho.tv\/site\/wp-json\/wp\/v2\/users\/1"}],"replies":[{"embeddable":true,"href":"https:\/\/www.altominho.tv\/site\/wp-json\/wp\/v2\/comments?post=114966"}],"version-history":[{"count":1,"href":"https:\/\/www.altominho.tv\/site\/wp-json\/wp\/v2\/posts\/114966\/revisions"}],"predecessor-version":[{"id":114968,"href":"https:\/\/www.altominho.tv\/site\/wp-json\/wp\/v2\/posts\/114966\/revisions\/114968"}],"wp:featuredmedia":[{"embeddable":true,"href":"https:\/\/www.altominho.tv\/site\/wp-json\/wp\/v2\/media\/114967"}],"wp:attachment":[{"href":"https:\/\/www.altominho.tv\/site\/wp-json\/wp\/v2\/media?parent=114966"}],"wp:term":[{"taxonomy":"category","embeddable":true,"href":"https:\/\/www.altominho.tv\/site\/wp-json\/wp\/v2\/categories?post=114966"},{"taxonomy":"post_tag","embeddable":true,"href":"https:\/\/www.altominho.tv\/site\/wp-json\/wp\/v2\/tags?post=114966"}],"curies":[{"name":"wp","href":"https:\/\/api.w.org\/{rel}","templated":true}]}}