{"id":114946,"date":"2025-02-16T11:13:39","date_gmt":"2025-02-16T11:13:39","guid":{"rendered":"https:\/\/www.altominho.tv\/site\/?p=114946"},"modified":"2025-02-16T11:13:41","modified_gmt":"2025-02-16T11:13:41","slug":"aect-rio-minho-defende-linhas-estrategicas-para-2025","status":"publish","type":"post","link":"https:\/\/www.altominho.tv\/site\/2025\/02\/16\/aect-rio-minho-defende-linhas-estrategicas-para-2025\/","title":{"rendered":"AECT Rio Minho defende linhas estrat\u00e9gicas para 2025"},"content":{"rendered":"<p>O Agrupamento Europeu de Coopera\u00e7\u00e3o Transfronteiri\u00e7a \u2013 AECT Rio Minho reuniu, ontem, dia 13 de fevereiro, em Valen\u00e7a, para alinhar as principais linhas estrat\u00e9gicas de atua\u00e7\u00e3o, para 2025.<\/p>\n<p>Refor\u00e7ar a coopera\u00e7\u00e3o transfronteiri\u00e7a, apostando em projetos estrat\u00e9gicos para o desenvolvimento do territ\u00f3rio e potenciando as sinergias que os 26 munic\u00edpios da AECT Rio Minho podem aportar \u00e9 o princ\u00edpio de atua\u00e7\u00e3o para melhorar a qualidade de vida dos cidad\u00e3os desta linha de fronteira.<\/p>\n<p>No ato, marcaram presen\u00e7a Jos\u00e9 Manuel Carpinteira, diretor da AECT Rio Minho e presidente da C\u00e2mara de Valen\u00e7a e Luis L\u00f3pez Di\u00e9guez, presidente da Deputaci\u00f3n Provincial de Pontevedra. A reuni\u00e3o contou, ainda, com a presen\u00e7a de Roberto \u00c1lvarez Carrero, vice-diretor da AECT e Alcalde de A Guarda, de Paulo Queiroz, primeiro secret\u00e1rio executivo da CIM Alto Minho.<\/p>\n<p>Para Jos\u00e9 Manuel Carpinteira, diretor da AECT Rio Minho, esta dire\u00e7\u00e3o executiva quer \u201crefor\u00e7ar o papel da AECT com uma atua\u00e7\u00e3o de proximidade, de procura solu\u00e7\u00f5es concretas para os problemas que mais afetam as pessoas, as empresas e as institui\u00e7\u00f5es que vivem neste territ\u00f3rio\u201d. Jos\u00e9 Manuel Carpinteira refor\u00e7ou, ainda, que \u201ctemos de potenciar sinergias e envolver todos os concelhos que comp\u00f5em o AECT Rio Minho no desenvolvimento integrado e sustentado deste espa\u00e7o de coopera\u00e7\u00e3o transfronteiri\u00e7a.&#8221;<\/p>\n<p>Luis L\u00f3pez, Presidente da Deputaci\u00f3n Provincial de Pontevedra destacou que \u201cA alian\u00e7a entre a prov\u00edncia de Pontevedra e o norte de Portugal \u00e9 chave para executar planos estrat\u00e9gicos em \u00e1reas como o turismo, as infraestruturas, a cultura, o desporto e a econom\u00eda\u201d.<\/p>\n<p>A AECT Rio Minho \u00e9 um agrupamento de coopera\u00e7\u00e3o territorial transfronteiri\u00e7a, constitu\u00eddo em 2018 e que abrange 26 munic\u00edpios, os 10 concelhos do Alto Minho e os 16 galegos da prov\u00edncia de Pontevedra. Este organismo abrange um territ\u00f3rio de mais de tr\u00eas mil quil\u00f3metros quadrados onde vivem mais de 376 mil habitantes.<\/p>\n<p>A sede das AECT Rio Minho est\u00e1 localizada na avenida Miguel Dantas, em Valen\u00e7a, nas instala\u00e7\u00f5es que acolhem v\u00e1rios organismos de gest\u00e3o do territ\u00f3rio.<\/p>\n","protected":false},"excerpt":{"rendered":"<p>O Agrupamento Europeu de Coopera\u00e7\u00e3o Transfronteiri\u00e7a \u2013 AECT Rio Minho reuniu, ontem, dia 13 de fevereiro, em Valen\u00e7a, para alinhar as principais linhas estrat\u00e9gicas de atua\u00e7\u00e3o, para 2025. Refor\u00e7ar a coopera\u00e7\u00e3o transfronteiri\u00e7a, apostando em projetos estrat\u00e9gicos para o desenvolvimento do territ\u00f3rio e potenciando as sinergias que os 26 munic\u00edpios da AECT Rio Minho podem aportar [&hellip;]<\/p>\n","protected":false},"author":1,"featured_media":113155,"comment_status":"closed","ping_status":"closed","sticky":false,"template":"","format":"standard","meta":{"_exactmetrics_skip_tracking":false,"_exactmetrics_sitenote_active":false,"_exactmetrics_sitenote_note":"","_exactmetrics_sitenote_category":0,"footnotes":""},"categories":[13],"tags":[27],"class_list":["post-114946","post","type-post","status-publish","format-standard","has-post-thumbnail","hentry","category-valenca","tag-sociedade"],"yoast_head":"<!-- This site is optimized with the Yoast SEO Premium plugin v27.5 (Yoast SEO v27.5) - https:\/\/yoast.com\/product\/yoast-seo-premium-wordpress\/ -->\n<title>AECT Rio Minho defende linhas estrat\u00e9gicas para 2025<\/title>\n<meta name=\"robots\" content=\"index, follow, max-snippet:-1, max-image-preview:large, max-video-preview:-1\" \/>\n<link rel=\"canonical\" href=\"https:\/\/www.altominho.tv\/site\/2025\/02\/16\/aect-rio-minho-defende-linhas-estrategicas-para-2025\/\" \/>\n<meta property=\"og:locale\" content=\"pt_PT\" \/>\n<meta property=\"og:type\" content=\"article\" \/>\n<meta property=\"og:title\" content=\"AECT Rio Minho defende linhas estrat\u00e9gicas para 2025\" \/>\n<meta property=\"og:description\" content=\"O Agrupamento Europeu de Coopera\u00e7\u00e3o Transfronteiri\u00e7a \u2013 AECT Rio Minho reuniu, ontem, dia 13 de fevereiro, em Valen\u00e7a, para alinhar as principais linhas estrat\u00e9gicas de atua\u00e7\u00e3o, para 2025. Refor\u00e7ar a coopera\u00e7\u00e3o transfronteiri\u00e7a, apostando em projetos estrat\u00e9gicos para o desenvolvimento do territ\u00f3rio e potenciando as sinergias que os 26 munic\u00edpios da AECT Rio Minho podem aportar [&hellip;]\" \/>\n<meta property=\"og:url\" content=\"https:\/\/www.altominho.tv\/site\/2025\/02\/16\/aect-rio-minho-defende-linhas-estrategicas-para-2025\/\" \/>\n<meta property=\"og:site_name\" content=\"Altominho.tv\" \/>\n<meta property=\"article:publisher\" content=\"https:\/\/www.facebook.com\/altominhotv\" \/>\n<meta property=\"article:published_time\" content=\"2025-02-16T11:13:39+00:00\" \/>\n<meta property=\"article:modified_time\" content=\"2025-02-16T11:13:41+00:00\" \/>\n<meta property=\"og:image\" content=\"https:\/\/www.altominho.tv\/site\/wp-content\/uploads\/2024\/12\/BASE-FB-logo-Branco-1200-x-630-px-18.png\" \/>\n\t<meta property=\"og:image:width\" content=\"1200\" \/>\n\t<meta property=\"og:image:height\" content=\"630\" \/>\n\t<meta property=\"og:image:type\" content=\"image\/png\" \/>\n<meta name=\"author\" content=\"Altominho.tv\" \/>\n<meta name=\"twitter:card\" content=\"summary_large_image\" \/>\n<meta name=\"twitter:creator\" content=\"@altominhoTV\" \/>\n<meta name=\"twitter:site\" content=\"@altominhoTV\" \/>\n<meta name=\"twitter:label1\" content=\"Escrito por\" \/>\n\t<meta name=\"twitter:data1\" content=\"Altominho.tv\" \/>\n\t<meta name=\"twitter:label2\" content=\"Tempo estimado de leitura\" \/>\n\t<meta name=\"twitter:data2\" content=\"2 minutos\" \/>\n<script type=\"application\/ld+json\" class=\"yoast-schema-graph\">{\"@context\":\"https:\\\/\\\/schema.org\",\"@graph\":[{\"@type\":\"Article\",\"@id\":\"https:\\\/\\\/www.altominho.tv\\\/site\\\/2025\\\/02\\\/16\\\/aect-rio-minho-defende-linhas-estrategicas-para-2025\\\/#article\",\"isPartOf\":{\"@id\":\"https:\\\/\\\/www.altominho.tv\\\/site\\\/2025\\\/02\\\/16\\\/aect-rio-minho-defende-linhas-estrategicas-para-2025\\\/\"},\"author\":{\"name\":\"Altominho.tv\",\"@id\":\"https:\\\/\\\/www.altominho.tv\\\/site\\\/#\\\/schema\\\/person\\\/4e536851627d7914baf3dac752b6af22\"},\"headline\":\"AECT Rio Minho defende linhas estrat\u00e9gicas para 2025\",\"datePublished\":\"2025-02-16T11:13:39+00:00\",\"dateModified\":\"2025-02-16T11:13:41+00:00\",\"mainEntityOfPage\":{\"@id\":\"https:\\\/\\\/www.altominho.tv\\\/site\\\/2025\\\/02\\\/16\\\/aect-rio-minho-defende-linhas-estrategicas-para-2025\\\/\"},\"wordCount\":371,\"image\":{\"@id\":\"https:\\\/\\\/www.altominho.tv\\\/site\\\/2025\\\/02\\\/16\\\/aect-rio-minho-defende-linhas-estrategicas-para-2025\\\/#primaryimage\"},\"thumbnailUrl\":\"https:\\\/\\\/www.altominho.tv\\\/site\\\/wp-content\\\/uploads\\\/2024\\\/12\\\/BASE-FB-logo-Branco-1200-x-630-px-18.png\",\"keywords\":[\"Sociedade\"],\"articleSection\":[\"Valen\u00e7a\"],\"inLanguage\":\"pt-PT\",\"copyrightYear\":\"2025\",\"copyrightHolder\":{\"@id\":\"https:\\\/\\\/www.altominho.tv\\\/site\\\/#organization\"}},{\"@type\":\"WebPage\",\"@id\":\"https:\\\/\\\/www.altominho.tv\\\/site\\\/2025\\\/02\\\/16\\\/aect-rio-minho-defende-linhas-estrategicas-para-2025\\\/\",\"url\":\"https:\\\/\\\/www.altominho.tv\\\/site\\\/2025\\\/02\\\/16\\\/aect-rio-minho-defende-linhas-estrategicas-para-2025\\\/\",\"name\":\"AECT Rio Minho defende linhas estrat\u00e9gicas para 2025\",\"isPartOf\":{\"@id\":\"https:\\\/\\\/www.altominho.tv\\\/site\\\/#website\"},\"primaryImageOfPage\":{\"@id\":\"https:\\\/\\\/www.altominho.tv\\\/site\\\/2025\\\/02\\\/16\\\/aect-rio-minho-defende-linhas-estrategicas-para-2025\\\/#primaryimage\"},\"image\":{\"@id\":\"https:\\\/\\\/www.altominho.tv\\\/site\\\/2025\\\/02\\\/16\\\/aect-rio-minho-defende-linhas-estrategicas-para-2025\\\/#primaryimage\"},\"thumbnailUrl\":\"https:\\\/\\\/www.altominho.tv\\\/site\\\/wp-content\\\/uploads\\\/2024\\\/12\\\/BASE-FB-logo-Branco-1200-x-630-px-18.png\",\"datePublished\":\"2025-02-16T11:13:39+00:00\",\"dateModified\":\"2025-02-16T11:13:41+00:00\",\"author\":{\"@id\":\"https:\\\/\\\/www.altominho.tv\\\/site\\\/#\\\/schema\\\/person\\\/4e536851627d7914baf3dac752b6af22\"},\"breadcrumb\":{\"@id\":\"https:\\\/\\\/www.altominho.tv\\\/site\\\/2025\\\/02\\\/16\\\/aect-rio-minho-defende-linhas-estrategicas-para-2025\\\/#breadcrumb\"},\"inLanguage\":\"pt-PT\",\"potentialAction\":[{\"@type\":\"ReadAction\",\"target\":[\"https:\\\/\\\/www.altominho.tv\\\/site\\\/2025\\\/02\\\/16\\\/aect-rio-minho-defende-linhas-estrategicas-para-2025\\\/\"]}]},{\"@type\":\"ImageObject\",\"inLanguage\":\"pt-PT\",\"@id\":\"https:\\\/\\\/www.altominho.tv\\\/site\\\/2025\\\/02\\\/16\\\/aect-rio-minho-defende-linhas-estrategicas-para-2025\\\/#primaryimage\",\"url\":\"https:\\\/\\\/www.altominho.tv\\\/site\\\/wp-content\\\/uploads\\\/2024\\\/12\\\/BASE-FB-logo-Branco-1200-x-630-px-18.png\",\"contentUrl\":\"https:\\\/\\\/www.altominho.tv\\\/site\\\/wp-content\\\/uploads\\\/2024\\\/12\\\/BASE-FB-logo-Branco-1200-x-630-px-18.png\",\"width\":1200,\"height\":630},{\"@type\":\"BreadcrumbList\",\"@id\":\"https:\\\/\\\/www.altominho.tv\\\/site\\\/2025\\\/02\\\/16\\\/aect-rio-minho-defende-linhas-estrategicas-para-2025\\\/#breadcrumb\",\"itemListElement\":[{\"@type\":\"ListItem\",\"position\":1,\"name\":\"In\u00edcio\",\"item\":\"https:\\\/\\\/www.altominho.tv\\\/site\\\/\"},{\"@type\":\"ListItem\",\"position\":2,\"name\":\"AECT Rio Minho defende linhas estrat\u00e9gicas para 2025\"}]},{\"@type\":\"WebSite\",\"@id\":\"https:\\\/\\\/www.altominho.tv\\\/site\\\/#website\",\"url\":\"https:\\\/\\\/www.altominho.tv\\\/site\\\/\",\"name\":\"Altominho.tv\",\"description\":\"A sua regi\u00e3o \u00e0 dist\u00e2ncia de um clique...\",\"potentialAction\":[{\"@type\":\"SearchAction\",\"target\":{\"@type\":\"EntryPoint\",\"urlTemplate\":\"https:\\\/\\\/www.altominho.tv\\\/site\\\/?s={search_term_string}\"},\"query-input\":{\"@type\":\"PropertyValueSpecification\",\"valueRequired\":true,\"valueName\":\"search_term_string\"}}],\"inLanguage\":\"pt-PT\"},{\"@type\":\"Person\",\"@id\":\"https:\\\/\\\/www.altominho.tv\\\/site\\\/#\\\/schema\\\/person\\\/4e536851627d7914baf3dac752b6af22\",\"name\":\"Altominho.tv\",\"image\":{\"@type\":\"ImageObject\",\"inLanguage\":\"pt-PT\",\"@id\":\"https:\\\/\\\/www.altominho.tv\\\/site\\\/wp-content\\\/uploads\\\/2019\\\/11\\\/Logo_Avatar_2-150x150.jpg\",\"url\":\"https:\\\/\\\/www.altominho.tv\\\/site\\\/wp-content\\\/uploads\\\/2019\\\/11\\\/Logo_Avatar_2-150x150.jpg\",\"contentUrl\":\"https:\\\/\\\/www.altominho.tv\\\/site\\\/wp-content\\\/uploads\\\/2019\\\/11\\\/Logo_Avatar_2-150x150.jpg\",\"caption\":\"Altominho.tv\"},\"url\":\"https:\\\/\\\/www.altominho.tv\\\/site\\\/author\\\/altominhotv-tecnico\\\/\"}]}<\/script>\n<!-- \/ Yoast SEO Premium plugin. -->","yoast_head_json":{"title":"AECT Rio Minho defende linhas estrat\u00e9gicas para 2025","robots":{"index":"index","follow":"follow","max-snippet":"max-snippet:-1","max-image-preview":"max-image-preview:large","max-video-preview":"max-video-preview:-1"},"canonical":"https:\/\/www.altominho.tv\/site\/2025\/02\/16\/aect-rio-minho-defende-linhas-estrategicas-para-2025\/","og_locale":"pt_PT","og_type":"article","og_title":"AECT Rio Minho defende linhas estrat\u00e9gicas para 2025","og_description":"O Agrupamento Europeu de Coopera\u00e7\u00e3o Transfronteiri\u00e7a \u2013 AECT Rio Minho reuniu, ontem, dia 13 de fevereiro, em Valen\u00e7a, para alinhar as principais linhas estrat\u00e9gicas de atua\u00e7\u00e3o, para 2025. Refor\u00e7ar a coopera\u00e7\u00e3o transfronteiri\u00e7a, apostando em projetos estrat\u00e9gicos para o desenvolvimento do territ\u00f3rio e potenciando as sinergias que os 26 munic\u00edpios da AECT Rio Minho podem aportar [&hellip;]","og_url":"https:\/\/www.altominho.tv\/site\/2025\/02\/16\/aect-rio-minho-defende-linhas-estrategicas-para-2025\/","og_site_name":"Altominho.tv","article_publisher":"https:\/\/www.facebook.com\/altominhotv","article_published_time":"2025-02-16T11:13:39+00:00","article_modified_time":"2025-02-16T11:13:41+00:00","og_image":[{"width":1200,"height":630,"url":"https:\/\/www.altominho.tv\/site\/wp-content\/uploads\/2024\/12\/BASE-FB-logo-Branco-1200-x-630-px-18.png","type":"image\/png"}],"author":"Altominho.tv","twitter_card":"summary_large_image","twitter_creator":"@altominhoTV","twitter_site":"@altominhoTV","twitter_misc":{"Escrito por":"Altominho.tv","Tempo estimado de leitura":"2 minutos"},"schema":{"@context":"https:\/\/schema.org","@graph":[{"@type":"Article","@id":"https:\/\/www.altominho.tv\/site\/2025\/02\/16\/aect-rio-minho-defende-linhas-estrategicas-para-2025\/#article","isPartOf":{"@id":"https:\/\/www.altominho.tv\/site\/2025\/02\/16\/aect-rio-minho-defende-linhas-estrategicas-para-2025\/"},"author":{"name":"Altominho.tv","@id":"https:\/\/www.altominho.tv\/site\/#\/schema\/person\/4e536851627d7914baf3dac752b6af22"},"headline":"AECT Rio Minho defende linhas estrat\u00e9gicas para 2025","datePublished":"2025-02-16T11:13:39+00:00","dateModified":"2025-02-16T11:13:41+00:00","mainEntityOfPage":{"@id":"https:\/\/www.altominho.tv\/site\/2025\/02\/16\/aect-rio-minho-defende-linhas-estrategicas-para-2025\/"},"wordCount":371,"image":{"@id":"https:\/\/www.altominho.tv\/site\/2025\/02\/16\/aect-rio-minho-defende-linhas-estrategicas-para-2025\/#primaryimage"},"thumbnailUrl":"https:\/\/www.altominho.tv\/site\/wp-content\/uploads\/2024\/12\/BASE-FB-logo-Branco-1200-x-630-px-18.png","keywords":["Sociedade"],"articleSection":["Valen\u00e7a"],"inLanguage":"pt-PT","copyrightYear":"2025","copyrightHolder":{"@id":"https:\/\/www.altominho.tv\/site\/#organization"}},{"@type":"WebPage","@id":"https:\/\/www.altominho.tv\/site\/2025\/02\/16\/aect-rio-minho-defende-linhas-estrategicas-para-2025\/","url":"https:\/\/www.altominho.tv\/site\/2025\/02\/16\/aect-rio-minho-defende-linhas-estrategicas-para-2025\/","name":"AECT Rio Minho defende linhas estrat\u00e9gicas para 2025","isPartOf":{"@id":"https:\/\/www.altominho.tv\/site\/#website"},"primaryImageOfPage":{"@id":"https:\/\/www.altominho.tv\/site\/2025\/02\/16\/aect-rio-minho-defende-linhas-estrategicas-para-2025\/#primaryimage"},"image":{"@id":"https:\/\/www.altominho.tv\/site\/2025\/02\/16\/aect-rio-minho-defende-linhas-estrategicas-para-2025\/#primaryimage"},"thumbnailUrl":"https:\/\/www.altominho.tv\/site\/wp-content\/uploads\/2024\/12\/BASE-FB-logo-Branco-1200-x-630-px-18.png","datePublished":"2025-02-16T11:13:39+00:00","dateModified":"2025-02-16T11:13:41+00:00","author":{"@id":"https:\/\/www.altominho.tv\/site\/#\/schema\/person\/4e536851627d7914baf3dac752b6af22"},"breadcrumb":{"@id":"https:\/\/www.altominho.tv\/site\/2025\/02\/16\/aect-rio-minho-defende-linhas-estrategicas-para-2025\/#breadcrumb"},"inLanguage":"pt-PT","potentialAction":[{"@type":"ReadAction","target":["https:\/\/www.altominho.tv\/site\/2025\/02\/16\/aect-rio-minho-defende-linhas-estrategicas-para-2025\/"]}]},{"@type":"ImageObject","inLanguage":"pt-PT","@id":"https:\/\/www.altominho.tv\/site\/2025\/02\/16\/aect-rio-minho-defende-linhas-estrategicas-para-2025\/#primaryimage","url":"https:\/\/www.altominho.tv\/site\/wp-content\/uploads\/2024\/12\/BASE-FB-logo-Branco-1200-x-630-px-18.png","contentUrl":"https:\/\/www.altominho.tv\/site\/wp-content\/uploads\/2024\/12\/BASE-FB-logo-Branco-1200-x-630-px-18.png","width":1200,"height":630},{"@type":"BreadcrumbList","@id":"https:\/\/www.altominho.tv\/site\/2025\/02\/16\/aect-rio-minho-defende-linhas-estrategicas-para-2025\/#breadcrumb","itemListElement":[{"@type":"ListItem","position":1,"name":"In\u00edcio","item":"https:\/\/www.altominho.tv\/site\/"},{"@type":"ListItem","position":2,"name":"AECT Rio Minho defende linhas estrat\u00e9gicas para 2025"}]},{"@type":"WebSite","@id":"https:\/\/www.altominho.tv\/site\/#website","url":"https:\/\/www.altominho.tv\/site\/","name":"Altominho.tv","description":"A sua regi\u00e3o \u00e0 dist\u00e2ncia de um clique...","potentialAction":[{"@type":"SearchAction","target":{"@type":"EntryPoint","urlTemplate":"https:\/\/www.altominho.tv\/site\/?s={search_term_string}"},"query-input":{"@type":"PropertyValueSpecification","valueRequired":true,"valueName":"search_term_string"}}],"inLanguage":"pt-PT"},{"@type":"Person","@id":"https:\/\/www.altominho.tv\/site\/#\/schema\/person\/4e536851627d7914baf3dac752b6af22","name":"Altominho.tv","image":{"@type":"ImageObject","inLanguage":"pt-PT","@id":"https:\/\/www.altominho.tv\/site\/wp-content\/uploads\/2019\/11\/Logo_Avatar_2-150x150.jpg","url":"https:\/\/www.altominho.tv\/site\/wp-content\/uploads\/2019\/11\/Logo_Avatar_2-150x150.jpg","contentUrl":"https:\/\/www.altominho.tv\/site\/wp-content\/uploads\/2019\/11\/Logo_Avatar_2-150x150.jpg","caption":"Altominho.tv"},"url":"https:\/\/www.altominho.tv\/site\/author\/altominhotv-tecnico\/"}]}},"_links":{"self":[{"href":"https:\/\/www.altominho.tv\/site\/wp-json\/wp\/v2\/posts\/114946","targetHints":{"allow":["GET"]}}],"collection":[{"href":"https:\/\/www.altominho.tv\/site\/wp-json\/wp\/v2\/posts"}],"about":[{"href":"https:\/\/www.altominho.tv\/site\/wp-json\/wp\/v2\/types\/post"}],"author":[{"embeddable":true,"href":"https:\/\/www.altominho.tv\/site\/wp-json\/wp\/v2\/users\/1"}],"replies":[{"embeddable":true,"href":"https:\/\/www.altominho.tv\/site\/wp-json\/wp\/v2\/comments?post=114946"}],"version-history":[{"count":2,"href":"https:\/\/www.altominho.tv\/site\/wp-json\/wp\/v2\/posts\/114946\/revisions"}],"predecessor-version":[{"id":114948,"href":"https:\/\/www.altominho.tv\/site\/wp-json\/wp\/v2\/posts\/114946\/revisions\/114948"}],"wp:featuredmedia":[{"embeddable":true,"href":"https:\/\/www.altominho.tv\/site\/wp-json\/wp\/v2\/media\/113155"}],"wp:attachment":[{"href":"https:\/\/www.altominho.tv\/site\/wp-json\/wp\/v2\/media?parent=114946"}],"wp:term":[{"taxonomy":"category","embeddable":true,"href":"https:\/\/www.altominho.tv\/site\/wp-json\/wp\/v2\/categories?post=114946"},{"taxonomy":"post_tag","embeddable":true,"href":"https:\/\/www.altominho.tv\/site\/wp-json\/wp\/v2\/tags?post=114946"}],"curies":[{"name":"wp","href":"https:\/\/api.w.org\/{rel}","templated":true}]}}