{"id":114900,"date":"2025-02-14T17:00:00","date_gmt":"2025-02-14T17:00:00","guid":{"rendered":"https:\/\/www.altominho.tv\/site\/?p=114900"},"modified":"2025-02-14T16:26:20","modified_gmt":"2025-02-14T16:26:20","slug":"secretario-de-estado-da-economia-destaca-dinamica-empresarial-de-valenca-em-encontro-com-empresarios","status":"publish","type":"post","link":"https:\/\/www.altominho.tv\/site\/2025\/02\/14\/secretario-de-estado-da-economia-destaca-dinamica-empresarial-de-valenca-em-encontro-com-empresarios\/","title":{"rendered":"Secret\u00e1rio de Estado da Economia destaca din\u00e2mica empresarial de Valen\u00e7a em encontro com empres\u00e1rios"},"content":{"rendered":"\n<p>O Munic\u00edpio de Valen\u00e7a organizou mais uma edi\u00e7\u00e3o das &#8220;Conversas de Empres\u00e1rio ao Caf\u00e9&#8221;, um momento de networking que visa fortalecer rela\u00e7\u00f5es e fomentar parcerias entre os empres\u00e1rios locais. <\/p>\n\n\n\n<p>Nesta sess\u00e3o, o encontro decorreu nas instala\u00e7\u00f5es do Grupo Beneteau, empresa do setor naval situada na Zona Industrial de Gandra. Este evento contou com a presen\u00e7a do Secret\u00e1rio de Estado da Economia, que destacou e elogiou a din\u00e2mica empresarial da regi\u00e3o. <\/p>\n\n\n\n<p>J\u00e1 o presidente da C\u00e2mara de Valen\u00e7a expressou o seu compromisso em atrair mais investidores para o concelho, revelando ainda a chegada de novas empresas \u00e0 Zona Industrial de Gandra. <\/p>\n\n\n\n<p>No final do encontro, o Secret\u00e1rio de Estado da Economia teve a oportunidade de ouvir algumas das principais preocupa\u00e7\u00f5es do tecido empresarial local, entre as quais a necessidade de criar um estatuto para o trabalhador transfronteiri\u00e7o.<\/p>\n\n\n\n<figure class=\"wp-block-embed is-type-video is-provider-youtube wp-block-embed-youtube wp-embed-aspect-16-9 wp-has-aspect-ratio\"><div class=\"wp-block-embed__wrapper\">\n<iframe loading=\"lazy\" title=\"Secret\u00e1rio de Estado da Economia destaca din\u00e2mica empresarial de Valen\u00e7a  | Altominho TV\" width=\"770\" height=\"433\" src=\"https:\/\/www.youtube.com\/embed\/paKJ5Q1L1bg?feature=oembed\" frameborder=\"0\" allow=\"accelerometer; autoplay; clipboard-write; encrypted-media; gyroscope; picture-in-picture; web-share\" referrerpolicy=\"strict-origin-when-cross-origin\" allowfullscreen><\/iframe>\n<\/div><\/figure>\n","protected":false},"excerpt":{"rendered":"<p>O Munic\u00edpio de Valen\u00e7a organizou mais uma edi\u00e7\u00e3o das &#8220;Conversas de Empres\u00e1rio ao Caf\u00e9&#8221;, um momento de networking que visa fortalecer rela\u00e7\u00f5es e fomentar parcerias entre os empres\u00e1rios locais. Nesta sess\u00e3o, o encontro decorreu nas instala\u00e7\u00f5es do Grupo Beneteau, empresa do setor naval situada na Zona Industrial de Gandra. Este evento contou com a presen\u00e7a [&hellip;]<\/p>\n","protected":false},"author":9,"featured_media":114901,"comment_status":"closed","ping_status":"closed","sticky":false,"template":"","format":"video","meta":{"_exactmetrics_skip_tracking":false,"_exactmetrics_sitenote_active":false,"_exactmetrics_sitenote_note":"","_exactmetrics_sitenote_category":0,"footnotes":""},"categories":[13],"tags":[21,27],"class_list":["post-114900","post","type-post","status-publish","format-video","has-post-thumbnail","hentry","category-valenca","tag-economia","tag-sociedade","post_format-post-format-video"],"yoast_head":"<!-- This site is optimized with the Yoast SEO Premium plugin v27.5 (Yoast SEO v27.5) - https:\/\/yoast.com\/product\/yoast-seo-premium-wordpress\/ -->\n<title>Secret\u00e1rio de Estado da Economia destaca din\u00e2mica empresarial de Valen\u00e7a em encontro com empres\u00e1rios<\/title>\n<meta name=\"robots\" content=\"index, follow, max-snippet:-1, max-image-preview:large, max-video-preview:-1\" \/>\n<link rel=\"canonical\" href=\"https:\/\/www.altominho.tv\/site\/2025\/02\/14\/secretario-de-estado-da-economia-destaca-dinamica-empresarial-de-valenca-em-encontro-com-empresarios\/\" \/>\n<meta property=\"og:locale\" content=\"pt_PT\" \/>\n<meta property=\"og:type\" content=\"article\" \/>\n<meta property=\"og:title\" content=\"Secret\u00e1rio de Estado da Economia destaca din\u00e2mica empresarial de Valen\u00e7a em encontro com empres\u00e1rios\" \/>\n<meta property=\"og:description\" content=\"O Munic\u00edpio de Valen\u00e7a organizou mais uma edi\u00e7\u00e3o das &#8220;Conversas de Empres\u00e1rio ao Caf\u00e9&#8221;, um momento de networking que visa fortalecer rela\u00e7\u00f5es e fomentar parcerias entre os empres\u00e1rios locais. Nesta sess\u00e3o, o encontro decorreu nas instala\u00e7\u00f5es do Grupo Beneteau, empresa do setor naval situada na Zona Industrial de Gandra. Este evento contou com a presen\u00e7a [&hellip;]\" \/>\n<meta property=\"og:url\" content=\"https:\/\/www.altominho.tv\/site\/2025\/02\/14\/secretario-de-estado-da-economia-destaca-dinamica-empresarial-de-valenca-em-encontro-com-empresarios\/\" \/>\n<meta property=\"og:site_name\" content=\"Altominho.tv\" \/>\n<meta property=\"article:publisher\" content=\"https:\/\/www.facebook.com\/altominhotv\" \/>\n<meta property=\"article:published_time\" content=\"2025-02-14T17:00:00+00:00\" \/>\n<meta property=\"og:image\" content=\"https:\/\/www.altominho.tv\/site\/wp-content\/uploads\/2025\/02\/valenca-.jpg\" \/>\n\t<meta property=\"og:image:width\" content=\"1920\" \/>\n\t<meta property=\"og:image:height\" content=\"1080\" \/>\n\t<meta property=\"og:image:type\" content=\"image\/jpeg\" \/>\n<meta name=\"author\" content=\"Rafael Pereira\" \/>\n<meta name=\"twitter:card\" content=\"summary_large_image\" \/>\n<meta name=\"twitter:creator\" content=\"@altominhoTV\" \/>\n<meta name=\"twitter:site\" content=\"@altominhoTV\" \/>\n<meta name=\"twitter:label1\" content=\"Escrito por\" \/>\n\t<meta name=\"twitter:data1\" content=\"Rafael Pereira\" \/>\n\t<meta name=\"twitter:label2\" content=\"Tempo estimado de leitura\" \/>\n\t<meta name=\"twitter:data2\" content=\"1 minuto\" \/>\n<script type=\"application\/ld+json\" class=\"yoast-schema-graph\">{\"@context\":\"https:\\\/\\\/schema.org\",\"@graph\":[{\"@type\":\"Article\",\"@id\":\"https:\\\/\\\/www.altominho.tv\\\/site\\\/2025\\\/02\\\/14\\\/secretario-de-estado-da-economia-destaca-dinamica-empresarial-de-valenca-em-encontro-com-empresarios\\\/#article\",\"isPartOf\":{\"@id\":\"https:\\\/\\\/www.altominho.tv\\\/site\\\/2025\\\/02\\\/14\\\/secretario-de-estado-da-economia-destaca-dinamica-empresarial-de-valenca-em-encontro-com-empresarios\\\/\"},\"author\":{\"name\":\"Rafael Pereira\",\"@id\":\"https:\\\/\\\/www.altominho.tv\\\/site\\\/#\\\/schema\\\/person\\\/2690abd4f0b3984514ce0607afbfced7\"},\"headline\":\"Secret\u00e1rio de Estado da Economia destaca din\u00e2mica empresarial de Valen\u00e7a em encontro com empres\u00e1rios\",\"datePublished\":\"2025-02-14T17:00:00+00:00\",\"mainEntityOfPage\":{\"@id\":\"https:\\\/\\\/www.altominho.tv\\\/site\\\/2025\\\/02\\\/14\\\/secretario-de-estado-da-economia-destaca-dinamica-empresarial-de-valenca-em-encontro-com-empresarios\\\/\"},\"wordCount\":177,\"image\":{\"@id\":\"https:\\\/\\\/www.altominho.tv\\\/site\\\/2025\\\/02\\\/14\\\/secretario-de-estado-da-economia-destaca-dinamica-empresarial-de-valenca-em-encontro-com-empresarios\\\/#primaryimage\"},\"thumbnailUrl\":\"https:\\\/\\\/www.altominho.tv\\\/site\\\/wp-content\\\/uploads\\\/2025\\\/02\\\/valenca-.jpg\",\"keywords\":[\"Economia\",\"Sociedade\"],\"articleSection\":[\"Valen\u00e7a\"],\"inLanguage\":\"pt-PT\",\"copyrightYear\":\"2025\",\"copyrightHolder\":{\"@id\":\"https:\\\/\\\/www.altominho.tv\\\/site\\\/#organization\"}},{\"@type\":\"WebPage\",\"@id\":\"https:\\\/\\\/www.altominho.tv\\\/site\\\/2025\\\/02\\\/14\\\/secretario-de-estado-da-economia-destaca-dinamica-empresarial-de-valenca-em-encontro-com-empresarios\\\/\",\"url\":\"https:\\\/\\\/www.altominho.tv\\\/site\\\/2025\\\/02\\\/14\\\/secretario-de-estado-da-economia-destaca-dinamica-empresarial-de-valenca-em-encontro-com-empresarios\\\/\",\"name\":\"Secret\u00e1rio de Estado da Economia destaca din\u00e2mica empresarial de Valen\u00e7a em encontro com empres\u00e1rios\",\"isPartOf\":{\"@id\":\"https:\\\/\\\/www.altominho.tv\\\/site\\\/#website\"},\"primaryImageOfPage\":{\"@id\":\"https:\\\/\\\/www.altominho.tv\\\/site\\\/2025\\\/02\\\/14\\\/secretario-de-estado-da-economia-destaca-dinamica-empresarial-de-valenca-em-encontro-com-empresarios\\\/#primaryimage\"},\"image\":{\"@id\":\"https:\\\/\\\/www.altominho.tv\\\/site\\\/2025\\\/02\\\/14\\\/secretario-de-estado-da-economia-destaca-dinamica-empresarial-de-valenca-em-encontro-com-empresarios\\\/#primaryimage\"},\"thumbnailUrl\":\"https:\\\/\\\/www.altominho.tv\\\/site\\\/wp-content\\\/uploads\\\/2025\\\/02\\\/valenca-.jpg\",\"datePublished\":\"2025-02-14T17:00:00+00:00\",\"author\":{\"@id\":\"https:\\\/\\\/www.altominho.tv\\\/site\\\/#\\\/schema\\\/person\\\/2690abd4f0b3984514ce0607afbfced7\"},\"breadcrumb\":{\"@id\":\"https:\\\/\\\/www.altominho.tv\\\/site\\\/2025\\\/02\\\/14\\\/secretario-de-estado-da-economia-destaca-dinamica-empresarial-de-valenca-em-encontro-com-empresarios\\\/#breadcrumb\"},\"inLanguage\":\"pt-PT\",\"potentialAction\":[{\"@type\":\"ReadAction\",\"target\":[\"https:\\\/\\\/www.altominho.tv\\\/site\\\/2025\\\/02\\\/14\\\/secretario-de-estado-da-economia-destaca-dinamica-empresarial-de-valenca-em-encontro-com-empresarios\\\/\"]}]},{\"@type\":\"ImageObject\",\"inLanguage\":\"pt-PT\",\"@id\":\"https:\\\/\\\/www.altominho.tv\\\/site\\\/2025\\\/02\\\/14\\\/secretario-de-estado-da-economia-destaca-dinamica-empresarial-de-valenca-em-encontro-com-empresarios\\\/#primaryimage\",\"url\":\"https:\\\/\\\/www.altominho.tv\\\/site\\\/wp-content\\\/uploads\\\/2025\\\/02\\\/valenca-.jpg\",\"contentUrl\":\"https:\\\/\\\/www.altominho.tv\\\/site\\\/wp-content\\\/uploads\\\/2025\\\/02\\\/valenca-.jpg\",\"width\":1920,\"height\":1080},{\"@type\":\"BreadcrumbList\",\"@id\":\"https:\\\/\\\/www.altominho.tv\\\/site\\\/2025\\\/02\\\/14\\\/secretario-de-estado-da-economia-destaca-dinamica-empresarial-de-valenca-em-encontro-com-empresarios\\\/#breadcrumb\",\"itemListElement\":[{\"@type\":\"ListItem\",\"position\":1,\"name\":\"In\u00edcio\",\"item\":\"https:\\\/\\\/www.altominho.tv\\\/site\\\/\"},{\"@type\":\"ListItem\",\"position\":2,\"name\":\"Secret\u00e1rio de Estado da Economia destaca din\u00e2mica empresarial de Valen\u00e7a em encontro com empres\u00e1rios\"}]},{\"@type\":\"WebSite\",\"@id\":\"https:\\\/\\\/www.altominho.tv\\\/site\\\/#website\",\"url\":\"https:\\\/\\\/www.altominho.tv\\\/site\\\/\",\"name\":\"Altominho.tv\",\"description\":\"A sua regi\u00e3o \u00e0 dist\u00e2ncia de um clique...\",\"potentialAction\":[{\"@type\":\"SearchAction\",\"target\":{\"@type\":\"EntryPoint\",\"urlTemplate\":\"https:\\\/\\\/www.altominho.tv\\\/site\\\/?s={search_term_string}\"},\"query-input\":{\"@type\":\"PropertyValueSpecification\",\"valueRequired\":true,\"valueName\":\"search_term_string\"}}],\"inLanguage\":\"pt-PT\"},{\"@type\":\"Person\",\"@id\":\"https:\\\/\\\/www.altominho.tv\\\/site\\\/#\\\/schema\\\/person\\\/2690abd4f0b3984514ce0607afbfced7\",\"name\":\"Rafael Pereira\",\"image\":{\"@type\":\"ImageObject\",\"inLanguage\":\"pt-PT\",\"@id\":\"https:\\\/\\\/www.altominho.tv\\\/site\\\/wp-content\\\/uploads\\\/2021\\\/08\\\/42996867_1705603802900752_8292335788369117184_n-150x150.jpeg\",\"url\":\"https:\\\/\\\/www.altominho.tv\\\/site\\\/wp-content\\\/uploads\\\/2021\\\/08\\\/42996867_1705603802900752_8292335788369117184_n-150x150.jpeg\",\"contentUrl\":\"https:\\\/\\\/www.altominho.tv\\\/site\\\/wp-content\\\/uploads\\\/2021\\\/08\\\/42996867_1705603802900752_8292335788369117184_n-150x150.jpeg\",\"caption\":\"Rafael Pereira\"},\"url\":\"https:\\\/\\\/www.altominho.tv\\\/site\\\/author\\\/rafaelpereira\\\/\"}]}<\/script>\n<meta property=\"og:video\" content=\"https:\/\/www.youtube.com\/embed\/paKJ5Q1L1bg\" \/>\n<meta property=\"og:video:type\" content=\"text\/html\" \/>\n<meta property=\"og:video:duration\" content=\"146\" \/>\n<meta property=\"og:video:width\" content=\"480\" \/>\n<meta property=\"og:video:height\" content=\"270\" \/>\n<meta property=\"ya:ovs:adult\" content=\"false\" \/>\n<meta property=\"ya:ovs:upload_date\" content=\"2025-02-14T17:00:00+00:00\" \/>\n<meta property=\"ya:ovs:allow_embed\" content=\"true\" \/>\n<!-- \/ Yoast SEO Premium plugin. -->","yoast_head_json":{"title":"Secret\u00e1rio de Estado da Economia destaca din\u00e2mica empresarial de Valen\u00e7a em encontro com empres\u00e1rios","robots":{"index":"index","follow":"follow","max-snippet":"max-snippet:-1","max-image-preview":"max-image-preview:large","max-video-preview":"max-video-preview:-1"},"canonical":"https:\/\/www.altominho.tv\/site\/2025\/02\/14\/secretario-de-estado-da-economia-destaca-dinamica-empresarial-de-valenca-em-encontro-com-empresarios\/","og_locale":"pt_PT","og_type":"article","og_title":"Secret\u00e1rio de Estado da Economia destaca din\u00e2mica empresarial de Valen\u00e7a em encontro com empres\u00e1rios","og_description":"O Munic\u00edpio de Valen\u00e7a organizou mais uma edi\u00e7\u00e3o das &#8220;Conversas de Empres\u00e1rio ao Caf\u00e9&#8221;, um momento de networking que visa fortalecer rela\u00e7\u00f5es e fomentar parcerias entre os empres\u00e1rios locais. Nesta sess\u00e3o, o encontro decorreu nas instala\u00e7\u00f5es do Grupo Beneteau, empresa do setor naval situada na Zona Industrial de Gandra. Este evento contou com a presen\u00e7a [&hellip;]","og_url":"https:\/\/www.altominho.tv\/site\/2025\/02\/14\/secretario-de-estado-da-economia-destaca-dinamica-empresarial-de-valenca-em-encontro-com-empresarios\/","og_site_name":"Altominho.tv","article_publisher":"https:\/\/www.facebook.com\/altominhotv","article_published_time":"2025-02-14T17:00:00+00:00","og_image":[{"width":1920,"height":1080,"url":"https:\/\/www.altominho.tv\/site\/wp-content\/uploads\/2025\/02\/valenca-.jpg","type":"image\/jpeg"}],"author":"Rafael Pereira","twitter_card":"summary_large_image","twitter_creator":"@altominhoTV","twitter_site":"@altominhoTV","twitter_misc":{"Escrito por":"Rafael Pereira","Tempo estimado de leitura":"1 minuto"},"schema":{"@context":"https:\/\/schema.org","@graph":[{"@type":"Article","@id":"https:\/\/www.altominho.tv\/site\/2025\/02\/14\/secretario-de-estado-da-economia-destaca-dinamica-empresarial-de-valenca-em-encontro-com-empresarios\/#article","isPartOf":{"@id":"https:\/\/www.altominho.tv\/site\/2025\/02\/14\/secretario-de-estado-da-economia-destaca-dinamica-empresarial-de-valenca-em-encontro-com-empresarios\/"},"author":{"name":"Rafael Pereira","@id":"https:\/\/www.altominho.tv\/site\/#\/schema\/person\/2690abd4f0b3984514ce0607afbfced7"},"headline":"Secret\u00e1rio de Estado da Economia destaca din\u00e2mica empresarial de Valen\u00e7a em encontro com empres\u00e1rios","datePublished":"2025-02-14T17:00:00+00:00","mainEntityOfPage":{"@id":"https:\/\/www.altominho.tv\/site\/2025\/02\/14\/secretario-de-estado-da-economia-destaca-dinamica-empresarial-de-valenca-em-encontro-com-empresarios\/"},"wordCount":177,"image":{"@id":"https:\/\/www.altominho.tv\/site\/2025\/02\/14\/secretario-de-estado-da-economia-destaca-dinamica-empresarial-de-valenca-em-encontro-com-empresarios\/#primaryimage"},"thumbnailUrl":"https:\/\/www.altominho.tv\/site\/wp-content\/uploads\/2025\/02\/valenca-.jpg","keywords":["Economia","Sociedade"],"articleSection":["Valen\u00e7a"],"inLanguage":"pt-PT","copyrightYear":"2025","copyrightHolder":{"@id":"https:\/\/www.altominho.tv\/site\/#organization"}},{"@type":"WebPage","@id":"https:\/\/www.altominho.tv\/site\/2025\/02\/14\/secretario-de-estado-da-economia-destaca-dinamica-empresarial-de-valenca-em-encontro-com-empresarios\/","url":"https:\/\/www.altominho.tv\/site\/2025\/02\/14\/secretario-de-estado-da-economia-destaca-dinamica-empresarial-de-valenca-em-encontro-com-empresarios\/","name":"Secret\u00e1rio de Estado da Economia destaca din\u00e2mica empresarial de Valen\u00e7a em encontro com empres\u00e1rios","isPartOf":{"@id":"https:\/\/www.altominho.tv\/site\/#website"},"primaryImageOfPage":{"@id":"https:\/\/www.altominho.tv\/site\/2025\/02\/14\/secretario-de-estado-da-economia-destaca-dinamica-empresarial-de-valenca-em-encontro-com-empresarios\/#primaryimage"},"image":{"@id":"https:\/\/www.altominho.tv\/site\/2025\/02\/14\/secretario-de-estado-da-economia-destaca-dinamica-empresarial-de-valenca-em-encontro-com-empresarios\/#primaryimage"},"thumbnailUrl":"https:\/\/www.altominho.tv\/site\/wp-content\/uploads\/2025\/02\/valenca-.jpg","datePublished":"2025-02-14T17:00:00+00:00","author":{"@id":"https:\/\/www.altominho.tv\/site\/#\/schema\/person\/2690abd4f0b3984514ce0607afbfced7"},"breadcrumb":{"@id":"https:\/\/www.altominho.tv\/site\/2025\/02\/14\/secretario-de-estado-da-economia-destaca-dinamica-empresarial-de-valenca-em-encontro-com-empresarios\/#breadcrumb"},"inLanguage":"pt-PT","potentialAction":[{"@type":"ReadAction","target":["https:\/\/www.altominho.tv\/site\/2025\/02\/14\/secretario-de-estado-da-economia-destaca-dinamica-empresarial-de-valenca-em-encontro-com-empresarios\/"]}]},{"@type":"ImageObject","inLanguage":"pt-PT","@id":"https:\/\/www.altominho.tv\/site\/2025\/02\/14\/secretario-de-estado-da-economia-destaca-dinamica-empresarial-de-valenca-em-encontro-com-empresarios\/#primaryimage","url":"https:\/\/www.altominho.tv\/site\/wp-content\/uploads\/2025\/02\/valenca-.jpg","contentUrl":"https:\/\/www.altominho.tv\/site\/wp-content\/uploads\/2025\/02\/valenca-.jpg","width":1920,"height":1080},{"@type":"BreadcrumbList","@id":"https:\/\/www.altominho.tv\/site\/2025\/02\/14\/secretario-de-estado-da-economia-destaca-dinamica-empresarial-de-valenca-em-encontro-com-empresarios\/#breadcrumb","itemListElement":[{"@type":"ListItem","position":1,"name":"In\u00edcio","item":"https:\/\/www.altominho.tv\/site\/"},{"@type":"ListItem","position":2,"name":"Secret\u00e1rio de Estado da Economia destaca din\u00e2mica empresarial de Valen\u00e7a em encontro com empres\u00e1rios"}]},{"@type":"WebSite","@id":"https:\/\/www.altominho.tv\/site\/#website","url":"https:\/\/www.altominho.tv\/site\/","name":"Altominho.tv","description":"A sua regi\u00e3o \u00e0 dist\u00e2ncia de um clique...","potentialAction":[{"@type":"SearchAction","target":{"@type":"EntryPoint","urlTemplate":"https:\/\/www.altominho.tv\/site\/?s={search_term_string}"},"query-input":{"@type":"PropertyValueSpecification","valueRequired":true,"valueName":"search_term_string"}}],"inLanguage":"pt-PT"},{"@type":"Person","@id":"https:\/\/www.altominho.tv\/site\/#\/schema\/person\/2690abd4f0b3984514ce0607afbfced7","name":"Rafael Pereira","image":{"@type":"ImageObject","inLanguage":"pt-PT","@id":"https:\/\/www.altominho.tv\/site\/wp-content\/uploads\/2021\/08\/42996867_1705603802900752_8292335788369117184_n-150x150.jpeg","url":"https:\/\/www.altominho.tv\/site\/wp-content\/uploads\/2021\/08\/42996867_1705603802900752_8292335788369117184_n-150x150.jpeg","contentUrl":"https:\/\/www.altominho.tv\/site\/wp-content\/uploads\/2021\/08\/42996867_1705603802900752_8292335788369117184_n-150x150.jpeg","caption":"Rafael Pereira"},"url":"https:\/\/www.altominho.tv\/site\/author\/rafaelpereira\/"}]},"og_video":"https:\/\/www.youtube.com\/embed\/paKJ5Q1L1bg","og_video_type":"text\/html","og_video_duration":"146","og_video_width":"480","og_video_height":"270","ya_ovs_adult":"false","ya_ovs_upload_date":"2025-02-14T17:00:00+00:00","ya_ovs_allow_embed":"true"},"_links":{"self":[{"href":"https:\/\/www.altominho.tv\/site\/wp-json\/wp\/v2\/posts\/114900","targetHints":{"allow":["GET"]}}],"collection":[{"href":"https:\/\/www.altominho.tv\/site\/wp-json\/wp\/v2\/posts"}],"about":[{"href":"https:\/\/www.altominho.tv\/site\/wp-json\/wp\/v2\/types\/post"}],"author":[{"embeddable":true,"href":"https:\/\/www.altominho.tv\/site\/wp-json\/wp\/v2\/users\/9"}],"replies":[{"embeddable":true,"href":"https:\/\/www.altominho.tv\/site\/wp-json\/wp\/v2\/comments?post=114900"}],"version-history":[{"count":1,"href":"https:\/\/www.altominho.tv\/site\/wp-json\/wp\/v2\/posts\/114900\/revisions"}],"predecessor-version":[{"id":114902,"href":"https:\/\/www.altominho.tv\/site\/wp-json\/wp\/v2\/posts\/114900\/revisions\/114902"}],"wp:featuredmedia":[{"embeddable":true,"href":"https:\/\/www.altominho.tv\/site\/wp-json\/wp\/v2\/media\/114901"}],"wp:attachment":[{"href":"https:\/\/www.altominho.tv\/site\/wp-json\/wp\/v2\/media?parent=114900"}],"wp:term":[{"taxonomy":"category","embeddable":true,"href":"https:\/\/www.altominho.tv\/site\/wp-json\/wp\/v2\/categories?post=114900"},{"taxonomy":"post_tag","embeddable":true,"href":"https:\/\/www.altominho.tv\/site\/wp-json\/wp\/v2\/tags?post=114900"}],"curies":[{"name":"wp","href":"https:\/\/api.w.org\/{rel}","templated":true}]}}