{"id":114874,"date":"2025-02-13T16:43:17","date_gmt":"2025-02-13T16:43:17","guid":{"rendered":"https:\/\/www.altominho.tv\/site\/?p=114874"},"modified":"2025-02-13T16:43:19","modified_gmt":"2025-02-13T16:43:19","slug":"valenca-celebra-feriado-municipal-dia-18-de-fevereiro","status":"publish","type":"post","link":"https:\/\/www.altominho.tv\/site\/2025\/02\/13\/valenca-celebra-feriado-municipal-dia-18-de-fevereiro\/","title":{"rendered":"Valen\u00e7a celebra feriado Municipal dia 18 de fevereiro\u00a0"},"content":{"rendered":"<p class=\"p1\">Valen\u00e7a celebra o seu feriado Municipal, ter\u00e7a-feira, 18 de fevereiro, com um programa de atividades institucionais, religiosas e recreativas e o reconhecimento a personalidades e institui\u00e7\u00f5es valencianas.<\/p>\n<p class=\"p1\">Na sess\u00e3o solene, o Munic\u00edpio de Valen\u00e7a, vai atribuir a Medalha de M\u00e9rito Municipal a Ant\u00f3nio Sampaio da N\u00f3voa, ao Sport Clube Valenciano, a nove empresas valencianas, a seis professores, \u00e0 ETAP \u2013 Escola Profissional, ao atleta Rodrigo Alheira, a tr\u00eas produtores de vinho e \u00e0s jovens revela\u00e7\u00f5es na \u00e1rea cultural J\u00e9ssica Pestana e Bianca Barros.<\/p>\n<p class=\"p1\">Momento de destaque das comemora\u00e7\u00f5es ser\u00e1, tamb\u00e9m, a palestra do valenciano Professor Doutor Ant\u00f3nio Sampaio da N\u00f3voa com o tema \u201cValen\u00e7a e o seu Patrim\u00f3nio Hist\u00f3rico, Cultural e Identit\u00e1rio\u201d.<\/p>\n<p class=\"p1\">As comemora\u00e7\u00f5es come\u00e7am \u00e0s 09h00 com o i\u00e7ar da bandeira acompanhado pelo hino de Valen\u00e7a, com a participa\u00e7\u00e3o da Associa\u00e7\u00e3o Musical de S\u00e3o Pedro da Torre, nos Pa\u00e7os do Concelho.<\/p>\n","protected":false},"excerpt":{"rendered":"<p>Valen\u00e7a celebra o seu feriado Municipal, ter\u00e7a-feira, 18 de fevereiro, com um programa de atividades institucionais, religiosas e recreativas e o reconhecimento a personalidades e institui\u00e7\u00f5es valencianas. Na sess\u00e3o solene, o Munic\u00edpio de Valen\u00e7a, vai atribuir a Medalha de M\u00e9rito Municipal a Ant\u00f3nio Sampaio da N\u00f3voa, ao Sport Clube Valenciano, a nove empresas valencianas, a [&hellip;]<\/p>\n","protected":false},"author":1,"featured_media":112117,"comment_status":"closed","ping_status":"closed","sticky":false,"template":"","format":"standard","meta":{"_exactmetrics_skip_tracking":false,"_exactmetrics_sitenote_active":false,"_exactmetrics_sitenote_note":"","_exactmetrics_sitenote_category":0,"footnotes":""},"categories":[13],"tags":[27],"class_list":["post-114874","post","type-post","status-publish","format-standard","has-post-thumbnail","hentry","category-valenca","tag-sociedade"],"yoast_head":"<!-- This site is optimized with the Yoast SEO Premium plugin v27.5 (Yoast SEO v27.5) - https:\/\/yoast.com\/product\/yoast-seo-premium-wordpress\/ -->\n<title>Valen\u00e7a celebra feriado Municipal dia 18 de fevereiro\u00a0<\/title>\n<meta name=\"description\" content=\"Valen\u00e7a celebra o seu feriado Municipal, ter\u00e7a-feira, 18 de fevereiro, com um programa de atividades institucionais, religiosas e recreativas e o reconhecimento a personalidades e institui\u00e7\u00f5es valencianas.\" \/>\n<meta name=\"robots\" content=\"index, follow, max-snippet:-1, max-image-preview:large, max-video-preview:-1\" \/>\n<link rel=\"canonical\" href=\"https:\/\/www.altominho.tv\/site\/2025\/02\/13\/valenca-celebra-feriado-municipal-dia-18-de-fevereiro\/\" \/>\n<meta property=\"og:locale\" content=\"pt_PT\" \/>\n<meta property=\"og:type\" content=\"article\" \/>\n<meta property=\"og:title\" content=\"Valen\u00e7a celebra feriado Municipal dia 18 de fevereiro\u00a0\" \/>\n<meta property=\"og:description\" content=\"Valen\u00e7a celebra o seu feriado Municipal, ter\u00e7a-feira, 18 de fevereiro, com um programa de atividades institucionais, religiosas e recreativas e o reconhecimento a personalidades e institui\u00e7\u00f5es valencianas.\" \/>\n<meta property=\"og:url\" content=\"https:\/\/www.altominho.tv\/site\/2025\/02\/13\/valenca-celebra-feriado-municipal-dia-18-de-fevereiro\/\" \/>\n<meta property=\"og:site_name\" content=\"Altominho.tv\" \/>\n<meta property=\"article:publisher\" content=\"https:\/\/www.facebook.com\/altominhotv\" \/>\n<meta property=\"article:published_time\" content=\"2025-02-13T16:43:17+00:00\" \/>\n<meta property=\"article:modified_time\" content=\"2025-02-13T16:43:19+00:00\" \/>\n<meta property=\"og:image\" content=\"https:\/\/www.altominho.tv\/site\/wp-content\/uploads\/2024\/11\/Valenca.jpg\" \/>\n\t<meta property=\"og:image:width\" content=\"1200\" \/>\n\t<meta property=\"og:image:height\" content=\"628\" \/>\n\t<meta property=\"og:image:type\" content=\"image\/jpeg\" \/>\n<meta name=\"author\" content=\"Altominho.tv\" \/>\n<meta name=\"twitter:card\" content=\"summary_large_image\" \/>\n<meta name=\"twitter:creator\" content=\"@altominhoTV\" \/>\n<meta name=\"twitter:site\" content=\"@altominhoTV\" \/>\n<meta name=\"twitter:label1\" content=\"Escrito por\" \/>\n\t<meta name=\"twitter:data1\" content=\"Altominho.tv\" \/>\n\t<meta name=\"twitter:label2\" content=\"Tempo estimado de leitura\" \/>\n\t<meta name=\"twitter:data2\" content=\"1 minuto\" \/>\n<script type=\"application\/ld+json\" class=\"yoast-schema-graph\">{\"@context\":\"https:\\\/\\\/schema.org\",\"@graph\":[{\"@type\":\"Article\",\"@id\":\"https:\\\/\\\/www.altominho.tv\\\/site\\\/2025\\\/02\\\/13\\\/valenca-celebra-feriado-municipal-dia-18-de-fevereiro\\\/#article\",\"isPartOf\":{\"@id\":\"https:\\\/\\\/www.altominho.tv\\\/site\\\/2025\\\/02\\\/13\\\/valenca-celebra-feriado-municipal-dia-18-de-fevereiro\\\/\"},\"author\":{\"name\":\"Altominho.tv\",\"@id\":\"https:\\\/\\\/www.altominho.tv\\\/site\\\/#\\\/schema\\\/person\\\/4e536851627d7914baf3dac752b6af22\"},\"headline\":\"Valen\u00e7a celebra feriado Municipal dia 18 de fevereiro\u00a0\",\"datePublished\":\"2025-02-13T16:43:17+00:00\",\"dateModified\":\"2025-02-13T16:43:19+00:00\",\"mainEntityOfPage\":{\"@id\":\"https:\\\/\\\/www.altominho.tv\\\/site\\\/2025\\\/02\\\/13\\\/valenca-celebra-feriado-municipal-dia-18-de-fevereiro\\\/\"},\"wordCount\":175,\"image\":{\"@id\":\"https:\\\/\\\/www.altominho.tv\\\/site\\\/2025\\\/02\\\/13\\\/valenca-celebra-feriado-municipal-dia-18-de-fevereiro\\\/#primaryimage\"},\"thumbnailUrl\":\"https:\\\/\\\/www.altominho.tv\\\/site\\\/wp-content\\\/uploads\\\/2024\\\/11\\\/Valenca.jpg\",\"keywords\":[\"Sociedade\"],\"articleSection\":[\"Valen\u00e7a\"],\"inLanguage\":\"pt-PT\",\"copyrightYear\":\"2025\",\"copyrightHolder\":{\"@id\":\"https:\\\/\\\/www.altominho.tv\\\/site\\\/#organization\"}},{\"@type\":\"WebPage\",\"@id\":\"https:\\\/\\\/www.altominho.tv\\\/site\\\/2025\\\/02\\\/13\\\/valenca-celebra-feriado-municipal-dia-18-de-fevereiro\\\/\",\"url\":\"https:\\\/\\\/www.altominho.tv\\\/site\\\/2025\\\/02\\\/13\\\/valenca-celebra-feriado-municipal-dia-18-de-fevereiro\\\/\",\"name\":\"Valen\u00e7a celebra feriado Municipal dia 18 de fevereiro\u00a0\",\"isPartOf\":{\"@id\":\"https:\\\/\\\/www.altominho.tv\\\/site\\\/#website\"},\"primaryImageOfPage\":{\"@id\":\"https:\\\/\\\/www.altominho.tv\\\/site\\\/2025\\\/02\\\/13\\\/valenca-celebra-feriado-municipal-dia-18-de-fevereiro\\\/#primaryimage\"},\"image\":{\"@id\":\"https:\\\/\\\/www.altominho.tv\\\/site\\\/2025\\\/02\\\/13\\\/valenca-celebra-feriado-municipal-dia-18-de-fevereiro\\\/#primaryimage\"},\"thumbnailUrl\":\"https:\\\/\\\/www.altominho.tv\\\/site\\\/wp-content\\\/uploads\\\/2024\\\/11\\\/Valenca.jpg\",\"datePublished\":\"2025-02-13T16:43:17+00:00\",\"dateModified\":\"2025-02-13T16:43:19+00:00\",\"author\":{\"@id\":\"https:\\\/\\\/www.altominho.tv\\\/site\\\/#\\\/schema\\\/person\\\/4e536851627d7914baf3dac752b6af22\"},\"description\":\"Valen\u00e7a celebra o seu feriado Municipal, ter\u00e7a-feira, 18 de fevereiro, com um programa de atividades institucionais, religiosas e recreativas e o reconhecimento a personalidades e institui\u00e7\u00f5es valencianas.\",\"breadcrumb\":{\"@id\":\"https:\\\/\\\/www.altominho.tv\\\/site\\\/2025\\\/02\\\/13\\\/valenca-celebra-feriado-municipal-dia-18-de-fevereiro\\\/#breadcrumb\"},\"inLanguage\":\"pt-PT\",\"potentialAction\":[{\"@type\":\"ReadAction\",\"target\":[\"https:\\\/\\\/www.altominho.tv\\\/site\\\/2025\\\/02\\\/13\\\/valenca-celebra-feriado-municipal-dia-18-de-fevereiro\\\/\"]}]},{\"@type\":\"ImageObject\",\"inLanguage\":\"pt-PT\",\"@id\":\"https:\\\/\\\/www.altominho.tv\\\/site\\\/2025\\\/02\\\/13\\\/valenca-celebra-feriado-municipal-dia-18-de-fevereiro\\\/#primaryimage\",\"url\":\"https:\\\/\\\/www.altominho.tv\\\/site\\\/wp-content\\\/uploads\\\/2024\\\/11\\\/Valenca.jpg\",\"contentUrl\":\"https:\\\/\\\/www.altominho.tv\\\/site\\\/wp-content\\\/uploads\\\/2024\\\/11\\\/Valenca.jpg\",\"width\":1200,\"height\":628},{\"@type\":\"BreadcrumbList\",\"@id\":\"https:\\\/\\\/www.altominho.tv\\\/site\\\/2025\\\/02\\\/13\\\/valenca-celebra-feriado-municipal-dia-18-de-fevereiro\\\/#breadcrumb\",\"itemListElement\":[{\"@type\":\"ListItem\",\"position\":1,\"name\":\"In\u00edcio\",\"item\":\"https:\\\/\\\/www.altominho.tv\\\/site\\\/\"},{\"@type\":\"ListItem\",\"position\":2,\"name\":\"Valen\u00e7a celebra feriado Municipal dia 18 de fevereiro\u00a0\"}]},{\"@type\":\"WebSite\",\"@id\":\"https:\\\/\\\/www.altominho.tv\\\/site\\\/#website\",\"url\":\"https:\\\/\\\/www.altominho.tv\\\/site\\\/\",\"name\":\"Altominho.tv\",\"description\":\"A sua regi\u00e3o \u00e0 dist\u00e2ncia de um clique...\",\"potentialAction\":[{\"@type\":\"SearchAction\",\"target\":{\"@type\":\"EntryPoint\",\"urlTemplate\":\"https:\\\/\\\/www.altominho.tv\\\/site\\\/?s={search_term_string}\"},\"query-input\":{\"@type\":\"PropertyValueSpecification\",\"valueRequired\":true,\"valueName\":\"search_term_string\"}}],\"inLanguage\":\"pt-PT\"},{\"@type\":\"Person\",\"@id\":\"https:\\\/\\\/www.altominho.tv\\\/site\\\/#\\\/schema\\\/person\\\/4e536851627d7914baf3dac752b6af22\",\"name\":\"Altominho.tv\",\"image\":{\"@type\":\"ImageObject\",\"inLanguage\":\"pt-PT\",\"@id\":\"https:\\\/\\\/www.altominho.tv\\\/site\\\/wp-content\\\/uploads\\\/2019\\\/11\\\/Logo_Avatar_2-150x150.jpg\",\"url\":\"https:\\\/\\\/www.altominho.tv\\\/site\\\/wp-content\\\/uploads\\\/2019\\\/11\\\/Logo_Avatar_2-150x150.jpg\",\"contentUrl\":\"https:\\\/\\\/www.altominho.tv\\\/site\\\/wp-content\\\/uploads\\\/2019\\\/11\\\/Logo_Avatar_2-150x150.jpg\",\"caption\":\"Altominho.tv\"},\"url\":\"https:\\\/\\\/www.altominho.tv\\\/site\\\/author\\\/altominhotv-tecnico\\\/\"}]}<\/script>\n<!-- \/ Yoast SEO Premium plugin. -->","yoast_head_json":{"title":"Valen\u00e7a celebra feriado Municipal dia 18 de fevereiro\u00a0","description":"Valen\u00e7a celebra o seu feriado Municipal, ter\u00e7a-feira, 18 de fevereiro, com um programa de atividades institucionais, religiosas e recreativas e o reconhecimento a personalidades e institui\u00e7\u00f5es valencianas.","robots":{"index":"index","follow":"follow","max-snippet":"max-snippet:-1","max-image-preview":"max-image-preview:large","max-video-preview":"max-video-preview:-1"},"canonical":"https:\/\/www.altominho.tv\/site\/2025\/02\/13\/valenca-celebra-feriado-municipal-dia-18-de-fevereiro\/","og_locale":"pt_PT","og_type":"article","og_title":"Valen\u00e7a celebra feriado Municipal dia 18 de fevereiro\u00a0","og_description":"Valen\u00e7a celebra o seu feriado Municipal, ter\u00e7a-feira, 18 de fevereiro, com um programa de atividades institucionais, religiosas e recreativas e o reconhecimento a personalidades e institui\u00e7\u00f5es valencianas.","og_url":"https:\/\/www.altominho.tv\/site\/2025\/02\/13\/valenca-celebra-feriado-municipal-dia-18-de-fevereiro\/","og_site_name":"Altominho.tv","article_publisher":"https:\/\/www.facebook.com\/altominhotv","article_published_time":"2025-02-13T16:43:17+00:00","article_modified_time":"2025-02-13T16:43:19+00:00","og_image":[{"width":1200,"height":628,"url":"https:\/\/www.altominho.tv\/site\/wp-content\/uploads\/2024\/11\/Valenca.jpg","type":"image\/jpeg"}],"author":"Altominho.tv","twitter_card":"summary_large_image","twitter_creator":"@altominhoTV","twitter_site":"@altominhoTV","twitter_misc":{"Escrito por":"Altominho.tv","Tempo estimado de leitura":"1 minuto"},"schema":{"@context":"https:\/\/schema.org","@graph":[{"@type":"Article","@id":"https:\/\/www.altominho.tv\/site\/2025\/02\/13\/valenca-celebra-feriado-municipal-dia-18-de-fevereiro\/#article","isPartOf":{"@id":"https:\/\/www.altominho.tv\/site\/2025\/02\/13\/valenca-celebra-feriado-municipal-dia-18-de-fevereiro\/"},"author":{"name":"Altominho.tv","@id":"https:\/\/www.altominho.tv\/site\/#\/schema\/person\/4e536851627d7914baf3dac752b6af22"},"headline":"Valen\u00e7a celebra feriado Municipal dia 18 de fevereiro\u00a0","datePublished":"2025-02-13T16:43:17+00:00","dateModified":"2025-02-13T16:43:19+00:00","mainEntityOfPage":{"@id":"https:\/\/www.altominho.tv\/site\/2025\/02\/13\/valenca-celebra-feriado-municipal-dia-18-de-fevereiro\/"},"wordCount":175,"image":{"@id":"https:\/\/www.altominho.tv\/site\/2025\/02\/13\/valenca-celebra-feriado-municipal-dia-18-de-fevereiro\/#primaryimage"},"thumbnailUrl":"https:\/\/www.altominho.tv\/site\/wp-content\/uploads\/2024\/11\/Valenca.jpg","keywords":["Sociedade"],"articleSection":["Valen\u00e7a"],"inLanguage":"pt-PT","copyrightYear":"2025","copyrightHolder":{"@id":"https:\/\/www.altominho.tv\/site\/#organization"}},{"@type":"WebPage","@id":"https:\/\/www.altominho.tv\/site\/2025\/02\/13\/valenca-celebra-feriado-municipal-dia-18-de-fevereiro\/","url":"https:\/\/www.altominho.tv\/site\/2025\/02\/13\/valenca-celebra-feriado-municipal-dia-18-de-fevereiro\/","name":"Valen\u00e7a celebra feriado Municipal dia 18 de fevereiro\u00a0","isPartOf":{"@id":"https:\/\/www.altominho.tv\/site\/#website"},"primaryImageOfPage":{"@id":"https:\/\/www.altominho.tv\/site\/2025\/02\/13\/valenca-celebra-feriado-municipal-dia-18-de-fevereiro\/#primaryimage"},"image":{"@id":"https:\/\/www.altominho.tv\/site\/2025\/02\/13\/valenca-celebra-feriado-municipal-dia-18-de-fevereiro\/#primaryimage"},"thumbnailUrl":"https:\/\/www.altominho.tv\/site\/wp-content\/uploads\/2024\/11\/Valenca.jpg","datePublished":"2025-02-13T16:43:17+00:00","dateModified":"2025-02-13T16:43:19+00:00","author":{"@id":"https:\/\/www.altominho.tv\/site\/#\/schema\/person\/4e536851627d7914baf3dac752b6af22"},"description":"Valen\u00e7a celebra o seu feriado Municipal, ter\u00e7a-feira, 18 de fevereiro, com um programa de atividades institucionais, religiosas e recreativas e o reconhecimento a personalidades e institui\u00e7\u00f5es valencianas.","breadcrumb":{"@id":"https:\/\/www.altominho.tv\/site\/2025\/02\/13\/valenca-celebra-feriado-municipal-dia-18-de-fevereiro\/#breadcrumb"},"inLanguage":"pt-PT","potentialAction":[{"@type":"ReadAction","target":["https:\/\/www.altominho.tv\/site\/2025\/02\/13\/valenca-celebra-feriado-municipal-dia-18-de-fevereiro\/"]}]},{"@type":"ImageObject","inLanguage":"pt-PT","@id":"https:\/\/www.altominho.tv\/site\/2025\/02\/13\/valenca-celebra-feriado-municipal-dia-18-de-fevereiro\/#primaryimage","url":"https:\/\/www.altominho.tv\/site\/wp-content\/uploads\/2024\/11\/Valenca.jpg","contentUrl":"https:\/\/www.altominho.tv\/site\/wp-content\/uploads\/2024\/11\/Valenca.jpg","width":1200,"height":628},{"@type":"BreadcrumbList","@id":"https:\/\/www.altominho.tv\/site\/2025\/02\/13\/valenca-celebra-feriado-municipal-dia-18-de-fevereiro\/#breadcrumb","itemListElement":[{"@type":"ListItem","position":1,"name":"In\u00edcio","item":"https:\/\/www.altominho.tv\/site\/"},{"@type":"ListItem","position":2,"name":"Valen\u00e7a celebra feriado Municipal dia 18 de fevereiro\u00a0"}]},{"@type":"WebSite","@id":"https:\/\/www.altominho.tv\/site\/#website","url":"https:\/\/www.altominho.tv\/site\/","name":"Altominho.tv","description":"A sua regi\u00e3o \u00e0 dist\u00e2ncia de um clique...","potentialAction":[{"@type":"SearchAction","target":{"@type":"EntryPoint","urlTemplate":"https:\/\/www.altominho.tv\/site\/?s={search_term_string}"},"query-input":{"@type":"PropertyValueSpecification","valueRequired":true,"valueName":"search_term_string"}}],"inLanguage":"pt-PT"},{"@type":"Person","@id":"https:\/\/www.altominho.tv\/site\/#\/schema\/person\/4e536851627d7914baf3dac752b6af22","name":"Altominho.tv","image":{"@type":"ImageObject","inLanguage":"pt-PT","@id":"https:\/\/www.altominho.tv\/site\/wp-content\/uploads\/2019\/11\/Logo_Avatar_2-150x150.jpg","url":"https:\/\/www.altominho.tv\/site\/wp-content\/uploads\/2019\/11\/Logo_Avatar_2-150x150.jpg","contentUrl":"https:\/\/www.altominho.tv\/site\/wp-content\/uploads\/2019\/11\/Logo_Avatar_2-150x150.jpg","caption":"Altominho.tv"},"url":"https:\/\/www.altominho.tv\/site\/author\/altominhotv-tecnico\/"}]}},"_links":{"self":[{"href":"https:\/\/www.altominho.tv\/site\/wp-json\/wp\/v2\/posts\/114874","targetHints":{"allow":["GET"]}}],"collection":[{"href":"https:\/\/www.altominho.tv\/site\/wp-json\/wp\/v2\/posts"}],"about":[{"href":"https:\/\/www.altominho.tv\/site\/wp-json\/wp\/v2\/types\/post"}],"author":[{"embeddable":true,"href":"https:\/\/www.altominho.tv\/site\/wp-json\/wp\/v2\/users\/1"}],"replies":[{"embeddable":true,"href":"https:\/\/www.altominho.tv\/site\/wp-json\/wp\/v2\/comments?post=114874"}],"version-history":[{"count":1,"href":"https:\/\/www.altominho.tv\/site\/wp-json\/wp\/v2\/posts\/114874\/revisions"}],"predecessor-version":[{"id":114875,"href":"https:\/\/www.altominho.tv\/site\/wp-json\/wp\/v2\/posts\/114874\/revisions\/114875"}],"wp:featuredmedia":[{"embeddable":true,"href":"https:\/\/www.altominho.tv\/site\/wp-json\/wp\/v2\/media\/112117"}],"wp:attachment":[{"href":"https:\/\/www.altominho.tv\/site\/wp-json\/wp\/v2\/media?parent=114874"}],"wp:term":[{"taxonomy":"category","embeddable":true,"href":"https:\/\/www.altominho.tv\/site\/wp-json\/wp\/v2\/categories?post=114874"},{"taxonomy":"post_tag","embeddable":true,"href":"https:\/\/www.altominho.tv\/site\/wp-json\/wp\/v2\/tags?post=114874"}],"curies":[{"name":"wp","href":"https:\/\/api.w.org\/{rel}","templated":true}]}}