{"id":114865,"date":"2025-02-13T16:12:22","date_gmt":"2025-02-13T16:12:22","guid":{"rendered":"https:\/\/www.altominho.tv\/site\/?p=114865"},"modified":"2025-02-13T16:12:50","modified_gmt":"2025-02-13T16:12:50","slug":"aprovado-voto-de-pesar-pelo-falecimento-de-ze-carvalhal","status":"publish","type":"post","link":"https:\/\/www.altominho.tv\/site\/2025\/02\/13\/aprovado-voto-de-pesar-pelo-falecimento-de-ze-carvalhal\/","title":{"rendered":"Aprovado voto de pesar pelo falecimento de Z\u00e9 Carvalhal"},"content":{"rendered":"<p><span data-ccp-props=\"{}\">\u00a0<\/span><span data-contrast=\"auto\">Foi hoje aprovado de forma un\u00e2nime, em reuni\u00e3o de C\u00e2mara, um voto de pesar pelo falecimento de Jos\u00e9 Fernandes Antunes, mais conhecido como Z\u00e9 Carvalhal, apresentado pelo Presidente da C\u00e2mara Municipal de Ponte da Barca, Augusto Marinho.<\/span><\/p>\n<p><span data-contrast=\"auto\">&#8220;Figura m\u00edtica do nosso concelho, Z\u00e9 Carvalhal era amplamente reconhecido pela sua forte liga\u00e7\u00e3o \u00e0 freguesia da Ermida, onde residia e tamb\u00e9m foi propriet\u00e1rio do \u00fanico estabelecimento comercial da localidade. Sua arte e talento como tocador de concertina e cantador ao desafio conquistaram o carinho de todos, n\u00e3o apenas no nosso concelho, mas em toda a regi\u00e3o, sendo respons\u00e1vel por gravar 9 discos ao longo de sua vida. Apesar das dificuldades de vis\u00e3o, nunca deixou que isso limitasse o seu dom, e sempre manteve viva a cultura e tradi\u00e7\u00e3o de Ponte da Barca com a sua simpatia e carisma inconfund\u00edveis&#8221;, frisa a autarquia em comunicado.<\/span><\/p>\n<p><span data-contrast=\"auto\">&#8220;A C\u00e2mara Municipal de Ponte da Barca presta homenagem \u00e0 sua mem\u00f3ria, reconhecendo o valioso contributo de Z\u00e9 Carvalhal para a afirma\u00e7\u00e3o do nome da nossa terra&#8221;, acrescenta.<\/span><\/p>\n<p><span data-ccp-props=\"{}\">\u00a0<\/span><\/p>\n","protected":false},"excerpt":{"rendered":"<p>\u00a0Foi hoje aprovado de forma un\u00e2nime, em reuni\u00e3o de C\u00e2mara, um voto de pesar pelo falecimento de Jos\u00e9 Fernandes Antunes, mais conhecido como Z\u00e9 Carvalhal, apresentado pelo Presidente da C\u00e2mara Municipal de Ponte da Barca, Augusto Marinho. &#8220;Figura m\u00edtica do nosso concelho, Z\u00e9 Carvalhal era amplamente reconhecido pela sua forte liga\u00e7\u00e3o \u00e0 freguesia da Ermida, [&hellip;]<\/p>\n","protected":false},"author":1,"featured_media":114866,"comment_status":"closed","ping_status":"closed","sticky":false,"template":"","format":"standard","meta":{"_exactmetrics_skip_tracking":false,"_exactmetrics_sitenote_active":false,"_exactmetrics_sitenote_note":"","_exactmetrics_sitenote_category":0,"footnotes":""},"categories":[11],"tags":[23],"class_list":["post-114865","post","type-post","status-publish","format-standard","has-post-thumbnail","hentry","category-ponte-da-barca","tag-gente"],"yoast_head":"<!-- This site is optimized with the Yoast SEO Premium plugin v27.5 (Yoast SEO v27.5) - https:\/\/yoast.com\/product\/yoast-seo-premium-wordpress\/ -->\n<title>Aprovado voto de pesar pelo falecimento de Z\u00e9 Carvalhal<\/title>\n<meta name=\"description\" content=\"Foi hoje aprovado de forma un\u00e2nime, em reuni\u00e3o de C\u00e2mara, um voto de pesar pelo falecimento de Jos\u00e9 Fernandes Antunes, mais conhecido como Z\u00e9 Carvalhal.\" \/>\n<meta name=\"robots\" content=\"index, follow, max-snippet:-1, max-image-preview:large, max-video-preview:-1\" \/>\n<link rel=\"canonical\" href=\"https:\/\/www.altominho.tv\/site\/2025\/02\/13\/aprovado-voto-de-pesar-pelo-falecimento-de-ze-carvalhal\/\" \/>\n<meta property=\"og:locale\" content=\"pt_PT\" \/>\n<meta property=\"og:type\" content=\"article\" \/>\n<meta property=\"og:title\" content=\"Aprovado voto de pesar pelo falecimento de Z\u00e9 Carvalhal\" \/>\n<meta property=\"og:description\" content=\"Foi hoje aprovado de forma un\u00e2nime, em reuni\u00e3o de C\u00e2mara, um voto de pesar pelo falecimento de Jos\u00e9 Fernandes Antunes, mais conhecido como Z\u00e9 Carvalhal.\" \/>\n<meta property=\"og:url\" content=\"https:\/\/www.altominho.tv\/site\/2025\/02\/13\/aprovado-voto-de-pesar-pelo-falecimento-de-ze-carvalhal\/\" \/>\n<meta property=\"og:site_name\" content=\"Altominho.tv\" \/>\n<meta property=\"article:publisher\" content=\"https:\/\/www.facebook.com\/altominhotv\" \/>\n<meta property=\"article:published_time\" content=\"2025-02-13T16:12:22+00:00\" \/>\n<meta property=\"article:modified_time\" content=\"2025-02-13T16:12:50+00:00\" \/>\n<meta property=\"og:image\" content=\"https:\/\/www.altominho.tv\/site\/wp-content\/uploads\/2025\/02\/Ze-Carvalhal-da-Ermida-Ponte-da-Barca.png\" \/>\n\t<meta property=\"og:image:width\" content=\"1200\" \/>\n\t<meta property=\"og:image:height\" content=\"630\" \/>\n\t<meta property=\"og:image:type\" content=\"image\/png\" \/>\n<meta name=\"author\" content=\"Altominho.tv\" \/>\n<meta name=\"twitter:card\" content=\"summary_large_image\" \/>\n<meta name=\"twitter:creator\" content=\"@altominhoTV\" \/>\n<meta name=\"twitter:site\" content=\"@altominhoTV\" \/>\n<meta name=\"twitter:label1\" content=\"Escrito por\" \/>\n\t<meta name=\"twitter:data1\" content=\"Altominho.tv\" \/>\n\t<meta name=\"twitter:label2\" content=\"Tempo estimado de leitura\" \/>\n\t<meta name=\"twitter:data2\" content=\"2 minutos\" \/>\n<script type=\"application\/ld+json\" class=\"yoast-schema-graph\">{\"@context\":\"https:\\\/\\\/schema.org\",\"@graph\":[{\"@type\":\"Article\",\"@id\":\"https:\\\/\\\/www.altominho.tv\\\/site\\\/2025\\\/02\\\/13\\\/aprovado-voto-de-pesar-pelo-falecimento-de-ze-carvalhal\\\/#article\",\"isPartOf\":{\"@id\":\"https:\\\/\\\/www.altominho.tv\\\/site\\\/2025\\\/02\\\/13\\\/aprovado-voto-de-pesar-pelo-falecimento-de-ze-carvalhal\\\/\"},\"author\":{\"name\":\"Altominho.tv\",\"@id\":\"https:\\\/\\\/www.altominho.tv\\\/site\\\/#\\\/schema\\\/person\\\/4e536851627d7914baf3dac752b6af22\"},\"headline\":\"Aprovado voto de pesar pelo falecimento de Z\u00e9 Carvalhal\",\"datePublished\":\"2025-02-13T16:12:22+00:00\",\"dateModified\":\"2025-02-13T16:12:50+00:00\",\"mainEntityOfPage\":{\"@id\":\"https:\\\/\\\/www.altominho.tv\\\/site\\\/2025\\\/02\\\/13\\\/aprovado-voto-de-pesar-pelo-falecimento-de-ze-carvalhal\\\/\"},\"wordCount\":193,\"image\":{\"@id\":\"https:\\\/\\\/www.altominho.tv\\\/site\\\/2025\\\/02\\\/13\\\/aprovado-voto-de-pesar-pelo-falecimento-de-ze-carvalhal\\\/#primaryimage\"},\"thumbnailUrl\":\"https:\\\/\\\/www.altominho.tv\\\/site\\\/wp-content\\\/uploads\\\/2025\\\/02\\\/Ze-Carvalhal-da-Ermida-Ponte-da-Barca.png\",\"keywords\":[\"Gente\"],\"articleSection\":[\"Ponte da Barca\"],\"inLanguage\":\"pt-PT\",\"copyrightYear\":\"2025\",\"copyrightHolder\":{\"@id\":\"https:\\\/\\\/www.altominho.tv\\\/site\\\/#organization\"}},{\"@type\":\"WebPage\",\"@id\":\"https:\\\/\\\/www.altominho.tv\\\/site\\\/2025\\\/02\\\/13\\\/aprovado-voto-de-pesar-pelo-falecimento-de-ze-carvalhal\\\/\",\"url\":\"https:\\\/\\\/www.altominho.tv\\\/site\\\/2025\\\/02\\\/13\\\/aprovado-voto-de-pesar-pelo-falecimento-de-ze-carvalhal\\\/\",\"name\":\"Aprovado voto de pesar pelo falecimento de Z\u00e9 Carvalhal\",\"isPartOf\":{\"@id\":\"https:\\\/\\\/www.altominho.tv\\\/site\\\/#website\"},\"primaryImageOfPage\":{\"@id\":\"https:\\\/\\\/www.altominho.tv\\\/site\\\/2025\\\/02\\\/13\\\/aprovado-voto-de-pesar-pelo-falecimento-de-ze-carvalhal\\\/#primaryimage\"},\"image\":{\"@id\":\"https:\\\/\\\/www.altominho.tv\\\/site\\\/2025\\\/02\\\/13\\\/aprovado-voto-de-pesar-pelo-falecimento-de-ze-carvalhal\\\/#primaryimage\"},\"thumbnailUrl\":\"https:\\\/\\\/www.altominho.tv\\\/site\\\/wp-content\\\/uploads\\\/2025\\\/02\\\/Ze-Carvalhal-da-Ermida-Ponte-da-Barca.png\",\"datePublished\":\"2025-02-13T16:12:22+00:00\",\"dateModified\":\"2025-02-13T16:12:50+00:00\",\"author\":{\"@id\":\"https:\\\/\\\/www.altominho.tv\\\/site\\\/#\\\/schema\\\/person\\\/4e536851627d7914baf3dac752b6af22\"},\"description\":\"Foi hoje aprovado de forma un\u00e2nime, em reuni\u00e3o de C\u00e2mara, um voto de pesar pelo falecimento de Jos\u00e9 Fernandes Antunes, mais conhecido como Z\u00e9 Carvalhal.\",\"breadcrumb\":{\"@id\":\"https:\\\/\\\/www.altominho.tv\\\/site\\\/2025\\\/02\\\/13\\\/aprovado-voto-de-pesar-pelo-falecimento-de-ze-carvalhal\\\/#breadcrumb\"},\"inLanguage\":\"pt-PT\",\"potentialAction\":[{\"@type\":\"ReadAction\",\"target\":[\"https:\\\/\\\/www.altominho.tv\\\/site\\\/2025\\\/02\\\/13\\\/aprovado-voto-de-pesar-pelo-falecimento-de-ze-carvalhal\\\/\"]}]},{\"@type\":\"ImageObject\",\"inLanguage\":\"pt-PT\",\"@id\":\"https:\\\/\\\/www.altominho.tv\\\/site\\\/2025\\\/02\\\/13\\\/aprovado-voto-de-pesar-pelo-falecimento-de-ze-carvalhal\\\/#primaryimage\",\"url\":\"https:\\\/\\\/www.altominho.tv\\\/site\\\/wp-content\\\/uploads\\\/2025\\\/02\\\/Ze-Carvalhal-da-Ermida-Ponte-da-Barca.png\",\"contentUrl\":\"https:\\\/\\\/www.altominho.tv\\\/site\\\/wp-content\\\/uploads\\\/2025\\\/02\\\/Ze-Carvalhal-da-Ermida-Ponte-da-Barca.png\",\"width\":1200,\"height\":630},{\"@type\":\"BreadcrumbList\",\"@id\":\"https:\\\/\\\/www.altominho.tv\\\/site\\\/2025\\\/02\\\/13\\\/aprovado-voto-de-pesar-pelo-falecimento-de-ze-carvalhal\\\/#breadcrumb\",\"itemListElement\":[{\"@type\":\"ListItem\",\"position\":1,\"name\":\"In\u00edcio\",\"item\":\"https:\\\/\\\/www.altominho.tv\\\/site\\\/\"},{\"@type\":\"ListItem\",\"position\":2,\"name\":\"Aprovado voto de pesar pelo falecimento de Z\u00e9 Carvalhal\"}]},{\"@type\":\"WebSite\",\"@id\":\"https:\\\/\\\/www.altominho.tv\\\/site\\\/#website\",\"url\":\"https:\\\/\\\/www.altominho.tv\\\/site\\\/\",\"name\":\"Altominho.tv\",\"description\":\"A sua regi\u00e3o \u00e0 dist\u00e2ncia de um clique...\",\"potentialAction\":[{\"@type\":\"SearchAction\",\"target\":{\"@type\":\"EntryPoint\",\"urlTemplate\":\"https:\\\/\\\/www.altominho.tv\\\/site\\\/?s={search_term_string}\"},\"query-input\":{\"@type\":\"PropertyValueSpecification\",\"valueRequired\":true,\"valueName\":\"search_term_string\"}}],\"inLanguage\":\"pt-PT\"},{\"@type\":\"Person\",\"@id\":\"https:\\\/\\\/www.altominho.tv\\\/site\\\/#\\\/schema\\\/person\\\/4e536851627d7914baf3dac752b6af22\",\"name\":\"Altominho.tv\",\"image\":{\"@type\":\"ImageObject\",\"inLanguage\":\"pt-PT\",\"@id\":\"https:\\\/\\\/www.altominho.tv\\\/site\\\/wp-content\\\/uploads\\\/2019\\\/11\\\/Logo_Avatar_2-150x150.jpg\",\"url\":\"https:\\\/\\\/www.altominho.tv\\\/site\\\/wp-content\\\/uploads\\\/2019\\\/11\\\/Logo_Avatar_2-150x150.jpg\",\"contentUrl\":\"https:\\\/\\\/www.altominho.tv\\\/site\\\/wp-content\\\/uploads\\\/2019\\\/11\\\/Logo_Avatar_2-150x150.jpg\",\"caption\":\"Altominho.tv\"},\"url\":\"https:\\\/\\\/www.altominho.tv\\\/site\\\/author\\\/altominhotv-tecnico\\\/\"}]}<\/script>\n<!-- \/ Yoast SEO Premium plugin. -->","yoast_head_json":{"title":"Aprovado voto de pesar pelo falecimento de Z\u00e9 Carvalhal","description":"Foi hoje aprovado de forma un\u00e2nime, em reuni\u00e3o de C\u00e2mara, um voto de pesar pelo falecimento de Jos\u00e9 Fernandes Antunes, mais conhecido como Z\u00e9 Carvalhal.","robots":{"index":"index","follow":"follow","max-snippet":"max-snippet:-1","max-image-preview":"max-image-preview:large","max-video-preview":"max-video-preview:-1"},"canonical":"https:\/\/www.altominho.tv\/site\/2025\/02\/13\/aprovado-voto-de-pesar-pelo-falecimento-de-ze-carvalhal\/","og_locale":"pt_PT","og_type":"article","og_title":"Aprovado voto de pesar pelo falecimento de Z\u00e9 Carvalhal","og_description":"Foi hoje aprovado de forma un\u00e2nime, em reuni\u00e3o de C\u00e2mara, um voto de pesar pelo falecimento de Jos\u00e9 Fernandes Antunes, mais conhecido como Z\u00e9 Carvalhal.","og_url":"https:\/\/www.altominho.tv\/site\/2025\/02\/13\/aprovado-voto-de-pesar-pelo-falecimento-de-ze-carvalhal\/","og_site_name":"Altominho.tv","article_publisher":"https:\/\/www.facebook.com\/altominhotv","article_published_time":"2025-02-13T16:12:22+00:00","article_modified_time":"2025-02-13T16:12:50+00:00","og_image":[{"width":1200,"height":630,"url":"https:\/\/www.altominho.tv\/site\/wp-content\/uploads\/2025\/02\/Ze-Carvalhal-da-Ermida-Ponte-da-Barca.png","type":"image\/png"}],"author":"Altominho.tv","twitter_card":"summary_large_image","twitter_creator":"@altominhoTV","twitter_site":"@altominhoTV","twitter_misc":{"Escrito por":"Altominho.tv","Tempo estimado de leitura":"2 minutos"},"schema":{"@context":"https:\/\/schema.org","@graph":[{"@type":"Article","@id":"https:\/\/www.altominho.tv\/site\/2025\/02\/13\/aprovado-voto-de-pesar-pelo-falecimento-de-ze-carvalhal\/#article","isPartOf":{"@id":"https:\/\/www.altominho.tv\/site\/2025\/02\/13\/aprovado-voto-de-pesar-pelo-falecimento-de-ze-carvalhal\/"},"author":{"name":"Altominho.tv","@id":"https:\/\/www.altominho.tv\/site\/#\/schema\/person\/4e536851627d7914baf3dac752b6af22"},"headline":"Aprovado voto de pesar pelo falecimento de Z\u00e9 Carvalhal","datePublished":"2025-02-13T16:12:22+00:00","dateModified":"2025-02-13T16:12:50+00:00","mainEntityOfPage":{"@id":"https:\/\/www.altominho.tv\/site\/2025\/02\/13\/aprovado-voto-de-pesar-pelo-falecimento-de-ze-carvalhal\/"},"wordCount":193,"image":{"@id":"https:\/\/www.altominho.tv\/site\/2025\/02\/13\/aprovado-voto-de-pesar-pelo-falecimento-de-ze-carvalhal\/#primaryimage"},"thumbnailUrl":"https:\/\/www.altominho.tv\/site\/wp-content\/uploads\/2025\/02\/Ze-Carvalhal-da-Ermida-Ponte-da-Barca.png","keywords":["Gente"],"articleSection":["Ponte da Barca"],"inLanguage":"pt-PT","copyrightYear":"2025","copyrightHolder":{"@id":"https:\/\/www.altominho.tv\/site\/#organization"}},{"@type":"WebPage","@id":"https:\/\/www.altominho.tv\/site\/2025\/02\/13\/aprovado-voto-de-pesar-pelo-falecimento-de-ze-carvalhal\/","url":"https:\/\/www.altominho.tv\/site\/2025\/02\/13\/aprovado-voto-de-pesar-pelo-falecimento-de-ze-carvalhal\/","name":"Aprovado voto de pesar pelo falecimento de Z\u00e9 Carvalhal","isPartOf":{"@id":"https:\/\/www.altominho.tv\/site\/#website"},"primaryImageOfPage":{"@id":"https:\/\/www.altominho.tv\/site\/2025\/02\/13\/aprovado-voto-de-pesar-pelo-falecimento-de-ze-carvalhal\/#primaryimage"},"image":{"@id":"https:\/\/www.altominho.tv\/site\/2025\/02\/13\/aprovado-voto-de-pesar-pelo-falecimento-de-ze-carvalhal\/#primaryimage"},"thumbnailUrl":"https:\/\/www.altominho.tv\/site\/wp-content\/uploads\/2025\/02\/Ze-Carvalhal-da-Ermida-Ponte-da-Barca.png","datePublished":"2025-02-13T16:12:22+00:00","dateModified":"2025-02-13T16:12:50+00:00","author":{"@id":"https:\/\/www.altominho.tv\/site\/#\/schema\/person\/4e536851627d7914baf3dac752b6af22"},"description":"Foi hoje aprovado de forma un\u00e2nime, em reuni\u00e3o de C\u00e2mara, um voto de pesar pelo falecimento de Jos\u00e9 Fernandes Antunes, mais conhecido como Z\u00e9 Carvalhal.","breadcrumb":{"@id":"https:\/\/www.altominho.tv\/site\/2025\/02\/13\/aprovado-voto-de-pesar-pelo-falecimento-de-ze-carvalhal\/#breadcrumb"},"inLanguage":"pt-PT","potentialAction":[{"@type":"ReadAction","target":["https:\/\/www.altominho.tv\/site\/2025\/02\/13\/aprovado-voto-de-pesar-pelo-falecimento-de-ze-carvalhal\/"]}]},{"@type":"ImageObject","inLanguage":"pt-PT","@id":"https:\/\/www.altominho.tv\/site\/2025\/02\/13\/aprovado-voto-de-pesar-pelo-falecimento-de-ze-carvalhal\/#primaryimage","url":"https:\/\/www.altominho.tv\/site\/wp-content\/uploads\/2025\/02\/Ze-Carvalhal-da-Ermida-Ponte-da-Barca.png","contentUrl":"https:\/\/www.altominho.tv\/site\/wp-content\/uploads\/2025\/02\/Ze-Carvalhal-da-Ermida-Ponte-da-Barca.png","width":1200,"height":630},{"@type":"BreadcrumbList","@id":"https:\/\/www.altominho.tv\/site\/2025\/02\/13\/aprovado-voto-de-pesar-pelo-falecimento-de-ze-carvalhal\/#breadcrumb","itemListElement":[{"@type":"ListItem","position":1,"name":"In\u00edcio","item":"https:\/\/www.altominho.tv\/site\/"},{"@type":"ListItem","position":2,"name":"Aprovado voto de pesar pelo falecimento de Z\u00e9 Carvalhal"}]},{"@type":"WebSite","@id":"https:\/\/www.altominho.tv\/site\/#website","url":"https:\/\/www.altominho.tv\/site\/","name":"Altominho.tv","description":"A sua regi\u00e3o \u00e0 dist\u00e2ncia de um clique...","potentialAction":[{"@type":"SearchAction","target":{"@type":"EntryPoint","urlTemplate":"https:\/\/www.altominho.tv\/site\/?s={search_term_string}"},"query-input":{"@type":"PropertyValueSpecification","valueRequired":true,"valueName":"search_term_string"}}],"inLanguage":"pt-PT"},{"@type":"Person","@id":"https:\/\/www.altominho.tv\/site\/#\/schema\/person\/4e536851627d7914baf3dac752b6af22","name":"Altominho.tv","image":{"@type":"ImageObject","inLanguage":"pt-PT","@id":"https:\/\/www.altominho.tv\/site\/wp-content\/uploads\/2019\/11\/Logo_Avatar_2-150x150.jpg","url":"https:\/\/www.altominho.tv\/site\/wp-content\/uploads\/2019\/11\/Logo_Avatar_2-150x150.jpg","contentUrl":"https:\/\/www.altominho.tv\/site\/wp-content\/uploads\/2019\/11\/Logo_Avatar_2-150x150.jpg","caption":"Altominho.tv"},"url":"https:\/\/www.altominho.tv\/site\/author\/altominhotv-tecnico\/"}]}},"_links":{"self":[{"href":"https:\/\/www.altominho.tv\/site\/wp-json\/wp\/v2\/posts\/114865","targetHints":{"allow":["GET"]}}],"collection":[{"href":"https:\/\/www.altominho.tv\/site\/wp-json\/wp\/v2\/posts"}],"about":[{"href":"https:\/\/www.altominho.tv\/site\/wp-json\/wp\/v2\/types\/post"}],"author":[{"embeddable":true,"href":"https:\/\/www.altominho.tv\/site\/wp-json\/wp\/v2\/users\/1"}],"replies":[{"embeddable":true,"href":"https:\/\/www.altominho.tv\/site\/wp-json\/wp\/v2\/comments?post=114865"}],"version-history":[{"count":2,"href":"https:\/\/www.altominho.tv\/site\/wp-json\/wp\/v2\/posts\/114865\/revisions"}],"predecessor-version":[{"id":114869,"href":"https:\/\/www.altominho.tv\/site\/wp-json\/wp\/v2\/posts\/114865\/revisions\/114869"}],"wp:featuredmedia":[{"embeddable":true,"href":"https:\/\/www.altominho.tv\/site\/wp-json\/wp\/v2\/media\/114866"}],"wp:attachment":[{"href":"https:\/\/www.altominho.tv\/site\/wp-json\/wp\/v2\/media?parent=114865"}],"wp:term":[{"taxonomy":"category","embeddable":true,"href":"https:\/\/www.altominho.tv\/site\/wp-json\/wp\/v2\/categories?post=114865"},{"taxonomy":"post_tag","embeddable":true,"href":"https:\/\/www.altominho.tv\/site\/wp-json\/wp\/v2\/tags?post=114865"}],"curies":[{"name":"wp","href":"https:\/\/api.w.org\/{rel}","templated":true}]}}