{"id":114856,"date":"2025-02-13T12:09:42","date_gmt":"2025-02-13T12:09:42","guid":{"rendered":"https:\/\/www.altominho.tv\/site\/?p=114856"},"modified":"2025-02-13T12:09:44","modified_gmt":"2025-02-13T12:09:44","slug":"uniao-de-freguesias-em-ponte-de-lima-descontente-com-veto-do-pr-a-desagregacao","status":"publish","type":"post","link":"https:\/\/www.altominho.tv\/site\/2025\/02\/13\/uniao-de-freguesias-em-ponte-de-lima-descontente-com-veto-do-pr-a-desagregacao\/","title":{"rendered":"Uni\u00e3o de Freguesias em Ponte de Lima descontente com veto do PR \u00e0 desagrega\u00e7\u00e3o"},"content":{"rendered":"<p>O presidente da Uni\u00e3o de Freguesias de Gaifar, Sandi\u00e3es e Vilar das Almas, em Ponte de Lima, manifestou-se hoje descontente com o veto do Presidente da Rep\u00fablica \u00e0 desagrega\u00e7\u00e3o, mas disse acreditar que as popula\u00e7\u00f5es n\u00e3o v\u00e3o desistir.<\/p>\n<p>\u201cEstou descontente, pois claro. Depois de tanto trabalho, de tantos processos para chegar ao fim e ficar em \u00e1guas turvas\u201d, afirmou o autarca, Michel Magalh\u00e3es.<\/p>\n<p>O Presidente da Rep\u00fablica, Marcelo Rebelo de Sousa, vetou na quarta-feira o decreto do parlamento que desagrega 135 uni\u00f5es de freguesias, repondo 302 destas autarquias locais, colocando d\u00favidas sobre a transpar\u00eancia do processo e a capacidade de aplica\u00e7\u00e3o do novo mapa.<\/p>\n<p>Michel Magalh\u00e3es disse estar confiante que \u201cn\u00e3o se vai perder todo o trabalho que se andou a fazer\u201d e que no futuro a desagrega\u00e7\u00e3o de freguesias vai-se concretizar.<\/p>\n<p>\u201cPode perder-se at\u00e9 \u00e0s elei\u00e7\u00f5es aut\u00e1rquicas deste ano. Se n\u00e3o for nestas elei\u00e7\u00f5es ser\u00e1 nas pr\u00f3ximas. As coisas t\u00eam de andar. N\u00e3o faz sentido. As raz\u00f5es do veto n\u00e3o t\u00eam p\u00e9s nem cabe\u00e7a. De certeza que as pessoas v\u00e3o reclamar e fazer press\u00e3o para continuar\u201d, afirmou.<\/p>\n<p>O autarca do CDS admitiu que \u201cn\u00e3o estava \u00e0 espera\u201d do veto de Marcelo Rebelo de Sousa.<\/p>\n<p>\u201cSe passou tudo at\u00e9 agora, nunca pensei que o Presidente da Rep\u00fablica ia vetar\u201d, sustentou.<\/p>\n<p>O parlamento aprovou em 17 de janeiro a reposi\u00e7\u00e3o de 302 freguesias por desagrega\u00e7\u00e3o de 135 uni\u00f5es de freguesias criadas pela reforma administrativa de 2013.<\/p>\n<p>O Projeto de Lei teve os votos a favor dos proponentes PSD, PS, BE, PCP, Livre e PAN, e ainda do CDS-PP, o voto contra da Iniciativa Liberal e a absten\u00e7\u00e3o do Chega.<\/p>\n<p>Numa nota publicada na quarta-feira no site oficial da Presid\u00eancia da Rep\u00fablica na Internet, Marcelo Rebelo de Sousa questiona &#8220;a capacidade para aplicar as consequ\u00eancias do novo mapa j\u00e1 \u00e0s elei\u00e7\u00f5es aut\u00e1rquicas de setembro ou outubro deste ano, daqui a pouco mais de seis meses&#8221; e afirma que esta foi a quest\u00e3o &#8220;decisiva&#8221; para o seu veto.<\/p>\n<p>O chefe de Estado aponta &#8220;a falta de compreens\u00e3o ou transpar\u00eancia p\u00fablica do processo legislativo&#8221; e considera que a desagrega\u00e7\u00e3o de freguesias determinada por este decreto \u00e9 &#8220;contradit\u00f3ria com a linha dominante, inspirada pelas institui\u00e7\u00f5es europeias&#8221;.<\/p>\n<p>Marcelo Rebelo de Sousa lembrou ainda que o parlamento pode confirmar o decreto.<br \/>\nCaso a Assembleia da Rep\u00fablica confirme o texto do diploma por maioria absoluta dos deputados em fun\u00e7\u00f5es, o Presidente da Rep\u00fablica tem, obrigatoriamente, de promulgar o diploma no prazo de oito dias a contar da sua rece\u00e7\u00e3o (artigo n.\u00ba 136 da Constitui\u00e7\u00e3o da Rep\u00fablica Portuguesa).<\/p>\n<p>A reforma administrativa de 2013 reduziu 1.168 freguesias do continente, de 4.260 para as atuais 3.092, por imposi\u00e7\u00e3o da \u2018troika\u2019 em 2012.<\/p>\n","protected":false},"excerpt":{"rendered":"<p>O presidente da Uni\u00e3o de Freguesias de Gaifar, Sandi\u00e3es e Vilar das Almas, em Ponte de Lima, manifestou-se hoje descontente com o veto do Presidente da Rep\u00fablica \u00e0 desagrega\u00e7\u00e3o, mas disse acreditar que as popula\u00e7\u00f5es n\u00e3o v\u00e3o desistir. \u201cEstou descontente, pois claro. Depois de tanto trabalho, de tantos processos para chegar ao fim e ficar [&hellip;]<\/p>\n","protected":false},"author":13,"featured_media":112422,"comment_status":"closed","ping_status":"closed","sticky":false,"template":"","format":"standard","meta":{"_exactmetrics_skip_tracking":false,"_exactmetrics_sitenote_active":false,"_exactmetrics_sitenote_note":"","_exactmetrics_sitenote_category":0,"footnotes":""},"categories":[12],"tags":[27],"class_list":["post-114856","post","type-post","status-publish","format-standard","has-post-thumbnail","hentry","category-ponte-de-lima","tag-sociedade"],"yoast_head":"<!-- This site is optimized with the Yoast SEO Premium plugin v27.5 (Yoast SEO v27.5) - https:\/\/yoast.com\/product\/yoast-seo-premium-wordpress\/ -->\n<title>Uni\u00e3o de Freguesias em Ponte de Lima descontente com veto do PR \u00e0 desagrega\u00e7\u00e3o<\/title>\n<meta name=\"description\" content=\"O presidente da Uni\u00e3o de Freguesias de Gaifar, Sandi\u00e3es e Vilar das Almas, em Ponte de Lima, manifestou-se hoje descontente com o veto do Presidente da Rep\u00fablica \u00e0 desagrega\u00e7\u00e3o, mas disse acreditar que as popula\u00e7\u00f5es n\u00e3o v\u00e3o desistir.\" \/>\n<meta name=\"robots\" content=\"index, follow, max-snippet:-1, max-image-preview:large, max-video-preview:-1\" \/>\n<link rel=\"canonical\" href=\"https:\/\/www.altominho.tv\/site\/2025\/02\/13\/uniao-de-freguesias-em-ponte-de-lima-descontente-com-veto-do-pr-a-desagregacao\/\" \/>\n<meta property=\"og:locale\" content=\"pt_PT\" \/>\n<meta property=\"og:type\" content=\"article\" \/>\n<meta property=\"og:title\" content=\"Uni\u00e3o de Freguesias em Ponte de Lima descontente com veto do PR \u00e0 desagrega\u00e7\u00e3o\" \/>\n<meta property=\"og:description\" content=\"O presidente da Uni\u00e3o de Freguesias de Gaifar, Sandi\u00e3es e Vilar das Almas, em Ponte de Lima, manifestou-se hoje descontente com o veto do Presidente da Rep\u00fablica \u00e0 desagrega\u00e7\u00e3o, mas disse acreditar que as popula\u00e7\u00f5es n\u00e3o v\u00e3o desistir.\" \/>\n<meta property=\"og:url\" content=\"https:\/\/www.altominho.tv\/site\/2025\/02\/13\/uniao-de-freguesias-em-ponte-de-lima-descontente-com-veto-do-pr-a-desagregacao\/\" \/>\n<meta property=\"og:site_name\" content=\"Altominho.tv\" \/>\n<meta property=\"article:publisher\" content=\"https:\/\/www.facebook.com\/altominhotv\" \/>\n<meta property=\"article:published_time\" content=\"2025-02-13T12:09:42+00:00\" \/>\n<meta property=\"article:modified_time\" content=\"2025-02-13T12:09:44+00:00\" \/>\n<meta property=\"og:image\" content=\"https:\/\/www.altominho.tv\/site\/wp-content\/uploads\/2024\/11\/Design-sem-nome-33.jpg\" \/>\n\t<meta property=\"og:image:width\" content=\"1920\" \/>\n\t<meta property=\"og:image:height\" content=\"1080\" \/>\n\t<meta property=\"og:image:type\" content=\"image\/jpeg\" \/>\n<meta name=\"author\" content=\"Lusa\" \/>\n<meta name=\"twitter:card\" content=\"summary_large_image\" \/>\n<meta name=\"twitter:creator\" content=\"@altominhoTV\" \/>\n<meta name=\"twitter:site\" content=\"@altominhoTV\" \/>\n<meta name=\"twitter:label1\" content=\"Escrito por\" \/>\n\t<meta name=\"twitter:data1\" content=\"Lusa\" \/>\n\t<meta name=\"twitter:label2\" content=\"Tempo estimado de leitura\" \/>\n\t<meta name=\"twitter:data2\" content=\"3 minutos\" \/>\n<script type=\"application\/ld+json\" class=\"yoast-schema-graph\">{\"@context\":\"https:\\\/\\\/schema.org\",\"@graph\":[{\"@type\":\"Article\",\"@id\":\"https:\\\/\\\/www.altominho.tv\\\/site\\\/2025\\\/02\\\/13\\\/uniao-de-freguesias-em-ponte-de-lima-descontente-com-veto-do-pr-a-desagregacao\\\/#article\",\"isPartOf\":{\"@id\":\"https:\\\/\\\/www.altominho.tv\\\/site\\\/2025\\\/02\\\/13\\\/uniao-de-freguesias-em-ponte-de-lima-descontente-com-veto-do-pr-a-desagregacao\\\/\"},\"author\":{\"name\":\"Lusa\",\"@id\":\"https:\\\/\\\/www.altominho.tv\\\/site\\\/#\\\/schema\\\/person\\\/63f693da3e1899361cbe955c46f3232e\"},\"headline\":\"Uni\u00e3o de Freguesias em Ponte de Lima descontente com veto do PR \u00e0 desagrega\u00e7\u00e3o\",\"datePublished\":\"2025-02-13T12:09:42+00:00\",\"dateModified\":\"2025-02-13T12:09:44+00:00\",\"mainEntityOfPage\":{\"@id\":\"https:\\\/\\\/www.altominho.tv\\\/site\\\/2025\\\/02\\\/13\\\/uniao-de-freguesias-em-ponte-de-lima-descontente-com-veto-do-pr-a-desagregacao\\\/\"},\"wordCount\":496,\"image\":{\"@id\":\"https:\\\/\\\/www.altominho.tv\\\/site\\\/2025\\\/02\\\/13\\\/uniao-de-freguesias-em-ponte-de-lima-descontente-com-veto-do-pr-a-desagregacao\\\/#primaryimage\"},\"thumbnailUrl\":\"https:\\\/\\\/www.altominho.tv\\\/site\\\/wp-content\\\/uploads\\\/2024\\\/11\\\/Design-sem-nome-33.jpg\",\"keywords\":[\"Sociedade\"],\"articleSection\":[\"Ponte de Lima\"],\"inLanguage\":\"pt-PT\",\"copyrightYear\":\"2025\",\"copyrightHolder\":{\"@id\":\"https:\\\/\\\/www.altominho.tv\\\/site\\\/#organization\"}},{\"@type\":\"WebPage\",\"@id\":\"https:\\\/\\\/www.altominho.tv\\\/site\\\/2025\\\/02\\\/13\\\/uniao-de-freguesias-em-ponte-de-lima-descontente-com-veto-do-pr-a-desagregacao\\\/\",\"url\":\"https:\\\/\\\/www.altominho.tv\\\/site\\\/2025\\\/02\\\/13\\\/uniao-de-freguesias-em-ponte-de-lima-descontente-com-veto-do-pr-a-desagregacao\\\/\",\"name\":\"Uni\u00e3o de Freguesias em Ponte de Lima descontente com veto do PR \u00e0 desagrega\u00e7\u00e3o\",\"isPartOf\":{\"@id\":\"https:\\\/\\\/www.altominho.tv\\\/site\\\/#website\"},\"primaryImageOfPage\":{\"@id\":\"https:\\\/\\\/www.altominho.tv\\\/site\\\/2025\\\/02\\\/13\\\/uniao-de-freguesias-em-ponte-de-lima-descontente-com-veto-do-pr-a-desagregacao\\\/#primaryimage\"},\"image\":{\"@id\":\"https:\\\/\\\/www.altominho.tv\\\/site\\\/2025\\\/02\\\/13\\\/uniao-de-freguesias-em-ponte-de-lima-descontente-com-veto-do-pr-a-desagregacao\\\/#primaryimage\"},\"thumbnailUrl\":\"https:\\\/\\\/www.altominho.tv\\\/site\\\/wp-content\\\/uploads\\\/2024\\\/11\\\/Design-sem-nome-33.jpg\",\"datePublished\":\"2025-02-13T12:09:42+00:00\",\"dateModified\":\"2025-02-13T12:09:44+00:00\",\"author\":{\"@id\":\"https:\\\/\\\/www.altominho.tv\\\/site\\\/#\\\/schema\\\/person\\\/63f693da3e1899361cbe955c46f3232e\"},\"description\":\"O presidente da Uni\u00e3o de Freguesias de Gaifar, Sandi\u00e3es e Vilar das Almas, em Ponte de Lima, manifestou-se hoje descontente com o veto do Presidente da Rep\u00fablica \u00e0 desagrega\u00e7\u00e3o, mas disse acreditar que as popula\u00e7\u00f5es n\u00e3o v\u00e3o desistir.\",\"breadcrumb\":{\"@id\":\"https:\\\/\\\/www.altominho.tv\\\/site\\\/2025\\\/02\\\/13\\\/uniao-de-freguesias-em-ponte-de-lima-descontente-com-veto-do-pr-a-desagregacao\\\/#breadcrumb\"},\"inLanguage\":\"pt-PT\",\"potentialAction\":[{\"@type\":\"ReadAction\",\"target\":[\"https:\\\/\\\/www.altominho.tv\\\/site\\\/2025\\\/02\\\/13\\\/uniao-de-freguesias-em-ponte-de-lima-descontente-com-veto-do-pr-a-desagregacao\\\/\"]}]},{\"@type\":\"ImageObject\",\"inLanguage\":\"pt-PT\",\"@id\":\"https:\\\/\\\/www.altominho.tv\\\/site\\\/2025\\\/02\\\/13\\\/uniao-de-freguesias-em-ponte-de-lima-descontente-com-veto-do-pr-a-desagregacao\\\/#primaryimage\",\"url\":\"https:\\\/\\\/www.altominho.tv\\\/site\\\/wp-content\\\/uploads\\\/2024\\\/11\\\/Design-sem-nome-33.jpg\",\"contentUrl\":\"https:\\\/\\\/www.altominho.tv\\\/site\\\/wp-content\\\/uploads\\\/2024\\\/11\\\/Design-sem-nome-33.jpg\",\"width\":1920,\"height\":1080},{\"@type\":\"BreadcrumbList\",\"@id\":\"https:\\\/\\\/www.altominho.tv\\\/site\\\/2025\\\/02\\\/13\\\/uniao-de-freguesias-em-ponte-de-lima-descontente-com-veto-do-pr-a-desagregacao\\\/#breadcrumb\",\"itemListElement\":[{\"@type\":\"ListItem\",\"position\":1,\"name\":\"In\u00edcio\",\"item\":\"https:\\\/\\\/www.altominho.tv\\\/site\\\/\"},{\"@type\":\"ListItem\",\"position\":2,\"name\":\"Uni\u00e3o de Freguesias em Ponte de Lima descontente com veto do PR \u00e0 desagrega\u00e7\u00e3o\"}]},{\"@type\":\"WebSite\",\"@id\":\"https:\\\/\\\/www.altominho.tv\\\/site\\\/#website\",\"url\":\"https:\\\/\\\/www.altominho.tv\\\/site\\\/\",\"name\":\"Altominho.tv\",\"description\":\"A sua regi\u00e3o \u00e0 dist\u00e2ncia de um clique...\",\"potentialAction\":[{\"@type\":\"SearchAction\",\"target\":{\"@type\":\"EntryPoint\",\"urlTemplate\":\"https:\\\/\\\/www.altominho.tv\\\/site\\\/?s={search_term_string}\"},\"query-input\":{\"@type\":\"PropertyValueSpecification\",\"valueRequired\":true,\"valueName\":\"search_term_string\"}}],\"inLanguage\":\"pt-PT\"},{\"@type\":\"Person\",\"@id\":\"https:\\\/\\\/www.altominho.tv\\\/site\\\/#\\\/schema\\\/person\\\/63f693da3e1899361cbe955c46f3232e\",\"name\":\"Lusa\",\"image\":{\"@type\":\"ImageObject\",\"inLanguage\":\"pt-PT\",\"@id\":\"https:\\\/\\\/www.altominho.tv\\\/site\\\/wp-content\\\/uploads\\\/2019\\\/08\\\/LUSA_Logo.gif\",\"url\":\"https:\\\/\\\/www.altominho.tv\\\/site\\\/wp-content\\\/uploads\\\/2019\\\/08\\\/LUSA_Logo.gif\",\"contentUrl\":\"https:\\\/\\\/www.altominho.tv\\\/site\\\/wp-content\\\/uploads\\\/2019\\\/08\\\/LUSA_Logo.gif\",\"caption\":\"Lusa\"},\"sameAs\":[\"http:\\\/\\\/\\\/\\\/www.altominho.tv\\\/site\"],\"url\":\"https:\\\/\\\/www.altominho.tv\\\/site\\\/author\\\/lusa\\\/\"}]}<\/script>\n<!-- \/ Yoast SEO Premium plugin. -->","yoast_head_json":{"title":"Uni\u00e3o de Freguesias em Ponte de Lima descontente com veto do PR \u00e0 desagrega\u00e7\u00e3o","description":"O presidente da Uni\u00e3o de Freguesias de Gaifar, Sandi\u00e3es e Vilar das Almas, em Ponte de Lima, manifestou-se hoje descontente com o veto do Presidente da Rep\u00fablica \u00e0 desagrega\u00e7\u00e3o, mas disse acreditar que as popula\u00e7\u00f5es n\u00e3o v\u00e3o desistir.","robots":{"index":"index","follow":"follow","max-snippet":"max-snippet:-1","max-image-preview":"max-image-preview:large","max-video-preview":"max-video-preview:-1"},"canonical":"https:\/\/www.altominho.tv\/site\/2025\/02\/13\/uniao-de-freguesias-em-ponte-de-lima-descontente-com-veto-do-pr-a-desagregacao\/","og_locale":"pt_PT","og_type":"article","og_title":"Uni\u00e3o de Freguesias em Ponte de Lima descontente com veto do PR \u00e0 desagrega\u00e7\u00e3o","og_description":"O presidente da Uni\u00e3o de Freguesias de Gaifar, Sandi\u00e3es e Vilar das Almas, em Ponte de Lima, manifestou-se hoje descontente com o veto do Presidente da Rep\u00fablica \u00e0 desagrega\u00e7\u00e3o, mas disse acreditar que as popula\u00e7\u00f5es n\u00e3o v\u00e3o desistir.","og_url":"https:\/\/www.altominho.tv\/site\/2025\/02\/13\/uniao-de-freguesias-em-ponte-de-lima-descontente-com-veto-do-pr-a-desagregacao\/","og_site_name":"Altominho.tv","article_publisher":"https:\/\/www.facebook.com\/altominhotv","article_published_time":"2025-02-13T12:09:42+00:00","article_modified_time":"2025-02-13T12:09:44+00:00","og_image":[{"width":1920,"height":1080,"url":"https:\/\/www.altominho.tv\/site\/wp-content\/uploads\/2024\/11\/Design-sem-nome-33.jpg","type":"image\/jpeg"}],"author":"Lusa","twitter_card":"summary_large_image","twitter_creator":"@altominhoTV","twitter_site":"@altominhoTV","twitter_misc":{"Escrito por":"Lusa","Tempo estimado de leitura":"3 minutos"},"schema":{"@context":"https:\/\/schema.org","@graph":[{"@type":"Article","@id":"https:\/\/www.altominho.tv\/site\/2025\/02\/13\/uniao-de-freguesias-em-ponte-de-lima-descontente-com-veto-do-pr-a-desagregacao\/#article","isPartOf":{"@id":"https:\/\/www.altominho.tv\/site\/2025\/02\/13\/uniao-de-freguesias-em-ponte-de-lima-descontente-com-veto-do-pr-a-desagregacao\/"},"author":{"name":"Lusa","@id":"https:\/\/www.altominho.tv\/site\/#\/schema\/person\/63f693da3e1899361cbe955c46f3232e"},"headline":"Uni\u00e3o de Freguesias em Ponte de Lima descontente com veto do PR \u00e0 desagrega\u00e7\u00e3o","datePublished":"2025-02-13T12:09:42+00:00","dateModified":"2025-02-13T12:09:44+00:00","mainEntityOfPage":{"@id":"https:\/\/www.altominho.tv\/site\/2025\/02\/13\/uniao-de-freguesias-em-ponte-de-lima-descontente-com-veto-do-pr-a-desagregacao\/"},"wordCount":496,"image":{"@id":"https:\/\/www.altominho.tv\/site\/2025\/02\/13\/uniao-de-freguesias-em-ponte-de-lima-descontente-com-veto-do-pr-a-desagregacao\/#primaryimage"},"thumbnailUrl":"https:\/\/www.altominho.tv\/site\/wp-content\/uploads\/2024\/11\/Design-sem-nome-33.jpg","keywords":["Sociedade"],"articleSection":["Ponte de Lima"],"inLanguage":"pt-PT","copyrightYear":"2025","copyrightHolder":{"@id":"https:\/\/www.altominho.tv\/site\/#organization"}},{"@type":"WebPage","@id":"https:\/\/www.altominho.tv\/site\/2025\/02\/13\/uniao-de-freguesias-em-ponte-de-lima-descontente-com-veto-do-pr-a-desagregacao\/","url":"https:\/\/www.altominho.tv\/site\/2025\/02\/13\/uniao-de-freguesias-em-ponte-de-lima-descontente-com-veto-do-pr-a-desagregacao\/","name":"Uni\u00e3o de Freguesias em Ponte de Lima descontente com veto do PR \u00e0 desagrega\u00e7\u00e3o","isPartOf":{"@id":"https:\/\/www.altominho.tv\/site\/#website"},"primaryImageOfPage":{"@id":"https:\/\/www.altominho.tv\/site\/2025\/02\/13\/uniao-de-freguesias-em-ponte-de-lima-descontente-com-veto-do-pr-a-desagregacao\/#primaryimage"},"image":{"@id":"https:\/\/www.altominho.tv\/site\/2025\/02\/13\/uniao-de-freguesias-em-ponte-de-lima-descontente-com-veto-do-pr-a-desagregacao\/#primaryimage"},"thumbnailUrl":"https:\/\/www.altominho.tv\/site\/wp-content\/uploads\/2024\/11\/Design-sem-nome-33.jpg","datePublished":"2025-02-13T12:09:42+00:00","dateModified":"2025-02-13T12:09:44+00:00","author":{"@id":"https:\/\/www.altominho.tv\/site\/#\/schema\/person\/63f693da3e1899361cbe955c46f3232e"},"description":"O presidente da Uni\u00e3o de Freguesias de Gaifar, Sandi\u00e3es e Vilar das Almas, em Ponte de Lima, manifestou-se hoje descontente com o veto do Presidente da Rep\u00fablica \u00e0 desagrega\u00e7\u00e3o, mas disse acreditar que as popula\u00e7\u00f5es n\u00e3o v\u00e3o desistir.","breadcrumb":{"@id":"https:\/\/www.altominho.tv\/site\/2025\/02\/13\/uniao-de-freguesias-em-ponte-de-lima-descontente-com-veto-do-pr-a-desagregacao\/#breadcrumb"},"inLanguage":"pt-PT","potentialAction":[{"@type":"ReadAction","target":["https:\/\/www.altominho.tv\/site\/2025\/02\/13\/uniao-de-freguesias-em-ponte-de-lima-descontente-com-veto-do-pr-a-desagregacao\/"]}]},{"@type":"ImageObject","inLanguage":"pt-PT","@id":"https:\/\/www.altominho.tv\/site\/2025\/02\/13\/uniao-de-freguesias-em-ponte-de-lima-descontente-com-veto-do-pr-a-desagregacao\/#primaryimage","url":"https:\/\/www.altominho.tv\/site\/wp-content\/uploads\/2024\/11\/Design-sem-nome-33.jpg","contentUrl":"https:\/\/www.altominho.tv\/site\/wp-content\/uploads\/2024\/11\/Design-sem-nome-33.jpg","width":1920,"height":1080},{"@type":"BreadcrumbList","@id":"https:\/\/www.altominho.tv\/site\/2025\/02\/13\/uniao-de-freguesias-em-ponte-de-lima-descontente-com-veto-do-pr-a-desagregacao\/#breadcrumb","itemListElement":[{"@type":"ListItem","position":1,"name":"In\u00edcio","item":"https:\/\/www.altominho.tv\/site\/"},{"@type":"ListItem","position":2,"name":"Uni\u00e3o de Freguesias em Ponte de Lima descontente com veto do PR \u00e0 desagrega\u00e7\u00e3o"}]},{"@type":"WebSite","@id":"https:\/\/www.altominho.tv\/site\/#website","url":"https:\/\/www.altominho.tv\/site\/","name":"Altominho.tv","description":"A sua regi\u00e3o \u00e0 dist\u00e2ncia de um clique...","potentialAction":[{"@type":"SearchAction","target":{"@type":"EntryPoint","urlTemplate":"https:\/\/www.altominho.tv\/site\/?s={search_term_string}"},"query-input":{"@type":"PropertyValueSpecification","valueRequired":true,"valueName":"search_term_string"}}],"inLanguage":"pt-PT"},{"@type":"Person","@id":"https:\/\/www.altominho.tv\/site\/#\/schema\/person\/63f693da3e1899361cbe955c46f3232e","name":"Lusa","image":{"@type":"ImageObject","inLanguage":"pt-PT","@id":"https:\/\/www.altominho.tv\/site\/wp-content\/uploads\/2019\/08\/LUSA_Logo.gif","url":"https:\/\/www.altominho.tv\/site\/wp-content\/uploads\/2019\/08\/LUSA_Logo.gif","contentUrl":"https:\/\/www.altominho.tv\/site\/wp-content\/uploads\/2019\/08\/LUSA_Logo.gif","caption":"Lusa"},"sameAs":["http:\/\/\/\/www.altominho.tv\/site"],"url":"https:\/\/www.altominho.tv\/site\/author\/lusa\/"}]}},"_links":{"self":[{"href":"https:\/\/www.altominho.tv\/site\/wp-json\/wp\/v2\/posts\/114856","targetHints":{"allow":["GET"]}}],"collection":[{"href":"https:\/\/www.altominho.tv\/site\/wp-json\/wp\/v2\/posts"}],"about":[{"href":"https:\/\/www.altominho.tv\/site\/wp-json\/wp\/v2\/types\/post"}],"author":[{"embeddable":true,"href":"https:\/\/www.altominho.tv\/site\/wp-json\/wp\/v2\/users\/13"}],"replies":[{"embeddable":true,"href":"https:\/\/www.altominho.tv\/site\/wp-json\/wp\/v2\/comments?post=114856"}],"version-history":[{"count":1,"href":"https:\/\/www.altominho.tv\/site\/wp-json\/wp\/v2\/posts\/114856\/revisions"}],"predecessor-version":[{"id":114857,"href":"https:\/\/www.altominho.tv\/site\/wp-json\/wp\/v2\/posts\/114856\/revisions\/114857"}],"wp:featuredmedia":[{"embeddable":true,"href":"https:\/\/www.altominho.tv\/site\/wp-json\/wp\/v2\/media\/112422"}],"wp:attachment":[{"href":"https:\/\/www.altominho.tv\/site\/wp-json\/wp\/v2\/media?parent=114856"}],"wp:term":[{"taxonomy":"category","embeddable":true,"href":"https:\/\/www.altominho.tv\/site\/wp-json\/wp\/v2\/categories?post=114856"},{"taxonomy":"post_tag","embeddable":true,"href":"https:\/\/www.altominho.tv\/site\/wp-json\/wp\/v2\/tags?post=114856"}],"curies":[{"name":"wp","href":"https:\/\/api.w.org\/{rel}","templated":true}]}}