{"id":114848,"date":"2025-02-13T09:17:58","date_gmt":"2025-02-13T09:17:58","guid":{"rendered":"https:\/\/www.altominho.tv\/site\/?p=114848"},"modified":"2025-02-13T09:18:01","modified_gmt":"2025-02-13T09:18:01","slug":"valenca-recupera-12-pontos-de-agua-para-prevenir-incendios-florestais","status":"publish","type":"post","link":"https:\/\/www.altominho.tv\/site\/2025\/02\/13\/valenca-recupera-12-pontos-de-agua-para-prevenir-incendios-florestais\/","title":{"rendered":"Valen\u00e7a recupera 12 pontos de \u00e1gua para prevenir inc\u00eandios florestais"},"content":{"rendered":"<p class=\"p1\">A C\u00e2mara Municipal de Valen\u00e7a requalificou os 12 pontos de \u00e1gua, de apoio ao combate aos inc\u00eandios, do concelho.<\/p>\n<p class=\"p1\">A prepara\u00e7\u00e3o e prontid\u00e3o destes pontos de \u00e1gua \u00e9 vital para a prote\u00e7\u00e3o dos aglomerados populacionais e floresta do concelho dado que s\u00e3o elementos essenciais para o abastecimento dos meios a\u00e9reos e terrestres.<\/p>\n<p class=\"p1\">A rede de pontos de \u00e1gua p\u00fablicos de Valen\u00e7a \u00e9 constitu\u00edda por 12 estruturas; quatro em Gondomil; tr\u00eas em Sanfins; um em Boiv\u00e3o; um em Tai\u00e3o; um em Cerdal; um em Ganfei e um em Verdoejo. Esta rede conta, ainda, com o apoio de um ponto de \u00e1gua privado em S\u00e3o Pedro da Torre.<\/p>\n<p class=\"p1\">Interven\u00e7\u00f5es de manuten\u00e7\u00e3o na estrutura dos tanques, pintura com as tradicionais faixas vermelhas e brancas, desmata\u00e7\u00e3o das \u00e1reas envolventes e requalifica\u00e7\u00e3o da sinal\u00e9tica florestal identificativa s\u00e3o algumas das obras que se destacam.<\/p>\n<p class=\"p1\">Sete destes pontos est\u00e3o a ser recuperados no \u00e2mbito do projeto \u201cCondom\u00ednios de Aldeia\u201d financiado pelo Fundo Ambiental, atrav\u00e9s do PRR. As demais interven\u00e7\u00f5es foram assumidas pela C\u00e2mara Municipal.<\/p>\n<p class=\"p1\">Estas interven\u00e7\u00f5es enquadram-se no amplo trabalho que a C\u00e2mara Municipal desenvolve, ao longo do ano, na preven\u00e7\u00e3o dos fogos florestais. Um trabalho que \u00e9 realizado em colabora\u00e7\u00e3o com os Bombeiros Volunt\u00e1rios, GNR \/ SEPNA, Juntas de Freguesia, comiss\u00f5es de baldios e demais agentes locais e regionais.<\/p>\n","protected":false},"excerpt":{"rendered":"<p>A C\u00e2mara Municipal de Valen\u00e7a requalificou os 12 pontos de \u00e1gua, de apoio ao combate aos inc\u00eandios, do concelho. A prepara\u00e7\u00e3o e prontid\u00e3o destes pontos de \u00e1gua \u00e9 vital para a prote\u00e7\u00e3o dos aglomerados populacionais e floresta do concelho dado que s\u00e3o elementos essenciais para o abastecimento dos meios a\u00e9reos e terrestres. A rede de [&hellip;]<\/p>\n","protected":false},"author":1,"featured_media":114849,"comment_status":"closed","ping_status":"closed","sticky":false,"template":"","format":"standard","meta":{"_exactmetrics_skip_tracking":false,"_exactmetrics_sitenote_active":false,"_exactmetrics_sitenote_note":"","_exactmetrics_sitenote_category":0,"footnotes":""},"categories":[13],"tags":[27],"class_list":["post-114848","post","type-post","status-publish","format-standard","has-post-thumbnail","hentry","category-valenca","tag-sociedade"],"yoast_head":"<!-- This site is optimized with the Yoast SEO Premium plugin v27.5 (Yoast SEO v27.5) - https:\/\/yoast.com\/product\/yoast-seo-premium-wordpress\/ -->\n<title>Valen\u00e7a recupera 12 pontos de \u00e1gua para prevenir inc\u00eandios florestais<\/title>\n<meta name=\"description\" content=\"A C\u00e2mara Municipal de Valen\u00e7a requalificou os 12 pontos de \u00e1gua, de apoio ao combate aos inc\u00eandios, do concelho.\" \/>\n<meta name=\"robots\" content=\"index, follow, max-snippet:-1, max-image-preview:large, max-video-preview:-1\" \/>\n<link rel=\"canonical\" href=\"https:\/\/www.altominho.tv\/site\/2025\/02\/13\/valenca-recupera-12-pontos-de-agua-para-prevenir-incendios-florestais\/\" \/>\n<meta property=\"og:locale\" content=\"pt_PT\" \/>\n<meta property=\"og:type\" content=\"article\" \/>\n<meta property=\"og:title\" content=\"Valen\u00e7a recupera 12 pontos de \u00e1gua para prevenir inc\u00eandios florestais\" \/>\n<meta property=\"og:description\" content=\"A C\u00e2mara Municipal de Valen\u00e7a requalificou os 12 pontos de \u00e1gua, de apoio ao combate aos inc\u00eandios, do concelho.\" \/>\n<meta property=\"og:url\" content=\"https:\/\/www.altominho.tv\/site\/2025\/02\/13\/valenca-recupera-12-pontos-de-agua-para-prevenir-incendios-florestais\/\" \/>\n<meta property=\"og:site_name\" content=\"Altominho.tv\" \/>\n<meta property=\"article:publisher\" content=\"https:\/\/www.facebook.com\/altominhotv\" \/>\n<meta property=\"article:published_time\" content=\"2025-02-13T09:17:58+00:00\" \/>\n<meta property=\"article:modified_time\" content=\"2025-02-13T09:18:01+00:00\" \/>\n<meta property=\"og:image\" content=\"https:\/\/www.altominho.tv\/site\/wp-content\/uploads\/2025\/02\/pontos-agua-avlenca.jpg\" \/>\n\t<meta property=\"og:image:width\" content=\"1200\" \/>\n\t<meta property=\"og:image:height\" content=\"630\" \/>\n\t<meta property=\"og:image:type\" content=\"image\/jpeg\" \/>\n<meta name=\"author\" content=\"Altominho.tv\" \/>\n<meta name=\"twitter:card\" content=\"summary_large_image\" \/>\n<meta name=\"twitter:creator\" content=\"@altominhoTV\" \/>\n<meta name=\"twitter:site\" content=\"@altominhoTV\" \/>\n<meta name=\"twitter:label1\" content=\"Escrito por\" \/>\n\t<meta name=\"twitter:data1\" content=\"Altominho.tv\" \/>\n\t<meta name=\"twitter:label2\" content=\"Tempo estimado de leitura\" \/>\n\t<meta name=\"twitter:data2\" content=\"2 minutos\" \/>\n<script type=\"application\/ld+json\" class=\"yoast-schema-graph\">{\"@context\":\"https:\\\/\\\/schema.org\",\"@graph\":[{\"@type\":\"Article\",\"@id\":\"https:\\\/\\\/www.altominho.tv\\\/site\\\/2025\\\/02\\\/13\\\/valenca-recupera-12-pontos-de-agua-para-prevenir-incendios-florestais\\\/#article\",\"isPartOf\":{\"@id\":\"https:\\\/\\\/www.altominho.tv\\\/site\\\/2025\\\/02\\\/13\\\/valenca-recupera-12-pontos-de-agua-para-prevenir-incendios-florestais\\\/\"},\"author\":{\"name\":\"Altominho.tv\",\"@id\":\"https:\\\/\\\/www.altominho.tv\\\/site\\\/#\\\/schema\\\/person\\\/4e536851627d7914baf3dac752b6af22\"},\"headline\":\"Valen\u00e7a recupera 12 pontos de \u00e1gua para prevenir inc\u00eandios florestais\",\"datePublished\":\"2025-02-13T09:17:58+00:00\",\"dateModified\":\"2025-02-13T09:18:01+00:00\",\"mainEntityOfPage\":{\"@id\":\"https:\\\/\\\/www.altominho.tv\\\/site\\\/2025\\\/02\\\/13\\\/valenca-recupera-12-pontos-de-agua-para-prevenir-incendios-florestais\\\/\"},\"wordCount\":250,\"image\":{\"@id\":\"https:\\\/\\\/www.altominho.tv\\\/site\\\/2025\\\/02\\\/13\\\/valenca-recupera-12-pontos-de-agua-para-prevenir-incendios-florestais\\\/#primaryimage\"},\"thumbnailUrl\":\"https:\\\/\\\/www.altominho.tv\\\/site\\\/wp-content\\\/uploads\\\/2025\\\/02\\\/pontos-agua-avlenca.jpg\",\"keywords\":[\"Sociedade\"],\"articleSection\":[\"Valen\u00e7a\"],\"inLanguage\":\"pt-PT\",\"copyrightYear\":\"2025\",\"copyrightHolder\":{\"@id\":\"https:\\\/\\\/www.altominho.tv\\\/site\\\/#organization\"}},{\"@type\":\"WebPage\",\"@id\":\"https:\\\/\\\/www.altominho.tv\\\/site\\\/2025\\\/02\\\/13\\\/valenca-recupera-12-pontos-de-agua-para-prevenir-incendios-florestais\\\/\",\"url\":\"https:\\\/\\\/www.altominho.tv\\\/site\\\/2025\\\/02\\\/13\\\/valenca-recupera-12-pontos-de-agua-para-prevenir-incendios-florestais\\\/\",\"name\":\"Valen\u00e7a recupera 12 pontos de \u00e1gua para prevenir inc\u00eandios florestais\",\"isPartOf\":{\"@id\":\"https:\\\/\\\/www.altominho.tv\\\/site\\\/#website\"},\"primaryImageOfPage\":{\"@id\":\"https:\\\/\\\/www.altominho.tv\\\/site\\\/2025\\\/02\\\/13\\\/valenca-recupera-12-pontos-de-agua-para-prevenir-incendios-florestais\\\/#primaryimage\"},\"image\":{\"@id\":\"https:\\\/\\\/www.altominho.tv\\\/site\\\/2025\\\/02\\\/13\\\/valenca-recupera-12-pontos-de-agua-para-prevenir-incendios-florestais\\\/#primaryimage\"},\"thumbnailUrl\":\"https:\\\/\\\/www.altominho.tv\\\/site\\\/wp-content\\\/uploads\\\/2025\\\/02\\\/pontos-agua-avlenca.jpg\",\"datePublished\":\"2025-02-13T09:17:58+00:00\",\"dateModified\":\"2025-02-13T09:18:01+00:00\",\"author\":{\"@id\":\"https:\\\/\\\/www.altominho.tv\\\/site\\\/#\\\/schema\\\/person\\\/4e536851627d7914baf3dac752b6af22\"},\"description\":\"A C\u00e2mara Municipal de Valen\u00e7a requalificou os 12 pontos de \u00e1gua, de apoio ao combate aos inc\u00eandios, do concelho.\",\"breadcrumb\":{\"@id\":\"https:\\\/\\\/www.altominho.tv\\\/site\\\/2025\\\/02\\\/13\\\/valenca-recupera-12-pontos-de-agua-para-prevenir-incendios-florestais\\\/#breadcrumb\"},\"inLanguage\":\"pt-PT\",\"potentialAction\":[{\"@type\":\"ReadAction\",\"target\":[\"https:\\\/\\\/www.altominho.tv\\\/site\\\/2025\\\/02\\\/13\\\/valenca-recupera-12-pontos-de-agua-para-prevenir-incendios-florestais\\\/\"]}]},{\"@type\":\"ImageObject\",\"inLanguage\":\"pt-PT\",\"@id\":\"https:\\\/\\\/www.altominho.tv\\\/site\\\/2025\\\/02\\\/13\\\/valenca-recupera-12-pontos-de-agua-para-prevenir-incendios-florestais\\\/#primaryimage\",\"url\":\"https:\\\/\\\/www.altominho.tv\\\/site\\\/wp-content\\\/uploads\\\/2025\\\/02\\\/pontos-agua-avlenca.jpg\",\"contentUrl\":\"https:\\\/\\\/www.altominho.tv\\\/site\\\/wp-content\\\/uploads\\\/2025\\\/02\\\/pontos-agua-avlenca.jpg\",\"width\":1200,\"height\":630},{\"@type\":\"BreadcrumbList\",\"@id\":\"https:\\\/\\\/www.altominho.tv\\\/site\\\/2025\\\/02\\\/13\\\/valenca-recupera-12-pontos-de-agua-para-prevenir-incendios-florestais\\\/#breadcrumb\",\"itemListElement\":[{\"@type\":\"ListItem\",\"position\":1,\"name\":\"In\u00edcio\",\"item\":\"https:\\\/\\\/www.altominho.tv\\\/site\\\/\"},{\"@type\":\"ListItem\",\"position\":2,\"name\":\"Valen\u00e7a recupera 12 pontos de \u00e1gua para prevenir inc\u00eandios florestais\"}]},{\"@type\":\"WebSite\",\"@id\":\"https:\\\/\\\/www.altominho.tv\\\/site\\\/#website\",\"url\":\"https:\\\/\\\/www.altominho.tv\\\/site\\\/\",\"name\":\"Altominho.tv\",\"description\":\"A sua regi\u00e3o \u00e0 dist\u00e2ncia de um clique...\",\"potentialAction\":[{\"@type\":\"SearchAction\",\"target\":{\"@type\":\"EntryPoint\",\"urlTemplate\":\"https:\\\/\\\/www.altominho.tv\\\/site\\\/?s={search_term_string}\"},\"query-input\":{\"@type\":\"PropertyValueSpecification\",\"valueRequired\":true,\"valueName\":\"search_term_string\"}}],\"inLanguage\":\"pt-PT\"},{\"@type\":\"Person\",\"@id\":\"https:\\\/\\\/www.altominho.tv\\\/site\\\/#\\\/schema\\\/person\\\/4e536851627d7914baf3dac752b6af22\",\"name\":\"Altominho.tv\",\"image\":{\"@type\":\"ImageObject\",\"inLanguage\":\"pt-PT\",\"@id\":\"https:\\\/\\\/www.altominho.tv\\\/site\\\/wp-content\\\/uploads\\\/2019\\\/11\\\/Logo_Avatar_2-150x150.jpg\",\"url\":\"https:\\\/\\\/www.altominho.tv\\\/site\\\/wp-content\\\/uploads\\\/2019\\\/11\\\/Logo_Avatar_2-150x150.jpg\",\"contentUrl\":\"https:\\\/\\\/www.altominho.tv\\\/site\\\/wp-content\\\/uploads\\\/2019\\\/11\\\/Logo_Avatar_2-150x150.jpg\",\"caption\":\"Altominho.tv\"},\"url\":\"https:\\\/\\\/www.altominho.tv\\\/site\\\/author\\\/altominhotv-tecnico\\\/\"}]}<\/script>\n<!-- \/ Yoast SEO Premium plugin. -->","yoast_head_json":{"title":"Valen\u00e7a recupera 12 pontos de \u00e1gua para prevenir inc\u00eandios florestais","description":"A C\u00e2mara Municipal de Valen\u00e7a requalificou os 12 pontos de \u00e1gua, de apoio ao combate aos inc\u00eandios, do concelho.","robots":{"index":"index","follow":"follow","max-snippet":"max-snippet:-1","max-image-preview":"max-image-preview:large","max-video-preview":"max-video-preview:-1"},"canonical":"https:\/\/www.altominho.tv\/site\/2025\/02\/13\/valenca-recupera-12-pontos-de-agua-para-prevenir-incendios-florestais\/","og_locale":"pt_PT","og_type":"article","og_title":"Valen\u00e7a recupera 12 pontos de \u00e1gua para prevenir inc\u00eandios florestais","og_description":"A C\u00e2mara Municipal de Valen\u00e7a requalificou os 12 pontos de \u00e1gua, de apoio ao combate aos inc\u00eandios, do concelho.","og_url":"https:\/\/www.altominho.tv\/site\/2025\/02\/13\/valenca-recupera-12-pontos-de-agua-para-prevenir-incendios-florestais\/","og_site_name":"Altominho.tv","article_publisher":"https:\/\/www.facebook.com\/altominhotv","article_published_time":"2025-02-13T09:17:58+00:00","article_modified_time":"2025-02-13T09:18:01+00:00","og_image":[{"width":1200,"height":630,"url":"https:\/\/www.altominho.tv\/site\/wp-content\/uploads\/2025\/02\/pontos-agua-avlenca.jpg","type":"image\/jpeg"}],"author":"Altominho.tv","twitter_card":"summary_large_image","twitter_creator":"@altominhoTV","twitter_site":"@altominhoTV","twitter_misc":{"Escrito por":"Altominho.tv","Tempo estimado de leitura":"2 minutos"},"schema":{"@context":"https:\/\/schema.org","@graph":[{"@type":"Article","@id":"https:\/\/www.altominho.tv\/site\/2025\/02\/13\/valenca-recupera-12-pontos-de-agua-para-prevenir-incendios-florestais\/#article","isPartOf":{"@id":"https:\/\/www.altominho.tv\/site\/2025\/02\/13\/valenca-recupera-12-pontos-de-agua-para-prevenir-incendios-florestais\/"},"author":{"name":"Altominho.tv","@id":"https:\/\/www.altominho.tv\/site\/#\/schema\/person\/4e536851627d7914baf3dac752b6af22"},"headline":"Valen\u00e7a recupera 12 pontos de \u00e1gua para prevenir inc\u00eandios florestais","datePublished":"2025-02-13T09:17:58+00:00","dateModified":"2025-02-13T09:18:01+00:00","mainEntityOfPage":{"@id":"https:\/\/www.altominho.tv\/site\/2025\/02\/13\/valenca-recupera-12-pontos-de-agua-para-prevenir-incendios-florestais\/"},"wordCount":250,"image":{"@id":"https:\/\/www.altominho.tv\/site\/2025\/02\/13\/valenca-recupera-12-pontos-de-agua-para-prevenir-incendios-florestais\/#primaryimage"},"thumbnailUrl":"https:\/\/www.altominho.tv\/site\/wp-content\/uploads\/2025\/02\/pontos-agua-avlenca.jpg","keywords":["Sociedade"],"articleSection":["Valen\u00e7a"],"inLanguage":"pt-PT","copyrightYear":"2025","copyrightHolder":{"@id":"https:\/\/www.altominho.tv\/site\/#organization"}},{"@type":"WebPage","@id":"https:\/\/www.altominho.tv\/site\/2025\/02\/13\/valenca-recupera-12-pontos-de-agua-para-prevenir-incendios-florestais\/","url":"https:\/\/www.altominho.tv\/site\/2025\/02\/13\/valenca-recupera-12-pontos-de-agua-para-prevenir-incendios-florestais\/","name":"Valen\u00e7a recupera 12 pontos de \u00e1gua para prevenir inc\u00eandios florestais","isPartOf":{"@id":"https:\/\/www.altominho.tv\/site\/#website"},"primaryImageOfPage":{"@id":"https:\/\/www.altominho.tv\/site\/2025\/02\/13\/valenca-recupera-12-pontos-de-agua-para-prevenir-incendios-florestais\/#primaryimage"},"image":{"@id":"https:\/\/www.altominho.tv\/site\/2025\/02\/13\/valenca-recupera-12-pontos-de-agua-para-prevenir-incendios-florestais\/#primaryimage"},"thumbnailUrl":"https:\/\/www.altominho.tv\/site\/wp-content\/uploads\/2025\/02\/pontos-agua-avlenca.jpg","datePublished":"2025-02-13T09:17:58+00:00","dateModified":"2025-02-13T09:18:01+00:00","author":{"@id":"https:\/\/www.altominho.tv\/site\/#\/schema\/person\/4e536851627d7914baf3dac752b6af22"},"description":"A C\u00e2mara Municipal de Valen\u00e7a requalificou os 12 pontos de \u00e1gua, de apoio ao combate aos inc\u00eandios, do concelho.","breadcrumb":{"@id":"https:\/\/www.altominho.tv\/site\/2025\/02\/13\/valenca-recupera-12-pontos-de-agua-para-prevenir-incendios-florestais\/#breadcrumb"},"inLanguage":"pt-PT","potentialAction":[{"@type":"ReadAction","target":["https:\/\/www.altominho.tv\/site\/2025\/02\/13\/valenca-recupera-12-pontos-de-agua-para-prevenir-incendios-florestais\/"]}]},{"@type":"ImageObject","inLanguage":"pt-PT","@id":"https:\/\/www.altominho.tv\/site\/2025\/02\/13\/valenca-recupera-12-pontos-de-agua-para-prevenir-incendios-florestais\/#primaryimage","url":"https:\/\/www.altominho.tv\/site\/wp-content\/uploads\/2025\/02\/pontos-agua-avlenca.jpg","contentUrl":"https:\/\/www.altominho.tv\/site\/wp-content\/uploads\/2025\/02\/pontos-agua-avlenca.jpg","width":1200,"height":630},{"@type":"BreadcrumbList","@id":"https:\/\/www.altominho.tv\/site\/2025\/02\/13\/valenca-recupera-12-pontos-de-agua-para-prevenir-incendios-florestais\/#breadcrumb","itemListElement":[{"@type":"ListItem","position":1,"name":"In\u00edcio","item":"https:\/\/www.altominho.tv\/site\/"},{"@type":"ListItem","position":2,"name":"Valen\u00e7a recupera 12 pontos de \u00e1gua para prevenir inc\u00eandios florestais"}]},{"@type":"WebSite","@id":"https:\/\/www.altominho.tv\/site\/#website","url":"https:\/\/www.altominho.tv\/site\/","name":"Altominho.tv","description":"A sua regi\u00e3o \u00e0 dist\u00e2ncia de um clique...","potentialAction":[{"@type":"SearchAction","target":{"@type":"EntryPoint","urlTemplate":"https:\/\/www.altominho.tv\/site\/?s={search_term_string}"},"query-input":{"@type":"PropertyValueSpecification","valueRequired":true,"valueName":"search_term_string"}}],"inLanguage":"pt-PT"},{"@type":"Person","@id":"https:\/\/www.altominho.tv\/site\/#\/schema\/person\/4e536851627d7914baf3dac752b6af22","name":"Altominho.tv","image":{"@type":"ImageObject","inLanguage":"pt-PT","@id":"https:\/\/www.altominho.tv\/site\/wp-content\/uploads\/2019\/11\/Logo_Avatar_2-150x150.jpg","url":"https:\/\/www.altominho.tv\/site\/wp-content\/uploads\/2019\/11\/Logo_Avatar_2-150x150.jpg","contentUrl":"https:\/\/www.altominho.tv\/site\/wp-content\/uploads\/2019\/11\/Logo_Avatar_2-150x150.jpg","caption":"Altominho.tv"},"url":"https:\/\/www.altominho.tv\/site\/author\/altominhotv-tecnico\/"}]}},"_links":{"self":[{"href":"https:\/\/www.altominho.tv\/site\/wp-json\/wp\/v2\/posts\/114848","targetHints":{"allow":["GET"]}}],"collection":[{"href":"https:\/\/www.altominho.tv\/site\/wp-json\/wp\/v2\/posts"}],"about":[{"href":"https:\/\/www.altominho.tv\/site\/wp-json\/wp\/v2\/types\/post"}],"author":[{"embeddable":true,"href":"https:\/\/www.altominho.tv\/site\/wp-json\/wp\/v2\/users\/1"}],"replies":[{"embeddable":true,"href":"https:\/\/www.altominho.tv\/site\/wp-json\/wp\/v2\/comments?post=114848"}],"version-history":[{"count":1,"href":"https:\/\/www.altominho.tv\/site\/wp-json\/wp\/v2\/posts\/114848\/revisions"}],"predecessor-version":[{"id":114850,"href":"https:\/\/www.altominho.tv\/site\/wp-json\/wp\/v2\/posts\/114848\/revisions\/114850"}],"wp:featuredmedia":[{"embeddable":true,"href":"https:\/\/www.altominho.tv\/site\/wp-json\/wp\/v2\/media\/114849"}],"wp:attachment":[{"href":"https:\/\/www.altominho.tv\/site\/wp-json\/wp\/v2\/media?parent=114848"}],"wp:term":[{"taxonomy":"category","embeddable":true,"href":"https:\/\/www.altominho.tv\/site\/wp-json\/wp\/v2\/categories?post=114848"},{"taxonomy":"post_tag","embeddable":true,"href":"https:\/\/www.altominho.tv\/site\/wp-json\/wp\/v2\/tags?post=114848"}],"curies":[{"name":"wp","href":"https:\/\/api.w.org\/{rel}","templated":true}]}}