{"id":114845,"date":"2025-02-12T17:04:13","date_gmt":"2025-02-12T17:04:13","guid":{"rendered":"https:\/\/www.altominho.tv\/site\/?p=114845"},"modified":"2025-02-12T17:04:16","modified_gmt":"2025-02-12T17:04:16","slug":"apresentacao-do-compendio-zero-desperdicio-100-energia","status":"publish","type":"post","link":"https:\/\/www.altominho.tv\/site\/2025\/02\/12\/apresentacao-do-compendio-zero-desperdicio-100-energia\/","title":{"rendered":"Apresenta\u00e7\u00e3o do comp\u00eandio \u201cZero Desperd\u00edcio, 100% Energia. Alimente-se Bem por 5 Euros\u201d em Viana do Castelo"},"content":{"rendered":"<p class=\"p1\">Decorreu ontem, 11 de fevereiro, no Centro de Monitoriza\u00e7\u00e3o e Interpreta\u00e7\u00e3o Ambiental (CMIA), a apresenta\u00e7\u00e3o do comp\u00eandio \u201cZero Desperd\u00edcio, 100% Energia. Alimente-se Bem por 5 Euros\u201d, momento que contou com a presen\u00e7a da presidente do Conselho de Administra\u00e7\u00e3o dos Servi\u00e7os Municipalizados de Viana do Castelo, Carlota Borges, acompanhada pela vereadora do Ambiente, Fab\u00edola Oliveira e pelo diretor delegado Jos\u00e9 Em\u00edlio Viana.<\/p>\n<p class=\"p1\">O comp\u00eandio \u00e9 o resultado de um ciclo de seis workshops gastron\u00f3micos e re\u00fane um conjunto de receitas saborosas, nutritivas e acess\u00edveis, tendo por base o combate ao desperd\u00edcio alimentar.<\/p>\n<p class=\"p1\">No total, foram recebidas 151 inscri\u00e7\u00f5es.<\/p>\n<p class=\"p1\">Os workshops ministrados pelo chef Thiago Moura, do Kitanda Project, proporcionaram aos participantes a partilha de conhecimentos, experi\u00eancias, de hist\u00f3rias e influ\u00eancias, tornando estas iniciativas em momentos de conv\u00edvio, com direito a degusta\u00e7\u00e3o das iguarias. A cada participante foi oferecido um comp\u00eandio.<\/p>\n<p class=\"p1\">Estas a\u00e7\u00f5es est\u00e3o integradas no Projeto Recolha Bio financiado pelo Fundo Ambiental, tendo por base o combate \u00e0 produ\u00e7\u00e3o de Biorres\u00edduos e desperd\u00edcio alimentar.<\/p>\n","protected":false},"excerpt":{"rendered":"<p>Decorreu ontem, 11 de fevereiro, no Centro de Monitoriza\u00e7\u00e3o e Interpreta\u00e7\u00e3o Ambiental (CMIA), a apresenta\u00e7\u00e3o do comp\u00eandio \u201cZero Desperd\u00edcio, 100% Energia. Alimente-se Bem por 5 Euros\u201d, momento que contou com a presen\u00e7a da presidente do Conselho de Administra\u00e7\u00e3o dos Servi\u00e7os Municipalizados de Viana do Castelo, Carlota Borges, acompanhada pela vereadora do Ambiente, Fab\u00edola Oliveira e [&hellip;]<\/p>\n","protected":false},"author":1,"featured_media":114846,"comment_status":"closed","ping_status":"closed","sticky":false,"template":"","format":"standard","meta":{"_exactmetrics_skip_tracking":false,"_exactmetrics_sitenote_active":false,"_exactmetrics_sitenote_note":"","_exactmetrics_sitenote_category":0,"footnotes":""},"categories":[14],"tags":[81],"class_list":["post-114845","post","type-post","status-publish","format-standard","has-post-thumbnail","hentry","category-viana-do-castelo","tag-gastronomia"],"yoast_head":"<!-- This site is optimized with the Yoast SEO Premium plugin v27.5 (Yoast SEO v27.5) - https:\/\/yoast.com\/product\/yoast-seo-premium-wordpress\/ -->\n<title>Apresenta\u00e7\u00e3o do comp\u00eandio \u201cZero Desperd\u00edcio, 100% Energia. Alimente-se Bem por 5 Euros\u201d em Viana do Castelo<\/title>\n<meta name=\"description\" content=\"Decorreu ontem, 11 de fevereiro, no Centro de Monitoriza\u00e7\u00e3o e Interpreta\u00e7\u00e3o Ambiental (CMIA), a apresenta\u00e7\u00e3o do comp\u00eandio \u201cZero Desperd\u00edcio, 100% Energia. Alimente-se Bem por 5 Euros\u201d\" \/>\n<meta name=\"robots\" content=\"index, follow, max-snippet:-1, max-image-preview:large, max-video-preview:-1\" \/>\n<link rel=\"canonical\" href=\"https:\/\/www.altominho.tv\/site\/2025\/02\/12\/apresentacao-do-compendio-zero-desperdicio-100-energia\/\" \/>\n<meta property=\"og:locale\" content=\"pt_PT\" \/>\n<meta property=\"og:type\" content=\"article\" \/>\n<meta property=\"og:title\" content=\"Apresenta\u00e7\u00e3o do comp\u00eandio \u201cZero Desperd\u00edcio, 100% Energia. Alimente-se Bem por 5 Euros\u201d em Viana do Castelo\" \/>\n<meta property=\"og:description\" content=\"Decorreu ontem, 11 de fevereiro, no Centro de Monitoriza\u00e7\u00e3o e Interpreta\u00e7\u00e3o Ambiental (CMIA), a apresenta\u00e7\u00e3o do comp\u00eandio \u201cZero Desperd\u00edcio, 100% Energia. Alimente-se Bem por 5 Euros\u201d\" \/>\n<meta property=\"og:url\" content=\"https:\/\/www.altominho.tv\/site\/2025\/02\/12\/apresentacao-do-compendio-zero-desperdicio-100-energia\/\" \/>\n<meta property=\"og:site_name\" content=\"Altominho.tv\" \/>\n<meta property=\"article:publisher\" content=\"https:\/\/www.facebook.com\/altominhotv\" \/>\n<meta property=\"article:published_time\" content=\"2025-02-12T17:04:13+00:00\" \/>\n<meta property=\"article:modified_time\" content=\"2025-02-12T17:04:16+00:00\" \/>\n<meta property=\"og:image\" content=\"https:\/\/www.altominho.tv\/site\/wp-content\/uploads\/2025\/02\/Design-sem-nome-4.jpg\" \/>\n\t<meta property=\"og:image:width\" content=\"1200\" \/>\n\t<meta property=\"og:image:height\" content=\"630\" \/>\n\t<meta property=\"og:image:type\" content=\"image\/jpeg\" \/>\n<meta name=\"author\" content=\"Altominho.tv\" \/>\n<meta name=\"twitter:card\" content=\"summary_large_image\" \/>\n<meta name=\"twitter:creator\" content=\"@altominhoTV\" \/>\n<meta name=\"twitter:site\" content=\"@altominhoTV\" \/>\n<meta name=\"twitter:label1\" content=\"Escrito por\" \/>\n\t<meta name=\"twitter:data1\" content=\"Altominho.tv\" \/>\n\t<meta name=\"twitter:label2\" content=\"Tempo estimado de leitura\" \/>\n\t<meta name=\"twitter:data2\" content=\"2 minutos\" \/>\n<script type=\"application\/ld+json\" class=\"yoast-schema-graph\">{\"@context\":\"https:\\\/\\\/schema.org\",\"@graph\":[{\"@type\":\"Article\",\"@id\":\"https:\\\/\\\/www.altominho.tv\\\/site\\\/2025\\\/02\\\/12\\\/apresentacao-do-compendio-zero-desperdicio-100-energia\\\/#article\",\"isPartOf\":{\"@id\":\"https:\\\/\\\/www.altominho.tv\\\/site\\\/2025\\\/02\\\/12\\\/apresentacao-do-compendio-zero-desperdicio-100-energia\\\/\"},\"author\":{\"name\":\"Altominho.tv\",\"@id\":\"https:\\\/\\\/www.altominho.tv\\\/site\\\/#\\\/schema\\\/person\\\/4e536851627d7914baf3dac752b6af22\"},\"headline\":\"Apresenta\u00e7\u00e3o do comp\u00eandio \u201cZero Desperd\u00edcio, 100% Energia. Alimente-se Bem por 5 Euros\u201d em Viana do Castelo\",\"datePublished\":\"2025-02-12T17:04:13+00:00\",\"dateModified\":\"2025-02-12T17:04:16+00:00\",\"mainEntityOfPage\":{\"@id\":\"https:\\\/\\\/www.altominho.tv\\\/site\\\/2025\\\/02\\\/12\\\/apresentacao-do-compendio-zero-desperdicio-100-energia\\\/\"},\"wordCount\":201,\"image\":{\"@id\":\"https:\\\/\\\/www.altominho.tv\\\/site\\\/2025\\\/02\\\/12\\\/apresentacao-do-compendio-zero-desperdicio-100-energia\\\/#primaryimage\"},\"thumbnailUrl\":\"https:\\\/\\\/www.altominho.tv\\\/site\\\/wp-content\\\/uploads\\\/2025\\\/02\\\/Design-sem-nome-4.jpg\",\"keywords\":[\"Gastronomia\"],\"articleSection\":[\"Viana do Castelo\"],\"inLanguage\":\"pt-PT\",\"copyrightYear\":\"2025\",\"copyrightHolder\":{\"@id\":\"https:\\\/\\\/www.altominho.tv\\\/site\\\/#organization\"}},{\"@type\":\"WebPage\",\"@id\":\"https:\\\/\\\/www.altominho.tv\\\/site\\\/2025\\\/02\\\/12\\\/apresentacao-do-compendio-zero-desperdicio-100-energia\\\/\",\"url\":\"https:\\\/\\\/www.altominho.tv\\\/site\\\/2025\\\/02\\\/12\\\/apresentacao-do-compendio-zero-desperdicio-100-energia\\\/\",\"name\":\"Apresenta\u00e7\u00e3o do comp\u00eandio \u201cZero Desperd\u00edcio, 100% Energia. Alimente-se Bem por 5 Euros\u201d em Viana do Castelo\",\"isPartOf\":{\"@id\":\"https:\\\/\\\/www.altominho.tv\\\/site\\\/#website\"},\"primaryImageOfPage\":{\"@id\":\"https:\\\/\\\/www.altominho.tv\\\/site\\\/2025\\\/02\\\/12\\\/apresentacao-do-compendio-zero-desperdicio-100-energia\\\/#primaryimage\"},\"image\":{\"@id\":\"https:\\\/\\\/www.altominho.tv\\\/site\\\/2025\\\/02\\\/12\\\/apresentacao-do-compendio-zero-desperdicio-100-energia\\\/#primaryimage\"},\"thumbnailUrl\":\"https:\\\/\\\/www.altominho.tv\\\/site\\\/wp-content\\\/uploads\\\/2025\\\/02\\\/Design-sem-nome-4.jpg\",\"datePublished\":\"2025-02-12T17:04:13+00:00\",\"dateModified\":\"2025-02-12T17:04:16+00:00\",\"author\":{\"@id\":\"https:\\\/\\\/www.altominho.tv\\\/site\\\/#\\\/schema\\\/person\\\/4e536851627d7914baf3dac752b6af22\"},\"description\":\"Decorreu ontem, 11 de fevereiro, no Centro de Monitoriza\u00e7\u00e3o e Interpreta\u00e7\u00e3o Ambiental (CMIA), a apresenta\u00e7\u00e3o do comp\u00eandio \u201cZero Desperd\u00edcio, 100% Energia. Alimente-se Bem por 5 Euros\u201d\",\"breadcrumb\":{\"@id\":\"https:\\\/\\\/www.altominho.tv\\\/site\\\/2025\\\/02\\\/12\\\/apresentacao-do-compendio-zero-desperdicio-100-energia\\\/#breadcrumb\"},\"inLanguage\":\"pt-PT\",\"potentialAction\":[{\"@type\":\"ReadAction\",\"target\":[\"https:\\\/\\\/www.altominho.tv\\\/site\\\/2025\\\/02\\\/12\\\/apresentacao-do-compendio-zero-desperdicio-100-energia\\\/\"]}]},{\"@type\":\"ImageObject\",\"inLanguage\":\"pt-PT\",\"@id\":\"https:\\\/\\\/www.altominho.tv\\\/site\\\/2025\\\/02\\\/12\\\/apresentacao-do-compendio-zero-desperdicio-100-energia\\\/#primaryimage\",\"url\":\"https:\\\/\\\/www.altominho.tv\\\/site\\\/wp-content\\\/uploads\\\/2025\\\/02\\\/Design-sem-nome-4.jpg\",\"contentUrl\":\"https:\\\/\\\/www.altominho.tv\\\/site\\\/wp-content\\\/uploads\\\/2025\\\/02\\\/Design-sem-nome-4.jpg\",\"width\":1200,\"height\":630},{\"@type\":\"BreadcrumbList\",\"@id\":\"https:\\\/\\\/www.altominho.tv\\\/site\\\/2025\\\/02\\\/12\\\/apresentacao-do-compendio-zero-desperdicio-100-energia\\\/#breadcrumb\",\"itemListElement\":[{\"@type\":\"ListItem\",\"position\":1,\"name\":\"In\u00edcio\",\"item\":\"https:\\\/\\\/www.altominho.tv\\\/site\\\/\"},{\"@type\":\"ListItem\",\"position\":2,\"name\":\"Apresenta\u00e7\u00e3o do comp\u00eandio \u201cZero Desperd\u00edcio, 100% Energia. Alimente-se Bem por 5 Euros\u201d em Viana do Castelo\"}]},{\"@type\":\"WebSite\",\"@id\":\"https:\\\/\\\/www.altominho.tv\\\/site\\\/#website\",\"url\":\"https:\\\/\\\/www.altominho.tv\\\/site\\\/\",\"name\":\"Altominho.tv\",\"description\":\"A sua regi\u00e3o \u00e0 dist\u00e2ncia de um clique...\",\"potentialAction\":[{\"@type\":\"SearchAction\",\"target\":{\"@type\":\"EntryPoint\",\"urlTemplate\":\"https:\\\/\\\/www.altominho.tv\\\/site\\\/?s={search_term_string}\"},\"query-input\":{\"@type\":\"PropertyValueSpecification\",\"valueRequired\":true,\"valueName\":\"search_term_string\"}}],\"inLanguage\":\"pt-PT\"},{\"@type\":\"Person\",\"@id\":\"https:\\\/\\\/www.altominho.tv\\\/site\\\/#\\\/schema\\\/person\\\/4e536851627d7914baf3dac752b6af22\",\"name\":\"Altominho.tv\",\"image\":{\"@type\":\"ImageObject\",\"inLanguage\":\"pt-PT\",\"@id\":\"https:\\\/\\\/www.altominho.tv\\\/site\\\/wp-content\\\/uploads\\\/2019\\\/11\\\/Logo_Avatar_2-150x150.jpg\",\"url\":\"https:\\\/\\\/www.altominho.tv\\\/site\\\/wp-content\\\/uploads\\\/2019\\\/11\\\/Logo_Avatar_2-150x150.jpg\",\"contentUrl\":\"https:\\\/\\\/www.altominho.tv\\\/site\\\/wp-content\\\/uploads\\\/2019\\\/11\\\/Logo_Avatar_2-150x150.jpg\",\"caption\":\"Altominho.tv\"},\"url\":\"https:\\\/\\\/www.altominho.tv\\\/site\\\/author\\\/altominhotv-tecnico\\\/\"}]}<\/script>\n<!-- \/ Yoast SEO Premium plugin. -->","yoast_head_json":{"title":"Apresenta\u00e7\u00e3o do comp\u00eandio \u201cZero Desperd\u00edcio, 100% Energia. Alimente-se Bem por 5 Euros\u201d em Viana do Castelo","description":"Decorreu ontem, 11 de fevereiro, no Centro de Monitoriza\u00e7\u00e3o e Interpreta\u00e7\u00e3o Ambiental (CMIA), a apresenta\u00e7\u00e3o do comp\u00eandio \u201cZero Desperd\u00edcio, 100% Energia. Alimente-se Bem por 5 Euros\u201d","robots":{"index":"index","follow":"follow","max-snippet":"max-snippet:-1","max-image-preview":"max-image-preview:large","max-video-preview":"max-video-preview:-1"},"canonical":"https:\/\/www.altominho.tv\/site\/2025\/02\/12\/apresentacao-do-compendio-zero-desperdicio-100-energia\/","og_locale":"pt_PT","og_type":"article","og_title":"Apresenta\u00e7\u00e3o do comp\u00eandio \u201cZero Desperd\u00edcio, 100% Energia. Alimente-se Bem por 5 Euros\u201d em Viana do Castelo","og_description":"Decorreu ontem, 11 de fevereiro, no Centro de Monitoriza\u00e7\u00e3o e Interpreta\u00e7\u00e3o Ambiental (CMIA), a apresenta\u00e7\u00e3o do comp\u00eandio \u201cZero Desperd\u00edcio, 100% Energia. Alimente-se Bem por 5 Euros\u201d","og_url":"https:\/\/www.altominho.tv\/site\/2025\/02\/12\/apresentacao-do-compendio-zero-desperdicio-100-energia\/","og_site_name":"Altominho.tv","article_publisher":"https:\/\/www.facebook.com\/altominhotv","article_published_time":"2025-02-12T17:04:13+00:00","article_modified_time":"2025-02-12T17:04:16+00:00","og_image":[{"width":1200,"height":630,"url":"https:\/\/www.altominho.tv\/site\/wp-content\/uploads\/2025\/02\/Design-sem-nome-4.jpg","type":"image\/jpeg"}],"author":"Altominho.tv","twitter_card":"summary_large_image","twitter_creator":"@altominhoTV","twitter_site":"@altominhoTV","twitter_misc":{"Escrito por":"Altominho.tv","Tempo estimado de leitura":"2 minutos"},"schema":{"@context":"https:\/\/schema.org","@graph":[{"@type":"Article","@id":"https:\/\/www.altominho.tv\/site\/2025\/02\/12\/apresentacao-do-compendio-zero-desperdicio-100-energia\/#article","isPartOf":{"@id":"https:\/\/www.altominho.tv\/site\/2025\/02\/12\/apresentacao-do-compendio-zero-desperdicio-100-energia\/"},"author":{"name":"Altominho.tv","@id":"https:\/\/www.altominho.tv\/site\/#\/schema\/person\/4e536851627d7914baf3dac752b6af22"},"headline":"Apresenta\u00e7\u00e3o do comp\u00eandio \u201cZero Desperd\u00edcio, 100% Energia. Alimente-se Bem por 5 Euros\u201d em Viana do Castelo","datePublished":"2025-02-12T17:04:13+00:00","dateModified":"2025-02-12T17:04:16+00:00","mainEntityOfPage":{"@id":"https:\/\/www.altominho.tv\/site\/2025\/02\/12\/apresentacao-do-compendio-zero-desperdicio-100-energia\/"},"wordCount":201,"image":{"@id":"https:\/\/www.altominho.tv\/site\/2025\/02\/12\/apresentacao-do-compendio-zero-desperdicio-100-energia\/#primaryimage"},"thumbnailUrl":"https:\/\/www.altominho.tv\/site\/wp-content\/uploads\/2025\/02\/Design-sem-nome-4.jpg","keywords":["Gastronomia"],"articleSection":["Viana do Castelo"],"inLanguage":"pt-PT","copyrightYear":"2025","copyrightHolder":{"@id":"https:\/\/www.altominho.tv\/site\/#organization"}},{"@type":"WebPage","@id":"https:\/\/www.altominho.tv\/site\/2025\/02\/12\/apresentacao-do-compendio-zero-desperdicio-100-energia\/","url":"https:\/\/www.altominho.tv\/site\/2025\/02\/12\/apresentacao-do-compendio-zero-desperdicio-100-energia\/","name":"Apresenta\u00e7\u00e3o do comp\u00eandio \u201cZero Desperd\u00edcio, 100% Energia. Alimente-se Bem por 5 Euros\u201d em Viana do Castelo","isPartOf":{"@id":"https:\/\/www.altominho.tv\/site\/#website"},"primaryImageOfPage":{"@id":"https:\/\/www.altominho.tv\/site\/2025\/02\/12\/apresentacao-do-compendio-zero-desperdicio-100-energia\/#primaryimage"},"image":{"@id":"https:\/\/www.altominho.tv\/site\/2025\/02\/12\/apresentacao-do-compendio-zero-desperdicio-100-energia\/#primaryimage"},"thumbnailUrl":"https:\/\/www.altominho.tv\/site\/wp-content\/uploads\/2025\/02\/Design-sem-nome-4.jpg","datePublished":"2025-02-12T17:04:13+00:00","dateModified":"2025-02-12T17:04:16+00:00","author":{"@id":"https:\/\/www.altominho.tv\/site\/#\/schema\/person\/4e536851627d7914baf3dac752b6af22"},"description":"Decorreu ontem, 11 de fevereiro, no Centro de Monitoriza\u00e7\u00e3o e Interpreta\u00e7\u00e3o Ambiental (CMIA), a apresenta\u00e7\u00e3o do comp\u00eandio \u201cZero Desperd\u00edcio, 100% Energia. Alimente-se Bem por 5 Euros\u201d","breadcrumb":{"@id":"https:\/\/www.altominho.tv\/site\/2025\/02\/12\/apresentacao-do-compendio-zero-desperdicio-100-energia\/#breadcrumb"},"inLanguage":"pt-PT","potentialAction":[{"@type":"ReadAction","target":["https:\/\/www.altominho.tv\/site\/2025\/02\/12\/apresentacao-do-compendio-zero-desperdicio-100-energia\/"]}]},{"@type":"ImageObject","inLanguage":"pt-PT","@id":"https:\/\/www.altominho.tv\/site\/2025\/02\/12\/apresentacao-do-compendio-zero-desperdicio-100-energia\/#primaryimage","url":"https:\/\/www.altominho.tv\/site\/wp-content\/uploads\/2025\/02\/Design-sem-nome-4.jpg","contentUrl":"https:\/\/www.altominho.tv\/site\/wp-content\/uploads\/2025\/02\/Design-sem-nome-4.jpg","width":1200,"height":630},{"@type":"BreadcrumbList","@id":"https:\/\/www.altominho.tv\/site\/2025\/02\/12\/apresentacao-do-compendio-zero-desperdicio-100-energia\/#breadcrumb","itemListElement":[{"@type":"ListItem","position":1,"name":"In\u00edcio","item":"https:\/\/www.altominho.tv\/site\/"},{"@type":"ListItem","position":2,"name":"Apresenta\u00e7\u00e3o do comp\u00eandio \u201cZero Desperd\u00edcio, 100% Energia. Alimente-se Bem por 5 Euros\u201d em Viana do Castelo"}]},{"@type":"WebSite","@id":"https:\/\/www.altominho.tv\/site\/#website","url":"https:\/\/www.altominho.tv\/site\/","name":"Altominho.tv","description":"A sua regi\u00e3o \u00e0 dist\u00e2ncia de um clique...","potentialAction":[{"@type":"SearchAction","target":{"@type":"EntryPoint","urlTemplate":"https:\/\/www.altominho.tv\/site\/?s={search_term_string}"},"query-input":{"@type":"PropertyValueSpecification","valueRequired":true,"valueName":"search_term_string"}}],"inLanguage":"pt-PT"},{"@type":"Person","@id":"https:\/\/www.altominho.tv\/site\/#\/schema\/person\/4e536851627d7914baf3dac752b6af22","name":"Altominho.tv","image":{"@type":"ImageObject","inLanguage":"pt-PT","@id":"https:\/\/www.altominho.tv\/site\/wp-content\/uploads\/2019\/11\/Logo_Avatar_2-150x150.jpg","url":"https:\/\/www.altominho.tv\/site\/wp-content\/uploads\/2019\/11\/Logo_Avatar_2-150x150.jpg","contentUrl":"https:\/\/www.altominho.tv\/site\/wp-content\/uploads\/2019\/11\/Logo_Avatar_2-150x150.jpg","caption":"Altominho.tv"},"url":"https:\/\/www.altominho.tv\/site\/author\/altominhotv-tecnico\/"}]}},"_links":{"self":[{"href":"https:\/\/www.altominho.tv\/site\/wp-json\/wp\/v2\/posts\/114845","targetHints":{"allow":["GET"]}}],"collection":[{"href":"https:\/\/www.altominho.tv\/site\/wp-json\/wp\/v2\/posts"}],"about":[{"href":"https:\/\/www.altominho.tv\/site\/wp-json\/wp\/v2\/types\/post"}],"author":[{"embeddable":true,"href":"https:\/\/www.altominho.tv\/site\/wp-json\/wp\/v2\/users\/1"}],"replies":[{"embeddable":true,"href":"https:\/\/www.altominho.tv\/site\/wp-json\/wp\/v2\/comments?post=114845"}],"version-history":[{"count":1,"href":"https:\/\/www.altominho.tv\/site\/wp-json\/wp\/v2\/posts\/114845\/revisions"}],"predecessor-version":[{"id":114847,"href":"https:\/\/www.altominho.tv\/site\/wp-json\/wp\/v2\/posts\/114845\/revisions\/114847"}],"wp:featuredmedia":[{"embeddable":true,"href":"https:\/\/www.altominho.tv\/site\/wp-json\/wp\/v2\/media\/114846"}],"wp:attachment":[{"href":"https:\/\/www.altominho.tv\/site\/wp-json\/wp\/v2\/media?parent=114845"}],"wp:term":[{"taxonomy":"category","embeddable":true,"href":"https:\/\/www.altominho.tv\/site\/wp-json\/wp\/v2\/categories?post=114845"},{"taxonomy":"post_tag","embeddable":true,"href":"https:\/\/www.altominho.tv\/site\/wp-json\/wp\/v2\/tags?post=114845"}],"curies":[{"name":"wp","href":"https:\/\/api.w.org\/{rel}","templated":true}]}}