{"id":114800,"date":"2025-02-11T13:43:25","date_gmt":"2025-02-11T13:43:25","guid":{"rendered":"https:\/\/www.altominho.tv\/site\/?p=114800"},"modified":"2025-02-11T13:43:27","modified_gmt":"2025-02-11T13:43:27","slug":"concurso-para-reparar-centro-de-logistica","status":"publish","type":"post","link":"https:\/\/www.altominho.tv\/site\/2025\/02\/11\/concurso-para-reparar-centro-de-logistica\/","title":{"rendered":"Valen\u00e7a lan\u00e7a concurso de 550 mil euros para reparar centro de log\u00edstica"},"content":{"rendered":"<p>A C\u00e2mara de Valen\u00e7a lan\u00e7ou hoje, pelo pre\u00e7o base de 550 mil euros, um concurso p\u00fablico para reparar e reconstruir revestimentos danificados no edif\u00edcio Centro de Inova\u00e7\u00e3o e Log\u00edstica de Valen\u00e7a (CILV).<\/p>\n<p>O an\u00fancio daquela autarquia do distrito de Viana do Castelo, hoje publicado no Di\u00e1rio da Rep\u00fablica, estipula um prazo de 270 dias (cerca de nove meses) para a empreitada de \u201crepara\u00e7\u00e3o e reconstru\u00e7\u00e3o de revestimentos danificados\u201d.<\/p>\n<p>A C\u00e2mara de Valen\u00e7a abriu em setembro de 2024 um concurso para o mesmo fim, pelo pre\u00e7o base de 420 mil euros, e em novembro de 2024 lan\u00e7ou outro, por 460 mil euros.<\/p>\n<p>O CILV representou um investimento superior a seis milh\u00f5es de euros, foi inaugurado em 2017 e integra o novo campus acad\u00e9mico da Escola Superior de Ci\u00eancias Empresariais do Instituto Polit\u00e9cnico de Viana do Castelo (IPVC), um centro de divulga\u00e7\u00e3o de ci\u00eancia, um centro de forma\u00e7\u00e3o, um ninho de empresas, um centro de apoio \u00e0s atividades empresariais e uma zona de lazer.<\/p>\n<p>A constru\u00e7\u00e3o do equipamento foi financiada por fundos comunit\u00e1rios do Programa Operacional Regional do Norte (ON2) em 85% depois de aprovada na Bolsa de M\u00e9rito da Comunidade Intermunicipal (CIM) do Alto Minho que integra os 10 munic\u00edpios que comp\u00f5em o distrito de Viana do Castelo.<\/p>\n<p>A primeira fase envolveu uma \u00e1rea industrial com cerca de 70 hectares, seguindo-se mais 50 hectares, ambas para instala\u00e7\u00e3o de empresas e unidades industriais.<br \/>\nAl\u00e9m das estruturas de ensino e de apoio \u00e0 ci\u00eancia e \u00e0 atividade empresarial, o CILV disp\u00f5e de zona de lazer dotada de um anfiteatro com capacidade para 500 pessoas sentadas, um espelho de \u00e1gua, uma pista de manuten\u00e7\u00e3o, um campo desportivo multi\u00fasos e v\u00e1rias pra\u00e7as.<\/p>\n<p>O CILV foi um dos 12 projetados em 2008 no \u00e2mbito do Plano Portugal Log\u00edstico. Previa potenciar a centralidade de Valen\u00e7a na eurorregi\u00e3o Norte de Portugal e Galiza, tirar partido da acessibilidade rodoferrovi\u00e1ria e da oferta das infraestruturas a\u00e9reas e portu\u00e1rias dos dois lados da fronteira.<\/p>\n","protected":false},"excerpt":{"rendered":"<p>A C\u00e2mara de Valen\u00e7a lan\u00e7ou hoje, pelo pre\u00e7o base de 550 mil euros, um concurso p\u00fablico para reparar e reconstruir revestimentos danificados no edif\u00edcio Centro de Inova\u00e7\u00e3o e Log\u00edstica de Valen\u00e7a (CILV). O an\u00fancio daquela autarquia do distrito de Viana do Castelo, hoje publicado no Di\u00e1rio da Rep\u00fablica, estipula um prazo de 270 dias (cerca [&hellip;]<\/p>\n","protected":false},"author":13,"featured_media":114801,"comment_status":"closed","ping_status":"closed","sticky":false,"template":"","format":"standard","meta":{"_exactmetrics_skip_tracking":false,"_exactmetrics_sitenote_active":false,"_exactmetrics_sitenote_note":"","_exactmetrics_sitenote_category":0,"footnotes":""},"categories":[13],"tags":[22,27],"class_list":["post-114800","post","type-post","status-publish","format-standard","has-post-thumbnail","hentry","category-valenca","tag-educacao","tag-sociedade"],"yoast_head":"<!-- This site is optimized with the Yoast SEO Premium plugin v27.5 (Yoast SEO v27.5) - https:\/\/yoast.com\/product\/yoast-seo-premium-wordpress\/ -->\n<title>Valen\u00e7a lan\u00e7a concurso de 550 mil euros para reparar centro de log\u00edstica<\/title>\n<meta name=\"description\" content=\"Um concurso p\u00fablico para reparar e reconstruir revestimentos danificados no edif\u00edcio Centro de Inova\u00e7\u00e3o e Log\u00edstica de Valen\u00e7a.\" \/>\n<meta name=\"robots\" content=\"index, follow, max-snippet:-1, max-image-preview:large, max-video-preview:-1\" \/>\n<link rel=\"canonical\" href=\"https:\/\/www.altominho.tv\/site\/2025\/02\/11\/concurso-para-reparar-centro-de-logistica\/\" \/>\n<meta property=\"og:locale\" content=\"pt_PT\" \/>\n<meta property=\"og:type\" content=\"article\" \/>\n<meta property=\"og:title\" content=\"Valen\u00e7a lan\u00e7a concurso de 550 mil euros para reparar centro de log\u00edstica\" \/>\n<meta property=\"og:description\" content=\"Um concurso p\u00fablico para reparar e reconstruir revestimentos danificados no edif\u00edcio Centro de Inova\u00e7\u00e3o e Log\u00edstica de Valen\u00e7a.\" \/>\n<meta property=\"og:url\" content=\"https:\/\/www.altominho.tv\/site\/2025\/02\/11\/concurso-para-reparar-centro-de-logistica\/\" \/>\n<meta property=\"og:site_name\" content=\"Altominho.tv\" \/>\n<meta property=\"article:publisher\" content=\"https:\/\/www.facebook.com\/altominhotv\" \/>\n<meta property=\"article:published_time\" content=\"2025-02-11T13:43:25+00:00\" \/>\n<meta property=\"article:modified_time\" content=\"2025-02-11T13:43:27+00:00\" \/>\n<meta property=\"og:image\" content=\"https:\/\/www.altominho.tv\/site\/wp-content\/uploads\/2025\/02\/CILV.jpg\" \/>\n\t<meta property=\"og:image:width\" content=\"1200\" \/>\n\t<meta property=\"og:image:height\" content=\"630\" \/>\n\t<meta property=\"og:image:type\" content=\"image\/jpeg\" \/>\n<meta name=\"author\" content=\"Lusa\" \/>\n<meta name=\"twitter:card\" content=\"summary_large_image\" \/>\n<meta name=\"twitter:creator\" content=\"@altominhoTV\" \/>\n<meta name=\"twitter:site\" content=\"@altominhoTV\" \/>\n<meta name=\"twitter:label1\" content=\"Escrito por\" \/>\n\t<meta name=\"twitter:data1\" content=\"Lusa\" \/>\n\t<meta name=\"twitter:label2\" content=\"Tempo estimado de leitura\" \/>\n\t<meta name=\"twitter:data2\" content=\"2 minutos\" \/>\n<script type=\"application\/ld+json\" class=\"yoast-schema-graph\">{\"@context\":\"https:\\\/\\\/schema.org\",\"@graph\":[{\"@type\":\"Article\",\"@id\":\"https:\\\/\\\/www.altominho.tv\\\/site\\\/2025\\\/02\\\/11\\\/concurso-para-reparar-centro-de-logistica\\\/#article\",\"isPartOf\":{\"@id\":\"https:\\\/\\\/www.altominho.tv\\\/site\\\/2025\\\/02\\\/11\\\/concurso-para-reparar-centro-de-logistica\\\/\"},\"author\":{\"name\":\"Lusa\",\"@id\":\"https:\\\/\\\/www.altominho.tv\\\/site\\\/#\\\/schema\\\/person\\\/63f693da3e1899361cbe955c46f3232e\"},\"headline\":\"Valen\u00e7a lan\u00e7a concurso de 550 mil euros para reparar centro de log\u00edstica\",\"datePublished\":\"2025-02-11T13:43:25+00:00\",\"dateModified\":\"2025-02-11T13:43:27+00:00\",\"mainEntityOfPage\":{\"@id\":\"https:\\\/\\\/www.altominho.tv\\\/site\\\/2025\\\/02\\\/11\\\/concurso-para-reparar-centro-de-logistica\\\/\"},\"wordCount\":365,\"image\":{\"@id\":\"https:\\\/\\\/www.altominho.tv\\\/site\\\/2025\\\/02\\\/11\\\/concurso-para-reparar-centro-de-logistica\\\/#primaryimage\"},\"thumbnailUrl\":\"https:\\\/\\\/www.altominho.tv\\\/site\\\/wp-content\\\/uploads\\\/2025\\\/02\\\/CILV.jpg\",\"keywords\":[\"Educa\u00e7\u00e3o\",\"Sociedade\"],\"articleSection\":[\"Valen\u00e7a\"],\"inLanguage\":\"pt-PT\",\"copyrightYear\":\"2025\",\"copyrightHolder\":{\"@id\":\"https:\\\/\\\/www.altominho.tv\\\/site\\\/#organization\"}},{\"@type\":\"WebPage\",\"@id\":\"https:\\\/\\\/www.altominho.tv\\\/site\\\/2025\\\/02\\\/11\\\/concurso-para-reparar-centro-de-logistica\\\/\",\"url\":\"https:\\\/\\\/www.altominho.tv\\\/site\\\/2025\\\/02\\\/11\\\/concurso-para-reparar-centro-de-logistica\\\/\",\"name\":\"Valen\u00e7a lan\u00e7a concurso de 550 mil euros para reparar centro de log\u00edstica\",\"isPartOf\":{\"@id\":\"https:\\\/\\\/www.altominho.tv\\\/site\\\/#website\"},\"primaryImageOfPage\":{\"@id\":\"https:\\\/\\\/www.altominho.tv\\\/site\\\/2025\\\/02\\\/11\\\/concurso-para-reparar-centro-de-logistica\\\/#primaryimage\"},\"image\":{\"@id\":\"https:\\\/\\\/www.altominho.tv\\\/site\\\/2025\\\/02\\\/11\\\/concurso-para-reparar-centro-de-logistica\\\/#primaryimage\"},\"thumbnailUrl\":\"https:\\\/\\\/www.altominho.tv\\\/site\\\/wp-content\\\/uploads\\\/2025\\\/02\\\/CILV.jpg\",\"datePublished\":\"2025-02-11T13:43:25+00:00\",\"dateModified\":\"2025-02-11T13:43:27+00:00\",\"author\":{\"@id\":\"https:\\\/\\\/www.altominho.tv\\\/site\\\/#\\\/schema\\\/person\\\/63f693da3e1899361cbe955c46f3232e\"},\"description\":\"Um concurso p\u00fablico para reparar e reconstruir revestimentos danificados no edif\u00edcio Centro de Inova\u00e7\u00e3o e Log\u00edstica de Valen\u00e7a.\",\"breadcrumb\":{\"@id\":\"https:\\\/\\\/www.altominho.tv\\\/site\\\/2025\\\/02\\\/11\\\/concurso-para-reparar-centro-de-logistica\\\/#breadcrumb\"},\"inLanguage\":\"pt-PT\",\"potentialAction\":[{\"@type\":\"ReadAction\",\"target\":[\"https:\\\/\\\/www.altominho.tv\\\/site\\\/2025\\\/02\\\/11\\\/concurso-para-reparar-centro-de-logistica\\\/\"]}]},{\"@type\":\"ImageObject\",\"inLanguage\":\"pt-PT\",\"@id\":\"https:\\\/\\\/www.altominho.tv\\\/site\\\/2025\\\/02\\\/11\\\/concurso-para-reparar-centro-de-logistica\\\/#primaryimage\",\"url\":\"https:\\\/\\\/www.altominho.tv\\\/site\\\/wp-content\\\/uploads\\\/2025\\\/02\\\/CILV.jpg\",\"contentUrl\":\"https:\\\/\\\/www.altominho.tv\\\/site\\\/wp-content\\\/uploads\\\/2025\\\/02\\\/CILV.jpg\",\"width\":1200,\"height\":630},{\"@type\":\"BreadcrumbList\",\"@id\":\"https:\\\/\\\/www.altominho.tv\\\/site\\\/2025\\\/02\\\/11\\\/concurso-para-reparar-centro-de-logistica\\\/#breadcrumb\",\"itemListElement\":[{\"@type\":\"ListItem\",\"position\":1,\"name\":\"In\u00edcio\",\"item\":\"https:\\\/\\\/www.altominho.tv\\\/site\\\/\"},{\"@type\":\"ListItem\",\"position\":2,\"name\":\"Valen\u00e7a lan\u00e7a concurso de 550 mil euros para reparar centro de log\u00edstica\"}]},{\"@type\":\"WebSite\",\"@id\":\"https:\\\/\\\/www.altominho.tv\\\/site\\\/#website\",\"url\":\"https:\\\/\\\/www.altominho.tv\\\/site\\\/\",\"name\":\"Altominho.tv\",\"description\":\"A sua regi\u00e3o \u00e0 dist\u00e2ncia de um clique...\",\"potentialAction\":[{\"@type\":\"SearchAction\",\"target\":{\"@type\":\"EntryPoint\",\"urlTemplate\":\"https:\\\/\\\/www.altominho.tv\\\/site\\\/?s={search_term_string}\"},\"query-input\":{\"@type\":\"PropertyValueSpecification\",\"valueRequired\":true,\"valueName\":\"search_term_string\"}}],\"inLanguage\":\"pt-PT\"},{\"@type\":\"Person\",\"@id\":\"https:\\\/\\\/www.altominho.tv\\\/site\\\/#\\\/schema\\\/person\\\/63f693da3e1899361cbe955c46f3232e\",\"name\":\"Lusa\",\"image\":{\"@type\":\"ImageObject\",\"inLanguage\":\"pt-PT\",\"@id\":\"https:\\\/\\\/www.altominho.tv\\\/site\\\/wp-content\\\/uploads\\\/2019\\\/08\\\/LUSA_Logo.gif\",\"url\":\"https:\\\/\\\/www.altominho.tv\\\/site\\\/wp-content\\\/uploads\\\/2019\\\/08\\\/LUSA_Logo.gif\",\"contentUrl\":\"https:\\\/\\\/www.altominho.tv\\\/site\\\/wp-content\\\/uploads\\\/2019\\\/08\\\/LUSA_Logo.gif\",\"caption\":\"Lusa\"},\"sameAs\":[\"http:\\\/\\\/\\\/\\\/www.altominho.tv\\\/site\"],\"url\":\"https:\\\/\\\/www.altominho.tv\\\/site\\\/author\\\/lusa\\\/\"}]}<\/script>\n<!-- \/ Yoast SEO Premium plugin. -->","yoast_head_json":{"title":"Valen\u00e7a lan\u00e7a concurso de 550 mil euros para reparar centro de log\u00edstica","description":"Um concurso p\u00fablico para reparar e reconstruir revestimentos danificados no edif\u00edcio Centro de Inova\u00e7\u00e3o e Log\u00edstica de Valen\u00e7a.","robots":{"index":"index","follow":"follow","max-snippet":"max-snippet:-1","max-image-preview":"max-image-preview:large","max-video-preview":"max-video-preview:-1"},"canonical":"https:\/\/www.altominho.tv\/site\/2025\/02\/11\/concurso-para-reparar-centro-de-logistica\/","og_locale":"pt_PT","og_type":"article","og_title":"Valen\u00e7a lan\u00e7a concurso de 550 mil euros para reparar centro de log\u00edstica","og_description":"Um concurso p\u00fablico para reparar e reconstruir revestimentos danificados no edif\u00edcio Centro de Inova\u00e7\u00e3o e Log\u00edstica de Valen\u00e7a.","og_url":"https:\/\/www.altominho.tv\/site\/2025\/02\/11\/concurso-para-reparar-centro-de-logistica\/","og_site_name":"Altominho.tv","article_publisher":"https:\/\/www.facebook.com\/altominhotv","article_published_time":"2025-02-11T13:43:25+00:00","article_modified_time":"2025-02-11T13:43:27+00:00","og_image":[{"width":1200,"height":630,"url":"https:\/\/www.altominho.tv\/site\/wp-content\/uploads\/2025\/02\/CILV.jpg","type":"image\/jpeg"}],"author":"Lusa","twitter_card":"summary_large_image","twitter_creator":"@altominhoTV","twitter_site":"@altominhoTV","twitter_misc":{"Escrito por":"Lusa","Tempo estimado de leitura":"2 minutos"},"schema":{"@context":"https:\/\/schema.org","@graph":[{"@type":"Article","@id":"https:\/\/www.altominho.tv\/site\/2025\/02\/11\/concurso-para-reparar-centro-de-logistica\/#article","isPartOf":{"@id":"https:\/\/www.altominho.tv\/site\/2025\/02\/11\/concurso-para-reparar-centro-de-logistica\/"},"author":{"name":"Lusa","@id":"https:\/\/www.altominho.tv\/site\/#\/schema\/person\/63f693da3e1899361cbe955c46f3232e"},"headline":"Valen\u00e7a lan\u00e7a concurso de 550 mil euros para reparar centro de log\u00edstica","datePublished":"2025-02-11T13:43:25+00:00","dateModified":"2025-02-11T13:43:27+00:00","mainEntityOfPage":{"@id":"https:\/\/www.altominho.tv\/site\/2025\/02\/11\/concurso-para-reparar-centro-de-logistica\/"},"wordCount":365,"image":{"@id":"https:\/\/www.altominho.tv\/site\/2025\/02\/11\/concurso-para-reparar-centro-de-logistica\/#primaryimage"},"thumbnailUrl":"https:\/\/www.altominho.tv\/site\/wp-content\/uploads\/2025\/02\/CILV.jpg","keywords":["Educa\u00e7\u00e3o","Sociedade"],"articleSection":["Valen\u00e7a"],"inLanguage":"pt-PT","copyrightYear":"2025","copyrightHolder":{"@id":"https:\/\/www.altominho.tv\/site\/#organization"}},{"@type":"WebPage","@id":"https:\/\/www.altominho.tv\/site\/2025\/02\/11\/concurso-para-reparar-centro-de-logistica\/","url":"https:\/\/www.altominho.tv\/site\/2025\/02\/11\/concurso-para-reparar-centro-de-logistica\/","name":"Valen\u00e7a lan\u00e7a concurso de 550 mil euros para reparar centro de log\u00edstica","isPartOf":{"@id":"https:\/\/www.altominho.tv\/site\/#website"},"primaryImageOfPage":{"@id":"https:\/\/www.altominho.tv\/site\/2025\/02\/11\/concurso-para-reparar-centro-de-logistica\/#primaryimage"},"image":{"@id":"https:\/\/www.altominho.tv\/site\/2025\/02\/11\/concurso-para-reparar-centro-de-logistica\/#primaryimage"},"thumbnailUrl":"https:\/\/www.altominho.tv\/site\/wp-content\/uploads\/2025\/02\/CILV.jpg","datePublished":"2025-02-11T13:43:25+00:00","dateModified":"2025-02-11T13:43:27+00:00","author":{"@id":"https:\/\/www.altominho.tv\/site\/#\/schema\/person\/63f693da3e1899361cbe955c46f3232e"},"description":"Um concurso p\u00fablico para reparar e reconstruir revestimentos danificados no edif\u00edcio Centro de Inova\u00e7\u00e3o e Log\u00edstica de Valen\u00e7a.","breadcrumb":{"@id":"https:\/\/www.altominho.tv\/site\/2025\/02\/11\/concurso-para-reparar-centro-de-logistica\/#breadcrumb"},"inLanguage":"pt-PT","potentialAction":[{"@type":"ReadAction","target":["https:\/\/www.altominho.tv\/site\/2025\/02\/11\/concurso-para-reparar-centro-de-logistica\/"]}]},{"@type":"ImageObject","inLanguage":"pt-PT","@id":"https:\/\/www.altominho.tv\/site\/2025\/02\/11\/concurso-para-reparar-centro-de-logistica\/#primaryimage","url":"https:\/\/www.altominho.tv\/site\/wp-content\/uploads\/2025\/02\/CILV.jpg","contentUrl":"https:\/\/www.altominho.tv\/site\/wp-content\/uploads\/2025\/02\/CILV.jpg","width":1200,"height":630},{"@type":"BreadcrumbList","@id":"https:\/\/www.altominho.tv\/site\/2025\/02\/11\/concurso-para-reparar-centro-de-logistica\/#breadcrumb","itemListElement":[{"@type":"ListItem","position":1,"name":"In\u00edcio","item":"https:\/\/www.altominho.tv\/site\/"},{"@type":"ListItem","position":2,"name":"Valen\u00e7a lan\u00e7a concurso de 550 mil euros para reparar centro de log\u00edstica"}]},{"@type":"WebSite","@id":"https:\/\/www.altominho.tv\/site\/#website","url":"https:\/\/www.altominho.tv\/site\/","name":"Altominho.tv","description":"A sua regi\u00e3o \u00e0 dist\u00e2ncia de um clique...","potentialAction":[{"@type":"SearchAction","target":{"@type":"EntryPoint","urlTemplate":"https:\/\/www.altominho.tv\/site\/?s={search_term_string}"},"query-input":{"@type":"PropertyValueSpecification","valueRequired":true,"valueName":"search_term_string"}}],"inLanguage":"pt-PT"},{"@type":"Person","@id":"https:\/\/www.altominho.tv\/site\/#\/schema\/person\/63f693da3e1899361cbe955c46f3232e","name":"Lusa","image":{"@type":"ImageObject","inLanguage":"pt-PT","@id":"https:\/\/www.altominho.tv\/site\/wp-content\/uploads\/2019\/08\/LUSA_Logo.gif","url":"https:\/\/www.altominho.tv\/site\/wp-content\/uploads\/2019\/08\/LUSA_Logo.gif","contentUrl":"https:\/\/www.altominho.tv\/site\/wp-content\/uploads\/2019\/08\/LUSA_Logo.gif","caption":"Lusa"},"sameAs":["http:\/\/\/\/www.altominho.tv\/site"],"url":"https:\/\/www.altominho.tv\/site\/author\/lusa\/"}]}},"_links":{"self":[{"href":"https:\/\/www.altominho.tv\/site\/wp-json\/wp\/v2\/posts\/114800","targetHints":{"allow":["GET"]}}],"collection":[{"href":"https:\/\/www.altominho.tv\/site\/wp-json\/wp\/v2\/posts"}],"about":[{"href":"https:\/\/www.altominho.tv\/site\/wp-json\/wp\/v2\/types\/post"}],"author":[{"embeddable":true,"href":"https:\/\/www.altominho.tv\/site\/wp-json\/wp\/v2\/users\/13"}],"replies":[{"embeddable":true,"href":"https:\/\/www.altominho.tv\/site\/wp-json\/wp\/v2\/comments?post=114800"}],"version-history":[{"count":1,"href":"https:\/\/www.altominho.tv\/site\/wp-json\/wp\/v2\/posts\/114800\/revisions"}],"predecessor-version":[{"id":114802,"href":"https:\/\/www.altominho.tv\/site\/wp-json\/wp\/v2\/posts\/114800\/revisions\/114802"}],"wp:featuredmedia":[{"embeddable":true,"href":"https:\/\/www.altominho.tv\/site\/wp-json\/wp\/v2\/media\/114801"}],"wp:attachment":[{"href":"https:\/\/www.altominho.tv\/site\/wp-json\/wp\/v2\/media?parent=114800"}],"wp:term":[{"taxonomy":"category","embeddable":true,"href":"https:\/\/www.altominho.tv\/site\/wp-json\/wp\/v2\/categories?post=114800"},{"taxonomy":"post_tag","embeddable":true,"href":"https:\/\/www.altominho.tv\/site\/wp-json\/wp\/v2\/tags?post=114800"}],"curies":[{"name":"wp","href":"https:\/\/api.w.org\/{rel}","templated":true}]}}