{"id":114785,"date":"2025-02-11T10:44:58","date_gmt":"2025-02-11T10:44:58","guid":{"rendered":"https:\/\/www.altominho.tv\/site\/?p=114785"},"modified":"2025-02-11T10:45:00","modified_gmt":"2025-02-11T10:45:00","slug":"concursos-publicos-para-obras-em-bairros-sociais","status":"publish","type":"post","link":"https:\/\/www.altominho.tv\/site\/2025\/02\/11\/concursos-publicos-para-obras-em-bairros-sociais\/","title":{"rendered":"Valen\u00e7a lan\u00e7a concursos p\u00fablicos para obras em dois bairros sociais por 2,45 ME"},"content":{"rendered":"<p>A C\u00e2mara de Valen\u00e7a lan\u00e7ou hoje dois concursos p\u00fablicos para realizar obras em dois bairros sociais pelo valor global de 2,45 milh\u00f5es de euros.<\/p>\n<p>No bairro social de Friestas est\u00e3o previstas obras de reabilita\u00e7\u00e3o de um milh\u00e3o de euros, de acordo com o an\u00fancio publicado em Di\u00e1rio da Rep\u00fablica (DR) por aquela autarquia do distrito de Viana do Castelo.<\/p>\n<p>J\u00e1 a empreitada de amplia\u00e7\u00e3o do bairro social de Passos \u2013 Cerdal foi lan\u00e7ada pelo pre\u00e7o base de 1,45 milh\u00f5es de euros.<\/p>\n<p>Ambos os an\u00fancios fixam em 365 dias o prazo de execu\u00e7\u00e3o da empreitada.<\/p>\n","protected":false},"excerpt":{"rendered":"<p>A C\u00e2mara de Valen\u00e7a lan\u00e7ou hoje dois concursos p\u00fablicos para realizar obras em dois bairros sociais pelo valor global de 2,45 milh\u00f5es de euros. No bairro social de Friestas est\u00e3o previstas obras de reabilita\u00e7\u00e3o de um milh\u00e3o de euros, de acordo com o an\u00fancio publicado em Di\u00e1rio da Rep\u00fablica (DR) por aquela autarquia do distrito [&hellip;]<\/p>\n","protected":false},"author":13,"featured_media":112117,"comment_status":"closed","ping_status":"closed","sticky":false,"template":"","format":"standard","meta":{"_exactmetrics_skip_tracking":false,"_exactmetrics_sitenote_active":false,"_exactmetrics_sitenote_note":"","_exactmetrics_sitenote_category":0,"footnotes":""},"categories":[13],"tags":[27],"class_list":["post-114785","post","type-post","status-publish","format-standard","has-post-thumbnail","hentry","category-valenca","tag-sociedade"],"yoast_head":"<!-- This site is optimized with the Yoast SEO Premium plugin v27.5 (Yoast SEO v27.5) - https:\/\/yoast.com\/product\/yoast-seo-premium-wordpress\/ -->\n<title>Valen\u00e7a lan\u00e7a concursos p\u00fablicos para obras em dois bairros sociais por 2,45 ME<\/title>\n<meta name=\"description\" content=\"Ambos os an\u00fancios fixam em 365 dias o prazo de execu\u00e7\u00e3o da empreitada.\" \/>\n<meta name=\"robots\" content=\"index, follow, max-snippet:-1, max-image-preview:large, max-video-preview:-1\" \/>\n<link rel=\"canonical\" href=\"https:\/\/www.altominho.tv\/site\/2025\/02\/11\/concursos-publicos-para-obras-em-bairros-sociais\/\" \/>\n<meta property=\"og:locale\" content=\"pt_PT\" \/>\n<meta property=\"og:type\" content=\"article\" \/>\n<meta property=\"og:title\" content=\"Valen\u00e7a lan\u00e7a concursos p\u00fablicos para obras em dois bairros sociais por 2,45 ME\" \/>\n<meta property=\"og:description\" content=\"Ambos os an\u00fancios fixam em 365 dias o prazo de execu\u00e7\u00e3o da empreitada.\" \/>\n<meta property=\"og:url\" content=\"https:\/\/www.altominho.tv\/site\/2025\/02\/11\/concursos-publicos-para-obras-em-bairros-sociais\/\" \/>\n<meta property=\"og:site_name\" content=\"Altominho.tv\" \/>\n<meta property=\"article:publisher\" content=\"https:\/\/www.facebook.com\/altominhotv\" \/>\n<meta property=\"article:published_time\" content=\"2025-02-11T10:44:58+00:00\" \/>\n<meta property=\"article:modified_time\" content=\"2025-02-11T10:45:00+00:00\" \/>\n<meta property=\"og:image\" content=\"https:\/\/www.altominho.tv\/site\/wp-content\/uploads\/2024\/11\/Valenca.jpg\" \/>\n\t<meta property=\"og:image:width\" content=\"1200\" \/>\n\t<meta property=\"og:image:height\" content=\"628\" \/>\n\t<meta property=\"og:image:type\" content=\"image\/jpeg\" \/>\n<meta name=\"author\" content=\"Lusa\" \/>\n<meta name=\"twitter:card\" content=\"summary_large_image\" \/>\n<meta name=\"twitter:creator\" content=\"@altominhoTV\" \/>\n<meta name=\"twitter:site\" content=\"@altominhoTV\" \/>\n<meta name=\"twitter:label1\" content=\"Escrito por\" \/>\n\t<meta name=\"twitter:data1\" content=\"Lusa\" \/>\n\t<meta name=\"twitter:label2\" content=\"Tempo estimado de leitura\" \/>\n\t<meta name=\"twitter:data2\" content=\"1 minuto\" \/>\n<script type=\"application\/ld+json\" class=\"yoast-schema-graph\">{\"@context\":\"https:\\\/\\\/schema.org\",\"@graph\":[{\"@type\":\"Article\",\"@id\":\"https:\\\/\\\/www.altominho.tv\\\/site\\\/2025\\\/02\\\/11\\\/concursos-publicos-para-obras-em-bairros-sociais\\\/#article\",\"isPartOf\":{\"@id\":\"https:\\\/\\\/www.altominho.tv\\\/site\\\/2025\\\/02\\\/11\\\/concursos-publicos-para-obras-em-bairros-sociais\\\/\"},\"author\":{\"name\":\"Lusa\",\"@id\":\"https:\\\/\\\/www.altominho.tv\\\/site\\\/#\\\/schema\\\/person\\\/63f693da3e1899361cbe955c46f3232e\"},\"headline\":\"Valen\u00e7a lan\u00e7a concursos p\u00fablicos para obras em dois bairros sociais por 2,45 ME\",\"datePublished\":\"2025-02-11T10:44:58+00:00\",\"dateModified\":\"2025-02-11T10:45:00+00:00\",\"mainEntityOfPage\":{\"@id\":\"https:\\\/\\\/www.altominho.tv\\\/site\\\/2025\\\/02\\\/11\\\/concursos-publicos-para-obras-em-bairros-sociais\\\/\"},\"wordCount\":122,\"image\":{\"@id\":\"https:\\\/\\\/www.altominho.tv\\\/site\\\/2025\\\/02\\\/11\\\/concursos-publicos-para-obras-em-bairros-sociais\\\/#primaryimage\"},\"thumbnailUrl\":\"https:\\\/\\\/www.altominho.tv\\\/site\\\/wp-content\\\/uploads\\\/2024\\\/11\\\/Valenca.jpg\",\"keywords\":[\"Sociedade\"],\"articleSection\":[\"Valen\u00e7a\"],\"inLanguage\":\"pt-PT\",\"copyrightYear\":\"2025\",\"copyrightHolder\":{\"@id\":\"https:\\\/\\\/www.altominho.tv\\\/site\\\/#organization\"}},{\"@type\":\"WebPage\",\"@id\":\"https:\\\/\\\/www.altominho.tv\\\/site\\\/2025\\\/02\\\/11\\\/concursos-publicos-para-obras-em-bairros-sociais\\\/\",\"url\":\"https:\\\/\\\/www.altominho.tv\\\/site\\\/2025\\\/02\\\/11\\\/concursos-publicos-para-obras-em-bairros-sociais\\\/\",\"name\":\"Valen\u00e7a lan\u00e7a concursos p\u00fablicos para obras em dois bairros sociais por 2,45 ME\",\"isPartOf\":{\"@id\":\"https:\\\/\\\/www.altominho.tv\\\/site\\\/#website\"},\"primaryImageOfPage\":{\"@id\":\"https:\\\/\\\/www.altominho.tv\\\/site\\\/2025\\\/02\\\/11\\\/concursos-publicos-para-obras-em-bairros-sociais\\\/#primaryimage\"},\"image\":{\"@id\":\"https:\\\/\\\/www.altominho.tv\\\/site\\\/2025\\\/02\\\/11\\\/concursos-publicos-para-obras-em-bairros-sociais\\\/#primaryimage\"},\"thumbnailUrl\":\"https:\\\/\\\/www.altominho.tv\\\/site\\\/wp-content\\\/uploads\\\/2024\\\/11\\\/Valenca.jpg\",\"datePublished\":\"2025-02-11T10:44:58+00:00\",\"dateModified\":\"2025-02-11T10:45:00+00:00\",\"author\":{\"@id\":\"https:\\\/\\\/www.altominho.tv\\\/site\\\/#\\\/schema\\\/person\\\/63f693da3e1899361cbe955c46f3232e\"},\"description\":\"Ambos os an\u00fancios fixam em 365 dias o prazo de execu\u00e7\u00e3o da empreitada.\",\"breadcrumb\":{\"@id\":\"https:\\\/\\\/www.altominho.tv\\\/site\\\/2025\\\/02\\\/11\\\/concursos-publicos-para-obras-em-bairros-sociais\\\/#breadcrumb\"},\"inLanguage\":\"pt-PT\",\"potentialAction\":[{\"@type\":\"ReadAction\",\"target\":[\"https:\\\/\\\/www.altominho.tv\\\/site\\\/2025\\\/02\\\/11\\\/concursos-publicos-para-obras-em-bairros-sociais\\\/\"]}]},{\"@type\":\"ImageObject\",\"inLanguage\":\"pt-PT\",\"@id\":\"https:\\\/\\\/www.altominho.tv\\\/site\\\/2025\\\/02\\\/11\\\/concursos-publicos-para-obras-em-bairros-sociais\\\/#primaryimage\",\"url\":\"https:\\\/\\\/www.altominho.tv\\\/site\\\/wp-content\\\/uploads\\\/2024\\\/11\\\/Valenca.jpg\",\"contentUrl\":\"https:\\\/\\\/www.altominho.tv\\\/site\\\/wp-content\\\/uploads\\\/2024\\\/11\\\/Valenca.jpg\",\"width\":1200,\"height\":628},{\"@type\":\"BreadcrumbList\",\"@id\":\"https:\\\/\\\/www.altominho.tv\\\/site\\\/2025\\\/02\\\/11\\\/concursos-publicos-para-obras-em-bairros-sociais\\\/#breadcrumb\",\"itemListElement\":[{\"@type\":\"ListItem\",\"position\":1,\"name\":\"In\u00edcio\",\"item\":\"https:\\\/\\\/www.altominho.tv\\\/site\\\/\"},{\"@type\":\"ListItem\",\"position\":2,\"name\":\"Valen\u00e7a lan\u00e7a concursos p\u00fablicos para obras em dois bairros sociais por 2,45 ME\"}]},{\"@type\":\"WebSite\",\"@id\":\"https:\\\/\\\/www.altominho.tv\\\/site\\\/#website\",\"url\":\"https:\\\/\\\/www.altominho.tv\\\/site\\\/\",\"name\":\"Altominho.tv\",\"description\":\"A sua regi\u00e3o \u00e0 dist\u00e2ncia de um clique...\",\"potentialAction\":[{\"@type\":\"SearchAction\",\"target\":{\"@type\":\"EntryPoint\",\"urlTemplate\":\"https:\\\/\\\/www.altominho.tv\\\/site\\\/?s={search_term_string}\"},\"query-input\":{\"@type\":\"PropertyValueSpecification\",\"valueRequired\":true,\"valueName\":\"search_term_string\"}}],\"inLanguage\":\"pt-PT\"},{\"@type\":\"Person\",\"@id\":\"https:\\\/\\\/www.altominho.tv\\\/site\\\/#\\\/schema\\\/person\\\/63f693da3e1899361cbe955c46f3232e\",\"name\":\"Lusa\",\"image\":{\"@type\":\"ImageObject\",\"inLanguage\":\"pt-PT\",\"@id\":\"https:\\\/\\\/www.altominho.tv\\\/site\\\/wp-content\\\/uploads\\\/2019\\\/08\\\/LUSA_Logo.gif\",\"url\":\"https:\\\/\\\/www.altominho.tv\\\/site\\\/wp-content\\\/uploads\\\/2019\\\/08\\\/LUSA_Logo.gif\",\"contentUrl\":\"https:\\\/\\\/www.altominho.tv\\\/site\\\/wp-content\\\/uploads\\\/2019\\\/08\\\/LUSA_Logo.gif\",\"caption\":\"Lusa\"},\"sameAs\":[\"http:\\\/\\\/\\\/\\\/www.altominho.tv\\\/site\"],\"url\":\"https:\\\/\\\/www.altominho.tv\\\/site\\\/author\\\/lusa\\\/\"}]}<\/script>\n<!-- \/ Yoast SEO Premium plugin. -->","yoast_head_json":{"title":"Valen\u00e7a lan\u00e7a concursos p\u00fablicos para obras em dois bairros sociais por 2,45 ME","description":"Ambos os an\u00fancios fixam em 365 dias o prazo de execu\u00e7\u00e3o da empreitada.","robots":{"index":"index","follow":"follow","max-snippet":"max-snippet:-1","max-image-preview":"max-image-preview:large","max-video-preview":"max-video-preview:-1"},"canonical":"https:\/\/www.altominho.tv\/site\/2025\/02\/11\/concursos-publicos-para-obras-em-bairros-sociais\/","og_locale":"pt_PT","og_type":"article","og_title":"Valen\u00e7a lan\u00e7a concursos p\u00fablicos para obras em dois bairros sociais por 2,45 ME","og_description":"Ambos os an\u00fancios fixam em 365 dias o prazo de execu\u00e7\u00e3o da empreitada.","og_url":"https:\/\/www.altominho.tv\/site\/2025\/02\/11\/concursos-publicos-para-obras-em-bairros-sociais\/","og_site_name":"Altominho.tv","article_publisher":"https:\/\/www.facebook.com\/altominhotv","article_published_time":"2025-02-11T10:44:58+00:00","article_modified_time":"2025-02-11T10:45:00+00:00","og_image":[{"width":1200,"height":628,"url":"https:\/\/www.altominho.tv\/site\/wp-content\/uploads\/2024\/11\/Valenca.jpg","type":"image\/jpeg"}],"author":"Lusa","twitter_card":"summary_large_image","twitter_creator":"@altominhoTV","twitter_site":"@altominhoTV","twitter_misc":{"Escrito por":"Lusa","Tempo estimado de leitura":"1 minuto"},"schema":{"@context":"https:\/\/schema.org","@graph":[{"@type":"Article","@id":"https:\/\/www.altominho.tv\/site\/2025\/02\/11\/concursos-publicos-para-obras-em-bairros-sociais\/#article","isPartOf":{"@id":"https:\/\/www.altominho.tv\/site\/2025\/02\/11\/concursos-publicos-para-obras-em-bairros-sociais\/"},"author":{"name":"Lusa","@id":"https:\/\/www.altominho.tv\/site\/#\/schema\/person\/63f693da3e1899361cbe955c46f3232e"},"headline":"Valen\u00e7a lan\u00e7a concursos p\u00fablicos para obras em dois bairros sociais por 2,45 ME","datePublished":"2025-02-11T10:44:58+00:00","dateModified":"2025-02-11T10:45:00+00:00","mainEntityOfPage":{"@id":"https:\/\/www.altominho.tv\/site\/2025\/02\/11\/concursos-publicos-para-obras-em-bairros-sociais\/"},"wordCount":122,"image":{"@id":"https:\/\/www.altominho.tv\/site\/2025\/02\/11\/concursos-publicos-para-obras-em-bairros-sociais\/#primaryimage"},"thumbnailUrl":"https:\/\/www.altominho.tv\/site\/wp-content\/uploads\/2024\/11\/Valenca.jpg","keywords":["Sociedade"],"articleSection":["Valen\u00e7a"],"inLanguage":"pt-PT","copyrightYear":"2025","copyrightHolder":{"@id":"https:\/\/www.altominho.tv\/site\/#organization"}},{"@type":"WebPage","@id":"https:\/\/www.altominho.tv\/site\/2025\/02\/11\/concursos-publicos-para-obras-em-bairros-sociais\/","url":"https:\/\/www.altominho.tv\/site\/2025\/02\/11\/concursos-publicos-para-obras-em-bairros-sociais\/","name":"Valen\u00e7a lan\u00e7a concursos p\u00fablicos para obras em dois bairros sociais por 2,45 ME","isPartOf":{"@id":"https:\/\/www.altominho.tv\/site\/#website"},"primaryImageOfPage":{"@id":"https:\/\/www.altominho.tv\/site\/2025\/02\/11\/concursos-publicos-para-obras-em-bairros-sociais\/#primaryimage"},"image":{"@id":"https:\/\/www.altominho.tv\/site\/2025\/02\/11\/concursos-publicos-para-obras-em-bairros-sociais\/#primaryimage"},"thumbnailUrl":"https:\/\/www.altominho.tv\/site\/wp-content\/uploads\/2024\/11\/Valenca.jpg","datePublished":"2025-02-11T10:44:58+00:00","dateModified":"2025-02-11T10:45:00+00:00","author":{"@id":"https:\/\/www.altominho.tv\/site\/#\/schema\/person\/63f693da3e1899361cbe955c46f3232e"},"description":"Ambos os an\u00fancios fixam em 365 dias o prazo de execu\u00e7\u00e3o da empreitada.","breadcrumb":{"@id":"https:\/\/www.altominho.tv\/site\/2025\/02\/11\/concursos-publicos-para-obras-em-bairros-sociais\/#breadcrumb"},"inLanguage":"pt-PT","potentialAction":[{"@type":"ReadAction","target":["https:\/\/www.altominho.tv\/site\/2025\/02\/11\/concursos-publicos-para-obras-em-bairros-sociais\/"]}]},{"@type":"ImageObject","inLanguage":"pt-PT","@id":"https:\/\/www.altominho.tv\/site\/2025\/02\/11\/concursos-publicos-para-obras-em-bairros-sociais\/#primaryimage","url":"https:\/\/www.altominho.tv\/site\/wp-content\/uploads\/2024\/11\/Valenca.jpg","contentUrl":"https:\/\/www.altominho.tv\/site\/wp-content\/uploads\/2024\/11\/Valenca.jpg","width":1200,"height":628},{"@type":"BreadcrumbList","@id":"https:\/\/www.altominho.tv\/site\/2025\/02\/11\/concursos-publicos-para-obras-em-bairros-sociais\/#breadcrumb","itemListElement":[{"@type":"ListItem","position":1,"name":"In\u00edcio","item":"https:\/\/www.altominho.tv\/site\/"},{"@type":"ListItem","position":2,"name":"Valen\u00e7a lan\u00e7a concursos p\u00fablicos para obras em dois bairros sociais por 2,45 ME"}]},{"@type":"WebSite","@id":"https:\/\/www.altominho.tv\/site\/#website","url":"https:\/\/www.altominho.tv\/site\/","name":"Altominho.tv","description":"A sua regi\u00e3o \u00e0 dist\u00e2ncia de um clique...","potentialAction":[{"@type":"SearchAction","target":{"@type":"EntryPoint","urlTemplate":"https:\/\/www.altominho.tv\/site\/?s={search_term_string}"},"query-input":{"@type":"PropertyValueSpecification","valueRequired":true,"valueName":"search_term_string"}}],"inLanguage":"pt-PT"},{"@type":"Person","@id":"https:\/\/www.altominho.tv\/site\/#\/schema\/person\/63f693da3e1899361cbe955c46f3232e","name":"Lusa","image":{"@type":"ImageObject","inLanguage":"pt-PT","@id":"https:\/\/www.altominho.tv\/site\/wp-content\/uploads\/2019\/08\/LUSA_Logo.gif","url":"https:\/\/www.altominho.tv\/site\/wp-content\/uploads\/2019\/08\/LUSA_Logo.gif","contentUrl":"https:\/\/www.altominho.tv\/site\/wp-content\/uploads\/2019\/08\/LUSA_Logo.gif","caption":"Lusa"},"sameAs":["http:\/\/\/\/www.altominho.tv\/site"],"url":"https:\/\/www.altominho.tv\/site\/author\/lusa\/"}]}},"_links":{"self":[{"href":"https:\/\/www.altominho.tv\/site\/wp-json\/wp\/v2\/posts\/114785","targetHints":{"allow":["GET"]}}],"collection":[{"href":"https:\/\/www.altominho.tv\/site\/wp-json\/wp\/v2\/posts"}],"about":[{"href":"https:\/\/www.altominho.tv\/site\/wp-json\/wp\/v2\/types\/post"}],"author":[{"embeddable":true,"href":"https:\/\/www.altominho.tv\/site\/wp-json\/wp\/v2\/users\/13"}],"replies":[{"embeddable":true,"href":"https:\/\/www.altominho.tv\/site\/wp-json\/wp\/v2\/comments?post=114785"}],"version-history":[{"count":1,"href":"https:\/\/www.altominho.tv\/site\/wp-json\/wp\/v2\/posts\/114785\/revisions"}],"predecessor-version":[{"id":114786,"href":"https:\/\/www.altominho.tv\/site\/wp-json\/wp\/v2\/posts\/114785\/revisions\/114786"}],"wp:featuredmedia":[{"embeddable":true,"href":"https:\/\/www.altominho.tv\/site\/wp-json\/wp\/v2\/media\/112117"}],"wp:attachment":[{"href":"https:\/\/www.altominho.tv\/site\/wp-json\/wp\/v2\/media?parent=114785"}],"wp:term":[{"taxonomy":"category","embeddable":true,"href":"https:\/\/www.altominho.tv\/site\/wp-json\/wp\/v2\/categories?post=114785"},{"taxonomy":"post_tag","embeddable":true,"href":"https:\/\/www.altominho.tv\/site\/wp-json\/wp\/v2\/tags?post=114785"}],"curies":[{"name":"wp","href":"https:\/\/api.w.org\/{rel}","templated":true}]}}