{"id":114777,"date":"2025-02-11T09:43:20","date_gmt":"2025-02-11T09:43:20","guid":{"rendered":"https:\/\/www.altominho.tv\/site\/?p=114777"},"modified":"2025-02-11T09:50:29","modified_gmt":"2025-02-11T09:50:29","slug":"limiano-conquista-o-maior-premio-culinario-da-suica","status":"publish","type":"post","link":"https:\/\/www.altominho.tv\/site\/2025\/02\/11\/limiano-conquista-o-maior-premio-culinario-da-suica\/","title":{"rendered":"Limiano conquista o maior pr\u00e9mio culin\u00e1rio da Su\u00ed\u00e7a"},"content":{"rendered":"<p data-start=\"71\" data-end=\"477\">Jo\u00e3o Pedro Coelho, natural de Fornelos, Ponte de Lima, alcan\u00e7ou um marco hist\u00f3rico ao vencer o prestigiado pr\u00e9mio \u201cCozinheiro d\u2019Ouro\u201d, o mais importante galard\u00e3o culin\u00e1rio da Su\u00ed\u00e7a.<\/p>\n<p data-start=\"71\" data-end=\"477\">O evento decorreu no Kursaal de Berna, onde, perante um p\u00fablico de mais de 1000 pessoas e um j\u00fari de renome internacional, o subchefe do Le Restaurant de l&#8217;H\u00f4tel de Ville de Crissier demonstrou a sua mestria gastron\u00f3mica.<\/p>\n<p data-start=\"479\" data-end=\"869\">Durante cinco horas e meia de competi\u00e7\u00e3o intensa, Jo\u00e3o Pedro Coelho encantou o j\u00fari com pratos inovadores e refinados de peixe e carne, que evidenciaram o seu talento, t\u00e9cnica e criatividade.<\/p>\n<p data-start=\"479\" data-end=\"869\">Este feito destaca ainda mais a excel\u00eancia do Le Restaurant de l&#8217;H\u00f4tel de Ville de Crissier, frequentemente considerado um dos melhores restaurantes do mundo, e onde Jo\u00e3o Pedro Coelho trabalha como subchefe.<\/p>\n<p data-start=\"871\" data-end=\"1155\">Ao lado do chef portugu\u00eas esteve Bruno Schneider, o seu assistente de cozinha, que tamb\u00e9m contribuiu para este triunfo memor\u00e1vel.<\/p>\n","protected":false},"excerpt":{"rendered":"<p>Jo\u00e3o Pedro Coelho, natural de Fornelos, Ponte de Lima, alcan\u00e7ou um marco hist\u00f3rico ao vencer o prestigiado pr\u00e9mio \u201cCozinheiro d\u2019Ouro\u201d, o mais importante galard\u00e3o culin\u00e1rio da Su\u00ed\u00e7a. O evento decorreu no Kursaal de Berna, onde, perante um p\u00fablico de mais de 1000 pessoas e um j\u00fari de renome internacional, o subchefe do Le Restaurant de [&hellip;]<\/p>\n","protected":false},"author":1,"featured_media":114778,"comment_status":"closed","ping_status":"closed","sticky":false,"template":"","format":"standard","meta":{"_exactmetrics_skip_tracking":false,"_exactmetrics_sitenote_active":false,"_exactmetrics_sitenote_note":"","_exactmetrics_sitenote_category":0,"footnotes":""},"categories":[12],"tags":[81],"class_list":["post-114777","post","type-post","status-publish","format-standard","has-post-thumbnail","hentry","category-ponte-de-lima","tag-gastronomia"],"yoast_head":"<!-- This site is optimized with the Yoast SEO Premium plugin v27.5 (Yoast SEO v27.5) - https:\/\/yoast.com\/product\/yoast-seo-premium-wordpress\/ -->\n<title>Limiano conquista o maior pr\u00e9mio culin\u00e1rio da Su\u00ed\u00e7a<\/title>\n<meta name=\"description\" content=\"Jo\u00e3o Pedro Coelho, natural de Ponte de Lima, alcan\u00e7ou um marco hist\u00f3rico ao vencer o prestigiado pr\u00e9mio \u201cCozinheiro d\u2019Ouro\u201d, o mais importante galard\u00e3o culin\u00e1rio da Su\u00ed\u00e7a.\" \/>\n<meta name=\"robots\" content=\"index, follow, max-snippet:-1, max-image-preview:large, max-video-preview:-1\" \/>\n<link rel=\"canonical\" href=\"https:\/\/www.altominho.tv\/site\/2025\/02\/11\/limiano-conquista-o-maior-premio-culinario-da-suica\/\" \/>\n<meta property=\"og:locale\" content=\"pt_PT\" \/>\n<meta property=\"og:type\" content=\"article\" \/>\n<meta property=\"og:title\" content=\"Limiano conquista o maior pr\u00e9mio culin\u00e1rio da Su\u00ed\u00e7a\" \/>\n<meta property=\"og:description\" content=\"Jo\u00e3o Pedro Coelho, natural de Ponte de Lima, alcan\u00e7ou um marco hist\u00f3rico ao vencer o prestigiado pr\u00e9mio \u201cCozinheiro d\u2019Ouro\u201d, o mais importante galard\u00e3o culin\u00e1rio da Su\u00ed\u00e7a.\" \/>\n<meta property=\"og:url\" content=\"https:\/\/www.altominho.tv\/site\/2025\/02\/11\/limiano-conquista-o-maior-premio-culinario-da-suica\/\" \/>\n<meta property=\"og:site_name\" content=\"Altominho.tv\" \/>\n<meta property=\"article:publisher\" content=\"https:\/\/www.facebook.com\/altominhotv\" \/>\n<meta property=\"article:published_time\" content=\"2025-02-11T09:43:20+00:00\" \/>\n<meta property=\"article:modified_time\" content=\"2025-02-11T09:50:29+00:00\" \/>\n<meta property=\"og:image\" content=\"https:\/\/www.altominho.tv\/site\/wp-content\/uploads\/2025\/02\/Joao-Coelho-Ponte-de-Lima.png\" \/>\n\t<meta property=\"og:image:width\" content=\"1200\" \/>\n\t<meta property=\"og:image:height\" content=\"630\" \/>\n\t<meta property=\"og:image:type\" content=\"image\/png\" \/>\n<meta name=\"author\" content=\"Altominho.tv\" \/>\n<meta name=\"twitter:card\" content=\"summary_large_image\" \/>\n<meta name=\"twitter:creator\" content=\"@altominhoTV\" \/>\n<meta name=\"twitter:site\" content=\"@altominhoTV\" \/>\n<meta name=\"twitter:label1\" content=\"Escrito por\" \/>\n\t<meta name=\"twitter:data1\" content=\"Altominho.tv\" \/>\n\t<meta name=\"twitter:label2\" content=\"Tempo estimado de leitura\" \/>\n\t<meta name=\"twitter:data2\" content=\"2 minutos\" \/>\n<script type=\"application\/ld+json\" class=\"yoast-schema-graph\">{\"@context\":\"https:\\\/\\\/schema.org\",\"@graph\":[{\"@type\":\"Article\",\"@id\":\"https:\\\/\\\/www.altominho.tv\\\/site\\\/2025\\\/02\\\/11\\\/limiano-conquista-o-maior-premio-culinario-da-suica\\\/#article\",\"isPartOf\":{\"@id\":\"https:\\\/\\\/www.altominho.tv\\\/site\\\/2025\\\/02\\\/11\\\/limiano-conquista-o-maior-premio-culinario-da-suica\\\/\"},\"author\":{\"name\":\"Altominho.tv\",\"@id\":\"https:\\\/\\\/www.altominho.tv\\\/site\\\/#\\\/schema\\\/person\\\/4e536851627d7914baf3dac752b6af22\"},\"headline\":\"Limiano conquista o maior pr\u00e9mio culin\u00e1rio da Su\u00ed\u00e7a\",\"datePublished\":\"2025-02-11T09:43:20+00:00\",\"dateModified\":\"2025-02-11T09:50:29+00:00\",\"mainEntityOfPage\":{\"@id\":\"https:\\\/\\\/www.altominho.tv\\\/site\\\/2025\\\/02\\\/11\\\/limiano-conquista-o-maior-premio-culinario-da-suica\\\/\"},\"wordCount\":180,\"image\":{\"@id\":\"https:\\\/\\\/www.altominho.tv\\\/site\\\/2025\\\/02\\\/11\\\/limiano-conquista-o-maior-premio-culinario-da-suica\\\/#primaryimage\"},\"thumbnailUrl\":\"https:\\\/\\\/www.altominho.tv\\\/site\\\/wp-content\\\/uploads\\\/2025\\\/02\\\/Joao-Coelho-Ponte-de-Lima.png\",\"keywords\":[\"Gastronomia\"],\"articleSection\":[\"Ponte de Lima\"],\"inLanguage\":\"pt-PT\",\"copyrightYear\":\"2025\",\"copyrightHolder\":{\"@id\":\"https:\\\/\\\/www.altominho.tv\\\/site\\\/#organization\"}},{\"@type\":\"WebPage\",\"@id\":\"https:\\\/\\\/www.altominho.tv\\\/site\\\/2025\\\/02\\\/11\\\/limiano-conquista-o-maior-premio-culinario-da-suica\\\/\",\"url\":\"https:\\\/\\\/www.altominho.tv\\\/site\\\/2025\\\/02\\\/11\\\/limiano-conquista-o-maior-premio-culinario-da-suica\\\/\",\"name\":\"Limiano conquista o maior pr\u00e9mio culin\u00e1rio da Su\u00ed\u00e7a\",\"isPartOf\":{\"@id\":\"https:\\\/\\\/www.altominho.tv\\\/site\\\/#website\"},\"primaryImageOfPage\":{\"@id\":\"https:\\\/\\\/www.altominho.tv\\\/site\\\/2025\\\/02\\\/11\\\/limiano-conquista-o-maior-premio-culinario-da-suica\\\/#primaryimage\"},\"image\":{\"@id\":\"https:\\\/\\\/www.altominho.tv\\\/site\\\/2025\\\/02\\\/11\\\/limiano-conquista-o-maior-premio-culinario-da-suica\\\/#primaryimage\"},\"thumbnailUrl\":\"https:\\\/\\\/www.altominho.tv\\\/site\\\/wp-content\\\/uploads\\\/2025\\\/02\\\/Joao-Coelho-Ponte-de-Lima.png\",\"datePublished\":\"2025-02-11T09:43:20+00:00\",\"dateModified\":\"2025-02-11T09:50:29+00:00\",\"author\":{\"@id\":\"https:\\\/\\\/www.altominho.tv\\\/site\\\/#\\\/schema\\\/person\\\/4e536851627d7914baf3dac752b6af22\"},\"description\":\"Jo\u00e3o Pedro Coelho, natural de Ponte de Lima, alcan\u00e7ou um marco hist\u00f3rico ao vencer o prestigiado pr\u00e9mio \u201cCozinheiro d\u2019Ouro\u201d, o mais importante galard\u00e3o culin\u00e1rio da Su\u00ed\u00e7a.\",\"breadcrumb\":{\"@id\":\"https:\\\/\\\/www.altominho.tv\\\/site\\\/2025\\\/02\\\/11\\\/limiano-conquista-o-maior-premio-culinario-da-suica\\\/#breadcrumb\"},\"inLanguage\":\"pt-PT\",\"potentialAction\":[{\"@type\":\"ReadAction\",\"target\":[\"https:\\\/\\\/www.altominho.tv\\\/site\\\/2025\\\/02\\\/11\\\/limiano-conquista-o-maior-premio-culinario-da-suica\\\/\"]}]},{\"@type\":\"ImageObject\",\"inLanguage\":\"pt-PT\",\"@id\":\"https:\\\/\\\/www.altominho.tv\\\/site\\\/2025\\\/02\\\/11\\\/limiano-conquista-o-maior-premio-culinario-da-suica\\\/#primaryimage\",\"url\":\"https:\\\/\\\/www.altominho.tv\\\/site\\\/wp-content\\\/uploads\\\/2025\\\/02\\\/Joao-Coelho-Ponte-de-Lima.png\",\"contentUrl\":\"https:\\\/\\\/www.altominho.tv\\\/site\\\/wp-content\\\/uploads\\\/2025\\\/02\\\/Joao-Coelho-Ponte-de-Lima.png\",\"width\":1200,\"height\":630},{\"@type\":\"BreadcrumbList\",\"@id\":\"https:\\\/\\\/www.altominho.tv\\\/site\\\/2025\\\/02\\\/11\\\/limiano-conquista-o-maior-premio-culinario-da-suica\\\/#breadcrumb\",\"itemListElement\":[{\"@type\":\"ListItem\",\"position\":1,\"name\":\"In\u00edcio\",\"item\":\"https:\\\/\\\/www.altominho.tv\\\/site\\\/\"},{\"@type\":\"ListItem\",\"position\":2,\"name\":\"Limiano conquista o maior pr\u00e9mio culin\u00e1rio da Su\u00ed\u00e7a\"}]},{\"@type\":\"WebSite\",\"@id\":\"https:\\\/\\\/www.altominho.tv\\\/site\\\/#website\",\"url\":\"https:\\\/\\\/www.altominho.tv\\\/site\\\/\",\"name\":\"Altominho.tv\",\"description\":\"A sua regi\u00e3o \u00e0 dist\u00e2ncia de um clique...\",\"potentialAction\":[{\"@type\":\"SearchAction\",\"target\":{\"@type\":\"EntryPoint\",\"urlTemplate\":\"https:\\\/\\\/www.altominho.tv\\\/site\\\/?s={search_term_string}\"},\"query-input\":{\"@type\":\"PropertyValueSpecification\",\"valueRequired\":true,\"valueName\":\"search_term_string\"}}],\"inLanguage\":\"pt-PT\"},{\"@type\":\"Person\",\"@id\":\"https:\\\/\\\/www.altominho.tv\\\/site\\\/#\\\/schema\\\/person\\\/4e536851627d7914baf3dac752b6af22\",\"name\":\"Altominho.tv\",\"image\":{\"@type\":\"ImageObject\",\"inLanguage\":\"pt-PT\",\"@id\":\"https:\\\/\\\/www.altominho.tv\\\/site\\\/wp-content\\\/uploads\\\/2019\\\/11\\\/Logo_Avatar_2-150x150.jpg\",\"url\":\"https:\\\/\\\/www.altominho.tv\\\/site\\\/wp-content\\\/uploads\\\/2019\\\/11\\\/Logo_Avatar_2-150x150.jpg\",\"contentUrl\":\"https:\\\/\\\/www.altominho.tv\\\/site\\\/wp-content\\\/uploads\\\/2019\\\/11\\\/Logo_Avatar_2-150x150.jpg\",\"caption\":\"Altominho.tv\"},\"url\":\"https:\\\/\\\/www.altominho.tv\\\/site\\\/author\\\/altominhotv-tecnico\\\/\"}]}<\/script>\n<!-- \/ Yoast SEO Premium plugin. -->","yoast_head_json":{"title":"Limiano conquista o maior pr\u00e9mio culin\u00e1rio da Su\u00ed\u00e7a","description":"Jo\u00e3o Pedro Coelho, natural de Ponte de Lima, alcan\u00e7ou um marco hist\u00f3rico ao vencer o prestigiado pr\u00e9mio \u201cCozinheiro d\u2019Ouro\u201d, o mais importante galard\u00e3o culin\u00e1rio da Su\u00ed\u00e7a.","robots":{"index":"index","follow":"follow","max-snippet":"max-snippet:-1","max-image-preview":"max-image-preview:large","max-video-preview":"max-video-preview:-1"},"canonical":"https:\/\/www.altominho.tv\/site\/2025\/02\/11\/limiano-conquista-o-maior-premio-culinario-da-suica\/","og_locale":"pt_PT","og_type":"article","og_title":"Limiano conquista o maior pr\u00e9mio culin\u00e1rio da Su\u00ed\u00e7a","og_description":"Jo\u00e3o Pedro Coelho, natural de Ponte de Lima, alcan\u00e7ou um marco hist\u00f3rico ao vencer o prestigiado pr\u00e9mio \u201cCozinheiro d\u2019Ouro\u201d, o mais importante galard\u00e3o culin\u00e1rio da Su\u00ed\u00e7a.","og_url":"https:\/\/www.altominho.tv\/site\/2025\/02\/11\/limiano-conquista-o-maior-premio-culinario-da-suica\/","og_site_name":"Altominho.tv","article_publisher":"https:\/\/www.facebook.com\/altominhotv","article_published_time":"2025-02-11T09:43:20+00:00","article_modified_time":"2025-02-11T09:50:29+00:00","og_image":[{"width":1200,"height":630,"url":"https:\/\/www.altominho.tv\/site\/wp-content\/uploads\/2025\/02\/Joao-Coelho-Ponte-de-Lima.png","type":"image\/png"}],"author":"Altominho.tv","twitter_card":"summary_large_image","twitter_creator":"@altominhoTV","twitter_site":"@altominhoTV","twitter_misc":{"Escrito por":"Altominho.tv","Tempo estimado de leitura":"2 minutos"},"schema":{"@context":"https:\/\/schema.org","@graph":[{"@type":"Article","@id":"https:\/\/www.altominho.tv\/site\/2025\/02\/11\/limiano-conquista-o-maior-premio-culinario-da-suica\/#article","isPartOf":{"@id":"https:\/\/www.altominho.tv\/site\/2025\/02\/11\/limiano-conquista-o-maior-premio-culinario-da-suica\/"},"author":{"name":"Altominho.tv","@id":"https:\/\/www.altominho.tv\/site\/#\/schema\/person\/4e536851627d7914baf3dac752b6af22"},"headline":"Limiano conquista o maior pr\u00e9mio culin\u00e1rio da Su\u00ed\u00e7a","datePublished":"2025-02-11T09:43:20+00:00","dateModified":"2025-02-11T09:50:29+00:00","mainEntityOfPage":{"@id":"https:\/\/www.altominho.tv\/site\/2025\/02\/11\/limiano-conquista-o-maior-premio-culinario-da-suica\/"},"wordCount":180,"image":{"@id":"https:\/\/www.altominho.tv\/site\/2025\/02\/11\/limiano-conquista-o-maior-premio-culinario-da-suica\/#primaryimage"},"thumbnailUrl":"https:\/\/www.altominho.tv\/site\/wp-content\/uploads\/2025\/02\/Joao-Coelho-Ponte-de-Lima.png","keywords":["Gastronomia"],"articleSection":["Ponte de Lima"],"inLanguage":"pt-PT","copyrightYear":"2025","copyrightHolder":{"@id":"https:\/\/www.altominho.tv\/site\/#organization"}},{"@type":"WebPage","@id":"https:\/\/www.altominho.tv\/site\/2025\/02\/11\/limiano-conquista-o-maior-premio-culinario-da-suica\/","url":"https:\/\/www.altominho.tv\/site\/2025\/02\/11\/limiano-conquista-o-maior-premio-culinario-da-suica\/","name":"Limiano conquista o maior pr\u00e9mio culin\u00e1rio da Su\u00ed\u00e7a","isPartOf":{"@id":"https:\/\/www.altominho.tv\/site\/#website"},"primaryImageOfPage":{"@id":"https:\/\/www.altominho.tv\/site\/2025\/02\/11\/limiano-conquista-o-maior-premio-culinario-da-suica\/#primaryimage"},"image":{"@id":"https:\/\/www.altominho.tv\/site\/2025\/02\/11\/limiano-conquista-o-maior-premio-culinario-da-suica\/#primaryimage"},"thumbnailUrl":"https:\/\/www.altominho.tv\/site\/wp-content\/uploads\/2025\/02\/Joao-Coelho-Ponte-de-Lima.png","datePublished":"2025-02-11T09:43:20+00:00","dateModified":"2025-02-11T09:50:29+00:00","author":{"@id":"https:\/\/www.altominho.tv\/site\/#\/schema\/person\/4e536851627d7914baf3dac752b6af22"},"description":"Jo\u00e3o Pedro Coelho, natural de Ponte de Lima, alcan\u00e7ou um marco hist\u00f3rico ao vencer o prestigiado pr\u00e9mio \u201cCozinheiro d\u2019Ouro\u201d, o mais importante galard\u00e3o culin\u00e1rio da Su\u00ed\u00e7a.","breadcrumb":{"@id":"https:\/\/www.altominho.tv\/site\/2025\/02\/11\/limiano-conquista-o-maior-premio-culinario-da-suica\/#breadcrumb"},"inLanguage":"pt-PT","potentialAction":[{"@type":"ReadAction","target":["https:\/\/www.altominho.tv\/site\/2025\/02\/11\/limiano-conquista-o-maior-premio-culinario-da-suica\/"]}]},{"@type":"ImageObject","inLanguage":"pt-PT","@id":"https:\/\/www.altominho.tv\/site\/2025\/02\/11\/limiano-conquista-o-maior-premio-culinario-da-suica\/#primaryimage","url":"https:\/\/www.altominho.tv\/site\/wp-content\/uploads\/2025\/02\/Joao-Coelho-Ponte-de-Lima.png","contentUrl":"https:\/\/www.altominho.tv\/site\/wp-content\/uploads\/2025\/02\/Joao-Coelho-Ponte-de-Lima.png","width":1200,"height":630},{"@type":"BreadcrumbList","@id":"https:\/\/www.altominho.tv\/site\/2025\/02\/11\/limiano-conquista-o-maior-premio-culinario-da-suica\/#breadcrumb","itemListElement":[{"@type":"ListItem","position":1,"name":"In\u00edcio","item":"https:\/\/www.altominho.tv\/site\/"},{"@type":"ListItem","position":2,"name":"Limiano conquista o maior pr\u00e9mio culin\u00e1rio da Su\u00ed\u00e7a"}]},{"@type":"WebSite","@id":"https:\/\/www.altominho.tv\/site\/#website","url":"https:\/\/www.altominho.tv\/site\/","name":"Altominho.tv","description":"A sua regi\u00e3o \u00e0 dist\u00e2ncia de um clique...","potentialAction":[{"@type":"SearchAction","target":{"@type":"EntryPoint","urlTemplate":"https:\/\/www.altominho.tv\/site\/?s={search_term_string}"},"query-input":{"@type":"PropertyValueSpecification","valueRequired":true,"valueName":"search_term_string"}}],"inLanguage":"pt-PT"},{"@type":"Person","@id":"https:\/\/www.altominho.tv\/site\/#\/schema\/person\/4e536851627d7914baf3dac752b6af22","name":"Altominho.tv","image":{"@type":"ImageObject","inLanguage":"pt-PT","@id":"https:\/\/www.altominho.tv\/site\/wp-content\/uploads\/2019\/11\/Logo_Avatar_2-150x150.jpg","url":"https:\/\/www.altominho.tv\/site\/wp-content\/uploads\/2019\/11\/Logo_Avatar_2-150x150.jpg","contentUrl":"https:\/\/www.altominho.tv\/site\/wp-content\/uploads\/2019\/11\/Logo_Avatar_2-150x150.jpg","caption":"Altominho.tv"},"url":"https:\/\/www.altominho.tv\/site\/author\/altominhotv-tecnico\/"}]}},"_links":{"self":[{"href":"https:\/\/www.altominho.tv\/site\/wp-json\/wp\/v2\/posts\/114777","targetHints":{"allow":["GET"]}}],"collection":[{"href":"https:\/\/www.altominho.tv\/site\/wp-json\/wp\/v2\/posts"}],"about":[{"href":"https:\/\/www.altominho.tv\/site\/wp-json\/wp\/v2\/types\/post"}],"author":[{"embeddable":true,"href":"https:\/\/www.altominho.tv\/site\/wp-json\/wp\/v2\/users\/1"}],"replies":[{"embeddable":true,"href":"https:\/\/www.altominho.tv\/site\/wp-json\/wp\/v2\/comments?post=114777"}],"version-history":[{"count":2,"href":"https:\/\/www.altominho.tv\/site\/wp-json\/wp\/v2\/posts\/114777\/revisions"}],"predecessor-version":[{"id":114781,"href":"https:\/\/www.altominho.tv\/site\/wp-json\/wp\/v2\/posts\/114777\/revisions\/114781"}],"wp:featuredmedia":[{"embeddable":true,"href":"https:\/\/www.altominho.tv\/site\/wp-json\/wp\/v2\/media\/114778"}],"wp:attachment":[{"href":"https:\/\/www.altominho.tv\/site\/wp-json\/wp\/v2\/media?parent=114777"}],"wp:term":[{"taxonomy":"category","embeddable":true,"href":"https:\/\/www.altominho.tv\/site\/wp-json\/wp\/v2\/categories?post=114777"},{"taxonomy":"post_tag","embeddable":true,"href":"https:\/\/www.altominho.tv\/site\/wp-json\/wp\/v2\/tags?post=114777"}],"curies":[{"name":"wp","href":"https:\/\/api.w.org\/{rel}","templated":true}]}}