{"id":114766,"date":"2025-02-10T16:25:56","date_gmt":"2025-02-10T16:25:56","guid":{"rendered":"https:\/\/www.altominho.tv\/site\/?p=114766"},"modified":"2025-02-10T16:25:57","modified_gmt":"2025-02-10T16:25:57","slug":"administracao-deixa-ulsam-com-melhores-indicadores-nos-cuidados-de-saude","status":"publish","type":"post","link":"https:\/\/www.altominho.tv\/site\/2025\/02\/10\/administracao-deixa-ulsam-com-melhores-indicadores-nos-cuidados-de-saude\/","title":{"rendered":"Administra\u00e7\u00e3o deixa ULSAM com melhores indicadores nos cuidados de sa\u00fade"},"content":{"rendered":"<p>A administra\u00e7\u00e3o da Unidade Local de Sa\u00fade do Alto Minho (ULSAM) que cumpre hoje seu \u00faltimo dia em fun\u00e7\u00f5es considera que, no \u00faltimo ano, \u201cregistou-se uma melhoria significativa dos indicadores de acesso e produtividade dos cuidados de sa\u00fade\u201d.<\/p>\n<p>Num comunicado interno dirigido aos trabalhadores da ULSAM, a que a ag\u00eancia Lusa teve acesso, o conselho de administra\u00e7\u00e3o diz estar ciente de ter lan\u00e7ado \u201cum vasto conjunto de projetos e iniciativas que ir\u00e3o projetar os resultados para n\u00edveis de excel\u00eancia\u201d.<\/p>\n<p>De acordo com uma resolu\u00e7\u00e3o do Conselho de Ministros hoje publicada em Di\u00e1rio da Rep\u00fablica (DR), \u00e9 dissolvido, \u201cpor mera conveni\u00eancia\u201d, o atual conselho de administra\u00e7\u00e3o da ULSAM, presidido por Jo\u00e3o Porf\u00edrio Oliveira.<\/p>\n<p>O Governo justifica a decis\u00e3o com \u201ca necessidade de imprimir uma nova din\u00e2mica \u00e0 gest\u00e3o ULSAM, sempre com o objetivo \u00faltimo de se alcan\u00e7ar uma efetiva melhoria no acesso aos cuidados de sa\u00fade\u201d.<\/p>\n<p>A partir de ter\u00e7a-feira, Jos\u00e9 Manuel de Ara\u00fajo Cardoso assume a presid\u00eancia do conselho de administra\u00e7\u00e3o, Maria Helena Leite Ramalho o lugar de vogal executiva e diretora cl\u00ednica para a \u00e1rea dos cuidados de sa\u00fade hospitalares, Ant\u00f3nio Nelson Gomes Rodrigues de vogal executivo e diretor cl\u00ednico para a \u00e1rea dos cuidados de sa\u00fade prim\u00e1rios e L\u00facia Silva Marinho de vogal executiva.<\/p>\n<p>Na mensagem de despedida enviada hoje, a administra\u00e7\u00e3o acrescenta ter abra\u00e7ado \u201co desafio com muita energia, entrega e uma grande vontade de resolver os principais problemas\u201d da regi\u00e3o.<\/p>\n<p>\u201cFoi com esse esp\u00edrito que, desde o primeiro dia, entendemos que era com os profissionais de sa\u00fade, com as autarquias e com todos os parceiros que em n\u00f3s acreditaram que ir\u00edamos conseguir uma ULSAM mais pr\u00f3xima dos cidad\u00e3os e das comunidades\u201d, sublinha.<\/p>\n<p>Os administradores expressam \u201cuma palavra de tremenda gratid\u00e3o a todos os profissionais, pela disponibilidade constante na reflex\u00e3o, na partilha de ideias e na vontade que sempre mostraram em participar no projeto iniciado h\u00e1 um ano e que tantos frutos deu\u201d.<\/p>\n<p>Para a administra\u00e7\u00e3o, a \u201cgratid\u00e3o\u201d estende-se \u201ca todos os parceiros, nomeadamente as autarquias e demais atores locais, sem os quais n\u00e3o \u00e9 poss\u00edvel construir uma plena integra\u00e7\u00e3o de cuidados e com os quais foi poss\u00edvel estabelecer rela\u00e7\u00f5es de trabalho que colocaram sempre os utentes em primeiro lugar\u201d.<\/p>\n<p>\u201cO nosso caminho chega ao fim, mas n\u00e3o deixamos de acreditar no potencial e na capacidade de trabalho daqueles que todos os dias fazem da ULSAM o que \u00e9, nunca desistindo face dos desafios mais complexos. Desejamos \u00e0 nova equipa de gest\u00e3o muitos sucessos na constru\u00e7\u00e3o de uma ULSAM para todos, com crescente qualidade assistencial e capaz de envolver toda a comunidade\u201d, referem.<\/p>\n<p>Na resolu\u00e7\u00e3o do Conselho de Ministros de hoje, o Governo diz que, \u201capesar do esfor\u00e7o do atual conselho de administra\u00e7\u00e3o (\u2026) \u00e9 necess\u00e1rio renovar a sua lideran\u00e7a, designando uma equipa que, de forma dialogante, cooperante e adaptativa, se revele mais ajustada ao novo desenho integrado de cuidados de sa\u00fade das unidades locais de sa\u00fade\u201d.<\/p>\n<p>\u201cCom efeito, considera-se crucial que os novos membros da administra\u00e7\u00e3o tenham a capacidade de enfrentar os desafios imediatos e operacionalizar as medidas estrat\u00e9gicas que se imp\u00f5em, atrav\u00e9s de uma gest\u00e3o s\u00f3lida e eficaz, assegurando uma efetiva implementa\u00e7\u00e3o da presta\u00e7\u00e3o de cuidados de sa\u00fade aos utentes, com qualidade e seguran\u00e7a\u201d, acrescenta.<\/p>\n<p>O novo conselho de administra\u00e7\u00e3o foi aprovado em reuni\u00e3o do Conselho de Ministros a 30 de janeiro, um ano e um dia depois da tomada de posse da administra\u00e7\u00e3o que hoje cessa fun\u00e7\u00f5es.<\/p>\n<p>No dia seguinte, ap\u00f3s a Lusa ter noticiado que o enfermeiro diretor designado pelo Governo para o novo conselho de administra\u00e7\u00e3o da ULSAM est\u00e1 a ser alvo de um inqu\u00e9rito interno por ass\u00e9dio sexual em contexto laboral, Lu\u00eds Garcia colocou o lugar \u00e0 disposi\u00e7\u00e3o.<\/p>\n<p>Numa nota divulgada nesse dia pelos advogados do enfermeiro \u00e9 referido que Lu\u00eds Garcia \u201cdesconhece a instaura\u00e7\u00e3o de qualquer inqu\u00e9rito interno por ass\u00e9dio sexual em contexto laboral\u201d, e acrescenta que \u201cnunca foi notificado\u201d.<\/p>\n","protected":false},"excerpt":{"rendered":"<p>A administra\u00e7\u00e3o da Unidade Local de Sa\u00fade do Alto Minho (ULSAM) que cumpre hoje seu \u00faltimo dia em fun\u00e7\u00f5es considera que, no \u00faltimo ano, \u201cregistou-se uma melhoria significativa dos indicadores de acesso e produtividade dos cuidados de sa\u00fade\u201d. Num comunicado interno dirigido aos trabalhadores da ULSAM, a que a ag\u00eancia Lusa teve acesso, o conselho [&hellip;]<\/p>\n","protected":false},"author":13,"featured_media":114767,"comment_status":"closed","ping_status":"closed","sticky":false,"template":"","format":"standard","meta":{"_exactmetrics_skip_tracking":false,"footnotes":""},"categories":[73],"tags":[27],"class_list":["post-114766","post","type-post","status-publish","format-standard","has-post-thumbnail","hentry","category-alto-minho","tag-sociedade"],"yoast_head":"<!-- This site is optimized with the Yoast SEO Premium plugin v28.3 (Yoast SEO v28.3) - https:\/\/yoast.com\/product\/yoast-seo-premium-wordpress\/ -->\n<title>Administra\u00e7\u00e3o deixa ULSAM com melhores indicadores nos cuidados de sa\u00fade<\/title>\n<meta name=\"description\" content=\"A administra\u00e7\u00e3o da Unidade Local de Sa\u00fade do Alto Minho (ULSAM) que cumpre hoje seu \u00faltimo dia em fun\u00e7\u00f5es considera que, no \u00faltimo ano, \u201cregistou-se uma melhoria significativa dos indicadores de acesso e produtividade dos cuidados de sa\u00fade\u201d.\" \/>\n<meta name=\"robots\" content=\"index, follow, max-snippet:-1, max-image-preview:large, max-video-preview:-1\" \/>\n<link rel=\"canonical\" href=\"https:\/\/www.altominho.tv\/site\/2025\/02\/10\/administracao-deixa-ulsam-com-melhores-indicadores-nos-cuidados-de-saude\/\" \/>\n<meta property=\"og:locale\" content=\"pt_PT\" \/>\n<meta property=\"og:type\" content=\"article\" \/>\n<meta property=\"og:title\" content=\"Administra\u00e7\u00e3o deixa ULSAM com melhores indicadores nos cuidados de sa\u00fade\" \/>\n<meta property=\"og:description\" content=\"A administra\u00e7\u00e3o da Unidade Local de Sa\u00fade do Alto Minho (ULSAM) que cumpre hoje seu \u00faltimo dia em fun\u00e7\u00f5es considera que, no \u00faltimo ano, \u201cregistou-se uma melhoria significativa dos indicadores de acesso e produtividade dos cuidados de sa\u00fade\u201d.\" \/>\n<meta property=\"og:url\" content=\"https:\/\/www.altominho.tv\/site\/2025\/02\/10\/administracao-deixa-ulsam-com-melhores-indicadores-nos-cuidados-de-saude\/\" \/>\n<meta property=\"og:site_name\" content=\"Altominho.tv\" \/>\n<meta property=\"article:publisher\" content=\"https:\/\/www.facebook.com\/altominhotv\" \/>\n<meta property=\"article:published_time\" content=\"2025-02-10T16:25:56+00:00\" \/>\n<meta property=\"article:modified_time\" content=\"2025-02-10T16:25:57+00:00\" \/>\n<meta property=\"og:image\" content=\"https:\/\/www.altominho.tv\/site\/wp-content\/uploads\/2025\/02\/ULSAM-Alto-Minho.jpg\" \/>\n\t<meta property=\"og:image:width\" content=\"1200\" \/>\n\t<meta property=\"og:image:height\" content=\"630\" \/>\n\t<meta property=\"og:image:type\" content=\"image\/jpeg\" \/>\n<meta name=\"author\" content=\"Lusa\" \/>\n<meta name=\"twitter:card\" content=\"summary_large_image\" \/>\n<meta name=\"twitter:creator\" content=\"@altominhoTV\" \/>\n<meta name=\"twitter:site\" content=\"@altominhoTV\" \/>\n<meta name=\"twitter:label1\" content=\"Escrito por\" \/>\n\t<meta name=\"twitter:data1\" content=\"Lusa\" \/>\n\t<meta name=\"twitter:label2\" content=\"Tempo estimado de leitura\" \/>\n\t<meta name=\"twitter:data2\" content=\"4 minutos\" \/>\n<script type=\"application\/ld+json\" class=\"yoast-schema-graph\">{\"@context\":\"https:\\\/\\\/schema.org\",\"@graph\":[{\"@type\":\"Article\",\"@id\":\"https:\\\/\\\/www.altominho.tv\\\/site\\\/2025\\\/02\\\/10\\\/administracao-deixa-ulsam-com-melhores-indicadores-nos-cuidados-de-saude\\\/#article\",\"isPartOf\":{\"@id\":\"https:\\\/\\\/www.altominho.tv\\\/site\\\/2025\\\/02\\\/10\\\/administracao-deixa-ulsam-com-melhores-indicadores-nos-cuidados-de-saude\\\/\"},\"author\":{\"name\":\"Lusa\",\"@id\":\"https:\\\/\\\/www.altominho.tv\\\/site\\\/#\\\/schema\\\/person\\\/63f693da3e1899361cbe955c46f3232e\"},\"headline\":\"Administra\u00e7\u00e3o deixa ULSAM com melhores indicadores nos cuidados de sa\u00fade\",\"datePublished\":\"2025-02-10T16:25:56+00:00\",\"dateModified\":\"2025-02-10T16:25:57+00:00\",\"mainEntityOfPage\":{\"@id\":\"https:\\\/\\\/www.altominho.tv\\\/site\\\/2025\\\/02\\\/10\\\/administracao-deixa-ulsam-com-melhores-indicadores-nos-cuidados-de-saude\\\/\"},\"wordCount\":727,\"image\":{\"@id\":\"https:\\\/\\\/www.altominho.tv\\\/site\\\/2025\\\/02\\\/10\\\/administracao-deixa-ulsam-com-melhores-indicadores-nos-cuidados-de-saude\\\/#primaryimage\"},\"thumbnailUrl\":\"https:\\\/\\\/www.altominho.tv\\\/site\\\/wp-content\\\/uploads\\\/2025\\\/02\\\/ULSAM-Alto-Minho.jpg\",\"keywords\":[\"Sociedade\"],\"articleSection\":[\"Alto Minho\"],\"inLanguage\":\"pt-PT\",\"copyrightYear\":\"2025\",\"copyrightHolder\":{\"@id\":\"https:\\\/\\\/www.altominho.tv\\\/site\\\/#organization\"}},{\"@type\":\"WebPage\",\"@id\":\"https:\\\/\\\/www.altominho.tv\\\/site\\\/2025\\\/02\\\/10\\\/administracao-deixa-ulsam-com-melhores-indicadores-nos-cuidados-de-saude\\\/\",\"url\":\"https:\\\/\\\/www.altominho.tv\\\/site\\\/2025\\\/02\\\/10\\\/administracao-deixa-ulsam-com-melhores-indicadores-nos-cuidados-de-saude\\\/\",\"name\":\"Administra\u00e7\u00e3o deixa ULSAM com melhores indicadores nos cuidados de sa\u00fade\",\"isPartOf\":{\"@id\":\"https:\\\/\\\/www.altominho.tv\\\/site\\\/#website\"},\"primaryImageOfPage\":{\"@id\":\"https:\\\/\\\/www.altominho.tv\\\/site\\\/2025\\\/02\\\/10\\\/administracao-deixa-ulsam-com-melhores-indicadores-nos-cuidados-de-saude\\\/#primaryimage\"},\"image\":{\"@id\":\"https:\\\/\\\/www.altominho.tv\\\/site\\\/2025\\\/02\\\/10\\\/administracao-deixa-ulsam-com-melhores-indicadores-nos-cuidados-de-saude\\\/#primaryimage\"},\"thumbnailUrl\":\"https:\\\/\\\/www.altominho.tv\\\/site\\\/wp-content\\\/uploads\\\/2025\\\/02\\\/ULSAM-Alto-Minho.jpg\",\"datePublished\":\"2025-02-10T16:25:56+00:00\",\"dateModified\":\"2025-02-10T16:25:57+00:00\",\"author\":{\"@id\":\"https:\\\/\\\/www.altominho.tv\\\/site\\\/#\\\/schema\\\/person\\\/63f693da3e1899361cbe955c46f3232e\"},\"description\":\"A administra\u00e7\u00e3o da Unidade Local de Sa\u00fade do Alto Minho (ULSAM) que cumpre hoje seu \u00faltimo dia em fun\u00e7\u00f5es considera que, no \u00faltimo ano, \u201cregistou-se uma melhoria significativa dos indicadores de acesso e produtividade dos cuidados de sa\u00fade\u201d.\",\"breadcrumb\":{\"@id\":\"https:\\\/\\\/www.altominho.tv\\\/site\\\/2025\\\/02\\\/10\\\/administracao-deixa-ulsam-com-melhores-indicadores-nos-cuidados-de-saude\\\/#breadcrumb\"},\"inLanguage\":\"pt-PT\",\"potentialAction\":[{\"@type\":\"ReadAction\",\"target\":[\"https:\\\/\\\/www.altominho.tv\\\/site\\\/2025\\\/02\\\/10\\\/administracao-deixa-ulsam-com-melhores-indicadores-nos-cuidados-de-saude\\\/\"]}]},{\"@type\":\"ImageObject\",\"inLanguage\":\"pt-PT\",\"@id\":\"https:\\\/\\\/www.altominho.tv\\\/site\\\/2025\\\/02\\\/10\\\/administracao-deixa-ulsam-com-melhores-indicadores-nos-cuidados-de-saude\\\/#primaryimage\",\"url\":\"https:\\\/\\\/www.altominho.tv\\\/site\\\/wp-content\\\/uploads\\\/2025\\\/02\\\/ULSAM-Alto-Minho.jpg\",\"contentUrl\":\"https:\\\/\\\/www.altominho.tv\\\/site\\\/wp-content\\\/uploads\\\/2025\\\/02\\\/ULSAM-Alto-Minho.jpg\",\"width\":1200,\"height\":630},{\"@type\":\"BreadcrumbList\",\"@id\":\"https:\\\/\\\/www.altominho.tv\\\/site\\\/2025\\\/02\\\/10\\\/administracao-deixa-ulsam-com-melhores-indicadores-nos-cuidados-de-saude\\\/#breadcrumb\",\"itemListElement\":[{\"@type\":\"ListItem\",\"position\":1,\"name\":\"In\u00edcio\",\"item\":\"https:\\\/\\\/www.altominho.tv\\\/site\\\/\"},{\"@type\":\"ListItem\",\"position\":2,\"name\":\"Administra\u00e7\u00e3o deixa ULSAM com melhores indicadores nos cuidados de sa\u00fade\"}]},{\"@type\":\"WebSite\",\"@id\":\"https:\\\/\\\/www.altominho.tv\\\/site\\\/#website\",\"url\":\"https:\\\/\\\/www.altominho.tv\\\/site\\\/\",\"name\":\"Altominho.tv\",\"description\":\"A sua regi\u00e3o \u00e0 dist\u00e2ncia de um clique...\",\"potentialAction\":[{\"@type\":\"SearchAction\",\"target\":{\"@type\":\"EntryPoint\",\"urlTemplate\":\"https:\\\/\\\/www.altominho.tv\\\/site\\\/?s={search_term_string}\"},\"query-input\":{\"@type\":\"PropertyValueSpecification\",\"valueRequired\":true,\"valueName\":\"search_term_string\"}}],\"inLanguage\":\"pt-PT\"},{\"@type\":\"Person\",\"@id\":\"https:\\\/\\\/www.altominho.tv\\\/site\\\/#\\\/schema\\\/person\\\/63f693da3e1899361cbe955c46f3232e\",\"name\":\"Lusa\",\"image\":{\"@type\":\"ImageObject\",\"inLanguage\":\"pt-PT\",\"@id\":\"https:\\\/\\\/www.altominho.tv\\\/site\\\/wp-content\\\/uploads\\\/2019\\\/08\\\/LUSA_Logo.gif\",\"url\":\"https:\\\/\\\/www.altominho.tv\\\/site\\\/wp-content\\\/uploads\\\/2019\\\/08\\\/LUSA_Logo.gif\",\"contentUrl\":\"https:\\\/\\\/www.altominho.tv\\\/site\\\/wp-content\\\/uploads\\\/2019\\\/08\\\/LUSA_Logo.gif\",\"caption\":\"Lusa\"},\"sameAs\":[\"http:\\\/\\\/\\\/\\\/www.altominho.tv\\\/site\"],\"url\":\"https:\\\/\\\/www.altominho.tv\\\/site\\\/author\\\/lusa\\\/\"}]}<\/script>\n<!-- \/ Yoast SEO Premium plugin. -->","yoast_head_json":{"title":"Administra\u00e7\u00e3o deixa ULSAM com melhores indicadores nos cuidados de sa\u00fade","description":"A administra\u00e7\u00e3o da Unidade Local de Sa\u00fade do Alto Minho (ULSAM) que cumpre hoje seu \u00faltimo dia em fun\u00e7\u00f5es considera que, no \u00faltimo ano, \u201cregistou-se uma melhoria significativa dos indicadores de acesso e produtividade dos cuidados de sa\u00fade\u201d.","robots":{"index":"index","follow":"follow","max-snippet":"max-snippet:-1","max-image-preview":"max-image-preview:large","max-video-preview":"max-video-preview:-1"},"canonical":"https:\/\/www.altominho.tv\/site\/2025\/02\/10\/administracao-deixa-ulsam-com-melhores-indicadores-nos-cuidados-de-saude\/","og_locale":"pt_PT","og_type":"article","og_title":"Administra\u00e7\u00e3o deixa ULSAM com melhores indicadores nos cuidados de sa\u00fade","og_description":"A administra\u00e7\u00e3o da Unidade Local de Sa\u00fade do Alto Minho (ULSAM) que cumpre hoje seu \u00faltimo dia em fun\u00e7\u00f5es considera que, no \u00faltimo ano, \u201cregistou-se uma melhoria significativa dos indicadores de acesso e produtividade dos cuidados de sa\u00fade\u201d.","og_url":"https:\/\/www.altominho.tv\/site\/2025\/02\/10\/administracao-deixa-ulsam-com-melhores-indicadores-nos-cuidados-de-saude\/","og_site_name":"Altominho.tv","article_publisher":"https:\/\/www.facebook.com\/altominhotv","article_published_time":"2025-02-10T16:25:56+00:00","article_modified_time":"2025-02-10T16:25:57+00:00","og_image":[{"width":1200,"height":630,"url":"https:\/\/www.altominho.tv\/site\/wp-content\/uploads\/2025\/02\/ULSAM-Alto-Minho.jpg","type":"image\/jpeg"}],"author":"Lusa","twitter_card":"summary_large_image","twitter_creator":"@altominhoTV","twitter_site":"@altominhoTV","twitter_misc":{"Escrito por":"Lusa","Tempo estimado de leitura":"4 minutos"},"schema":{"@context":"https:\/\/schema.org","@graph":[{"@type":"Article","@id":"https:\/\/www.altominho.tv\/site\/2025\/02\/10\/administracao-deixa-ulsam-com-melhores-indicadores-nos-cuidados-de-saude\/#article","isPartOf":{"@id":"https:\/\/www.altominho.tv\/site\/2025\/02\/10\/administracao-deixa-ulsam-com-melhores-indicadores-nos-cuidados-de-saude\/"},"author":{"name":"Lusa","@id":"https:\/\/www.altominho.tv\/site\/#\/schema\/person\/63f693da3e1899361cbe955c46f3232e"},"headline":"Administra\u00e7\u00e3o deixa ULSAM com melhores indicadores nos cuidados de sa\u00fade","datePublished":"2025-02-10T16:25:56+00:00","dateModified":"2025-02-10T16:25:57+00:00","mainEntityOfPage":{"@id":"https:\/\/www.altominho.tv\/site\/2025\/02\/10\/administracao-deixa-ulsam-com-melhores-indicadores-nos-cuidados-de-saude\/"},"wordCount":727,"image":{"@id":"https:\/\/www.altominho.tv\/site\/2025\/02\/10\/administracao-deixa-ulsam-com-melhores-indicadores-nos-cuidados-de-saude\/#primaryimage"},"thumbnailUrl":"https:\/\/www.altominho.tv\/site\/wp-content\/uploads\/2025\/02\/ULSAM-Alto-Minho.jpg","keywords":["Sociedade"],"articleSection":["Alto Minho"],"inLanguage":"pt-PT","copyrightYear":"2025","copyrightHolder":{"@id":"https:\/\/www.altominho.tv\/site\/#organization"}},{"@type":"WebPage","@id":"https:\/\/www.altominho.tv\/site\/2025\/02\/10\/administracao-deixa-ulsam-com-melhores-indicadores-nos-cuidados-de-saude\/","url":"https:\/\/www.altominho.tv\/site\/2025\/02\/10\/administracao-deixa-ulsam-com-melhores-indicadores-nos-cuidados-de-saude\/","name":"Administra\u00e7\u00e3o deixa ULSAM com melhores indicadores nos cuidados de sa\u00fade","isPartOf":{"@id":"https:\/\/www.altominho.tv\/site\/#website"},"primaryImageOfPage":{"@id":"https:\/\/www.altominho.tv\/site\/2025\/02\/10\/administracao-deixa-ulsam-com-melhores-indicadores-nos-cuidados-de-saude\/#primaryimage"},"image":{"@id":"https:\/\/www.altominho.tv\/site\/2025\/02\/10\/administracao-deixa-ulsam-com-melhores-indicadores-nos-cuidados-de-saude\/#primaryimage"},"thumbnailUrl":"https:\/\/www.altominho.tv\/site\/wp-content\/uploads\/2025\/02\/ULSAM-Alto-Minho.jpg","datePublished":"2025-02-10T16:25:56+00:00","dateModified":"2025-02-10T16:25:57+00:00","author":{"@id":"https:\/\/www.altominho.tv\/site\/#\/schema\/person\/63f693da3e1899361cbe955c46f3232e"},"description":"A administra\u00e7\u00e3o da Unidade Local de Sa\u00fade do Alto Minho (ULSAM) que cumpre hoje seu \u00faltimo dia em fun\u00e7\u00f5es considera que, no \u00faltimo ano, \u201cregistou-se uma melhoria significativa dos indicadores de acesso e produtividade dos cuidados de sa\u00fade\u201d.","breadcrumb":{"@id":"https:\/\/www.altominho.tv\/site\/2025\/02\/10\/administracao-deixa-ulsam-com-melhores-indicadores-nos-cuidados-de-saude\/#breadcrumb"},"inLanguage":"pt-PT","potentialAction":[{"@type":"ReadAction","target":["https:\/\/www.altominho.tv\/site\/2025\/02\/10\/administracao-deixa-ulsam-com-melhores-indicadores-nos-cuidados-de-saude\/"]}]},{"@type":"ImageObject","inLanguage":"pt-PT","@id":"https:\/\/www.altominho.tv\/site\/2025\/02\/10\/administracao-deixa-ulsam-com-melhores-indicadores-nos-cuidados-de-saude\/#primaryimage","url":"https:\/\/www.altominho.tv\/site\/wp-content\/uploads\/2025\/02\/ULSAM-Alto-Minho.jpg","contentUrl":"https:\/\/www.altominho.tv\/site\/wp-content\/uploads\/2025\/02\/ULSAM-Alto-Minho.jpg","width":1200,"height":630},{"@type":"BreadcrumbList","@id":"https:\/\/www.altominho.tv\/site\/2025\/02\/10\/administracao-deixa-ulsam-com-melhores-indicadores-nos-cuidados-de-saude\/#breadcrumb","itemListElement":[{"@type":"ListItem","position":1,"name":"In\u00edcio","item":"https:\/\/www.altominho.tv\/site\/"},{"@type":"ListItem","position":2,"name":"Administra\u00e7\u00e3o deixa ULSAM com melhores indicadores nos cuidados de sa\u00fade"}]},{"@type":"WebSite","@id":"https:\/\/www.altominho.tv\/site\/#website","url":"https:\/\/www.altominho.tv\/site\/","name":"Altominho.tv","description":"A sua regi\u00e3o \u00e0 dist\u00e2ncia de um clique...","potentialAction":[{"@type":"SearchAction","target":{"@type":"EntryPoint","urlTemplate":"https:\/\/www.altominho.tv\/site\/?s={search_term_string}"},"query-input":{"@type":"PropertyValueSpecification","valueRequired":true,"valueName":"search_term_string"}}],"inLanguage":"pt-PT"},{"@type":"Person","@id":"https:\/\/www.altominho.tv\/site\/#\/schema\/person\/63f693da3e1899361cbe955c46f3232e","name":"Lusa","image":{"@type":"ImageObject","inLanguage":"pt-PT","@id":"https:\/\/www.altominho.tv\/site\/wp-content\/uploads\/2019\/08\/LUSA_Logo.gif","url":"https:\/\/www.altominho.tv\/site\/wp-content\/uploads\/2019\/08\/LUSA_Logo.gif","contentUrl":"https:\/\/www.altominho.tv\/site\/wp-content\/uploads\/2019\/08\/LUSA_Logo.gif","caption":"Lusa"},"sameAs":["http:\/\/\/\/www.altominho.tv\/site"],"url":"https:\/\/www.altominho.tv\/site\/author\/lusa\/"}]}},"_links":{"self":[{"href":"https:\/\/www.altominho.tv\/site\/wp-json\/wp\/v2\/posts\/114766","targetHints":{"allow":["GET"]}}],"collection":[{"href":"https:\/\/www.altominho.tv\/site\/wp-json\/wp\/v2\/posts"}],"about":[{"href":"https:\/\/www.altominho.tv\/site\/wp-json\/wp\/v2\/types\/post"}],"author":[{"embeddable":true,"href":"https:\/\/www.altominho.tv\/site\/wp-json\/wp\/v2\/users\/13"}],"replies":[{"embeddable":true,"href":"https:\/\/www.altominho.tv\/site\/wp-json\/wp\/v2\/comments?post=114766"}],"version-history":[{"count":1,"href":"https:\/\/www.altominho.tv\/site\/wp-json\/wp\/v2\/posts\/114766\/revisions"}],"predecessor-version":[{"id":114768,"href":"https:\/\/www.altominho.tv\/site\/wp-json\/wp\/v2\/posts\/114766\/revisions\/114768"}],"wp:featuredmedia":[{"embeddable":true,"href":"https:\/\/www.altominho.tv\/site\/wp-json\/wp\/v2\/media\/114767"}],"wp:attachment":[{"href":"https:\/\/www.altominho.tv\/site\/wp-json\/wp\/v2\/media?parent=114766"}],"wp:term":[{"taxonomy":"category","embeddable":true,"href":"https:\/\/www.altominho.tv\/site\/wp-json\/wp\/v2\/categories?post=114766"},{"taxonomy":"post_tag","embeddable":true,"href":"https:\/\/www.altominho.tv\/site\/wp-json\/wp\/v2\/tags?post=114766"}],"curies":[{"name":"wp","href":"https:\/\/api.w.org\/{rel}","templated":true}]}}