{"id":114745,"date":"2025-02-10T14:33:33","date_gmt":"2025-02-10T14:33:33","guid":{"rendered":"https:\/\/www.altominho.tv\/site\/?p=114745"},"modified":"2025-02-10T14:35:52","modified_gmt":"2025-02-10T14:35:52","slug":"viana-do-castelo-vai-investir-46-me-e-ampliar-redes-de-agua-e-saneamento","status":"publish","type":"post","link":"https:\/\/www.altominho.tv\/site\/2025\/02\/10\/viana-do-castelo-vai-investir-46-me-e-ampliar-redes-de-agua-e-saneamento\/","title":{"rendered":"Viana do Castelo vai investir 4,6 ME e ampliar redes de \u00e1gua e saneamento"},"content":{"rendered":"<p>A C\u00e2mara de Viana do Castelo aprovou hoje a abertura do concurso p\u00fablico para a amplia\u00e7\u00e3o das redes de \u00e1gua e saneamento b\u00e1sico em quatro freguesias do concelho pelo pre\u00e7o base de mais de 4,6 milh\u00f5es de euros.<\/p>\n<p>A decis\u00e3o mereceu a absten\u00e7\u00e3o dos vereadores do PSD, do CDS-PP e do independente Eduardo Teixeira, o mesmo sentido de voto na aprova\u00e7\u00e3o do projeto de execu\u00e7\u00e3o das empreitadas, as pe\u00e7as, nomea\u00e7\u00e3o do j\u00fari e a autoriza\u00e7\u00e3o daquela despesa.<\/p>\n<p>Em causa est\u00e1 um investimento de 1 098 510 euros na freguesia de Alvar\u00e3es, com um prazo de 420 dias.<\/p>\n<p>Em Carre\u00e7o, as obras est\u00e3o estimadas em 1 862 292 euros, t\u00eam um prazo de execu\u00e7\u00e3o de 480 dias, sendo que, conclu\u00edda a interven\u00e7\u00e3o, a rede servir\u00e1 \u201c1 003 fogos habitacionais, ou seja, a totalidade da freguesia\u201d.<\/p>\n<p>Para Castelo de Neiva o investimento \u00e9 de 291 140 euros e tem um prazo de execu\u00e7\u00e3o de 240 dias.<\/p>\n<p>Em Samonde, na freguesia de Santa Marta de Portuzelo, o investimento \u00e9 de 1 489 214 euros \u201cpara construir 1 237 metros lineares de rede para servir cerca de 207 habita\u00e7\u00f5es\u201d. O prazo de execu\u00e7\u00e3o da obra \u00e9 de 270 dias.<\/p>\n<p>A empreitadas resultam de uma candidatura ao Norte 2030 \u2014 Ciclo Urbano da \u00c1gua em Baixa, para amplia\u00e7\u00e3o de redes de \u00e1gua e saneamento b\u00e1sico que, atualmente, segundo a autarquia \u201ca taxa de cobertura da rede de saneamento \u00e9 de 77,2%, tendo o munic\u00edpio o objetivo de alcan\u00e7ar os 85%\u201d.<\/p>\n","protected":false},"excerpt":{"rendered":"<p>A C\u00e2mara de Viana do Castelo aprovou hoje a abertura do concurso p\u00fablico para a amplia\u00e7\u00e3o das redes de \u00e1gua e saneamento b\u00e1sico em quatro freguesias do concelho pelo pre\u00e7o base de mais de 4,6 milh\u00f5es de euros. A decis\u00e3o mereceu a absten\u00e7\u00e3o dos vereadores do PSD, do CDS-PP e do independente Eduardo Teixeira, o [&hellip;]<\/p>\n","protected":false},"author":13,"featured_media":112764,"comment_status":"closed","ping_status":"closed","sticky":false,"template":"","format":"standard","meta":{"_exactmetrics_skip_tracking":false,"_exactmetrics_sitenote_active":false,"_exactmetrics_sitenote_note":"","_exactmetrics_sitenote_category":0,"footnotes":""},"categories":[14],"tags":[],"class_list":["post-114745","post","type-post","status-publish","format-standard","has-post-thumbnail","hentry","category-viana-do-castelo"],"yoast_head":"<!-- This site is optimized with the Yoast SEO Premium plugin v27.5 (Yoast SEO v27.5) - https:\/\/yoast.com\/product\/yoast-seo-premium-wordpress\/ -->\n<title>Viana do Castelo vai investir 4,6 ME e ampliar redes de \u00e1gua e saneamento<\/title>\n<meta name=\"description\" content=\"A C\u00e2mara de Viana do Castelo aprovou hoje a abertura do concurso p\u00fablico para a amplia\u00e7\u00e3o das redes de \u00e1gua e saneamento b\u00e1sico em quatro freguesias do concelho pelo pre\u00e7o base de mais de 4,6 milh\u00f5es de euros.\" \/>\n<meta name=\"robots\" content=\"index, follow, max-snippet:-1, max-image-preview:large, max-video-preview:-1\" \/>\n<link rel=\"canonical\" href=\"https:\/\/www.altominho.tv\/site\/2025\/02\/10\/viana-do-castelo-vai-investir-46-me-e-ampliar-redes-de-agua-e-saneamento\/\" \/>\n<meta property=\"og:locale\" content=\"pt_PT\" \/>\n<meta property=\"og:type\" content=\"article\" \/>\n<meta property=\"og:title\" content=\"Viana do Castelo vai investir 4,6 ME e ampliar redes de \u00e1gua e saneamento\" \/>\n<meta property=\"og:description\" content=\"A C\u00e2mara de Viana do Castelo aprovou hoje a abertura do concurso p\u00fablico para a amplia\u00e7\u00e3o das redes de \u00e1gua e saneamento b\u00e1sico em quatro freguesias do concelho pelo pre\u00e7o base de mais de 4,6 milh\u00f5es de euros.\" \/>\n<meta property=\"og:url\" content=\"https:\/\/www.altominho.tv\/site\/2025\/02\/10\/viana-do-castelo-vai-investir-46-me-e-ampliar-redes-de-agua-e-saneamento\/\" \/>\n<meta property=\"og:site_name\" content=\"Altominho.tv\" \/>\n<meta property=\"article:publisher\" content=\"https:\/\/www.facebook.com\/altominhotv\" \/>\n<meta property=\"article:published_time\" content=\"2025-02-10T14:33:33+00:00\" \/>\n<meta property=\"article:modified_time\" content=\"2025-02-10T14:35:52+00:00\" \/>\n<meta property=\"og:image\" content=\"https:\/\/www.altominho.tv\/site\/wp-content\/uploads\/2024\/11\/Design-sem-nome-15.jpg\" \/>\n\t<meta property=\"og:image:width\" content=\"1920\" \/>\n\t<meta property=\"og:image:height\" content=\"1080\" \/>\n\t<meta property=\"og:image:type\" content=\"image\/jpeg\" \/>\n<meta name=\"author\" content=\"Lusa\" \/>\n<meta name=\"twitter:card\" content=\"summary_large_image\" \/>\n<meta name=\"twitter:creator\" content=\"@altominhoTV\" \/>\n<meta name=\"twitter:site\" content=\"@altominhoTV\" \/>\n<meta name=\"twitter:label1\" content=\"Escrito por\" \/>\n\t<meta name=\"twitter:data1\" content=\"Lusa\" \/>\n\t<meta name=\"twitter:label2\" content=\"Tempo estimado de leitura\" \/>\n\t<meta name=\"twitter:data2\" content=\"2 minutos\" \/>\n<script type=\"application\/ld+json\" class=\"yoast-schema-graph\">{\"@context\":\"https:\\\/\\\/schema.org\",\"@graph\":[{\"@type\":\"Article\",\"@id\":\"https:\\\/\\\/www.altominho.tv\\\/site\\\/2025\\\/02\\\/10\\\/viana-do-castelo-vai-investir-46-me-e-ampliar-redes-de-agua-e-saneamento\\\/#article\",\"isPartOf\":{\"@id\":\"https:\\\/\\\/www.altominho.tv\\\/site\\\/2025\\\/02\\\/10\\\/viana-do-castelo-vai-investir-46-me-e-ampliar-redes-de-agua-e-saneamento\\\/\"},\"author\":{\"name\":\"Lusa\",\"@id\":\"https:\\\/\\\/www.altominho.tv\\\/site\\\/#\\\/schema\\\/person\\\/63f693da3e1899361cbe955c46f3232e\"},\"headline\":\"Viana do Castelo vai investir 4,6 ME e ampliar redes de \u00e1gua e saneamento\",\"datePublished\":\"2025-02-10T14:33:33+00:00\",\"dateModified\":\"2025-02-10T14:35:52+00:00\",\"mainEntityOfPage\":{\"@id\":\"https:\\\/\\\/www.altominho.tv\\\/site\\\/2025\\\/02\\\/10\\\/viana-do-castelo-vai-investir-46-me-e-ampliar-redes-de-agua-e-saneamento\\\/\"},\"wordCount\":257,\"image\":{\"@id\":\"https:\\\/\\\/www.altominho.tv\\\/site\\\/2025\\\/02\\\/10\\\/viana-do-castelo-vai-investir-46-me-e-ampliar-redes-de-agua-e-saneamento\\\/#primaryimage\"},\"thumbnailUrl\":\"https:\\\/\\\/www.altominho.tv\\\/site\\\/wp-content\\\/uploads\\\/2024\\\/11\\\/Design-sem-nome-15.jpg\",\"articleSection\":[\"Viana do Castelo\"],\"inLanguage\":\"pt-PT\",\"copyrightYear\":\"2025\",\"copyrightHolder\":{\"@id\":\"https:\\\/\\\/www.altominho.tv\\\/site\\\/#organization\"}},{\"@type\":\"WebPage\",\"@id\":\"https:\\\/\\\/www.altominho.tv\\\/site\\\/2025\\\/02\\\/10\\\/viana-do-castelo-vai-investir-46-me-e-ampliar-redes-de-agua-e-saneamento\\\/\",\"url\":\"https:\\\/\\\/www.altominho.tv\\\/site\\\/2025\\\/02\\\/10\\\/viana-do-castelo-vai-investir-46-me-e-ampliar-redes-de-agua-e-saneamento\\\/\",\"name\":\"Viana do Castelo vai investir 4,6 ME e ampliar redes de \u00e1gua e saneamento\",\"isPartOf\":{\"@id\":\"https:\\\/\\\/www.altominho.tv\\\/site\\\/#website\"},\"primaryImageOfPage\":{\"@id\":\"https:\\\/\\\/www.altominho.tv\\\/site\\\/2025\\\/02\\\/10\\\/viana-do-castelo-vai-investir-46-me-e-ampliar-redes-de-agua-e-saneamento\\\/#primaryimage\"},\"image\":{\"@id\":\"https:\\\/\\\/www.altominho.tv\\\/site\\\/2025\\\/02\\\/10\\\/viana-do-castelo-vai-investir-46-me-e-ampliar-redes-de-agua-e-saneamento\\\/#primaryimage\"},\"thumbnailUrl\":\"https:\\\/\\\/www.altominho.tv\\\/site\\\/wp-content\\\/uploads\\\/2024\\\/11\\\/Design-sem-nome-15.jpg\",\"datePublished\":\"2025-02-10T14:33:33+00:00\",\"dateModified\":\"2025-02-10T14:35:52+00:00\",\"author\":{\"@id\":\"https:\\\/\\\/www.altominho.tv\\\/site\\\/#\\\/schema\\\/person\\\/63f693da3e1899361cbe955c46f3232e\"},\"description\":\"A C\u00e2mara de Viana do Castelo aprovou hoje a abertura do concurso p\u00fablico para a amplia\u00e7\u00e3o das redes de \u00e1gua e saneamento b\u00e1sico em quatro freguesias do concelho pelo pre\u00e7o base de mais de 4,6 milh\u00f5es de euros.\",\"breadcrumb\":{\"@id\":\"https:\\\/\\\/www.altominho.tv\\\/site\\\/2025\\\/02\\\/10\\\/viana-do-castelo-vai-investir-46-me-e-ampliar-redes-de-agua-e-saneamento\\\/#breadcrumb\"},\"inLanguage\":\"pt-PT\",\"potentialAction\":[{\"@type\":\"ReadAction\",\"target\":[\"https:\\\/\\\/www.altominho.tv\\\/site\\\/2025\\\/02\\\/10\\\/viana-do-castelo-vai-investir-46-me-e-ampliar-redes-de-agua-e-saneamento\\\/\"]}]},{\"@type\":\"ImageObject\",\"inLanguage\":\"pt-PT\",\"@id\":\"https:\\\/\\\/www.altominho.tv\\\/site\\\/2025\\\/02\\\/10\\\/viana-do-castelo-vai-investir-46-me-e-ampliar-redes-de-agua-e-saneamento\\\/#primaryimage\",\"url\":\"https:\\\/\\\/www.altominho.tv\\\/site\\\/wp-content\\\/uploads\\\/2024\\\/11\\\/Design-sem-nome-15.jpg\",\"contentUrl\":\"https:\\\/\\\/www.altominho.tv\\\/site\\\/wp-content\\\/uploads\\\/2024\\\/11\\\/Design-sem-nome-15.jpg\",\"width\":1920,\"height\":1080},{\"@type\":\"BreadcrumbList\",\"@id\":\"https:\\\/\\\/www.altominho.tv\\\/site\\\/2025\\\/02\\\/10\\\/viana-do-castelo-vai-investir-46-me-e-ampliar-redes-de-agua-e-saneamento\\\/#breadcrumb\",\"itemListElement\":[{\"@type\":\"ListItem\",\"position\":1,\"name\":\"In\u00edcio\",\"item\":\"https:\\\/\\\/www.altominho.tv\\\/site\\\/\"},{\"@type\":\"ListItem\",\"position\":2,\"name\":\"Viana do Castelo vai investir 4,6 ME e ampliar redes de \u00e1gua e saneamento\"}]},{\"@type\":\"WebSite\",\"@id\":\"https:\\\/\\\/www.altominho.tv\\\/site\\\/#website\",\"url\":\"https:\\\/\\\/www.altominho.tv\\\/site\\\/\",\"name\":\"Altominho.tv\",\"description\":\"A sua regi\u00e3o \u00e0 dist\u00e2ncia de um clique...\",\"potentialAction\":[{\"@type\":\"SearchAction\",\"target\":{\"@type\":\"EntryPoint\",\"urlTemplate\":\"https:\\\/\\\/www.altominho.tv\\\/site\\\/?s={search_term_string}\"},\"query-input\":{\"@type\":\"PropertyValueSpecification\",\"valueRequired\":true,\"valueName\":\"search_term_string\"}}],\"inLanguage\":\"pt-PT\"},{\"@type\":\"Person\",\"@id\":\"https:\\\/\\\/www.altominho.tv\\\/site\\\/#\\\/schema\\\/person\\\/63f693da3e1899361cbe955c46f3232e\",\"name\":\"Lusa\",\"image\":{\"@type\":\"ImageObject\",\"inLanguage\":\"pt-PT\",\"@id\":\"https:\\\/\\\/www.altominho.tv\\\/site\\\/wp-content\\\/uploads\\\/2019\\\/08\\\/LUSA_Logo.gif\",\"url\":\"https:\\\/\\\/www.altominho.tv\\\/site\\\/wp-content\\\/uploads\\\/2019\\\/08\\\/LUSA_Logo.gif\",\"contentUrl\":\"https:\\\/\\\/www.altominho.tv\\\/site\\\/wp-content\\\/uploads\\\/2019\\\/08\\\/LUSA_Logo.gif\",\"caption\":\"Lusa\"},\"sameAs\":[\"http:\\\/\\\/\\\/\\\/www.altominho.tv\\\/site\"],\"url\":\"https:\\\/\\\/www.altominho.tv\\\/site\\\/author\\\/lusa\\\/\"}]}<\/script>\n<!-- \/ Yoast SEO Premium plugin. -->","yoast_head_json":{"title":"Viana do Castelo vai investir 4,6 ME e ampliar redes de \u00e1gua e saneamento","description":"A C\u00e2mara de Viana do Castelo aprovou hoje a abertura do concurso p\u00fablico para a amplia\u00e7\u00e3o das redes de \u00e1gua e saneamento b\u00e1sico em quatro freguesias do concelho pelo pre\u00e7o base de mais de 4,6 milh\u00f5es de euros.","robots":{"index":"index","follow":"follow","max-snippet":"max-snippet:-1","max-image-preview":"max-image-preview:large","max-video-preview":"max-video-preview:-1"},"canonical":"https:\/\/www.altominho.tv\/site\/2025\/02\/10\/viana-do-castelo-vai-investir-46-me-e-ampliar-redes-de-agua-e-saneamento\/","og_locale":"pt_PT","og_type":"article","og_title":"Viana do Castelo vai investir 4,6 ME e ampliar redes de \u00e1gua e saneamento","og_description":"A C\u00e2mara de Viana do Castelo aprovou hoje a abertura do concurso p\u00fablico para a amplia\u00e7\u00e3o das redes de \u00e1gua e saneamento b\u00e1sico em quatro freguesias do concelho pelo pre\u00e7o base de mais de 4,6 milh\u00f5es de euros.","og_url":"https:\/\/www.altominho.tv\/site\/2025\/02\/10\/viana-do-castelo-vai-investir-46-me-e-ampliar-redes-de-agua-e-saneamento\/","og_site_name":"Altominho.tv","article_publisher":"https:\/\/www.facebook.com\/altominhotv","article_published_time":"2025-02-10T14:33:33+00:00","article_modified_time":"2025-02-10T14:35:52+00:00","og_image":[{"width":1920,"height":1080,"url":"https:\/\/www.altominho.tv\/site\/wp-content\/uploads\/2024\/11\/Design-sem-nome-15.jpg","type":"image\/jpeg"}],"author":"Lusa","twitter_card":"summary_large_image","twitter_creator":"@altominhoTV","twitter_site":"@altominhoTV","twitter_misc":{"Escrito por":"Lusa","Tempo estimado de leitura":"2 minutos"},"schema":{"@context":"https:\/\/schema.org","@graph":[{"@type":"Article","@id":"https:\/\/www.altominho.tv\/site\/2025\/02\/10\/viana-do-castelo-vai-investir-46-me-e-ampliar-redes-de-agua-e-saneamento\/#article","isPartOf":{"@id":"https:\/\/www.altominho.tv\/site\/2025\/02\/10\/viana-do-castelo-vai-investir-46-me-e-ampliar-redes-de-agua-e-saneamento\/"},"author":{"name":"Lusa","@id":"https:\/\/www.altominho.tv\/site\/#\/schema\/person\/63f693da3e1899361cbe955c46f3232e"},"headline":"Viana do Castelo vai investir 4,6 ME e ampliar redes de \u00e1gua e saneamento","datePublished":"2025-02-10T14:33:33+00:00","dateModified":"2025-02-10T14:35:52+00:00","mainEntityOfPage":{"@id":"https:\/\/www.altominho.tv\/site\/2025\/02\/10\/viana-do-castelo-vai-investir-46-me-e-ampliar-redes-de-agua-e-saneamento\/"},"wordCount":257,"image":{"@id":"https:\/\/www.altominho.tv\/site\/2025\/02\/10\/viana-do-castelo-vai-investir-46-me-e-ampliar-redes-de-agua-e-saneamento\/#primaryimage"},"thumbnailUrl":"https:\/\/www.altominho.tv\/site\/wp-content\/uploads\/2024\/11\/Design-sem-nome-15.jpg","articleSection":["Viana do Castelo"],"inLanguage":"pt-PT","copyrightYear":"2025","copyrightHolder":{"@id":"https:\/\/www.altominho.tv\/site\/#organization"}},{"@type":"WebPage","@id":"https:\/\/www.altominho.tv\/site\/2025\/02\/10\/viana-do-castelo-vai-investir-46-me-e-ampliar-redes-de-agua-e-saneamento\/","url":"https:\/\/www.altominho.tv\/site\/2025\/02\/10\/viana-do-castelo-vai-investir-46-me-e-ampliar-redes-de-agua-e-saneamento\/","name":"Viana do Castelo vai investir 4,6 ME e ampliar redes de \u00e1gua e saneamento","isPartOf":{"@id":"https:\/\/www.altominho.tv\/site\/#website"},"primaryImageOfPage":{"@id":"https:\/\/www.altominho.tv\/site\/2025\/02\/10\/viana-do-castelo-vai-investir-46-me-e-ampliar-redes-de-agua-e-saneamento\/#primaryimage"},"image":{"@id":"https:\/\/www.altominho.tv\/site\/2025\/02\/10\/viana-do-castelo-vai-investir-46-me-e-ampliar-redes-de-agua-e-saneamento\/#primaryimage"},"thumbnailUrl":"https:\/\/www.altominho.tv\/site\/wp-content\/uploads\/2024\/11\/Design-sem-nome-15.jpg","datePublished":"2025-02-10T14:33:33+00:00","dateModified":"2025-02-10T14:35:52+00:00","author":{"@id":"https:\/\/www.altominho.tv\/site\/#\/schema\/person\/63f693da3e1899361cbe955c46f3232e"},"description":"A C\u00e2mara de Viana do Castelo aprovou hoje a abertura do concurso p\u00fablico para a amplia\u00e7\u00e3o das redes de \u00e1gua e saneamento b\u00e1sico em quatro freguesias do concelho pelo pre\u00e7o base de mais de 4,6 milh\u00f5es de euros.","breadcrumb":{"@id":"https:\/\/www.altominho.tv\/site\/2025\/02\/10\/viana-do-castelo-vai-investir-46-me-e-ampliar-redes-de-agua-e-saneamento\/#breadcrumb"},"inLanguage":"pt-PT","potentialAction":[{"@type":"ReadAction","target":["https:\/\/www.altominho.tv\/site\/2025\/02\/10\/viana-do-castelo-vai-investir-46-me-e-ampliar-redes-de-agua-e-saneamento\/"]}]},{"@type":"ImageObject","inLanguage":"pt-PT","@id":"https:\/\/www.altominho.tv\/site\/2025\/02\/10\/viana-do-castelo-vai-investir-46-me-e-ampliar-redes-de-agua-e-saneamento\/#primaryimage","url":"https:\/\/www.altominho.tv\/site\/wp-content\/uploads\/2024\/11\/Design-sem-nome-15.jpg","contentUrl":"https:\/\/www.altominho.tv\/site\/wp-content\/uploads\/2024\/11\/Design-sem-nome-15.jpg","width":1920,"height":1080},{"@type":"BreadcrumbList","@id":"https:\/\/www.altominho.tv\/site\/2025\/02\/10\/viana-do-castelo-vai-investir-46-me-e-ampliar-redes-de-agua-e-saneamento\/#breadcrumb","itemListElement":[{"@type":"ListItem","position":1,"name":"In\u00edcio","item":"https:\/\/www.altominho.tv\/site\/"},{"@type":"ListItem","position":2,"name":"Viana do Castelo vai investir 4,6 ME e ampliar redes de \u00e1gua e saneamento"}]},{"@type":"WebSite","@id":"https:\/\/www.altominho.tv\/site\/#website","url":"https:\/\/www.altominho.tv\/site\/","name":"Altominho.tv","description":"A sua regi\u00e3o \u00e0 dist\u00e2ncia de um clique...","potentialAction":[{"@type":"SearchAction","target":{"@type":"EntryPoint","urlTemplate":"https:\/\/www.altominho.tv\/site\/?s={search_term_string}"},"query-input":{"@type":"PropertyValueSpecification","valueRequired":true,"valueName":"search_term_string"}}],"inLanguage":"pt-PT"},{"@type":"Person","@id":"https:\/\/www.altominho.tv\/site\/#\/schema\/person\/63f693da3e1899361cbe955c46f3232e","name":"Lusa","image":{"@type":"ImageObject","inLanguage":"pt-PT","@id":"https:\/\/www.altominho.tv\/site\/wp-content\/uploads\/2019\/08\/LUSA_Logo.gif","url":"https:\/\/www.altominho.tv\/site\/wp-content\/uploads\/2019\/08\/LUSA_Logo.gif","contentUrl":"https:\/\/www.altominho.tv\/site\/wp-content\/uploads\/2019\/08\/LUSA_Logo.gif","caption":"Lusa"},"sameAs":["http:\/\/\/\/www.altominho.tv\/site"],"url":"https:\/\/www.altominho.tv\/site\/author\/lusa\/"}]}},"_links":{"self":[{"href":"https:\/\/www.altominho.tv\/site\/wp-json\/wp\/v2\/posts\/114745","targetHints":{"allow":["GET"]}}],"collection":[{"href":"https:\/\/www.altominho.tv\/site\/wp-json\/wp\/v2\/posts"}],"about":[{"href":"https:\/\/www.altominho.tv\/site\/wp-json\/wp\/v2\/types\/post"}],"author":[{"embeddable":true,"href":"https:\/\/www.altominho.tv\/site\/wp-json\/wp\/v2\/users\/13"}],"replies":[{"embeddable":true,"href":"https:\/\/www.altominho.tv\/site\/wp-json\/wp\/v2\/comments?post=114745"}],"version-history":[{"count":2,"href":"https:\/\/www.altominho.tv\/site\/wp-json\/wp\/v2\/posts\/114745\/revisions"}],"predecessor-version":[{"id":114750,"href":"https:\/\/www.altominho.tv\/site\/wp-json\/wp\/v2\/posts\/114745\/revisions\/114750"}],"wp:featuredmedia":[{"embeddable":true,"href":"https:\/\/www.altominho.tv\/site\/wp-json\/wp\/v2\/media\/112764"}],"wp:attachment":[{"href":"https:\/\/www.altominho.tv\/site\/wp-json\/wp\/v2\/media?parent=114745"}],"wp:term":[{"taxonomy":"category","embeddable":true,"href":"https:\/\/www.altominho.tv\/site\/wp-json\/wp\/v2\/categories?post=114745"},{"taxonomy":"post_tag","embeddable":true,"href":"https:\/\/www.altominho.tv\/site\/wp-json\/wp\/v2\/tags?post=114745"}],"curies":[{"name":"wp","href":"https:\/\/api.w.org\/{rel}","templated":true}]}}