{"id":114674,"date":"2025-02-08T09:31:20","date_gmt":"2025-02-08T09:31:20","guid":{"rendered":"https:\/\/www.altominho.tv\/site\/?p=114674"},"modified":"2025-02-08T09:31:23","modified_gmt":"2025-02-08T09:31:23","slug":"o-regresso-da-volta-a-portugal-as-suas-datas-e-a-novidade-num-calendario-repetido","status":"publish","type":"post","link":"https:\/\/www.altominho.tv\/site\/2025\/02\/08\/o-regresso-da-volta-a-portugal-as-suas-datas-e-a-novidade-num-calendario-repetido\/","title":{"rendered":"O regresso da Volta a Portugal \u00e0s &#8216;suas&#8217; datas \u00e9 a novidade num calend\u00e1rio &#8216;repetido&#8217;"},"content":{"rendered":"<p>A Volta a Portugal regressa este ano \u00e0s \u2018suas\u2019 datas para \u2018reinar\u2019 num calend\u00e1rio velocip\u00e9dico nacional sem novidades e que arranca no domingo, como habitualmente, na Prova de Abertura.<\/p>\n<p>Com mais de 60 dias de competi\u00e7\u00e3o \u00e0 sua frente, os ciclistas das nove equipas nacionais regressam \u00e0 estrada, como \u00e9 tradi\u00e7\u00e3o, na regi\u00e3o de Aveiro, com os inscritos na Prova de Abertura a percorrerem 158,8 quil\u00f3metros entre Vagos e a praia da Torreira (Murtosa).<\/p>\n<p>Apenas sete dias depois chega o primeiro momento alto da \u00e9poca, na Figueira Champions Classic \u2013 Cl\u00e1ssica da Figueira, do escal\u00e3o UCI ProSeries, o segundo mais importante do calend\u00e1rio internacional.<\/p>\n<p>Ap\u00f3s terem um primeiro contacto com as equipas do WorldTour na Figueira da Foz, as nove forma\u00e7\u00f5es nacionais rumam a Sul para partilharem estrada com algumas das principais estrelas do ciclismo mundial, na Volta ao Algarve, a principal corrida disputada em territ\u00f3rio luso.<\/p>\n<p>A \u00fanica prova por etapas do calend\u00e1rio portugu\u00eas da categoria UCI ProSeries disputa-se entre 19 e 23 de fevereiro e precede tr\u00eas cl\u00e1ssicas, que antecedem a 42.\u00aa Volta ao Alentejo (26 a 30 de mar\u00e7o).<\/p>\n<p>A \u00e9poca, que culmina com o 10.\u00ba Grande Pr\u00e9mio Anicolor (19 a 21 de setembro), ter\u00e1 12 provas de um dia, incluindo quatro circuitos, e 10 corridas por etapas, entre as quais se destaca o emblem\u00e1tico Trof\u00e9u Joaquim Agostinho.<\/p>\n<p>Entre 10 e 13 de julho, j\u00e1 depois dos Nacionais (20 a 22 de junho), a 48.\u00aa edi\u00e7\u00e3o daquele trof\u00e9u serve como principal teste das forma\u00e7\u00f5es portuguesas para a prova \u2018rainha\u2019 do ciclismo nacional, este ano de regresso \u00e0s suas datas habituais.<\/p>\n<p>Ap\u00f3s ter sido antecipada para a \u00faltima semana de julho na \u00e9poca passada, devido aos Jogos Ol\u00edmpicos Paris2024, e de ter estado inicialmente agendada entre 30 de julho e 10 de agosto, a 86.\u00aa Volta a Portugal estar\u00e1 na estrada entre 6 e 17 de agosto, de acordo com o calend\u00e1rio publicado no s\u00edtio da Federa\u00e7\u00e3o Portuguesa de Ciclismo (FPC) na Internet.<\/p>\n<p>Duas semanas depois, e ainda mal recuperados do desgaste da Volta, os corredores nacionais enfrentam a segunda prova mais \u2018longa\u2019 do calend\u00e1rio, com o Grande Pr\u00e9mio Jornal de Not\u00edcias a estar na estrada entre 31 de agosto e 7 de setembro.<\/p>\n<p>Calend\u00e1rio:<br \/>\n9 fev: Prova de Abertura.<br \/>\n16 fev: Figueira Champions Classic \u2013 Cl\u00e1ssica da Figueira.<br \/>\n19-23 fev: 51.\u00aa Volta ao Algarve.<br \/>\n9 mar: 28.\u00aa Cl\u00e1ssica da Primavera.<br \/>\n16 mar: Cl\u00e1ssica de Santo Thyrso.<br \/>\n23 mar: Cl\u00e1ssica da Arr\u00e1bida.<br \/>\n26-30 mar: 42.\u00aa Volta ao Alentejo.<br \/>\n6 abr: Cl\u00e1ssica de Viana do Castelo.<br \/>\n13 abr: Cl\u00e1ssica Aldeias do Xisto.<br \/>\n24-27 abr: Grande Pr\u00e9mio \u2018O Jogo\u2019.<br \/>\n23-25 mai: Grande Pr\u00e9mio Beiras e Serra da Estrela.<br \/>\n30 mai-01 jun: 45.\u00ba Grande Pr\u00e9mio Abimota.<br \/>\n7-10 jun: Grande Pr\u00e9mio Douro Internacional.<br \/>\n20-22 jun: Campeonatos Nacionais.<br \/>\n10-13 jul: 48.\u00ba GP Internacional de Torres Vedras &#8211; Trof\u00e9u Joaquim Agostinho.<br \/>\n27 jul: Grande Pr\u00e9mio de Mort\u00e1gua \u2013 Pedro Silva.<br \/>\n6-17 ago: 86.\u00aa Volta a Portugal.<br \/>\n20 ago: Circuito de Alcoba\u00e7a.<br \/>\n24 ago: Circuito da Malveira.<br \/>\n25 ago: Circuito de Nafarros.<br \/>\n31 ago-07 set: 34.\u00ba Grande Pr\u00e9mio Jornal de Not\u00edcias.<br \/>\n14 set: 12 Voltas \u00e0 Gafa-Bombarral.<br \/>\n19-21 set: 10.\u00ba Grande Pr\u00e9mio Anicolor.<\/p>\n","protected":false},"excerpt":{"rendered":"<p>A Volta a Portugal regressa este ano \u00e0s \u2018suas\u2019 datas para \u2018reinar\u2019 num calend\u00e1rio velocip\u00e9dico nacional sem novidades e que arranca no domingo, como habitualmente, na Prova de Abertura. Com mais de 60 dias de competi\u00e7\u00e3o \u00e0 sua frente, os ciclistas das nove equipas nacionais regressam \u00e0 estrada, como \u00e9 tradi\u00e7\u00e3o, na regi\u00e3o de Aveiro, [&hellip;]<\/p>\n","protected":false},"author":13,"featured_media":114675,"comment_status":"closed","ping_status":"closed","sticky":false,"template":"","format":"standard","meta":{"_exactmetrics_skip_tracking":false,"_exactmetrics_sitenote_active":false,"_exactmetrics_sitenote_note":"","_exactmetrics_sitenote_category":0,"footnotes":""},"categories":[56325],"tags":[20],"class_list":["post-114674","post","type-post","status-publish","format-standard","has-post-thumbnail","hentry","category-pais","tag-desporto"],"yoast_head":"<!-- This site is optimized with the Yoast SEO Premium plugin v27.4 (Yoast SEO v27.4) - https:\/\/yoast.com\/product\/yoast-seo-premium-wordpress\/ -->\n<title>O regresso da Volta a Portugal \u00e0s &#039;suas&#039; datas \u00e9 a novidade num calend\u00e1rio &#039;repetido&#039;<\/title>\n<meta name=\"description\" content=\"A Volta a Portugal regressa este ano \u00e0s \u2018suas\u2019 datas para \u2018reinar\u2019 num calend\u00e1rio velocip\u00e9dico nacional sem novidades e que arranca no domingo, como habitualmente, na Prova de Abertura.\" \/>\n<meta name=\"robots\" content=\"index, follow, max-snippet:-1, max-image-preview:large, max-video-preview:-1\" \/>\n<link rel=\"canonical\" href=\"https:\/\/www.altominho.tv\/site\/2025\/02\/08\/o-regresso-da-volta-a-portugal-as-suas-datas-e-a-novidade-num-calendario-repetido\/\" \/>\n<meta property=\"og:locale\" content=\"pt_PT\" \/>\n<meta property=\"og:type\" content=\"article\" \/>\n<meta property=\"og:title\" content=\"O regresso da Volta a Portugal \u00e0s &#039;suas&#039; datas \u00e9 a novidade num calend\u00e1rio &#039;repetido&#039;\" \/>\n<meta property=\"og:description\" content=\"A Volta a Portugal regressa este ano \u00e0s \u2018suas\u2019 datas para \u2018reinar\u2019 num calend\u00e1rio velocip\u00e9dico nacional sem novidades e que arranca no domingo, como habitualmente, na Prova de Abertura.\" \/>\n<meta property=\"og:url\" content=\"https:\/\/www.altominho.tv\/site\/2025\/02\/08\/o-regresso-da-volta-a-portugal-as-suas-datas-e-a-novidade-num-calendario-repetido\/\" \/>\n<meta property=\"og:site_name\" content=\"Altominho.tv\" \/>\n<meta property=\"article:publisher\" content=\"https:\/\/www.facebook.com\/altominhotv\" \/>\n<meta property=\"article:published_time\" content=\"2025-02-08T09:31:20+00:00\" \/>\n<meta property=\"article:modified_time\" content=\"2025-02-08T09:31:23+00:00\" \/>\n<meta property=\"og:image\" content=\"https:\/\/www.altominho.tv\/site\/wp-content\/uploads\/2025\/02\/volta-a-portugal.png\" \/>\n\t<meta property=\"og:image:width\" content=\"1200\" \/>\n\t<meta property=\"og:image:height\" content=\"630\" \/>\n\t<meta property=\"og:image:type\" content=\"image\/png\" \/>\n<meta name=\"author\" content=\"Lusa\" \/>\n<meta name=\"twitter:card\" content=\"summary_large_image\" \/>\n<meta name=\"twitter:creator\" content=\"@altominhoTV\" \/>\n<meta name=\"twitter:site\" content=\"@altominhoTV\" \/>\n<meta name=\"twitter:label1\" content=\"Escrito por\" \/>\n\t<meta name=\"twitter:data1\" content=\"Lusa\" \/>\n\t<meta name=\"twitter:label2\" content=\"Tempo estimado de leitura\" \/>\n\t<meta name=\"twitter:data2\" content=\"4 minutos\" \/>\n<script type=\"application\/ld+json\" class=\"yoast-schema-graph\">{\"@context\":\"https:\\\/\\\/schema.org\",\"@graph\":[{\"@type\":\"Article\",\"@id\":\"https:\\\/\\\/www.altominho.tv\\\/site\\\/2025\\\/02\\\/08\\\/o-regresso-da-volta-a-portugal-as-suas-datas-e-a-novidade-num-calendario-repetido\\\/#article\",\"isPartOf\":{\"@id\":\"https:\\\/\\\/www.altominho.tv\\\/site\\\/2025\\\/02\\\/08\\\/o-regresso-da-volta-a-portugal-as-suas-datas-e-a-novidade-num-calendario-repetido\\\/\"},\"author\":{\"name\":\"Lusa\",\"@id\":\"https:\\\/\\\/www.altominho.tv\\\/site\\\/#\\\/schema\\\/person\\\/63f693da3e1899361cbe955c46f3232e\"},\"headline\":\"O regresso da Volta a Portugal \u00e0s &#8216;suas&#8217; datas \u00e9 a novidade num calend\u00e1rio &#8216;repetido&#8217;\",\"datePublished\":\"2025-02-08T09:31:20+00:00\",\"dateModified\":\"2025-02-08T09:31:23+00:00\",\"mainEntityOfPage\":{\"@id\":\"https:\\\/\\\/www.altominho.tv\\\/site\\\/2025\\\/02\\\/08\\\/o-regresso-da-volta-a-portugal-as-suas-datas-e-a-novidade-num-calendario-repetido\\\/\"},\"wordCount\":529,\"image\":{\"@id\":\"https:\\\/\\\/www.altominho.tv\\\/site\\\/2025\\\/02\\\/08\\\/o-regresso-da-volta-a-portugal-as-suas-datas-e-a-novidade-num-calendario-repetido\\\/#primaryimage\"},\"thumbnailUrl\":\"https:\\\/\\\/www.altominho.tv\\\/site\\\/wp-content\\\/uploads\\\/2025\\\/02\\\/volta-a-portugal.png\",\"keywords\":[\"Desporto\"],\"articleSection\":[\"Pa\u00eds\"],\"inLanguage\":\"pt-PT\",\"copyrightYear\":\"2025\",\"copyrightHolder\":{\"@id\":\"https:\\\/\\\/www.altominho.tv\\\/site\\\/#organization\"}},{\"@type\":\"WebPage\",\"@id\":\"https:\\\/\\\/www.altominho.tv\\\/site\\\/2025\\\/02\\\/08\\\/o-regresso-da-volta-a-portugal-as-suas-datas-e-a-novidade-num-calendario-repetido\\\/\",\"url\":\"https:\\\/\\\/www.altominho.tv\\\/site\\\/2025\\\/02\\\/08\\\/o-regresso-da-volta-a-portugal-as-suas-datas-e-a-novidade-num-calendario-repetido\\\/\",\"name\":\"O regresso da Volta a Portugal \u00e0s 'suas' datas \u00e9 a novidade num calend\u00e1rio 'repetido'\",\"isPartOf\":{\"@id\":\"https:\\\/\\\/www.altominho.tv\\\/site\\\/#website\"},\"primaryImageOfPage\":{\"@id\":\"https:\\\/\\\/www.altominho.tv\\\/site\\\/2025\\\/02\\\/08\\\/o-regresso-da-volta-a-portugal-as-suas-datas-e-a-novidade-num-calendario-repetido\\\/#primaryimage\"},\"image\":{\"@id\":\"https:\\\/\\\/www.altominho.tv\\\/site\\\/2025\\\/02\\\/08\\\/o-regresso-da-volta-a-portugal-as-suas-datas-e-a-novidade-num-calendario-repetido\\\/#primaryimage\"},\"thumbnailUrl\":\"https:\\\/\\\/www.altominho.tv\\\/site\\\/wp-content\\\/uploads\\\/2025\\\/02\\\/volta-a-portugal.png\",\"datePublished\":\"2025-02-08T09:31:20+00:00\",\"dateModified\":\"2025-02-08T09:31:23+00:00\",\"author\":{\"@id\":\"https:\\\/\\\/www.altominho.tv\\\/site\\\/#\\\/schema\\\/person\\\/63f693da3e1899361cbe955c46f3232e\"},\"description\":\"A Volta a Portugal regressa este ano \u00e0s \u2018suas\u2019 datas para \u2018reinar\u2019 num calend\u00e1rio velocip\u00e9dico nacional sem novidades e que arranca no domingo, como habitualmente, na Prova de Abertura.\",\"breadcrumb\":{\"@id\":\"https:\\\/\\\/www.altominho.tv\\\/site\\\/2025\\\/02\\\/08\\\/o-regresso-da-volta-a-portugal-as-suas-datas-e-a-novidade-num-calendario-repetido\\\/#breadcrumb\"},\"inLanguage\":\"pt-PT\",\"potentialAction\":[{\"@type\":\"ReadAction\",\"target\":[\"https:\\\/\\\/www.altominho.tv\\\/site\\\/2025\\\/02\\\/08\\\/o-regresso-da-volta-a-portugal-as-suas-datas-e-a-novidade-num-calendario-repetido\\\/\"]}]},{\"@type\":\"ImageObject\",\"inLanguage\":\"pt-PT\",\"@id\":\"https:\\\/\\\/www.altominho.tv\\\/site\\\/2025\\\/02\\\/08\\\/o-regresso-da-volta-a-portugal-as-suas-datas-e-a-novidade-num-calendario-repetido\\\/#primaryimage\",\"url\":\"https:\\\/\\\/www.altominho.tv\\\/site\\\/wp-content\\\/uploads\\\/2025\\\/02\\\/volta-a-portugal.png\",\"contentUrl\":\"https:\\\/\\\/www.altominho.tv\\\/site\\\/wp-content\\\/uploads\\\/2025\\\/02\\\/volta-a-portugal.png\",\"width\":1200,\"height\":630},{\"@type\":\"BreadcrumbList\",\"@id\":\"https:\\\/\\\/www.altominho.tv\\\/site\\\/2025\\\/02\\\/08\\\/o-regresso-da-volta-a-portugal-as-suas-datas-e-a-novidade-num-calendario-repetido\\\/#breadcrumb\",\"itemListElement\":[{\"@type\":\"ListItem\",\"position\":1,\"name\":\"In\u00edcio\",\"item\":\"https:\\\/\\\/www.altominho.tv\\\/site\\\/\"},{\"@type\":\"ListItem\",\"position\":2,\"name\":\"O regresso da Volta a Portugal \u00e0s &#8216;suas&#8217; datas \u00e9 a novidade num calend\u00e1rio &#8216;repetido&#8217;\"}]},{\"@type\":\"WebSite\",\"@id\":\"https:\\\/\\\/www.altominho.tv\\\/site\\\/#website\",\"url\":\"https:\\\/\\\/www.altominho.tv\\\/site\\\/\",\"name\":\"Altominho.tv\",\"description\":\"A sua regi\u00e3o \u00e0 dist\u00e2ncia de um clique...\",\"potentialAction\":[{\"@type\":\"SearchAction\",\"target\":{\"@type\":\"EntryPoint\",\"urlTemplate\":\"https:\\\/\\\/www.altominho.tv\\\/site\\\/?s={search_term_string}\"},\"query-input\":{\"@type\":\"PropertyValueSpecification\",\"valueRequired\":true,\"valueName\":\"search_term_string\"}}],\"inLanguage\":\"pt-PT\"},{\"@type\":\"Person\",\"@id\":\"https:\\\/\\\/www.altominho.tv\\\/site\\\/#\\\/schema\\\/person\\\/63f693da3e1899361cbe955c46f3232e\",\"name\":\"Lusa\",\"image\":{\"@type\":\"ImageObject\",\"inLanguage\":\"pt-PT\",\"@id\":\"https:\\\/\\\/www.altominho.tv\\\/site\\\/wp-content\\\/uploads\\\/2019\\\/08\\\/LUSA_Logo.gif\",\"url\":\"https:\\\/\\\/www.altominho.tv\\\/site\\\/wp-content\\\/uploads\\\/2019\\\/08\\\/LUSA_Logo.gif\",\"contentUrl\":\"https:\\\/\\\/www.altominho.tv\\\/site\\\/wp-content\\\/uploads\\\/2019\\\/08\\\/LUSA_Logo.gif\",\"caption\":\"Lusa\"},\"sameAs\":[\"http:\\\/\\\/\\\/\\\/www.altominho.tv\\\/site\"],\"url\":\"https:\\\/\\\/www.altominho.tv\\\/site\\\/author\\\/lusa\\\/\"}]}<\/script>\n<!-- \/ Yoast SEO Premium plugin. -->","yoast_head_json":{"title":"O regresso da Volta a Portugal \u00e0s 'suas' datas \u00e9 a novidade num calend\u00e1rio 'repetido'","description":"A Volta a Portugal regressa este ano \u00e0s \u2018suas\u2019 datas para \u2018reinar\u2019 num calend\u00e1rio velocip\u00e9dico nacional sem novidades e que arranca no domingo, como habitualmente, na Prova de Abertura.","robots":{"index":"index","follow":"follow","max-snippet":"max-snippet:-1","max-image-preview":"max-image-preview:large","max-video-preview":"max-video-preview:-1"},"canonical":"https:\/\/www.altominho.tv\/site\/2025\/02\/08\/o-regresso-da-volta-a-portugal-as-suas-datas-e-a-novidade-num-calendario-repetido\/","og_locale":"pt_PT","og_type":"article","og_title":"O regresso da Volta a Portugal \u00e0s 'suas' datas \u00e9 a novidade num calend\u00e1rio 'repetido'","og_description":"A Volta a Portugal regressa este ano \u00e0s \u2018suas\u2019 datas para \u2018reinar\u2019 num calend\u00e1rio velocip\u00e9dico nacional sem novidades e que arranca no domingo, como habitualmente, na Prova de Abertura.","og_url":"https:\/\/www.altominho.tv\/site\/2025\/02\/08\/o-regresso-da-volta-a-portugal-as-suas-datas-e-a-novidade-num-calendario-repetido\/","og_site_name":"Altominho.tv","article_publisher":"https:\/\/www.facebook.com\/altominhotv","article_published_time":"2025-02-08T09:31:20+00:00","article_modified_time":"2025-02-08T09:31:23+00:00","og_image":[{"width":1200,"height":630,"url":"https:\/\/www.altominho.tv\/site\/wp-content\/uploads\/2025\/02\/volta-a-portugal.png","type":"image\/png"}],"author":"Lusa","twitter_card":"summary_large_image","twitter_creator":"@altominhoTV","twitter_site":"@altominhoTV","twitter_misc":{"Escrito por":"Lusa","Tempo estimado de leitura":"4 minutos"},"schema":{"@context":"https:\/\/schema.org","@graph":[{"@type":"Article","@id":"https:\/\/www.altominho.tv\/site\/2025\/02\/08\/o-regresso-da-volta-a-portugal-as-suas-datas-e-a-novidade-num-calendario-repetido\/#article","isPartOf":{"@id":"https:\/\/www.altominho.tv\/site\/2025\/02\/08\/o-regresso-da-volta-a-portugal-as-suas-datas-e-a-novidade-num-calendario-repetido\/"},"author":{"name":"Lusa","@id":"https:\/\/www.altominho.tv\/site\/#\/schema\/person\/63f693da3e1899361cbe955c46f3232e"},"headline":"O regresso da Volta a Portugal \u00e0s &#8216;suas&#8217; datas \u00e9 a novidade num calend\u00e1rio &#8216;repetido&#8217;","datePublished":"2025-02-08T09:31:20+00:00","dateModified":"2025-02-08T09:31:23+00:00","mainEntityOfPage":{"@id":"https:\/\/www.altominho.tv\/site\/2025\/02\/08\/o-regresso-da-volta-a-portugal-as-suas-datas-e-a-novidade-num-calendario-repetido\/"},"wordCount":529,"image":{"@id":"https:\/\/www.altominho.tv\/site\/2025\/02\/08\/o-regresso-da-volta-a-portugal-as-suas-datas-e-a-novidade-num-calendario-repetido\/#primaryimage"},"thumbnailUrl":"https:\/\/www.altominho.tv\/site\/wp-content\/uploads\/2025\/02\/volta-a-portugal.png","keywords":["Desporto"],"articleSection":["Pa\u00eds"],"inLanguage":"pt-PT","copyrightYear":"2025","copyrightHolder":{"@id":"https:\/\/www.altominho.tv\/site\/#organization"}},{"@type":"WebPage","@id":"https:\/\/www.altominho.tv\/site\/2025\/02\/08\/o-regresso-da-volta-a-portugal-as-suas-datas-e-a-novidade-num-calendario-repetido\/","url":"https:\/\/www.altominho.tv\/site\/2025\/02\/08\/o-regresso-da-volta-a-portugal-as-suas-datas-e-a-novidade-num-calendario-repetido\/","name":"O regresso da Volta a Portugal \u00e0s 'suas' datas \u00e9 a novidade num calend\u00e1rio 'repetido'","isPartOf":{"@id":"https:\/\/www.altominho.tv\/site\/#website"},"primaryImageOfPage":{"@id":"https:\/\/www.altominho.tv\/site\/2025\/02\/08\/o-regresso-da-volta-a-portugal-as-suas-datas-e-a-novidade-num-calendario-repetido\/#primaryimage"},"image":{"@id":"https:\/\/www.altominho.tv\/site\/2025\/02\/08\/o-regresso-da-volta-a-portugal-as-suas-datas-e-a-novidade-num-calendario-repetido\/#primaryimage"},"thumbnailUrl":"https:\/\/www.altominho.tv\/site\/wp-content\/uploads\/2025\/02\/volta-a-portugal.png","datePublished":"2025-02-08T09:31:20+00:00","dateModified":"2025-02-08T09:31:23+00:00","author":{"@id":"https:\/\/www.altominho.tv\/site\/#\/schema\/person\/63f693da3e1899361cbe955c46f3232e"},"description":"A Volta a Portugal regressa este ano \u00e0s \u2018suas\u2019 datas para \u2018reinar\u2019 num calend\u00e1rio velocip\u00e9dico nacional sem novidades e que arranca no domingo, como habitualmente, na Prova de Abertura.","breadcrumb":{"@id":"https:\/\/www.altominho.tv\/site\/2025\/02\/08\/o-regresso-da-volta-a-portugal-as-suas-datas-e-a-novidade-num-calendario-repetido\/#breadcrumb"},"inLanguage":"pt-PT","potentialAction":[{"@type":"ReadAction","target":["https:\/\/www.altominho.tv\/site\/2025\/02\/08\/o-regresso-da-volta-a-portugal-as-suas-datas-e-a-novidade-num-calendario-repetido\/"]}]},{"@type":"ImageObject","inLanguage":"pt-PT","@id":"https:\/\/www.altominho.tv\/site\/2025\/02\/08\/o-regresso-da-volta-a-portugal-as-suas-datas-e-a-novidade-num-calendario-repetido\/#primaryimage","url":"https:\/\/www.altominho.tv\/site\/wp-content\/uploads\/2025\/02\/volta-a-portugal.png","contentUrl":"https:\/\/www.altominho.tv\/site\/wp-content\/uploads\/2025\/02\/volta-a-portugal.png","width":1200,"height":630},{"@type":"BreadcrumbList","@id":"https:\/\/www.altominho.tv\/site\/2025\/02\/08\/o-regresso-da-volta-a-portugal-as-suas-datas-e-a-novidade-num-calendario-repetido\/#breadcrumb","itemListElement":[{"@type":"ListItem","position":1,"name":"In\u00edcio","item":"https:\/\/www.altominho.tv\/site\/"},{"@type":"ListItem","position":2,"name":"O regresso da Volta a Portugal \u00e0s &#8216;suas&#8217; datas \u00e9 a novidade num calend\u00e1rio &#8216;repetido&#8217;"}]},{"@type":"WebSite","@id":"https:\/\/www.altominho.tv\/site\/#website","url":"https:\/\/www.altominho.tv\/site\/","name":"Altominho.tv","description":"A sua regi\u00e3o \u00e0 dist\u00e2ncia de um clique...","potentialAction":[{"@type":"SearchAction","target":{"@type":"EntryPoint","urlTemplate":"https:\/\/www.altominho.tv\/site\/?s={search_term_string}"},"query-input":{"@type":"PropertyValueSpecification","valueRequired":true,"valueName":"search_term_string"}}],"inLanguage":"pt-PT"},{"@type":"Person","@id":"https:\/\/www.altominho.tv\/site\/#\/schema\/person\/63f693da3e1899361cbe955c46f3232e","name":"Lusa","image":{"@type":"ImageObject","inLanguage":"pt-PT","@id":"https:\/\/www.altominho.tv\/site\/wp-content\/uploads\/2019\/08\/LUSA_Logo.gif","url":"https:\/\/www.altominho.tv\/site\/wp-content\/uploads\/2019\/08\/LUSA_Logo.gif","contentUrl":"https:\/\/www.altominho.tv\/site\/wp-content\/uploads\/2019\/08\/LUSA_Logo.gif","caption":"Lusa"},"sameAs":["http:\/\/\/\/www.altominho.tv\/site"],"url":"https:\/\/www.altominho.tv\/site\/author\/lusa\/"}]}},"_links":{"self":[{"href":"https:\/\/www.altominho.tv\/site\/wp-json\/wp\/v2\/posts\/114674","targetHints":{"allow":["GET"]}}],"collection":[{"href":"https:\/\/www.altominho.tv\/site\/wp-json\/wp\/v2\/posts"}],"about":[{"href":"https:\/\/www.altominho.tv\/site\/wp-json\/wp\/v2\/types\/post"}],"author":[{"embeddable":true,"href":"https:\/\/www.altominho.tv\/site\/wp-json\/wp\/v2\/users\/13"}],"replies":[{"embeddable":true,"href":"https:\/\/www.altominho.tv\/site\/wp-json\/wp\/v2\/comments?post=114674"}],"version-history":[{"count":3,"href":"https:\/\/www.altominho.tv\/site\/wp-json\/wp\/v2\/posts\/114674\/revisions"}],"predecessor-version":[{"id":114678,"href":"https:\/\/www.altominho.tv\/site\/wp-json\/wp\/v2\/posts\/114674\/revisions\/114678"}],"wp:featuredmedia":[{"embeddable":true,"href":"https:\/\/www.altominho.tv\/site\/wp-json\/wp\/v2\/media\/114675"}],"wp:attachment":[{"href":"https:\/\/www.altominho.tv\/site\/wp-json\/wp\/v2\/media?parent=114674"}],"wp:term":[{"taxonomy":"category","embeddable":true,"href":"https:\/\/www.altominho.tv\/site\/wp-json\/wp\/v2\/categories?post=114674"},{"taxonomy":"post_tag","embeddable":true,"href":"https:\/\/www.altominho.tv\/site\/wp-json\/wp\/v2\/tags?post=114674"}],"curies":[{"name":"wp","href":"https:\/\/api.w.org\/{rel}","templated":true}]}}