{"id":114593,"date":"2025-02-06T17:15:57","date_gmt":"2025-02-06T17:15:57","guid":{"rendered":"https:\/\/www.altominho.tv\/site\/?p=114593"},"modified":"2025-02-06T17:15:59","modified_gmt":"2025-02-06T17:15:59","slug":"atual-administrador-da-uls-alto-minho-aceita-saida-pacifica","status":"publish","type":"post","link":"https:\/\/www.altominho.tv\/site\/2025\/02\/06\/atual-administrador-da-uls-alto-minho-aceita-saida-pacifica\/","title":{"rendered":"Atual administrador da ULS Alto Minho estranha substitui\u00e7\u00e3o mas aceita sa\u00edda pac\u00edfica"},"content":{"rendered":"<p class=\"p1\">O ainda presidente do conselho de administra\u00e7\u00e3o da Unidade Local de Sa\u00fade do Alto Minho (ULSAM) disse hoje que o processo da sua substitui\u00e7\u00e3o e \u201cde muitos colegas \u00e9 estranho\u201d, mas assegurou que aceitou a decis\u00e3o do Governo.<\/p>\n<p class=\"p1\">\u201cTal como [aconteceu]\u00a0com muitos dos meus colegas \u00e9 estranho, mas n\u00e3o irei dizer muito mais do que isto\u201d, afirmou Jo\u00e3o Porf\u00edrio Oliveira no final da cerim\u00f3nia de assinatura de um protocolo entre a ULSAM e a Miseric\u00f3rdia de Arcos de Valdevez para a abertura da unidade de retaguarda.<\/p>\n<p class=\"p1\">Jo\u00e3o Porf\u00edrio Oliveira mant\u00e9m-se em fun\u00e7\u00f5es, apesar de o Governo ter designado, na \u00faltima quinta-feira, uma nova equipa, liderada por Jos\u00e9 Cardoso, para a substituir.<\/p>\n<p class=\"p1\">Questionado pelos jornalistas se se tratou de saneamento pol\u00edtico, o administrador nomeado pelo anterior Governo de Ant\u00f3nio Costa disse que \u201cos motivos pelos quais\u201d vai ser exonerado \u201cficar\u00e3o na esfera pol\u00edtica\u201d.<\/p>\n<p class=\"p1\">\u201cN\u00e3o vou entrar por esse caminho. \u00c9 uma decis\u00e3o do conselho de ministros, da ministra da Sa\u00fade. Aguardamos, serenamente, que a exonera\u00e7\u00e3o aconte\u00e7a\u201d, acrescentou.<\/p>\n<p class=\"p1\">Na \u00faltima quinta-feira, um comunicado do conselho de ministros refere que o Governo decidiu designar, para um mandato de tr\u00eas anos, Jos\u00e9 Cardoso como presidente do conselho de administra\u00e7\u00e3o da ULSAM, Maria Helena Leite Ramalho como diretora cl\u00ednica para os Cuidados de Sa\u00fade Hospitalares, Ant\u00f3nio Nelson Gomes Rodrigues como diretor cl\u00ednico para os cuidados de sa\u00fade prim\u00e1rio, Lu\u00eds Miguel Alves Garcia para enfermeiro diretor e L\u00facia Silva Marinho como vogal executiva.<\/p>\n<p class=\"p1\">A designa\u00e7\u00e3o da nova equipa aconteceu um ano e um dia depois de Jo\u00e3o Porf\u00edrio Oliveira ter assumido a presid\u00eancia do conselho de administra\u00e7\u00e3o da ULSAM.<\/p>\n<p class=\"p1\">J\u00e1 na segunda-feira, Jo\u00e3o Porf\u00edrio Oliveira teve uma conversa com a ministra da Sa\u00fade \u201cque se traduziu numa transmiss\u00e3o da informa\u00e7\u00e3o\u201d que j\u00e1 conhecia.<\/p>\n<p class=\"p1\">Questionado se foi informado dos crit\u00e9rios que motivaram a decis\u00e3o do Governo, o administrador respondeu negativamente. Sobre se foi uma decis\u00e3o justa afirmou: \u201c\u00c9 uma capacidade e poder que s\u00f3 \u00e0 senhora ministra diz respeito\u201d. Contactada ter\u00e7a-feira pela ag\u00eancia Lusa, fonte jur\u00eddica disse que os ainda administradores ter\u00e3o direito, quando exonerados, a indemniza\u00e7\u00e3o nos termos do artigo 26 do Estatuto do Gestor P\u00fablico.<\/p>\n<p class=\"p1\">Segundo a mesma fonte, \u201cno n\u00famero tr\u00eas do artigo 26\u00ba, relativo \u00e0 dissolu\u00e7\u00e3o e demiss\u00e3o por mera conveni\u00eancia, o conselho de administra\u00e7\u00e3o tem direito a uma indemniza\u00e7\u00e3o uma vez que tem mais de 12 meses seguidos do exerc\u00edcio de fun\u00e7\u00f5es, sendo que o valor pode chegar ao equivalente a um ano completo de remunera\u00e7\u00f5es\u201d.<\/p>\n<p class=\"p1\">Questionado sobre se pretende receber essa indemniza\u00e7\u00e3o, Jo\u00e3o Porf\u00edrio Oliveira referiu que s\u00f3 depois da exonera\u00e7\u00e3o ponderar\u00e1 sobre esse assunto.\u00a0 \u201cVerificaremos o que vamos fazer depois de acontecer. Neste momento, ainda estamos em fun\u00e7\u00f5es, ainda temos um dever de lealdade para com o Minist\u00e9rio [da Sa\u00fade]. Temos um dever de acautelar e trabalhar para a popula\u00e7\u00e3o que servimos\u201d, afirmou.<\/p>\n<p class=\"p1\">Na \u00faltima sexta-feira, menos de 24 horas depois da designa\u00e7\u00e3o em conselho de ministros do novo conselho de administra\u00e7\u00e3o, a ULSAM revelou que o enfermeiro diretor designado pelo Governo, Lu\u00eds Garcia, est\u00e1 a ser alvo de um inqu\u00e9rito interno por ass\u00e9dio sexual em contexto laboral.<\/p>\n<p class=\"p1\">\u201cTendo em conta a gravidade das alega\u00e7\u00f5es e a responsabilidade da institui\u00e7\u00e3o no apuramento dos factos, foi a 30 de janeiro instaurado um processo de inqu\u00e9rito interno com car\u00e1ter de urg\u00eancia\u201d, adiantou a ULSAM \u00e0 Lusa.<\/p>\n<p class=\"p1\">Foi \u201cnomeado um instrutor externo \u00e0 institui\u00e7\u00e3o para acompanhar o processo\u201d, acrescentou a ULSAM.<\/p>\n<p class=\"p1\">Tamb\u00e9m a PSP de Viana do Castelo confirma ter recebido uma queixa por ass\u00e9dio sexual numa unidade de sa\u00fade, mas sem indicar as identidades do agressor e da v\u00edtima.<\/p>\n","protected":false},"excerpt":{"rendered":"<p>O ainda presidente do conselho de administra\u00e7\u00e3o da Unidade Local de Sa\u00fade do Alto Minho (ULSAM) disse hoje que o processo da sua substitui\u00e7\u00e3o e \u201cde muitos colegas \u00e9 estranho\u201d, mas assegurou que aceitou a decis\u00e3o do Governo. \u201cTal como [aconteceu]\u00a0com muitos dos meus colegas \u00e9 estranho, mas n\u00e3o irei dizer muito mais do que [&hellip;]<\/p>\n","protected":false},"author":13,"featured_media":114498,"comment_status":"closed","ping_status":"closed","sticky":false,"template":"","format":"standard","meta":{"_exactmetrics_skip_tracking":false,"_exactmetrics_sitenote_active":false,"_exactmetrics_sitenote_note":"","_exactmetrics_sitenote_category":0,"footnotes":""},"categories":[73],"tags":[27],"class_list":["post-114593","post","type-post","status-publish","format-standard","has-post-thumbnail","hentry","category-alto-minho","tag-sociedade"],"yoast_head":"<!-- This site is optimized with the Yoast SEO Premium plugin v27.4 (Yoast SEO v27.4) - https:\/\/yoast.com\/product\/yoast-seo-premium-wordpress\/ -->\n<title>Atual administrador da ULS Alto Minho estranha substitui\u00e7\u00e3o mas aceita sa\u00edda pac\u00edfica<\/title>\n<meta name=\"description\" content=\"O ainda presidente do conselho de administra\u00e7\u00e3o da Unidade Local de Sa\u00fade do Alto Minho (ULSAM) disse hoje que o processo da sua substitui\u00e7\u00e3o e \u201cde muitos colegas \u00e9 estranho\u201d, mas assegurou que aceitou a decis\u00e3o do Governo.\" \/>\n<meta name=\"robots\" content=\"index, follow, max-snippet:-1, max-image-preview:large, max-video-preview:-1\" \/>\n<link rel=\"canonical\" href=\"https:\/\/www.altominho.tv\/site\/2025\/02\/06\/atual-administrador-da-uls-alto-minho-aceita-saida-pacifica\/\" \/>\n<meta property=\"og:locale\" content=\"pt_PT\" \/>\n<meta property=\"og:type\" content=\"article\" \/>\n<meta property=\"og:title\" content=\"Atual administrador da ULS Alto Minho estranha substitui\u00e7\u00e3o mas aceita sa\u00edda pac\u00edfica\" \/>\n<meta property=\"og:description\" content=\"O ainda presidente do conselho de administra\u00e7\u00e3o da Unidade Local de Sa\u00fade do Alto Minho (ULSAM) disse hoje que o processo da sua substitui\u00e7\u00e3o e \u201cde muitos colegas \u00e9 estranho\u201d, mas assegurou que aceitou a decis\u00e3o do Governo.\" \/>\n<meta property=\"og:url\" content=\"https:\/\/www.altominho.tv\/site\/2025\/02\/06\/atual-administrador-da-uls-alto-minho-aceita-saida-pacifica\/\" \/>\n<meta property=\"og:site_name\" content=\"Altominho.tv\" \/>\n<meta property=\"article:publisher\" content=\"https:\/\/www.facebook.com\/altominhotv\" \/>\n<meta property=\"article:published_time\" content=\"2025-02-06T17:15:57+00:00\" \/>\n<meta property=\"article:modified_time\" content=\"2025-02-06T17:15:59+00:00\" \/>\n<meta property=\"og:image\" content=\"https:\/\/www.altominho.tv\/site\/wp-content\/uploads\/2025\/02\/ulsam.png\" \/>\n\t<meta property=\"og:image:width\" content=\"1200\" \/>\n\t<meta property=\"og:image:height\" content=\"630\" \/>\n\t<meta property=\"og:image:type\" content=\"image\/png\" \/>\n<meta name=\"author\" content=\"Lusa\" \/>\n<meta name=\"twitter:card\" content=\"summary_large_image\" \/>\n<meta name=\"twitter:creator\" content=\"@altominhoTV\" \/>\n<meta name=\"twitter:site\" content=\"@altominhoTV\" \/>\n<meta name=\"twitter:label1\" content=\"Escrito por\" \/>\n\t<meta name=\"twitter:data1\" content=\"Lusa\" \/>\n\t<meta name=\"twitter:label2\" content=\"Tempo estimado de leitura\" \/>\n\t<meta name=\"twitter:data2\" content=\"4 minutos\" \/>\n<script type=\"application\/ld+json\" class=\"yoast-schema-graph\">{\"@context\":\"https:\\\/\\\/schema.org\",\"@graph\":[{\"@type\":\"Article\",\"@id\":\"https:\\\/\\\/www.altominho.tv\\\/site\\\/2025\\\/02\\\/06\\\/atual-administrador-da-uls-alto-minho-aceita-saida-pacifica\\\/#article\",\"isPartOf\":{\"@id\":\"https:\\\/\\\/www.altominho.tv\\\/site\\\/2025\\\/02\\\/06\\\/atual-administrador-da-uls-alto-minho-aceita-saida-pacifica\\\/\"},\"author\":{\"name\":\"Lusa\",\"@id\":\"https:\\\/\\\/www.altominho.tv\\\/site\\\/#\\\/schema\\\/person\\\/63f693da3e1899361cbe955c46f3232e\"},\"headline\":\"Atual administrador da ULS Alto Minho estranha substitui\u00e7\u00e3o mas aceita sa\u00edda pac\u00edfica\",\"datePublished\":\"2025-02-06T17:15:57+00:00\",\"dateModified\":\"2025-02-06T17:15:59+00:00\",\"mainEntityOfPage\":{\"@id\":\"https:\\\/\\\/www.altominho.tv\\\/site\\\/2025\\\/02\\\/06\\\/atual-administrador-da-uls-alto-minho-aceita-saida-pacifica\\\/\"},\"wordCount\":674,\"image\":{\"@id\":\"https:\\\/\\\/www.altominho.tv\\\/site\\\/2025\\\/02\\\/06\\\/atual-administrador-da-uls-alto-minho-aceita-saida-pacifica\\\/#primaryimage\"},\"thumbnailUrl\":\"https:\\\/\\\/www.altominho.tv\\\/site\\\/wp-content\\\/uploads\\\/2025\\\/02\\\/ulsam.png\",\"keywords\":[\"Sociedade\"],\"articleSection\":[\"Alto Minho\"],\"inLanguage\":\"pt-PT\",\"copyrightYear\":\"2025\",\"copyrightHolder\":{\"@id\":\"https:\\\/\\\/www.altominho.tv\\\/site\\\/#organization\"}},{\"@type\":\"WebPage\",\"@id\":\"https:\\\/\\\/www.altominho.tv\\\/site\\\/2025\\\/02\\\/06\\\/atual-administrador-da-uls-alto-minho-aceita-saida-pacifica\\\/\",\"url\":\"https:\\\/\\\/www.altominho.tv\\\/site\\\/2025\\\/02\\\/06\\\/atual-administrador-da-uls-alto-minho-aceita-saida-pacifica\\\/\",\"name\":\"Atual administrador da ULS Alto Minho estranha substitui\u00e7\u00e3o mas aceita sa\u00edda pac\u00edfica\",\"isPartOf\":{\"@id\":\"https:\\\/\\\/www.altominho.tv\\\/site\\\/#website\"},\"primaryImageOfPage\":{\"@id\":\"https:\\\/\\\/www.altominho.tv\\\/site\\\/2025\\\/02\\\/06\\\/atual-administrador-da-uls-alto-minho-aceita-saida-pacifica\\\/#primaryimage\"},\"image\":{\"@id\":\"https:\\\/\\\/www.altominho.tv\\\/site\\\/2025\\\/02\\\/06\\\/atual-administrador-da-uls-alto-minho-aceita-saida-pacifica\\\/#primaryimage\"},\"thumbnailUrl\":\"https:\\\/\\\/www.altominho.tv\\\/site\\\/wp-content\\\/uploads\\\/2025\\\/02\\\/ulsam.png\",\"datePublished\":\"2025-02-06T17:15:57+00:00\",\"dateModified\":\"2025-02-06T17:15:59+00:00\",\"author\":{\"@id\":\"https:\\\/\\\/www.altominho.tv\\\/site\\\/#\\\/schema\\\/person\\\/63f693da3e1899361cbe955c46f3232e\"},\"description\":\"O ainda presidente do conselho de administra\u00e7\u00e3o da Unidade Local de Sa\u00fade do Alto Minho (ULSAM) disse hoje que o processo da sua substitui\u00e7\u00e3o e \u201cde muitos colegas \u00e9 estranho\u201d, mas assegurou que aceitou a decis\u00e3o do Governo.\",\"breadcrumb\":{\"@id\":\"https:\\\/\\\/www.altominho.tv\\\/site\\\/2025\\\/02\\\/06\\\/atual-administrador-da-uls-alto-minho-aceita-saida-pacifica\\\/#breadcrumb\"},\"inLanguage\":\"pt-PT\",\"potentialAction\":[{\"@type\":\"ReadAction\",\"target\":[\"https:\\\/\\\/www.altominho.tv\\\/site\\\/2025\\\/02\\\/06\\\/atual-administrador-da-uls-alto-minho-aceita-saida-pacifica\\\/\"]}]},{\"@type\":\"ImageObject\",\"inLanguage\":\"pt-PT\",\"@id\":\"https:\\\/\\\/www.altominho.tv\\\/site\\\/2025\\\/02\\\/06\\\/atual-administrador-da-uls-alto-minho-aceita-saida-pacifica\\\/#primaryimage\",\"url\":\"https:\\\/\\\/www.altominho.tv\\\/site\\\/wp-content\\\/uploads\\\/2025\\\/02\\\/ulsam.png\",\"contentUrl\":\"https:\\\/\\\/www.altominho.tv\\\/site\\\/wp-content\\\/uploads\\\/2025\\\/02\\\/ulsam.png\",\"width\":1200,\"height\":630},{\"@type\":\"BreadcrumbList\",\"@id\":\"https:\\\/\\\/www.altominho.tv\\\/site\\\/2025\\\/02\\\/06\\\/atual-administrador-da-uls-alto-minho-aceita-saida-pacifica\\\/#breadcrumb\",\"itemListElement\":[{\"@type\":\"ListItem\",\"position\":1,\"name\":\"In\u00edcio\",\"item\":\"https:\\\/\\\/www.altominho.tv\\\/site\\\/\"},{\"@type\":\"ListItem\",\"position\":2,\"name\":\"Atual administrador da ULS Alto Minho estranha substitui\u00e7\u00e3o mas aceita sa\u00edda pac\u00edfica\"}]},{\"@type\":\"WebSite\",\"@id\":\"https:\\\/\\\/www.altominho.tv\\\/site\\\/#website\",\"url\":\"https:\\\/\\\/www.altominho.tv\\\/site\\\/\",\"name\":\"Altominho.tv\",\"description\":\"A sua regi\u00e3o \u00e0 dist\u00e2ncia de um clique...\",\"potentialAction\":[{\"@type\":\"SearchAction\",\"target\":{\"@type\":\"EntryPoint\",\"urlTemplate\":\"https:\\\/\\\/www.altominho.tv\\\/site\\\/?s={search_term_string}\"},\"query-input\":{\"@type\":\"PropertyValueSpecification\",\"valueRequired\":true,\"valueName\":\"search_term_string\"}}],\"inLanguage\":\"pt-PT\"},{\"@type\":\"Person\",\"@id\":\"https:\\\/\\\/www.altominho.tv\\\/site\\\/#\\\/schema\\\/person\\\/63f693da3e1899361cbe955c46f3232e\",\"name\":\"Lusa\",\"image\":{\"@type\":\"ImageObject\",\"inLanguage\":\"pt-PT\",\"@id\":\"https:\\\/\\\/www.altominho.tv\\\/site\\\/wp-content\\\/uploads\\\/2019\\\/08\\\/LUSA_Logo.gif\",\"url\":\"https:\\\/\\\/www.altominho.tv\\\/site\\\/wp-content\\\/uploads\\\/2019\\\/08\\\/LUSA_Logo.gif\",\"contentUrl\":\"https:\\\/\\\/www.altominho.tv\\\/site\\\/wp-content\\\/uploads\\\/2019\\\/08\\\/LUSA_Logo.gif\",\"caption\":\"Lusa\"},\"sameAs\":[\"http:\\\/\\\/\\\/\\\/www.altominho.tv\\\/site\"],\"url\":\"https:\\\/\\\/www.altominho.tv\\\/site\\\/author\\\/lusa\\\/\"}]}<\/script>\n<!-- \/ Yoast SEO Premium plugin. -->","yoast_head_json":{"title":"Atual administrador da ULS Alto Minho estranha substitui\u00e7\u00e3o mas aceita sa\u00edda pac\u00edfica","description":"O ainda presidente do conselho de administra\u00e7\u00e3o da Unidade Local de Sa\u00fade do Alto Minho (ULSAM) disse hoje que o processo da sua substitui\u00e7\u00e3o e \u201cde muitos colegas \u00e9 estranho\u201d, mas assegurou que aceitou a decis\u00e3o do Governo.","robots":{"index":"index","follow":"follow","max-snippet":"max-snippet:-1","max-image-preview":"max-image-preview:large","max-video-preview":"max-video-preview:-1"},"canonical":"https:\/\/www.altominho.tv\/site\/2025\/02\/06\/atual-administrador-da-uls-alto-minho-aceita-saida-pacifica\/","og_locale":"pt_PT","og_type":"article","og_title":"Atual administrador da ULS Alto Minho estranha substitui\u00e7\u00e3o mas aceita sa\u00edda pac\u00edfica","og_description":"O ainda presidente do conselho de administra\u00e7\u00e3o da Unidade Local de Sa\u00fade do Alto Minho (ULSAM) disse hoje que o processo da sua substitui\u00e7\u00e3o e \u201cde muitos colegas \u00e9 estranho\u201d, mas assegurou que aceitou a decis\u00e3o do Governo.","og_url":"https:\/\/www.altominho.tv\/site\/2025\/02\/06\/atual-administrador-da-uls-alto-minho-aceita-saida-pacifica\/","og_site_name":"Altominho.tv","article_publisher":"https:\/\/www.facebook.com\/altominhotv","article_published_time":"2025-02-06T17:15:57+00:00","article_modified_time":"2025-02-06T17:15:59+00:00","og_image":[{"width":1200,"height":630,"url":"https:\/\/www.altominho.tv\/site\/wp-content\/uploads\/2025\/02\/ulsam.png","type":"image\/png"}],"author":"Lusa","twitter_card":"summary_large_image","twitter_creator":"@altominhoTV","twitter_site":"@altominhoTV","twitter_misc":{"Escrito por":"Lusa","Tempo estimado de leitura":"4 minutos"},"schema":{"@context":"https:\/\/schema.org","@graph":[{"@type":"Article","@id":"https:\/\/www.altominho.tv\/site\/2025\/02\/06\/atual-administrador-da-uls-alto-minho-aceita-saida-pacifica\/#article","isPartOf":{"@id":"https:\/\/www.altominho.tv\/site\/2025\/02\/06\/atual-administrador-da-uls-alto-minho-aceita-saida-pacifica\/"},"author":{"name":"Lusa","@id":"https:\/\/www.altominho.tv\/site\/#\/schema\/person\/63f693da3e1899361cbe955c46f3232e"},"headline":"Atual administrador da ULS Alto Minho estranha substitui\u00e7\u00e3o mas aceita sa\u00edda pac\u00edfica","datePublished":"2025-02-06T17:15:57+00:00","dateModified":"2025-02-06T17:15:59+00:00","mainEntityOfPage":{"@id":"https:\/\/www.altominho.tv\/site\/2025\/02\/06\/atual-administrador-da-uls-alto-minho-aceita-saida-pacifica\/"},"wordCount":674,"image":{"@id":"https:\/\/www.altominho.tv\/site\/2025\/02\/06\/atual-administrador-da-uls-alto-minho-aceita-saida-pacifica\/#primaryimage"},"thumbnailUrl":"https:\/\/www.altominho.tv\/site\/wp-content\/uploads\/2025\/02\/ulsam.png","keywords":["Sociedade"],"articleSection":["Alto Minho"],"inLanguage":"pt-PT","copyrightYear":"2025","copyrightHolder":{"@id":"https:\/\/www.altominho.tv\/site\/#organization"}},{"@type":"WebPage","@id":"https:\/\/www.altominho.tv\/site\/2025\/02\/06\/atual-administrador-da-uls-alto-minho-aceita-saida-pacifica\/","url":"https:\/\/www.altominho.tv\/site\/2025\/02\/06\/atual-administrador-da-uls-alto-minho-aceita-saida-pacifica\/","name":"Atual administrador da ULS Alto Minho estranha substitui\u00e7\u00e3o mas aceita sa\u00edda pac\u00edfica","isPartOf":{"@id":"https:\/\/www.altominho.tv\/site\/#website"},"primaryImageOfPage":{"@id":"https:\/\/www.altominho.tv\/site\/2025\/02\/06\/atual-administrador-da-uls-alto-minho-aceita-saida-pacifica\/#primaryimage"},"image":{"@id":"https:\/\/www.altominho.tv\/site\/2025\/02\/06\/atual-administrador-da-uls-alto-minho-aceita-saida-pacifica\/#primaryimage"},"thumbnailUrl":"https:\/\/www.altominho.tv\/site\/wp-content\/uploads\/2025\/02\/ulsam.png","datePublished":"2025-02-06T17:15:57+00:00","dateModified":"2025-02-06T17:15:59+00:00","author":{"@id":"https:\/\/www.altominho.tv\/site\/#\/schema\/person\/63f693da3e1899361cbe955c46f3232e"},"description":"O ainda presidente do conselho de administra\u00e7\u00e3o da Unidade Local de Sa\u00fade do Alto Minho (ULSAM) disse hoje que o processo da sua substitui\u00e7\u00e3o e \u201cde muitos colegas \u00e9 estranho\u201d, mas assegurou que aceitou a decis\u00e3o do Governo.","breadcrumb":{"@id":"https:\/\/www.altominho.tv\/site\/2025\/02\/06\/atual-administrador-da-uls-alto-minho-aceita-saida-pacifica\/#breadcrumb"},"inLanguage":"pt-PT","potentialAction":[{"@type":"ReadAction","target":["https:\/\/www.altominho.tv\/site\/2025\/02\/06\/atual-administrador-da-uls-alto-minho-aceita-saida-pacifica\/"]}]},{"@type":"ImageObject","inLanguage":"pt-PT","@id":"https:\/\/www.altominho.tv\/site\/2025\/02\/06\/atual-administrador-da-uls-alto-minho-aceita-saida-pacifica\/#primaryimage","url":"https:\/\/www.altominho.tv\/site\/wp-content\/uploads\/2025\/02\/ulsam.png","contentUrl":"https:\/\/www.altominho.tv\/site\/wp-content\/uploads\/2025\/02\/ulsam.png","width":1200,"height":630},{"@type":"BreadcrumbList","@id":"https:\/\/www.altominho.tv\/site\/2025\/02\/06\/atual-administrador-da-uls-alto-minho-aceita-saida-pacifica\/#breadcrumb","itemListElement":[{"@type":"ListItem","position":1,"name":"In\u00edcio","item":"https:\/\/www.altominho.tv\/site\/"},{"@type":"ListItem","position":2,"name":"Atual administrador da ULS Alto Minho estranha substitui\u00e7\u00e3o mas aceita sa\u00edda pac\u00edfica"}]},{"@type":"WebSite","@id":"https:\/\/www.altominho.tv\/site\/#website","url":"https:\/\/www.altominho.tv\/site\/","name":"Altominho.tv","description":"A sua regi\u00e3o \u00e0 dist\u00e2ncia de um clique...","potentialAction":[{"@type":"SearchAction","target":{"@type":"EntryPoint","urlTemplate":"https:\/\/www.altominho.tv\/site\/?s={search_term_string}"},"query-input":{"@type":"PropertyValueSpecification","valueRequired":true,"valueName":"search_term_string"}}],"inLanguage":"pt-PT"},{"@type":"Person","@id":"https:\/\/www.altominho.tv\/site\/#\/schema\/person\/63f693da3e1899361cbe955c46f3232e","name":"Lusa","image":{"@type":"ImageObject","inLanguage":"pt-PT","@id":"https:\/\/www.altominho.tv\/site\/wp-content\/uploads\/2019\/08\/LUSA_Logo.gif","url":"https:\/\/www.altominho.tv\/site\/wp-content\/uploads\/2019\/08\/LUSA_Logo.gif","contentUrl":"https:\/\/www.altominho.tv\/site\/wp-content\/uploads\/2019\/08\/LUSA_Logo.gif","caption":"Lusa"},"sameAs":["http:\/\/\/\/www.altominho.tv\/site"],"url":"https:\/\/www.altominho.tv\/site\/author\/lusa\/"}]}},"_links":{"self":[{"href":"https:\/\/www.altominho.tv\/site\/wp-json\/wp\/v2\/posts\/114593","targetHints":{"allow":["GET"]}}],"collection":[{"href":"https:\/\/www.altominho.tv\/site\/wp-json\/wp\/v2\/posts"}],"about":[{"href":"https:\/\/www.altominho.tv\/site\/wp-json\/wp\/v2\/types\/post"}],"author":[{"embeddable":true,"href":"https:\/\/www.altominho.tv\/site\/wp-json\/wp\/v2\/users\/13"}],"replies":[{"embeddable":true,"href":"https:\/\/www.altominho.tv\/site\/wp-json\/wp\/v2\/comments?post=114593"}],"version-history":[{"count":1,"href":"https:\/\/www.altominho.tv\/site\/wp-json\/wp\/v2\/posts\/114593\/revisions"}],"predecessor-version":[{"id":114594,"href":"https:\/\/www.altominho.tv\/site\/wp-json\/wp\/v2\/posts\/114593\/revisions\/114594"}],"wp:featuredmedia":[{"embeddable":true,"href":"https:\/\/www.altominho.tv\/site\/wp-json\/wp\/v2\/media\/114498"}],"wp:attachment":[{"href":"https:\/\/www.altominho.tv\/site\/wp-json\/wp\/v2\/media?parent=114593"}],"wp:term":[{"taxonomy":"category","embeddable":true,"href":"https:\/\/www.altominho.tv\/site\/wp-json\/wp\/v2\/categories?post=114593"},{"taxonomy":"post_tag","embeddable":true,"href":"https:\/\/www.altominho.tv\/site\/wp-json\/wp\/v2\/tags?post=114593"}],"curies":[{"name":"wp","href":"https:\/\/api.w.org\/{rel}","templated":true}]}}