{"id":114548,"date":"2025-02-06T09:23:09","date_gmt":"2025-02-06T09:23:09","guid":{"rendered":"https:\/\/www.altominho.tv\/site\/?p=114548"},"modified":"2025-02-06T09:23:11","modified_gmt":"2025-02-06T09:23:11","slug":"sete-distritos-do-continente-sob-aviso-amarelo-na-sexta-feira-devido-a-chuva","status":"publish","type":"post","link":"https:\/\/www.altominho.tv\/site\/2025\/02\/06\/sete-distritos-do-continente-sob-aviso-amarelo-na-sexta-feira-devido-a-chuva\/","title":{"rendered":"Sete distritos do continente sob aviso amarelo na sexta-feira devido \u00e0 chuva"},"content":{"rendered":"<p>Sete distritos do norte de Portugal v\u00e3o estar sob aviso amarelo na sexta-feira devido \u00e0 previs\u00e3o de per\u00edodos de chuva por vezes forte, informou hoje o Instituto Portugu\u00eas do Mar e da Atmosfera (IPMA).<\/p>\n<p>Os distritos de Viana do Castelo e Braga v\u00e3o estar com aviso entre as 00h00 e as 06h00 de sexta-feira, Aveiro e Porto entre as 00h00 e as 09h00, Coimbra entre as 06h00 e as 12h00 e Vila Real e Viseu entre as 06h00 e as 09h00.<\/p>\n<p>O aviso amarelo, o menos grave de uma escala de tr\u00eas, \u00e9 emitido pelo IPMA sempre que existe uma situa\u00e7\u00e3o de risco para determinadas atividades dependentes da situa\u00e7\u00e3o meteorol\u00f3gica.<\/p>\n<p>O IPMA prev\u00ea para hoje no continente c\u00e9u pouco nublado ou limpo, aumentando gradualmente de nebulosidade a partir do final da manh\u00e3, sendo por nuvens altas na regi\u00e3o Sul.<\/p>\n<p>A previs\u00e3o aponta tamb\u00e9m para per\u00edodos de chuva na regi\u00e3o Norte, em especial no Minho e Douro Litoral, a partir do final da tarde e vento fraco a moderado, soprando por vezes forte nas serras, a partir do final da tarde.<\/p>\n<p>Est\u00e1 tamb\u00e9m prevista neblina ou nevoeiro matinal em alguns vales e terras baixas e forma\u00e7\u00e3o de geada, em especial no interior.<\/p>\n<p>As temperaturas m\u00ednimas v\u00e3o oscilar entre as -2 graus Celsius (em Bragan\u00e7a) e os 08 (em Faro) e as m\u00e1ximas entre os 10 graus (na Guarda) e os 19 (em Braga e Leiria).<\/p>\n","protected":false},"excerpt":{"rendered":"<p>Sete distritos do norte de Portugal v\u00e3o estar sob aviso amarelo na sexta-feira devido \u00e0 previs\u00e3o de per\u00edodos de chuva por vezes forte, informou hoje o Instituto Portugu\u00eas do Mar e da Atmosfera (IPMA). Os distritos de Viana do Castelo e Braga v\u00e3o estar com aviso entre as 00h00 e as 06h00 de sexta-feira, Aveiro [&hellip;]<\/p>\n","protected":false},"author":13,"featured_media":114039,"comment_status":"closed","ping_status":"closed","sticky":false,"template":"","format":"standard","meta":{"_exactmetrics_skip_tracking":false,"_exactmetrics_sitenote_active":false,"_exactmetrics_sitenote_note":"","_exactmetrics_sitenote_category":0,"footnotes":""},"categories":[56325],"tags":[27],"class_list":["post-114548","post","type-post","status-publish","format-standard","has-post-thumbnail","hentry","category-pais","tag-sociedade"],"yoast_head":"<!-- This site is optimized with the Yoast SEO Premium plugin v27.4 (Yoast SEO v27.4) - https:\/\/yoast.com\/product\/yoast-seo-premium-wordpress\/ -->\n<title>Sete distritos do continente sob aviso amarelo na sexta-feira devido \u00e0 chuva<\/title>\n<meta name=\"description\" content=\"Sete distritos do norte de Portugal v\u00e3o estar sob aviso amarelo na sexta-feira devido \u00e0 previs\u00e3o de per\u00edodos de chuva por vezes forte, informou hoje o Instituto Portugu\u00eas do Mar e da Atmosfera (IPMA).\" \/>\n<meta name=\"robots\" content=\"index, follow, max-snippet:-1, max-image-preview:large, max-video-preview:-1\" \/>\n<link rel=\"canonical\" href=\"https:\/\/www.altominho.tv\/site\/2025\/02\/06\/sete-distritos-do-continente-sob-aviso-amarelo-na-sexta-feira-devido-a-chuva\/\" \/>\n<meta property=\"og:locale\" content=\"pt_PT\" \/>\n<meta property=\"og:type\" content=\"article\" \/>\n<meta property=\"og:title\" content=\"Sete distritos do continente sob aviso amarelo na sexta-feira devido \u00e0 chuva\" \/>\n<meta property=\"og:description\" content=\"Sete distritos do norte de Portugal v\u00e3o estar sob aviso amarelo na sexta-feira devido \u00e0 previs\u00e3o de per\u00edodos de chuva por vezes forte, informou hoje o Instituto Portugu\u00eas do Mar e da Atmosfera (IPMA).\" \/>\n<meta property=\"og:url\" content=\"https:\/\/www.altominho.tv\/site\/2025\/02\/06\/sete-distritos-do-continente-sob-aviso-amarelo-na-sexta-feira-devido-a-chuva\/\" \/>\n<meta property=\"og:site_name\" content=\"Altominho.tv\" \/>\n<meta property=\"article:publisher\" content=\"https:\/\/www.facebook.com\/altominhotv\" \/>\n<meta property=\"article:published_time\" content=\"2025-02-06T09:23:09+00:00\" \/>\n<meta property=\"article:modified_time\" content=\"2025-02-06T09:23:11+00:00\" \/>\n<meta property=\"og:image\" content=\"https:\/\/www.altominho.tv\/site\/wp-content\/uploads\/2025\/01\/Chuva-pais.jpg\" \/>\n\t<meta property=\"og:image:width\" content=\"1200\" \/>\n\t<meta property=\"og:image:height\" content=\"630\" \/>\n\t<meta property=\"og:image:type\" content=\"image\/jpeg\" \/>\n<meta name=\"author\" content=\"Lusa\" \/>\n<meta name=\"twitter:card\" content=\"summary_large_image\" \/>\n<meta name=\"twitter:creator\" content=\"@altominhoTV\" \/>\n<meta name=\"twitter:site\" content=\"@altominhoTV\" \/>\n<meta name=\"twitter:label1\" content=\"Escrito por\" \/>\n\t<meta name=\"twitter:data1\" content=\"Lusa\" \/>\n\t<meta name=\"twitter:label2\" content=\"Tempo estimado de leitura\" \/>\n\t<meta name=\"twitter:data2\" content=\"2 minutos\" \/>\n<script type=\"application\/ld+json\" class=\"yoast-schema-graph\">{\"@context\":\"https:\\\/\\\/schema.org\",\"@graph\":[{\"@type\":\"Article\",\"@id\":\"https:\\\/\\\/www.altominho.tv\\\/site\\\/2025\\\/02\\\/06\\\/sete-distritos-do-continente-sob-aviso-amarelo-na-sexta-feira-devido-a-chuva\\\/#article\",\"isPartOf\":{\"@id\":\"https:\\\/\\\/www.altominho.tv\\\/site\\\/2025\\\/02\\\/06\\\/sete-distritos-do-continente-sob-aviso-amarelo-na-sexta-feira-devido-a-chuva\\\/\"},\"author\":{\"name\":\"Lusa\",\"@id\":\"https:\\\/\\\/www.altominho.tv\\\/site\\\/#\\\/schema\\\/person\\\/63f693da3e1899361cbe955c46f3232e\"},\"headline\":\"Sete distritos do continente sob aviso amarelo na sexta-feira devido \u00e0 chuva\",\"datePublished\":\"2025-02-06T09:23:09+00:00\",\"dateModified\":\"2025-02-06T09:23:11+00:00\",\"mainEntityOfPage\":{\"@id\":\"https:\\\/\\\/www.altominho.tv\\\/site\\\/2025\\\/02\\\/06\\\/sete-distritos-do-continente-sob-aviso-amarelo-na-sexta-feira-devido-a-chuva\\\/\"},\"wordCount\":261,\"image\":{\"@id\":\"https:\\\/\\\/www.altominho.tv\\\/site\\\/2025\\\/02\\\/06\\\/sete-distritos-do-continente-sob-aviso-amarelo-na-sexta-feira-devido-a-chuva\\\/#primaryimage\"},\"thumbnailUrl\":\"https:\\\/\\\/www.altominho.tv\\\/site\\\/wp-content\\\/uploads\\\/2025\\\/01\\\/Chuva-pais.jpg\",\"keywords\":[\"Sociedade\"],\"articleSection\":[\"Pa\u00eds\"],\"inLanguage\":\"pt-PT\",\"copyrightYear\":\"2025\",\"copyrightHolder\":{\"@id\":\"https:\\\/\\\/www.altominho.tv\\\/site\\\/#organization\"}},{\"@type\":\"WebPage\",\"@id\":\"https:\\\/\\\/www.altominho.tv\\\/site\\\/2025\\\/02\\\/06\\\/sete-distritos-do-continente-sob-aviso-amarelo-na-sexta-feira-devido-a-chuva\\\/\",\"url\":\"https:\\\/\\\/www.altominho.tv\\\/site\\\/2025\\\/02\\\/06\\\/sete-distritos-do-continente-sob-aviso-amarelo-na-sexta-feira-devido-a-chuva\\\/\",\"name\":\"Sete distritos do continente sob aviso amarelo na sexta-feira devido \u00e0 chuva\",\"isPartOf\":{\"@id\":\"https:\\\/\\\/www.altominho.tv\\\/site\\\/#website\"},\"primaryImageOfPage\":{\"@id\":\"https:\\\/\\\/www.altominho.tv\\\/site\\\/2025\\\/02\\\/06\\\/sete-distritos-do-continente-sob-aviso-amarelo-na-sexta-feira-devido-a-chuva\\\/#primaryimage\"},\"image\":{\"@id\":\"https:\\\/\\\/www.altominho.tv\\\/site\\\/2025\\\/02\\\/06\\\/sete-distritos-do-continente-sob-aviso-amarelo-na-sexta-feira-devido-a-chuva\\\/#primaryimage\"},\"thumbnailUrl\":\"https:\\\/\\\/www.altominho.tv\\\/site\\\/wp-content\\\/uploads\\\/2025\\\/01\\\/Chuva-pais.jpg\",\"datePublished\":\"2025-02-06T09:23:09+00:00\",\"dateModified\":\"2025-02-06T09:23:11+00:00\",\"author\":{\"@id\":\"https:\\\/\\\/www.altominho.tv\\\/site\\\/#\\\/schema\\\/person\\\/63f693da3e1899361cbe955c46f3232e\"},\"description\":\"Sete distritos do norte de Portugal v\u00e3o estar sob aviso amarelo na sexta-feira devido \u00e0 previs\u00e3o de per\u00edodos de chuva por vezes forte, informou hoje o Instituto Portugu\u00eas do Mar e da Atmosfera (IPMA).\",\"breadcrumb\":{\"@id\":\"https:\\\/\\\/www.altominho.tv\\\/site\\\/2025\\\/02\\\/06\\\/sete-distritos-do-continente-sob-aviso-amarelo-na-sexta-feira-devido-a-chuva\\\/#breadcrumb\"},\"inLanguage\":\"pt-PT\",\"potentialAction\":[{\"@type\":\"ReadAction\",\"target\":[\"https:\\\/\\\/www.altominho.tv\\\/site\\\/2025\\\/02\\\/06\\\/sete-distritos-do-continente-sob-aviso-amarelo-na-sexta-feira-devido-a-chuva\\\/\"]}]},{\"@type\":\"ImageObject\",\"inLanguage\":\"pt-PT\",\"@id\":\"https:\\\/\\\/www.altominho.tv\\\/site\\\/2025\\\/02\\\/06\\\/sete-distritos-do-continente-sob-aviso-amarelo-na-sexta-feira-devido-a-chuva\\\/#primaryimage\",\"url\":\"https:\\\/\\\/www.altominho.tv\\\/site\\\/wp-content\\\/uploads\\\/2025\\\/01\\\/Chuva-pais.jpg\",\"contentUrl\":\"https:\\\/\\\/www.altominho.tv\\\/site\\\/wp-content\\\/uploads\\\/2025\\\/01\\\/Chuva-pais.jpg\",\"width\":1200,\"height\":630},{\"@type\":\"BreadcrumbList\",\"@id\":\"https:\\\/\\\/www.altominho.tv\\\/site\\\/2025\\\/02\\\/06\\\/sete-distritos-do-continente-sob-aviso-amarelo-na-sexta-feira-devido-a-chuva\\\/#breadcrumb\",\"itemListElement\":[{\"@type\":\"ListItem\",\"position\":1,\"name\":\"In\u00edcio\",\"item\":\"https:\\\/\\\/www.altominho.tv\\\/site\\\/\"},{\"@type\":\"ListItem\",\"position\":2,\"name\":\"Sete distritos do continente sob aviso amarelo na sexta-feira devido \u00e0 chuva\"}]},{\"@type\":\"WebSite\",\"@id\":\"https:\\\/\\\/www.altominho.tv\\\/site\\\/#website\",\"url\":\"https:\\\/\\\/www.altominho.tv\\\/site\\\/\",\"name\":\"Altominho.tv\",\"description\":\"A sua regi\u00e3o \u00e0 dist\u00e2ncia de um clique...\",\"potentialAction\":[{\"@type\":\"SearchAction\",\"target\":{\"@type\":\"EntryPoint\",\"urlTemplate\":\"https:\\\/\\\/www.altominho.tv\\\/site\\\/?s={search_term_string}\"},\"query-input\":{\"@type\":\"PropertyValueSpecification\",\"valueRequired\":true,\"valueName\":\"search_term_string\"}}],\"inLanguage\":\"pt-PT\"},{\"@type\":\"Person\",\"@id\":\"https:\\\/\\\/www.altominho.tv\\\/site\\\/#\\\/schema\\\/person\\\/63f693da3e1899361cbe955c46f3232e\",\"name\":\"Lusa\",\"image\":{\"@type\":\"ImageObject\",\"inLanguage\":\"pt-PT\",\"@id\":\"https:\\\/\\\/www.altominho.tv\\\/site\\\/wp-content\\\/uploads\\\/2019\\\/08\\\/LUSA_Logo.gif\",\"url\":\"https:\\\/\\\/www.altominho.tv\\\/site\\\/wp-content\\\/uploads\\\/2019\\\/08\\\/LUSA_Logo.gif\",\"contentUrl\":\"https:\\\/\\\/www.altominho.tv\\\/site\\\/wp-content\\\/uploads\\\/2019\\\/08\\\/LUSA_Logo.gif\",\"caption\":\"Lusa\"},\"sameAs\":[\"http:\\\/\\\/\\\/\\\/www.altominho.tv\\\/site\"],\"url\":\"https:\\\/\\\/www.altominho.tv\\\/site\\\/author\\\/lusa\\\/\"}]}<\/script>\n<!-- \/ Yoast SEO Premium plugin. -->","yoast_head_json":{"title":"Sete distritos do continente sob aviso amarelo na sexta-feira devido \u00e0 chuva","description":"Sete distritos do norte de Portugal v\u00e3o estar sob aviso amarelo na sexta-feira devido \u00e0 previs\u00e3o de per\u00edodos de chuva por vezes forte, informou hoje o Instituto Portugu\u00eas do Mar e da Atmosfera (IPMA).","robots":{"index":"index","follow":"follow","max-snippet":"max-snippet:-1","max-image-preview":"max-image-preview:large","max-video-preview":"max-video-preview:-1"},"canonical":"https:\/\/www.altominho.tv\/site\/2025\/02\/06\/sete-distritos-do-continente-sob-aviso-amarelo-na-sexta-feira-devido-a-chuva\/","og_locale":"pt_PT","og_type":"article","og_title":"Sete distritos do continente sob aviso amarelo na sexta-feira devido \u00e0 chuva","og_description":"Sete distritos do norte de Portugal v\u00e3o estar sob aviso amarelo na sexta-feira devido \u00e0 previs\u00e3o de per\u00edodos de chuva por vezes forte, informou hoje o Instituto Portugu\u00eas do Mar e da Atmosfera (IPMA).","og_url":"https:\/\/www.altominho.tv\/site\/2025\/02\/06\/sete-distritos-do-continente-sob-aviso-amarelo-na-sexta-feira-devido-a-chuva\/","og_site_name":"Altominho.tv","article_publisher":"https:\/\/www.facebook.com\/altominhotv","article_published_time":"2025-02-06T09:23:09+00:00","article_modified_time":"2025-02-06T09:23:11+00:00","og_image":[{"width":1200,"height":630,"url":"https:\/\/www.altominho.tv\/site\/wp-content\/uploads\/2025\/01\/Chuva-pais.jpg","type":"image\/jpeg"}],"author":"Lusa","twitter_card":"summary_large_image","twitter_creator":"@altominhoTV","twitter_site":"@altominhoTV","twitter_misc":{"Escrito por":"Lusa","Tempo estimado de leitura":"2 minutos"},"schema":{"@context":"https:\/\/schema.org","@graph":[{"@type":"Article","@id":"https:\/\/www.altominho.tv\/site\/2025\/02\/06\/sete-distritos-do-continente-sob-aviso-amarelo-na-sexta-feira-devido-a-chuva\/#article","isPartOf":{"@id":"https:\/\/www.altominho.tv\/site\/2025\/02\/06\/sete-distritos-do-continente-sob-aviso-amarelo-na-sexta-feira-devido-a-chuva\/"},"author":{"name":"Lusa","@id":"https:\/\/www.altominho.tv\/site\/#\/schema\/person\/63f693da3e1899361cbe955c46f3232e"},"headline":"Sete distritos do continente sob aviso amarelo na sexta-feira devido \u00e0 chuva","datePublished":"2025-02-06T09:23:09+00:00","dateModified":"2025-02-06T09:23:11+00:00","mainEntityOfPage":{"@id":"https:\/\/www.altominho.tv\/site\/2025\/02\/06\/sete-distritos-do-continente-sob-aviso-amarelo-na-sexta-feira-devido-a-chuva\/"},"wordCount":261,"image":{"@id":"https:\/\/www.altominho.tv\/site\/2025\/02\/06\/sete-distritos-do-continente-sob-aviso-amarelo-na-sexta-feira-devido-a-chuva\/#primaryimage"},"thumbnailUrl":"https:\/\/www.altominho.tv\/site\/wp-content\/uploads\/2025\/01\/Chuva-pais.jpg","keywords":["Sociedade"],"articleSection":["Pa\u00eds"],"inLanguage":"pt-PT","copyrightYear":"2025","copyrightHolder":{"@id":"https:\/\/www.altominho.tv\/site\/#organization"}},{"@type":"WebPage","@id":"https:\/\/www.altominho.tv\/site\/2025\/02\/06\/sete-distritos-do-continente-sob-aviso-amarelo-na-sexta-feira-devido-a-chuva\/","url":"https:\/\/www.altominho.tv\/site\/2025\/02\/06\/sete-distritos-do-continente-sob-aviso-amarelo-na-sexta-feira-devido-a-chuva\/","name":"Sete distritos do continente sob aviso amarelo na sexta-feira devido \u00e0 chuva","isPartOf":{"@id":"https:\/\/www.altominho.tv\/site\/#website"},"primaryImageOfPage":{"@id":"https:\/\/www.altominho.tv\/site\/2025\/02\/06\/sete-distritos-do-continente-sob-aviso-amarelo-na-sexta-feira-devido-a-chuva\/#primaryimage"},"image":{"@id":"https:\/\/www.altominho.tv\/site\/2025\/02\/06\/sete-distritos-do-continente-sob-aviso-amarelo-na-sexta-feira-devido-a-chuva\/#primaryimage"},"thumbnailUrl":"https:\/\/www.altominho.tv\/site\/wp-content\/uploads\/2025\/01\/Chuva-pais.jpg","datePublished":"2025-02-06T09:23:09+00:00","dateModified":"2025-02-06T09:23:11+00:00","author":{"@id":"https:\/\/www.altominho.tv\/site\/#\/schema\/person\/63f693da3e1899361cbe955c46f3232e"},"description":"Sete distritos do norte de Portugal v\u00e3o estar sob aviso amarelo na sexta-feira devido \u00e0 previs\u00e3o de per\u00edodos de chuva por vezes forte, informou hoje o Instituto Portugu\u00eas do Mar e da Atmosfera (IPMA).","breadcrumb":{"@id":"https:\/\/www.altominho.tv\/site\/2025\/02\/06\/sete-distritos-do-continente-sob-aviso-amarelo-na-sexta-feira-devido-a-chuva\/#breadcrumb"},"inLanguage":"pt-PT","potentialAction":[{"@type":"ReadAction","target":["https:\/\/www.altominho.tv\/site\/2025\/02\/06\/sete-distritos-do-continente-sob-aviso-amarelo-na-sexta-feira-devido-a-chuva\/"]}]},{"@type":"ImageObject","inLanguage":"pt-PT","@id":"https:\/\/www.altominho.tv\/site\/2025\/02\/06\/sete-distritos-do-continente-sob-aviso-amarelo-na-sexta-feira-devido-a-chuva\/#primaryimage","url":"https:\/\/www.altominho.tv\/site\/wp-content\/uploads\/2025\/01\/Chuva-pais.jpg","contentUrl":"https:\/\/www.altominho.tv\/site\/wp-content\/uploads\/2025\/01\/Chuva-pais.jpg","width":1200,"height":630},{"@type":"BreadcrumbList","@id":"https:\/\/www.altominho.tv\/site\/2025\/02\/06\/sete-distritos-do-continente-sob-aviso-amarelo-na-sexta-feira-devido-a-chuva\/#breadcrumb","itemListElement":[{"@type":"ListItem","position":1,"name":"In\u00edcio","item":"https:\/\/www.altominho.tv\/site\/"},{"@type":"ListItem","position":2,"name":"Sete distritos do continente sob aviso amarelo na sexta-feira devido \u00e0 chuva"}]},{"@type":"WebSite","@id":"https:\/\/www.altominho.tv\/site\/#website","url":"https:\/\/www.altominho.tv\/site\/","name":"Altominho.tv","description":"A sua regi\u00e3o \u00e0 dist\u00e2ncia de um clique...","potentialAction":[{"@type":"SearchAction","target":{"@type":"EntryPoint","urlTemplate":"https:\/\/www.altominho.tv\/site\/?s={search_term_string}"},"query-input":{"@type":"PropertyValueSpecification","valueRequired":true,"valueName":"search_term_string"}}],"inLanguage":"pt-PT"},{"@type":"Person","@id":"https:\/\/www.altominho.tv\/site\/#\/schema\/person\/63f693da3e1899361cbe955c46f3232e","name":"Lusa","image":{"@type":"ImageObject","inLanguage":"pt-PT","@id":"https:\/\/www.altominho.tv\/site\/wp-content\/uploads\/2019\/08\/LUSA_Logo.gif","url":"https:\/\/www.altominho.tv\/site\/wp-content\/uploads\/2019\/08\/LUSA_Logo.gif","contentUrl":"https:\/\/www.altominho.tv\/site\/wp-content\/uploads\/2019\/08\/LUSA_Logo.gif","caption":"Lusa"},"sameAs":["http:\/\/\/\/www.altominho.tv\/site"],"url":"https:\/\/www.altominho.tv\/site\/author\/lusa\/"}]}},"_links":{"self":[{"href":"https:\/\/www.altominho.tv\/site\/wp-json\/wp\/v2\/posts\/114548","targetHints":{"allow":["GET"]}}],"collection":[{"href":"https:\/\/www.altominho.tv\/site\/wp-json\/wp\/v2\/posts"}],"about":[{"href":"https:\/\/www.altominho.tv\/site\/wp-json\/wp\/v2\/types\/post"}],"author":[{"embeddable":true,"href":"https:\/\/www.altominho.tv\/site\/wp-json\/wp\/v2\/users\/13"}],"replies":[{"embeddable":true,"href":"https:\/\/www.altominho.tv\/site\/wp-json\/wp\/v2\/comments?post=114548"}],"version-history":[{"count":1,"href":"https:\/\/www.altominho.tv\/site\/wp-json\/wp\/v2\/posts\/114548\/revisions"}],"predecessor-version":[{"id":114549,"href":"https:\/\/www.altominho.tv\/site\/wp-json\/wp\/v2\/posts\/114548\/revisions\/114549"}],"wp:featuredmedia":[{"embeddable":true,"href":"https:\/\/www.altominho.tv\/site\/wp-json\/wp\/v2\/media\/114039"}],"wp:attachment":[{"href":"https:\/\/www.altominho.tv\/site\/wp-json\/wp\/v2\/media?parent=114548"}],"wp:term":[{"taxonomy":"category","embeddable":true,"href":"https:\/\/www.altominho.tv\/site\/wp-json\/wp\/v2\/categories?post=114548"},{"taxonomy":"post_tag","embeddable":true,"href":"https:\/\/www.altominho.tv\/site\/wp-json\/wp\/v2\/tags?post=114548"}],"curies":[{"name":"wp","href":"https:\/\/api.w.org\/{rel}","templated":true}]}}