{"id":114523,"date":"2025-02-05T13:53:24","date_gmt":"2025-02-05T13:53:24","guid":{"rendered":"https:\/\/www.altominho.tv\/site\/?p=114523"},"modified":"2025-02-05T13:53:29","modified_gmt":"2025-02-05T13:53:29","slug":"municipio-vai-apresentar-candidatura-a-rede-de-cidades-criativas-da-unesco","status":"publish","type":"post","link":"https:\/\/www.altominho.tv\/site\/2025\/02\/05\/municipio-vai-apresentar-candidatura-a-rede-de-cidades-criativas-da-unesco\/","title":{"rendered":"Munic\u00edpio vai apresentar candidatura \u00e0 Rede de Cidades Criativas da UNESCO"},"content":{"rendered":"<p><span data-contrast=\"auto\">O Munic\u00edpio de Ponte de Lima vai apresentar candidatura para integrar a Rede de Cidades Criativas da<\/span> <span data-contrast=\"auto\">UNESCO na \u00e1rea da Gastronomia, foi hoje revelado.<\/span><\/p>\n<p><span data-contrast=\"auto\">&#8220;Este \u00e9 um passo significativo para destacar o trabalho que tem vindo a ser <\/span><span data-contrast=\"auto\">desenvolvido em torno da valoriza\u00e7\u00e3o e promo\u00e7\u00e3o da gastronomia local, n\u00e3o s\u00f3 como um elemento cultural e tur\u00edstico, mas tamb\u00e9m como um motor para o desenvolvimento sustent\u00e1vel&#8221;, afirma a autarquia, em comunicado.<\/span><\/p>\n<p><span data-contrast=\"auto\">A candidatura visa mostrar o compromisso de Ponte de Lima com os Objetivos de Desenvolvimento Sustent\u00e1vel (ODS), nomeadamente o ODS 2 (Fome Zero e Agricultura Sustent\u00e1vel), ODS 8 (Trabalho Decente e Crescimento Econ\u00f3mico) e ODS 12 (Consumo e Produ\u00e7\u00e3o Respons\u00e1veis). <\/span><\/p>\n<p><span data-contrast=\"auto\">&#8220;O Munic\u00edpio de Ponte de Lima tem investido na promo\u00e7\u00e3o de pr\u00e1ticas agr\u00edcolas sustent\u00e1veis, no uso de produtos locais e sazonais,<\/span><span data-ccp-props=\"{}\">\u00a0<\/span><span data-contrast=\"auto\">e na valoriza\u00e7\u00e3o da gastronomia tradicional, incluindo o famoso &#8220;Arroz de Sarrabulho \u00e0 Moda de Ponte de Lima&#8221;, recentemente reconhecido como Especialidade Tradicional Garantida (ETG), pela Comiss\u00e3o Europeia, bem como as v\u00e1rias iguarias associadas \u00e0 sua cultura e identidade&#8221;, acrescenta.<\/span><\/p>\n<p><span data-contrast=\"auto\">Este processo de candidatura pretende refor\u00e7ar a identidade de Ponte de Lima como um territ\u00f3rio que, atrav\u00e9s da sua gastronomia, quer afirmar-se como um exemplo de boas pr\u00e1ticas em termos de sustentabilidade, inclus\u00e3o e inova\u00e7\u00e3o, alinhando-se com os princ\u00edpios da UNESCO. <\/span><\/p>\n","protected":false},"excerpt":{"rendered":"<p>O Munic\u00edpio de Ponte de Lima vai apresentar candidatura para integrar a Rede de Cidades Criativas da UNESCO na \u00e1rea da Gastronomia, foi hoje revelado. &#8220;Este \u00e9 um passo significativo para destacar o trabalho que tem vindo a ser desenvolvido em torno da valoriza\u00e7\u00e3o e promo\u00e7\u00e3o da gastronomia local, n\u00e3o s\u00f3 como um elemento cultural [&hellip;]<\/p>\n","protected":false},"author":24,"featured_media":114524,"comment_status":"closed","ping_status":"closed","sticky":false,"template":"","format":"standard","meta":{"_exactmetrics_skip_tracking":false,"_exactmetrics_sitenote_active":false,"_exactmetrics_sitenote_note":"","_exactmetrics_sitenote_category":0,"footnotes":""},"categories":[12],"tags":[81],"class_list":["post-114523","post","type-post","status-publish","format-standard","has-post-thumbnail","hentry","category-ponte-de-lima","tag-gastronomia"],"yoast_head":"<!-- This site is optimized with the Yoast SEO Premium plugin v27.5 (Yoast SEO v27.5) - https:\/\/yoast.com\/product\/yoast-seo-premium-wordpress\/ -->\n<title>Munic\u00edpio vai apresentar candidatura \u00e0 Rede de Cidades Criativas da UNESCO<\/title>\n<meta name=\"description\" content=\"O Munic\u00edpio de Ponte de Lima vai apresentar candidatura para integrar a Rede de Cidades Criativas da UNESCO na \u00e1rea da Gastronomia.\" \/>\n<meta name=\"robots\" content=\"index, follow, max-snippet:-1, max-image-preview:large, max-video-preview:-1\" \/>\n<link rel=\"canonical\" href=\"https:\/\/www.altominho.tv\/site\/2025\/02\/05\/municipio-vai-apresentar-candidatura-a-rede-de-cidades-criativas-da-unesco\/\" \/>\n<meta property=\"og:locale\" content=\"pt_PT\" \/>\n<meta property=\"og:type\" content=\"article\" \/>\n<meta property=\"og:title\" content=\"Munic\u00edpio vai apresentar candidatura \u00e0 Rede de Cidades Criativas da UNESCO\" \/>\n<meta property=\"og:description\" content=\"O Munic\u00edpio de Ponte de Lima vai apresentar candidatura para integrar a Rede de Cidades Criativas da UNESCO na \u00e1rea da Gastronomia.\" \/>\n<meta property=\"og:url\" content=\"https:\/\/www.altominho.tv\/site\/2025\/02\/05\/municipio-vai-apresentar-candidatura-a-rede-de-cidades-criativas-da-unesco\/\" \/>\n<meta property=\"og:site_name\" content=\"Altominho.tv\" \/>\n<meta property=\"article:publisher\" content=\"https:\/\/www.facebook.com\/altominhotv\" \/>\n<meta property=\"article:published_time\" content=\"2025-02-05T13:53:24+00:00\" \/>\n<meta property=\"article:modified_time\" content=\"2025-02-05T13:53:29+00:00\" \/>\n<meta property=\"og:image\" content=\"https:\/\/www.altominho.tv\/site\/wp-content\/uploads\/2025\/02\/Vista-Ponte-de-Lima.png\" \/>\n\t<meta property=\"og:image:width\" content=\"1200\" \/>\n\t<meta property=\"og:image:height\" content=\"630\" \/>\n\t<meta property=\"og:image:type\" content=\"image\/png\" \/>\n<meta name=\"author\" content=\"Cesar Lopes\" \/>\n<meta name=\"twitter:card\" content=\"summary_large_image\" \/>\n<meta name=\"twitter:creator\" content=\"@altominhoTV\" \/>\n<meta name=\"twitter:site\" content=\"@altominhoTV\" \/>\n<meta name=\"twitter:label1\" content=\"Escrito por\" \/>\n\t<meta name=\"twitter:data1\" content=\"Cesar Lopes\" \/>\n\t<meta name=\"twitter:label2\" content=\"Tempo estimado de leitura\" \/>\n\t<meta name=\"twitter:data2\" content=\"2 minutos\" \/>\n<script type=\"application\/ld+json\" class=\"yoast-schema-graph\">{\"@context\":\"https:\\\/\\\/schema.org\",\"@graph\":[{\"@type\":\"Article\",\"@id\":\"https:\\\/\\\/www.altominho.tv\\\/site\\\/2025\\\/02\\\/05\\\/municipio-vai-apresentar-candidatura-a-rede-de-cidades-criativas-da-unesco\\\/#article\",\"isPartOf\":{\"@id\":\"https:\\\/\\\/www.altominho.tv\\\/site\\\/2025\\\/02\\\/05\\\/municipio-vai-apresentar-candidatura-a-rede-de-cidades-criativas-da-unesco\\\/\"},\"author\":{\"name\":\"Cesar Lopes\",\"@id\":\"https:\\\/\\\/www.altominho.tv\\\/site\\\/#\\\/schema\\\/person\\\/c5570e5afb933b8d08c43373326ef1b1\"},\"headline\":\"Munic\u00edpio vai apresentar candidatura \u00e0 Rede de Cidades Criativas da UNESCO\",\"datePublished\":\"2025-02-05T13:53:24+00:00\",\"dateModified\":\"2025-02-05T13:53:29+00:00\",\"mainEntityOfPage\":{\"@id\":\"https:\\\/\\\/www.altominho.tv\\\/site\\\/2025\\\/02\\\/05\\\/municipio-vai-apresentar-candidatura-a-rede-de-cidades-criativas-da-unesco\\\/\"},\"wordCount\":245,\"image\":{\"@id\":\"https:\\\/\\\/www.altominho.tv\\\/site\\\/2025\\\/02\\\/05\\\/municipio-vai-apresentar-candidatura-a-rede-de-cidades-criativas-da-unesco\\\/#primaryimage\"},\"thumbnailUrl\":\"https:\\\/\\\/www.altominho.tv\\\/site\\\/wp-content\\\/uploads\\\/2025\\\/02\\\/Vista-Ponte-de-Lima.png\",\"keywords\":[\"Gastronomia\"],\"articleSection\":[\"Ponte de Lima\"],\"inLanguage\":\"pt-PT\",\"copyrightYear\":\"2025\",\"copyrightHolder\":{\"@id\":\"https:\\\/\\\/www.altominho.tv\\\/site\\\/#organization\"}},{\"@type\":\"WebPage\",\"@id\":\"https:\\\/\\\/www.altominho.tv\\\/site\\\/2025\\\/02\\\/05\\\/municipio-vai-apresentar-candidatura-a-rede-de-cidades-criativas-da-unesco\\\/\",\"url\":\"https:\\\/\\\/www.altominho.tv\\\/site\\\/2025\\\/02\\\/05\\\/municipio-vai-apresentar-candidatura-a-rede-de-cidades-criativas-da-unesco\\\/\",\"name\":\"Munic\u00edpio vai apresentar candidatura \u00e0 Rede de Cidades Criativas da UNESCO\",\"isPartOf\":{\"@id\":\"https:\\\/\\\/www.altominho.tv\\\/site\\\/#website\"},\"primaryImageOfPage\":{\"@id\":\"https:\\\/\\\/www.altominho.tv\\\/site\\\/2025\\\/02\\\/05\\\/municipio-vai-apresentar-candidatura-a-rede-de-cidades-criativas-da-unesco\\\/#primaryimage\"},\"image\":{\"@id\":\"https:\\\/\\\/www.altominho.tv\\\/site\\\/2025\\\/02\\\/05\\\/municipio-vai-apresentar-candidatura-a-rede-de-cidades-criativas-da-unesco\\\/#primaryimage\"},\"thumbnailUrl\":\"https:\\\/\\\/www.altominho.tv\\\/site\\\/wp-content\\\/uploads\\\/2025\\\/02\\\/Vista-Ponte-de-Lima.png\",\"datePublished\":\"2025-02-05T13:53:24+00:00\",\"dateModified\":\"2025-02-05T13:53:29+00:00\",\"author\":{\"@id\":\"https:\\\/\\\/www.altominho.tv\\\/site\\\/#\\\/schema\\\/person\\\/c5570e5afb933b8d08c43373326ef1b1\"},\"description\":\"O Munic\u00edpio de Ponte de Lima vai apresentar candidatura para integrar a Rede de Cidades Criativas da UNESCO na \u00e1rea da Gastronomia.\",\"breadcrumb\":{\"@id\":\"https:\\\/\\\/www.altominho.tv\\\/site\\\/2025\\\/02\\\/05\\\/municipio-vai-apresentar-candidatura-a-rede-de-cidades-criativas-da-unesco\\\/#breadcrumb\"},\"inLanguage\":\"pt-PT\",\"potentialAction\":[{\"@type\":\"ReadAction\",\"target\":[\"https:\\\/\\\/www.altominho.tv\\\/site\\\/2025\\\/02\\\/05\\\/municipio-vai-apresentar-candidatura-a-rede-de-cidades-criativas-da-unesco\\\/\"]}]},{\"@type\":\"ImageObject\",\"inLanguage\":\"pt-PT\",\"@id\":\"https:\\\/\\\/www.altominho.tv\\\/site\\\/2025\\\/02\\\/05\\\/municipio-vai-apresentar-candidatura-a-rede-de-cidades-criativas-da-unesco\\\/#primaryimage\",\"url\":\"https:\\\/\\\/www.altominho.tv\\\/site\\\/wp-content\\\/uploads\\\/2025\\\/02\\\/Vista-Ponte-de-Lima.png\",\"contentUrl\":\"https:\\\/\\\/www.altominho.tv\\\/site\\\/wp-content\\\/uploads\\\/2025\\\/02\\\/Vista-Ponte-de-Lima.png\",\"width\":1200,\"height\":630},{\"@type\":\"BreadcrumbList\",\"@id\":\"https:\\\/\\\/www.altominho.tv\\\/site\\\/2025\\\/02\\\/05\\\/municipio-vai-apresentar-candidatura-a-rede-de-cidades-criativas-da-unesco\\\/#breadcrumb\",\"itemListElement\":[{\"@type\":\"ListItem\",\"position\":1,\"name\":\"In\u00edcio\",\"item\":\"https:\\\/\\\/www.altominho.tv\\\/site\\\/\"},{\"@type\":\"ListItem\",\"position\":2,\"name\":\"Munic\u00edpio vai apresentar candidatura \u00e0 Rede de Cidades Criativas da UNESCO\"}]},{\"@type\":\"WebSite\",\"@id\":\"https:\\\/\\\/www.altominho.tv\\\/site\\\/#website\",\"url\":\"https:\\\/\\\/www.altominho.tv\\\/site\\\/\",\"name\":\"Altominho.tv\",\"description\":\"A sua regi\u00e3o \u00e0 dist\u00e2ncia de um clique...\",\"potentialAction\":[{\"@type\":\"SearchAction\",\"target\":{\"@type\":\"EntryPoint\",\"urlTemplate\":\"https:\\\/\\\/www.altominho.tv\\\/site\\\/?s={search_term_string}\"},\"query-input\":{\"@type\":\"PropertyValueSpecification\",\"valueRequired\":true,\"valueName\":\"search_term_string\"}}],\"inLanguage\":\"pt-PT\"},{\"@type\":\"Person\",\"@id\":\"https:\\\/\\\/www.altominho.tv\\\/site\\\/#\\\/schema\\\/person\\\/c5570e5afb933b8d08c43373326ef1b1\",\"name\":\"Cesar Lopes\",\"image\":{\"@type\":\"ImageObject\",\"inLanguage\":\"pt-PT\",\"@id\":\"https:\\\/\\\/www.altominho.tv\\\/site\\\/wp-content\\\/uploads\\\/2022\\\/10\\\/Sem-Titulo-150x150.jpg\",\"url\":\"https:\\\/\\\/www.altominho.tv\\\/site\\\/wp-content\\\/uploads\\\/2022\\\/10\\\/Sem-Titulo-150x150.jpg\",\"contentUrl\":\"https:\\\/\\\/www.altominho.tv\\\/site\\\/wp-content\\\/uploads\\\/2022\\\/10\\\/Sem-Titulo-150x150.jpg\",\"caption\":\"Cesar Lopes\"},\"url\":\"https:\\\/\\\/www.altominho.tv\\\/site\\\/author\\\/cesarlopes\\\/\"}]}<\/script>\n<!-- \/ Yoast SEO Premium plugin. -->","yoast_head_json":{"title":"Munic\u00edpio vai apresentar candidatura \u00e0 Rede de Cidades Criativas da UNESCO","description":"O Munic\u00edpio de Ponte de Lima vai apresentar candidatura para integrar a Rede de Cidades Criativas da UNESCO na \u00e1rea da Gastronomia.","robots":{"index":"index","follow":"follow","max-snippet":"max-snippet:-1","max-image-preview":"max-image-preview:large","max-video-preview":"max-video-preview:-1"},"canonical":"https:\/\/www.altominho.tv\/site\/2025\/02\/05\/municipio-vai-apresentar-candidatura-a-rede-de-cidades-criativas-da-unesco\/","og_locale":"pt_PT","og_type":"article","og_title":"Munic\u00edpio vai apresentar candidatura \u00e0 Rede de Cidades Criativas da UNESCO","og_description":"O Munic\u00edpio de Ponte de Lima vai apresentar candidatura para integrar a Rede de Cidades Criativas da UNESCO na \u00e1rea da Gastronomia.","og_url":"https:\/\/www.altominho.tv\/site\/2025\/02\/05\/municipio-vai-apresentar-candidatura-a-rede-de-cidades-criativas-da-unesco\/","og_site_name":"Altominho.tv","article_publisher":"https:\/\/www.facebook.com\/altominhotv","article_published_time":"2025-02-05T13:53:24+00:00","article_modified_time":"2025-02-05T13:53:29+00:00","og_image":[{"width":1200,"height":630,"url":"https:\/\/www.altominho.tv\/site\/wp-content\/uploads\/2025\/02\/Vista-Ponte-de-Lima.png","type":"image\/png"}],"author":"Cesar Lopes","twitter_card":"summary_large_image","twitter_creator":"@altominhoTV","twitter_site":"@altominhoTV","twitter_misc":{"Escrito por":"Cesar Lopes","Tempo estimado de leitura":"2 minutos"},"schema":{"@context":"https:\/\/schema.org","@graph":[{"@type":"Article","@id":"https:\/\/www.altominho.tv\/site\/2025\/02\/05\/municipio-vai-apresentar-candidatura-a-rede-de-cidades-criativas-da-unesco\/#article","isPartOf":{"@id":"https:\/\/www.altominho.tv\/site\/2025\/02\/05\/municipio-vai-apresentar-candidatura-a-rede-de-cidades-criativas-da-unesco\/"},"author":{"name":"Cesar Lopes","@id":"https:\/\/www.altominho.tv\/site\/#\/schema\/person\/c5570e5afb933b8d08c43373326ef1b1"},"headline":"Munic\u00edpio vai apresentar candidatura \u00e0 Rede de Cidades Criativas da UNESCO","datePublished":"2025-02-05T13:53:24+00:00","dateModified":"2025-02-05T13:53:29+00:00","mainEntityOfPage":{"@id":"https:\/\/www.altominho.tv\/site\/2025\/02\/05\/municipio-vai-apresentar-candidatura-a-rede-de-cidades-criativas-da-unesco\/"},"wordCount":245,"image":{"@id":"https:\/\/www.altominho.tv\/site\/2025\/02\/05\/municipio-vai-apresentar-candidatura-a-rede-de-cidades-criativas-da-unesco\/#primaryimage"},"thumbnailUrl":"https:\/\/www.altominho.tv\/site\/wp-content\/uploads\/2025\/02\/Vista-Ponte-de-Lima.png","keywords":["Gastronomia"],"articleSection":["Ponte de Lima"],"inLanguage":"pt-PT","copyrightYear":"2025","copyrightHolder":{"@id":"https:\/\/www.altominho.tv\/site\/#organization"}},{"@type":"WebPage","@id":"https:\/\/www.altominho.tv\/site\/2025\/02\/05\/municipio-vai-apresentar-candidatura-a-rede-de-cidades-criativas-da-unesco\/","url":"https:\/\/www.altominho.tv\/site\/2025\/02\/05\/municipio-vai-apresentar-candidatura-a-rede-de-cidades-criativas-da-unesco\/","name":"Munic\u00edpio vai apresentar candidatura \u00e0 Rede de Cidades Criativas da UNESCO","isPartOf":{"@id":"https:\/\/www.altominho.tv\/site\/#website"},"primaryImageOfPage":{"@id":"https:\/\/www.altominho.tv\/site\/2025\/02\/05\/municipio-vai-apresentar-candidatura-a-rede-de-cidades-criativas-da-unesco\/#primaryimage"},"image":{"@id":"https:\/\/www.altominho.tv\/site\/2025\/02\/05\/municipio-vai-apresentar-candidatura-a-rede-de-cidades-criativas-da-unesco\/#primaryimage"},"thumbnailUrl":"https:\/\/www.altominho.tv\/site\/wp-content\/uploads\/2025\/02\/Vista-Ponte-de-Lima.png","datePublished":"2025-02-05T13:53:24+00:00","dateModified":"2025-02-05T13:53:29+00:00","author":{"@id":"https:\/\/www.altominho.tv\/site\/#\/schema\/person\/c5570e5afb933b8d08c43373326ef1b1"},"description":"O Munic\u00edpio de Ponte de Lima vai apresentar candidatura para integrar a Rede de Cidades Criativas da UNESCO na \u00e1rea da Gastronomia.","breadcrumb":{"@id":"https:\/\/www.altominho.tv\/site\/2025\/02\/05\/municipio-vai-apresentar-candidatura-a-rede-de-cidades-criativas-da-unesco\/#breadcrumb"},"inLanguage":"pt-PT","potentialAction":[{"@type":"ReadAction","target":["https:\/\/www.altominho.tv\/site\/2025\/02\/05\/municipio-vai-apresentar-candidatura-a-rede-de-cidades-criativas-da-unesco\/"]}]},{"@type":"ImageObject","inLanguage":"pt-PT","@id":"https:\/\/www.altominho.tv\/site\/2025\/02\/05\/municipio-vai-apresentar-candidatura-a-rede-de-cidades-criativas-da-unesco\/#primaryimage","url":"https:\/\/www.altominho.tv\/site\/wp-content\/uploads\/2025\/02\/Vista-Ponte-de-Lima.png","contentUrl":"https:\/\/www.altominho.tv\/site\/wp-content\/uploads\/2025\/02\/Vista-Ponte-de-Lima.png","width":1200,"height":630},{"@type":"BreadcrumbList","@id":"https:\/\/www.altominho.tv\/site\/2025\/02\/05\/municipio-vai-apresentar-candidatura-a-rede-de-cidades-criativas-da-unesco\/#breadcrumb","itemListElement":[{"@type":"ListItem","position":1,"name":"In\u00edcio","item":"https:\/\/www.altominho.tv\/site\/"},{"@type":"ListItem","position":2,"name":"Munic\u00edpio vai apresentar candidatura \u00e0 Rede de Cidades Criativas da UNESCO"}]},{"@type":"WebSite","@id":"https:\/\/www.altominho.tv\/site\/#website","url":"https:\/\/www.altominho.tv\/site\/","name":"Altominho.tv","description":"A sua regi\u00e3o \u00e0 dist\u00e2ncia de um clique...","potentialAction":[{"@type":"SearchAction","target":{"@type":"EntryPoint","urlTemplate":"https:\/\/www.altominho.tv\/site\/?s={search_term_string}"},"query-input":{"@type":"PropertyValueSpecification","valueRequired":true,"valueName":"search_term_string"}}],"inLanguage":"pt-PT"},{"@type":"Person","@id":"https:\/\/www.altominho.tv\/site\/#\/schema\/person\/c5570e5afb933b8d08c43373326ef1b1","name":"Cesar Lopes","image":{"@type":"ImageObject","inLanguage":"pt-PT","@id":"https:\/\/www.altominho.tv\/site\/wp-content\/uploads\/2022\/10\/Sem-Titulo-150x150.jpg","url":"https:\/\/www.altominho.tv\/site\/wp-content\/uploads\/2022\/10\/Sem-Titulo-150x150.jpg","contentUrl":"https:\/\/www.altominho.tv\/site\/wp-content\/uploads\/2022\/10\/Sem-Titulo-150x150.jpg","caption":"Cesar Lopes"},"url":"https:\/\/www.altominho.tv\/site\/author\/cesarlopes\/"}]}},"_links":{"self":[{"href":"https:\/\/www.altominho.tv\/site\/wp-json\/wp\/v2\/posts\/114523","targetHints":{"allow":["GET"]}}],"collection":[{"href":"https:\/\/www.altominho.tv\/site\/wp-json\/wp\/v2\/posts"}],"about":[{"href":"https:\/\/www.altominho.tv\/site\/wp-json\/wp\/v2\/types\/post"}],"author":[{"embeddable":true,"href":"https:\/\/www.altominho.tv\/site\/wp-json\/wp\/v2\/users\/24"}],"replies":[{"embeddable":true,"href":"https:\/\/www.altominho.tv\/site\/wp-json\/wp\/v2\/comments?post=114523"}],"version-history":[{"count":1,"href":"https:\/\/www.altominho.tv\/site\/wp-json\/wp\/v2\/posts\/114523\/revisions"}],"predecessor-version":[{"id":114525,"href":"https:\/\/www.altominho.tv\/site\/wp-json\/wp\/v2\/posts\/114523\/revisions\/114525"}],"wp:featuredmedia":[{"embeddable":true,"href":"https:\/\/www.altominho.tv\/site\/wp-json\/wp\/v2\/media\/114524"}],"wp:attachment":[{"href":"https:\/\/www.altominho.tv\/site\/wp-json\/wp\/v2\/media?parent=114523"}],"wp:term":[{"taxonomy":"category","embeddable":true,"href":"https:\/\/www.altominho.tv\/site\/wp-json\/wp\/v2\/categories?post=114523"},{"taxonomy":"post_tag","embeddable":true,"href":"https:\/\/www.altominho.tv\/site\/wp-json\/wp\/v2\/tags?post=114523"}],"curies":[{"name":"wp","href":"https:\/\/api.w.org\/{rel}","templated":true}]}}