{"id":114514,"date":"2025-02-05T12:17:20","date_gmt":"2025-02-05T12:17:20","guid":{"rendered":"https:\/\/www.altominho.tv\/site\/?p=114514"},"modified":"2025-02-05T12:17:22","modified_gmt":"2025-02-05T12:17:22","slug":"estao-abertas-as-candidaturas-ao-premio-literario-nortear","status":"publish","type":"post","link":"https:\/\/www.altominho.tv\/site\/2025\/02\/05\/estao-abertas-as-candidaturas-ao-premio-literario-nortear\/","title":{"rendered":"Est\u00e3o abertas as candidaturas ao Pr\u00e9mio Liter\u00e1rio Nortear para Jovens da Eurorregi\u00e3o"},"content":{"rendered":"<p class=\"p1\">Os jovens da Eurorregi\u00e3o Galiza \u2013 Norte de Portugal, entre os 16 e os 36 anos, que tenham escrito uma obra original em portugu\u00eas ou em galego, de cinco mil a oito mil palavras, podem participar na edi\u00e7\u00e3o de 2025 do Pr\u00e9mio Nortear de relato curto. Esta edi\u00e7\u00e3o tem uma dota\u00e7\u00e3o financeira de tr\u00eas mil euros para o vencedor e a publica\u00e7\u00e3o da obra em portugu\u00eas e em galego.<\/p>\n<p class=\"p1\">Os interessados devem efetuar a <a href=\"https:\/\/nortear.gnpaect.eu\/\">candidatura<\/a> at\u00e9 30 de junho na Plataforma Nortear.<\/p>\n<p class=\"p1\">Este pr\u00e9mio \u00e9 uma iniciativa conjunta do AECT da Eurorregi\u00e3o Galicia \u2013 Norte de Portugal, da Conseller\u00eda de Cultura, Lingua e Xuventude da Xunta de Galicia e da CCDR NORTE, IP.<\/p>\n<p class=\"p1\">O Pr\u00e9mio Liter\u00e1rio Nortear, que se realiza desde 2015, \u00e9 um exemplo destacado de espa\u00e7o cultural \u00fanico na Eurorregi\u00e3o, al\u00e9m de ser uma plataforma de lan\u00e7amento para os jovens escritores da Eurorregi\u00e3o, ao distinguir anualmente obras liter\u00e1rias originais, incentivar a criatividade liter\u00e1ria entre os residentes na Galiza e no Norte de Portugal e promover a distribui\u00e7\u00e3o de obras liter\u00e1rias a n\u00edvel eurorregional.<\/p>\n<p class=\"p1\">\u201cA Galiza e o Norte de Portugal s\u00e3o herdeiros de uma identidade cultural comum, baseada na partilha de uma geografia e de uma hist\u00f3ria, mas tamb\u00e9m de uma l\u00edngua e de uma po\u00e9tica. Este pr\u00e9mio prolonga e renova a for\u00e7a desses la\u00e7os e inscreve novos autores no palimpsesto cultural da euro-regi\u00e3o, fomentando a cria\u00e7\u00e3o de novas narrativas, hist\u00f3rias e paisagens liter\u00e1rias\u201d, refere Jorge Sobrado, vice-presidente da CCDR NORTE para a Cultura e Coopera\u00e7\u00e3o.<\/p>\n<p class=\"p1\">Podem candidatar-se todas as pessoas com plena capacidade jur\u00eddica entre os 16 e 36 anos, nascidos e\/ou residentes na Regi\u00e3o Norte de Portugal ou na Galiza, com obras originais e in\u00e9ditas, escritas em l\u00edngua portuguesa &#8211; segundo o novo acordo ortogr\u00e1fico &#8211; e em l\u00edngua galega &#8211; segundo a normativa ortogr\u00e1fica vigente publicada pela Real Academia Galega &#8211; no g\u00e9nero de relato curto.<\/p>\n<p class=\"p1\">O Projeto Nortear \u00e9 um polo cultural de refer\u00eancia na Europa no \u00e2mbito da coopera\u00e7\u00e3o transfronteiri\u00e7a. \u00c9 cofinanciado pela Uni\u00e3o Europeia atrav\u00e9s do Programa INTERREG 21-27 (POCTEP).<\/p>\n<p class=\"p2\">\n","protected":false},"excerpt":{"rendered":"<p>Os jovens da Eurorregi\u00e3o Galiza \u2013 Norte de Portugal, entre os 16 e os 36 anos, que tenham escrito uma obra original em portugu\u00eas ou em galego, de cinco mil a oito mil palavras, podem participar na edi\u00e7\u00e3o de 2025 do Pr\u00e9mio Nortear de relato curto. Esta edi\u00e7\u00e3o tem uma dota\u00e7\u00e3o financeira de tr\u00eas mil [&hellip;]<\/p>\n","protected":false},"author":1,"featured_media":114516,"comment_status":"closed","ping_status":"closed","sticky":false,"template":"","format":"standard","meta":{"_exactmetrics_skip_tracking":false,"_exactmetrics_sitenote_active":false,"_exactmetrics_sitenote_note":"","_exactmetrics_sitenote_category":0,"footnotes":""},"categories":[73],"tags":[19],"class_list":["post-114514","post","type-post","status-publish","format-standard","has-post-thumbnail","hentry","category-alto-minho","tag-cultura"],"yoast_head":"<!-- This site is optimized with the Yoast SEO Premium plugin v27.4 (Yoast SEO v27.4) - https:\/\/yoast.com\/product\/yoast-seo-premium-wordpress\/ -->\n<title>Est\u00e3o abertas as candidaturas ao Pr\u00e9mio Liter\u00e1rio Nortear para Jovens da Eurorregi\u00e3o<\/title>\n<meta name=\"description\" content=\"Os jovens da Eurorregi\u00e3o Galiza \u2013 Norte de Portugal, entre os 16 e os 36 anos, que tenham escrito uma obra original em portugu\u00eas ou em galego, de cinco mil a oito mil palavras, podem participar na edi\u00e7\u00e3o de 2025 do Pr\u00e9mio Nortear de relato curto.\" \/>\n<meta name=\"robots\" content=\"index, follow, max-snippet:-1, max-image-preview:large, max-video-preview:-1\" \/>\n<link rel=\"canonical\" href=\"https:\/\/www.altominho.tv\/site\/2025\/02\/05\/estao-abertas-as-candidaturas-ao-premio-literario-nortear\/\" \/>\n<meta property=\"og:locale\" content=\"pt_PT\" \/>\n<meta property=\"og:type\" content=\"article\" \/>\n<meta property=\"og:title\" content=\"Est\u00e3o abertas as candidaturas ao Pr\u00e9mio Liter\u00e1rio Nortear para Jovens da Eurorregi\u00e3o\" \/>\n<meta property=\"og:description\" content=\"Os jovens da Eurorregi\u00e3o Galiza \u2013 Norte de Portugal, entre os 16 e os 36 anos, que tenham escrito uma obra original em portugu\u00eas ou em galego, de cinco mil a oito mil palavras, podem participar na edi\u00e7\u00e3o de 2025 do Pr\u00e9mio Nortear de relato curto.\" \/>\n<meta property=\"og:url\" content=\"https:\/\/www.altominho.tv\/site\/2025\/02\/05\/estao-abertas-as-candidaturas-ao-premio-literario-nortear\/\" \/>\n<meta property=\"og:site_name\" content=\"Altominho.tv\" \/>\n<meta property=\"article:publisher\" content=\"https:\/\/www.facebook.com\/altominhotv\" \/>\n<meta property=\"article:published_time\" content=\"2025-02-05T12:17:20+00:00\" \/>\n<meta property=\"article:modified_time\" content=\"2025-02-05T12:17:22+00:00\" \/>\n<meta property=\"og:image\" content=\"https:\/\/www.altominho.tv\/site\/wp-content\/uploads\/2025\/02\/premio-literario-nortear.png\" \/>\n\t<meta property=\"og:image:width\" content=\"1200\" \/>\n\t<meta property=\"og:image:height\" content=\"630\" \/>\n\t<meta property=\"og:image:type\" content=\"image\/png\" \/>\n<meta name=\"author\" content=\"Altominho.tv\" \/>\n<meta name=\"twitter:card\" content=\"summary_large_image\" \/>\n<meta name=\"twitter:creator\" content=\"@altominhoTV\" \/>\n<meta name=\"twitter:site\" content=\"@altominhoTV\" \/>\n<meta name=\"twitter:label1\" content=\"Escrito por\" \/>\n\t<meta name=\"twitter:data1\" content=\"Altominho.tv\" \/>\n\t<meta name=\"twitter:label2\" content=\"Tempo estimado de leitura\" \/>\n\t<meta name=\"twitter:data2\" content=\"3 minutos\" \/>\n<script type=\"application\/ld+json\" class=\"yoast-schema-graph\">{\"@context\":\"https:\\\/\\\/schema.org\",\"@graph\":[{\"@type\":\"Article\",\"@id\":\"https:\\\/\\\/www.altominho.tv\\\/site\\\/2025\\\/02\\\/05\\\/estao-abertas-as-candidaturas-ao-premio-literario-nortear\\\/#article\",\"isPartOf\":{\"@id\":\"https:\\\/\\\/www.altominho.tv\\\/site\\\/2025\\\/02\\\/05\\\/estao-abertas-as-candidaturas-ao-premio-literario-nortear\\\/\"},\"author\":{\"name\":\"Altominho.tv\",\"@id\":\"https:\\\/\\\/www.altominho.tv\\\/site\\\/#\\\/schema\\\/person\\\/4e536851627d7914baf3dac752b6af22\"},\"headline\":\"Est\u00e3o abertas as candidaturas ao Pr\u00e9mio Liter\u00e1rio Nortear para Jovens da Eurorregi\u00e3o\",\"datePublished\":\"2025-02-05T12:17:20+00:00\",\"dateModified\":\"2025-02-05T12:17:22+00:00\",\"mainEntityOfPage\":{\"@id\":\"https:\\\/\\\/www.altominho.tv\\\/site\\\/2025\\\/02\\\/05\\\/estao-abertas-as-candidaturas-ao-premio-literario-nortear\\\/\"},\"wordCount\":392,\"image\":{\"@id\":\"https:\\\/\\\/www.altominho.tv\\\/site\\\/2025\\\/02\\\/05\\\/estao-abertas-as-candidaturas-ao-premio-literario-nortear\\\/#primaryimage\"},\"thumbnailUrl\":\"https:\\\/\\\/www.altominho.tv\\\/site\\\/wp-content\\\/uploads\\\/2025\\\/02\\\/premio-literario-nortear.png\",\"keywords\":[\"Cultura\"],\"articleSection\":[\"Alto Minho\"],\"inLanguage\":\"pt-PT\",\"copyrightYear\":\"2025\",\"copyrightHolder\":{\"@id\":\"https:\\\/\\\/www.altominho.tv\\\/site\\\/#organization\"}},{\"@type\":\"WebPage\",\"@id\":\"https:\\\/\\\/www.altominho.tv\\\/site\\\/2025\\\/02\\\/05\\\/estao-abertas-as-candidaturas-ao-premio-literario-nortear\\\/\",\"url\":\"https:\\\/\\\/www.altominho.tv\\\/site\\\/2025\\\/02\\\/05\\\/estao-abertas-as-candidaturas-ao-premio-literario-nortear\\\/\",\"name\":\"Est\u00e3o abertas as candidaturas ao Pr\u00e9mio Liter\u00e1rio Nortear para Jovens da Eurorregi\u00e3o\",\"isPartOf\":{\"@id\":\"https:\\\/\\\/www.altominho.tv\\\/site\\\/#website\"},\"primaryImageOfPage\":{\"@id\":\"https:\\\/\\\/www.altominho.tv\\\/site\\\/2025\\\/02\\\/05\\\/estao-abertas-as-candidaturas-ao-premio-literario-nortear\\\/#primaryimage\"},\"image\":{\"@id\":\"https:\\\/\\\/www.altominho.tv\\\/site\\\/2025\\\/02\\\/05\\\/estao-abertas-as-candidaturas-ao-premio-literario-nortear\\\/#primaryimage\"},\"thumbnailUrl\":\"https:\\\/\\\/www.altominho.tv\\\/site\\\/wp-content\\\/uploads\\\/2025\\\/02\\\/premio-literario-nortear.png\",\"datePublished\":\"2025-02-05T12:17:20+00:00\",\"dateModified\":\"2025-02-05T12:17:22+00:00\",\"author\":{\"@id\":\"https:\\\/\\\/www.altominho.tv\\\/site\\\/#\\\/schema\\\/person\\\/4e536851627d7914baf3dac752b6af22\"},\"description\":\"Os jovens da Eurorregi\u00e3o Galiza \u2013 Norte de Portugal, entre os 16 e os 36 anos, que tenham escrito uma obra original em portugu\u00eas ou em galego, de cinco mil a oito mil palavras, podem participar na edi\u00e7\u00e3o de 2025 do Pr\u00e9mio Nortear de relato curto.\",\"breadcrumb\":{\"@id\":\"https:\\\/\\\/www.altominho.tv\\\/site\\\/2025\\\/02\\\/05\\\/estao-abertas-as-candidaturas-ao-premio-literario-nortear\\\/#breadcrumb\"},\"inLanguage\":\"pt-PT\",\"potentialAction\":[{\"@type\":\"ReadAction\",\"target\":[\"https:\\\/\\\/www.altominho.tv\\\/site\\\/2025\\\/02\\\/05\\\/estao-abertas-as-candidaturas-ao-premio-literario-nortear\\\/\"]}]},{\"@type\":\"ImageObject\",\"inLanguage\":\"pt-PT\",\"@id\":\"https:\\\/\\\/www.altominho.tv\\\/site\\\/2025\\\/02\\\/05\\\/estao-abertas-as-candidaturas-ao-premio-literario-nortear\\\/#primaryimage\",\"url\":\"https:\\\/\\\/www.altominho.tv\\\/site\\\/wp-content\\\/uploads\\\/2025\\\/02\\\/premio-literario-nortear.png\",\"contentUrl\":\"https:\\\/\\\/www.altominho.tv\\\/site\\\/wp-content\\\/uploads\\\/2025\\\/02\\\/premio-literario-nortear.png\",\"width\":1200,\"height\":630},{\"@type\":\"BreadcrumbList\",\"@id\":\"https:\\\/\\\/www.altominho.tv\\\/site\\\/2025\\\/02\\\/05\\\/estao-abertas-as-candidaturas-ao-premio-literario-nortear\\\/#breadcrumb\",\"itemListElement\":[{\"@type\":\"ListItem\",\"position\":1,\"name\":\"In\u00edcio\",\"item\":\"https:\\\/\\\/www.altominho.tv\\\/site\\\/\"},{\"@type\":\"ListItem\",\"position\":2,\"name\":\"Est\u00e3o abertas as candidaturas ao Pr\u00e9mio Liter\u00e1rio Nortear para Jovens da Eurorregi\u00e3o\"}]},{\"@type\":\"WebSite\",\"@id\":\"https:\\\/\\\/www.altominho.tv\\\/site\\\/#website\",\"url\":\"https:\\\/\\\/www.altominho.tv\\\/site\\\/\",\"name\":\"Altominho.tv\",\"description\":\"A sua regi\u00e3o \u00e0 dist\u00e2ncia de um clique...\",\"potentialAction\":[{\"@type\":\"SearchAction\",\"target\":{\"@type\":\"EntryPoint\",\"urlTemplate\":\"https:\\\/\\\/www.altominho.tv\\\/site\\\/?s={search_term_string}\"},\"query-input\":{\"@type\":\"PropertyValueSpecification\",\"valueRequired\":true,\"valueName\":\"search_term_string\"}}],\"inLanguage\":\"pt-PT\"},{\"@type\":\"Person\",\"@id\":\"https:\\\/\\\/www.altominho.tv\\\/site\\\/#\\\/schema\\\/person\\\/4e536851627d7914baf3dac752b6af22\",\"name\":\"Altominho.tv\",\"image\":{\"@type\":\"ImageObject\",\"inLanguage\":\"pt-PT\",\"@id\":\"https:\\\/\\\/www.altominho.tv\\\/site\\\/wp-content\\\/uploads\\\/2019\\\/11\\\/Logo_Avatar_2-150x150.jpg\",\"url\":\"https:\\\/\\\/www.altominho.tv\\\/site\\\/wp-content\\\/uploads\\\/2019\\\/11\\\/Logo_Avatar_2-150x150.jpg\",\"contentUrl\":\"https:\\\/\\\/www.altominho.tv\\\/site\\\/wp-content\\\/uploads\\\/2019\\\/11\\\/Logo_Avatar_2-150x150.jpg\",\"caption\":\"Altominho.tv\"},\"url\":\"https:\\\/\\\/www.altominho.tv\\\/site\\\/author\\\/altominhotv-tecnico\\\/\"}]}<\/script>\n<!-- \/ Yoast SEO Premium plugin. -->","yoast_head_json":{"title":"Est\u00e3o abertas as candidaturas ao Pr\u00e9mio Liter\u00e1rio Nortear para Jovens da Eurorregi\u00e3o","description":"Os jovens da Eurorregi\u00e3o Galiza \u2013 Norte de Portugal, entre os 16 e os 36 anos, que tenham escrito uma obra original em portugu\u00eas ou em galego, de cinco mil a oito mil palavras, podem participar na edi\u00e7\u00e3o de 2025 do Pr\u00e9mio Nortear de relato curto.","robots":{"index":"index","follow":"follow","max-snippet":"max-snippet:-1","max-image-preview":"max-image-preview:large","max-video-preview":"max-video-preview:-1"},"canonical":"https:\/\/www.altominho.tv\/site\/2025\/02\/05\/estao-abertas-as-candidaturas-ao-premio-literario-nortear\/","og_locale":"pt_PT","og_type":"article","og_title":"Est\u00e3o abertas as candidaturas ao Pr\u00e9mio Liter\u00e1rio Nortear para Jovens da Eurorregi\u00e3o","og_description":"Os jovens da Eurorregi\u00e3o Galiza \u2013 Norte de Portugal, entre os 16 e os 36 anos, que tenham escrito uma obra original em portugu\u00eas ou em galego, de cinco mil a oito mil palavras, podem participar na edi\u00e7\u00e3o de 2025 do Pr\u00e9mio Nortear de relato curto.","og_url":"https:\/\/www.altominho.tv\/site\/2025\/02\/05\/estao-abertas-as-candidaturas-ao-premio-literario-nortear\/","og_site_name":"Altominho.tv","article_publisher":"https:\/\/www.facebook.com\/altominhotv","article_published_time":"2025-02-05T12:17:20+00:00","article_modified_time":"2025-02-05T12:17:22+00:00","og_image":[{"width":1200,"height":630,"url":"https:\/\/www.altominho.tv\/site\/wp-content\/uploads\/2025\/02\/premio-literario-nortear.png","type":"image\/png"}],"author":"Altominho.tv","twitter_card":"summary_large_image","twitter_creator":"@altominhoTV","twitter_site":"@altominhoTV","twitter_misc":{"Escrito por":"Altominho.tv","Tempo estimado de leitura":"3 minutos"},"schema":{"@context":"https:\/\/schema.org","@graph":[{"@type":"Article","@id":"https:\/\/www.altominho.tv\/site\/2025\/02\/05\/estao-abertas-as-candidaturas-ao-premio-literario-nortear\/#article","isPartOf":{"@id":"https:\/\/www.altominho.tv\/site\/2025\/02\/05\/estao-abertas-as-candidaturas-ao-premio-literario-nortear\/"},"author":{"name":"Altominho.tv","@id":"https:\/\/www.altominho.tv\/site\/#\/schema\/person\/4e536851627d7914baf3dac752b6af22"},"headline":"Est\u00e3o abertas as candidaturas ao Pr\u00e9mio Liter\u00e1rio Nortear para Jovens da Eurorregi\u00e3o","datePublished":"2025-02-05T12:17:20+00:00","dateModified":"2025-02-05T12:17:22+00:00","mainEntityOfPage":{"@id":"https:\/\/www.altominho.tv\/site\/2025\/02\/05\/estao-abertas-as-candidaturas-ao-premio-literario-nortear\/"},"wordCount":392,"image":{"@id":"https:\/\/www.altominho.tv\/site\/2025\/02\/05\/estao-abertas-as-candidaturas-ao-premio-literario-nortear\/#primaryimage"},"thumbnailUrl":"https:\/\/www.altominho.tv\/site\/wp-content\/uploads\/2025\/02\/premio-literario-nortear.png","keywords":["Cultura"],"articleSection":["Alto Minho"],"inLanguage":"pt-PT","copyrightYear":"2025","copyrightHolder":{"@id":"https:\/\/www.altominho.tv\/site\/#organization"}},{"@type":"WebPage","@id":"https:\/\/www.altominho.tv\/site\/2025\/02\/05\/estao-abertas-as-candidaturas-ao-premio-literario-nortear\/","url":"https:\/\/www.altominho.tv\/site\/2025\/02\/05\/estao-abertas-as-candidaturas-ao-premio-literario-nortear\/","name":"Est\u00e3o abertas as candidaturas ao Pr\u00e9mio Liter\u00e1rio Nortear para Jovens da Eurorregi\u00e3o","isPartOf":{"@id":"https:\/\/www.altominho.tv\/site\/#website"},"primaryImageOfPage":{"@id":"https:\/\/www.altominho.tv\/site\/2025\/02\/05\/estao-abertas-as-candidaturas-ao-premio-literario-nortear\/#primaryimage"},"image":{"@id":"https:\/\/www.altominho.tv\/site\/2025\/02\/05\/estao-abertas-as-candidaturas-ao-premio-literario-nortear\/#primaryimage"},"thumbnailUrl":"https:\/\/www.altominho.tv\/site\/wp-content\/uploads\/2025\/02\/premio-literario-nortear.png","datePublished":"2025-02-05T12:17:20+00:00","dateModified":"2025-02-05T12:17:22+00:00","author":{"@id":"https:\/\/www.altominho.tv\/site\/#\/schema\/person\/4e536851627d7914baf3dac752b6af22"},"description":"Os jovens da Eurorregi\u00e3o Galiza \u2013 Norte de Portugal, entre os 16 e os 36 anos, que tenham escrito uma obra original em portugu\u00eas ou em galego, de cinco mil a oito mil palavras, podem participar na edi\u00e7\u00e3o de 2025 do Pr\u00e9mio Nortear de relato curto.","breadcrumb":{"@id":"https:\/\/www.altominho.tv\/site\/2025\/02\/05\/estao-abertas-as-candidaturas-ao-premio-literario-nortear\/#breadcrumb"},"inLanguage":"pt-PT","potentialAction":[{"@type":"ReadAction","target":["https:\/\/www.altominho.tv\/site\/2025\/02\/05\/estao-abertas-as-candidaturas-ao-premio-literario-nortear\/"]}]},{"@type":"ImageObject","inLanguage":"pt-PT","@id":"https:\/\/www.altominho.tv\/site\/2025\/02\/05\/estao-abertas-as-candidaturas-ao-premio-literario-nortear\/#primaryimage","url":"https:\/\/www.altominho.tv\/site\/wp-content\/uploads\/2025\/02\/premio-literario-nortear.png","contentUrl":"https:\/\/www.altominho.tv\/site\/wp-content\/uploads\/2025\/02\/premio-literario-nortear.png","width":1200,"height":630},{"@type":"BreadcrumbList","@id":"https:\/\/www.altominho.tv\/site\/2025\/02\/05\/estao-abertas-as-candidaturas-ao-premio-literario-nortear\/#breadcrumb","itemListElement":[{"@type":"ListItem","position":1,"name":"In\u00edcio","item":"https:\/\/www.altominho.tv\/site\/"},{"@type":"ListItem","position":2,"name":"Est\u00e3o abertas as candidaturas ao Pr\u00e9mio Liter\u00e1rio Nortear para Jovens da Eurorregi\u00e3o"}]},{"@type":"WebSite","@id":"https:\/\/www.altominho.tv\/site\/#website","url":"https:\/\/www.altominho.tv\/site\/","name":"Altominho.tv","description":"A sua regi\u00e3o \u00e0 dist\u00e2ncia de um clique...","potentialAction":[{"@type":"SearchAction","target":{"@type":"EntryPoint","urlTemplate":"https:\/\/www.altominho.tv\/site\/?s={search_term_string}"},"query-input":{"@type":"PropertyValueSpecification","valueRequired":true,"valueName":"search_term_string"}}],"inLanguage":"pt-PT"},{"@type":"Person","@id":"https:\/\/www.altominho.tv\/site\/#\/schema\/person\/4e536851627d7914baf3dac752b6af22","name":"Altominho.tv","image":{"@type":"ImageObject","inLanguage":"pt-PT","@id":"https:\/\/www.altominho.tv\/site\/wp-content\/uploads\/2019\/11\/Logo_Avatar_2-150x150.jpg","url":"https:\/\/www.altominho.tv\/site\/wp-content\/uploads\/2019\/11\/Logo_Avatar_2-150x150.jpg","contentUrl":"https:\/\/www.altominho.tv\/site\/wp-content\/uploads\/2019\/11\/Logo_Avatar_2-150x150.jpg","caption":"Altominho.tv"},"url":"https:\/\/www.altominho.tv\/site\/author\/altominhotv-tecnico\/"}]}},"_links":{"self":[{"href":"https:\/\/www.altominho.tv\/site\/wp-json\/wp\/v2\/posts\/114514","targetHints":{"allow":["GET"]}}],"collection":[{"href":"https:\/\/www.altominho.tv\/site\/wp-json\/wp\/v2\/posts"}],"about":[{"href":"https:\/\/www.altominho.tv\/site\/wp-json\/wp\/v2\/types\/post"}],"author":[{"embeddable":true,"href":"https:\/\/www.altominho.tv\/site\/wp-json\/wp\/v2\/users\/1"}],"replies":[{"embeddable":true,"href":"https:\/\/www.altominho.tv\/site\/wp-json\/wp\/v2\/comments?post=114514"}],"version-history":[{"count":1,"href":"https:\/\/www.altominho.tv\/site\/wp-json\/wp\/v2\/posts\/114514\/revisions"}],"predecessor-version":[{"id":114517,"href":"https:\/\/www.altominho.tv\/site\/wp-json\/wp\/v2\/posts\/114514\/revisions\/114517"}],"wp:featuredmedia":[{"embeddable":true,"href":"https:\/\/www.altominho.tv\/site\/wp-json\/wp\/v2\/media\/114516"}],"wp:attachment":[{"href":"https:\/\/www.altominho.tv\/site\/wp-json\/wp\/v2\/media?parent=114514"}],"wp:term":[{"taxonomy":"category","embeddable":true,"href":"https:\/\/www.altominho.tv\/site\/wp-json\/wp\/v2\/categories?post=114514"},{"taxonomy":"post_tag","embeddable":true,"href":"https:\/\/www.altominho.tv\/site\/wp-json\/wp\/v2\/tags?post=114514"}],"curies":[{"name":"wp","href":"https:\/\/api.w.org\/{rel}","templated":true}]}}