{"id":114495,"date":"2025-02-05T09:18:59","date_gmt":"2025-02-05T09:18:59","guid":{"rendered":"https:\/\/www.altominho.tv\/site\/?p=114495"},"modified":"2025-02-05T09:19:03","modified_gmt":"2025-02-05T09:19:03","slug":"atual-administracao-da-ulsam-em-funcoes-apesar-de-designada-nova-equipa","status":"publish","type":"post","link":"https:\/\/www.altominho.tv\/site\/2025\/02\/05\/atual-administracao-da-ulsam-em-funcoes-apesar-de-designada-nova-equipa\/","title":{"rendered":"Atual administra\u00e7\u00e3o da ULSAM em fun\u00e7\u00f5es apesar de designada nova equipa"},"content":{"rendered":"<p>A administra\u00e7\u00e3o da Unidade do Local de Sa\u00fade do Alto Minho (ULSAM), presidida por Jo\u00e3o Porf\u00edrio Oliveira, mant\u00e9m-se em fun\u00e7\u00f5es, apesar de o Governo ter designado uma nova equipa, liderada por Jos\u00e9 Cardoso, para a substituir.<\/p>\n<p>Em resposta por escrito a um pedido de esclarecimento da ag\u00eancia Lusa, uma fonte da administra\u00e7\u00e3o da ULSAM refere que \u201cn\u00e3o foi, at\u00e9 ao momento formalizada a exonera\u00e7\u00e3o\u201d do elenco presidido por Jo\u00e3o Porf\u00edrio Oliveira, nem a nomea\u00e7\u00e3o oficial da nova equipa.<\/p>\n<p>\u201cAssim, a atual equipa de gest\u00e3o continua a trabalhar na plenitude das suas fun\u00e7\u00f5es e no \u00e2mbito das compet\u00eancias que lhe s\u00e3o conferidas\u201d, adianta a nota.<\/p>\n<p>Na \u00faltima quinta-feira, um comunicado do conselho de ministros refere que o Governo decidiu designar, para um mandato de tr\u00eas anos, Jos\u00e9 Cardoso como presidente do conselho de administra\u00e7\u00e3o da ULSAM, Maria Helena Leite Ramalho como diretora cl\u00ednica para os Cuidados de Sa\u00fade Hospitalares, Ant\u00f3nio Nelson Gomes Rodrigues como diretor cl\u00ednico para os cuidados de sa\u00fade prim\u00e1rio, Lu\u00eds Miguel Alves Garcia para enfermeiro diretor e L\u00facia Silva Marinho como vogal executiva.<\/p>\n<p>A designa\u00e7\u00e3o da nova equipa aconteceu um ano e um dia depois de Jo\u00e3o Porf\u00edrio Oliveira ter assumido a presid\u00eancia do conselho de administra\u00e7\u00e3o da ULSAM.<\/p>\n<p>Contactada pela ag\u00eancia Lusa, fonte jur\u00eddica disse que os ainda administradores ter\u00e3o direito, quando forem exonerados, a indemniza\u00e7\u00e3o nos termos do artigo 26 do Estatuto do Gestor P\u00fablico. Segundo a mesma fonte, \u201cno n\u00famero tr\u00eas do artigo 26\u00ba, relativo \u00e0 dissolu\u00e7\u00e3o e demiss\u00e3o por mera conveni\u00eancia, o conselho de administra\u00e7\u00e3o tem direito a uma indemniza\u00e7\u00e3o uma vez que tem mais de 12 meses seguidos do exerc\u00edcio de fun\u00e7\u00f5es, sendo que o valor pode chegar ao equivalente a um ano completo de remunera\u00e7\u00f5es\u201d.<\/p>\n<p>Na sexta-feira, menos de 24 horas depois da designa\u00e7\u00e3o em conselho de ministros do novo conselho de administra\u00e7\u00e3o, a ULSAM revelou que o enfermeiro diretor designado pelo Governo est\u00e1 a ser alvo de um inqu\u00e9rito interno por ass\u00e9dio sexual em contexto laboral.<\/p>\n<p>\u201cTendo em conta a gravidade das alega\u00e7\u00f5es e a responsabilidade da institui\u00e7\u00e3o no apuramento dos factos, foi esta quinta-feira, 30 de janeiro, instaurado um processo de inqu\u00e9rito interno com car\u00e1ter de urg\u00eancia\u201d, adiantou a ULSAM, numa resposta escrita enviada a Lusa.<\/p>\n<p>A informa\u00e7\u00e3o surgiu em resposta a quest\u00f5es da Lusa sobre a queixa de uma m\u00e9dica por ass\u00e9dio sexual alegadamente cometido por Lu\u00eds Garcia, atualmente enfermeiro no hospital de Ponte de Lima, distrito de Viana do Castelo. Foi \u201cnomeado um instrutor externo \u00e0 institui\u00e7\u00e3o para acompanhar o processo\u201d, acrescentou a ULSAM.<\/p>\n<p>A unidade de sa\u00fade manifestou-se dispon\u00edvel para prestar \u201ctoda a colabora\u00e7\u00e3o que as autoridades judiciais entendam necess\u00e1ria no \u00e2mbito do processo em curso\u201d.<\/p>\n<p>Tamb\u00e9m a PSP de Viana do Castelo confirma ter recebido uma queixa por ass\u00e9dio sexual numa unidade de sa\u00fade, mas sem indicar as identidades do agressor e da v\u00edtima.<\/p>\n","protected":false},"excerpt":{"rendered":"<p>A administra\u00e7\u00e3o da Unidade do Local de Sa\u00fade do Alto Minho (ULSAM), presidida por Jo\u00e3o Porf\u00edrio Oliveira, mant\u00e9m-se em fun\u00e7\u00f5es, apesar de o Governo ter designado uma nova equipa, liderada por Jos\u00e9 Cardoso, para a substituir. Em resposta por escrito a um pedido de esclarecimento da ag\u00eancia Lusa, uma fonte da administra\u00e7\u00e3o da ULSAM refere [&hellip;]<\/p>\n","protected":false},"author":13,"featured_media":114498,"comment_status":"closed","ping_status":"closed","sticky":false,"template":"","format":"standard","meta":{"_exactmetrics_skip_tracking":false,"_exactmetrics_sitenote_active":false,"_exactmetrics_sitenote_note":"","_exactmetrics_sitenote_category":0,"footnotes":""},"categories":[73],"tags":[27],"class_list":["post-114495","post","type-post","status-publish","format-standard","has-post-thumbnail","hentry","category-alto-minho","tag-sociedade"],"yoast_head":"<!-- This site is optimized with the Yoast SEO Premium plugin v27.4 (Yoast SEO v27.4) - https:\/\/yoast.com\/product\/yoast-seo-premium-wordpress\/ -->\n<title>Atual administra\u00e7\u00e3o da ULSAM em fun\u00e7\u00f5es apesar de designada nova equipa<\/title>\n<meta name=\"description\" content=\"A administra\u00e7\u00e3o da Unidade do Local de Sa\u00fade do Alto Minho (ULSAM), presidida por Jo\u00e3o Porf\u00edrio Oliveira, mant\u00e9m-se em fun\u00e7\u00f5es, apesar de o Governo ter designado uma nova equipa, liderada por Jos\u00e9 Cardoso, para a substituir.\" \/>\n<meta name=\"robots\" content=\"index, follow, max-snippet:-1, max-image-preview:large, max-video-preview:-1\" \/>\n<link rel=\"canonical\" href=\"https:\/\/www.altominho.tv\/site\/2025\/02\/05\/atual-administracao-da-ulsam-em-funcoes-apesar-de-designada-nova-equipa\/\" \/>\n<meta property=\"og:locale\" content=\"pt_PT\" \/>\n<meta property=\"og:type\" content=\"article\" \/>\n<meta property=\"og:title\" content=\"Atual administra\u00e7\u00e3o da ULSAM em fun\u00e7\u00f5es apesar de designada nova equipa\" \/>\n<meta property=\"og:description\" content=\"A administra\u00e7\u00e3o da Unidade do Local de Sa\u00fade do Alto Minho (ULSAM), presidida por Jo\u00e3o Porf\u00edrio Oliveira, mant\u00e9m-se em fun\u00e7\u00f5es, apesar de o Governo ter designado uma nova equipa, liderada por Jos\u00e9 Cardoso, para a substituir.\" \/>\n<meta property=\"og:url\" content=\"https:\/\/www.altominho.tv\/site\/2025\/02\/05\/atual-administracao-da-ulsam-em-funcoes-apesar-de-designada-nova-equipa\/\" \/>\n<meta property=\"og:site_name\" content=\"Altominho.tv\" \/>\n<meta property=\"article:publisher\" content=\"https:\/\/www.facebook.com\/altominhotv\" \/>\n<meta property=\"article:published_time\" content=\"2025-02-05T09:18:59+00:00\" \/>\n<meta property=\"article:modified_time\" content=\"2025-02-05T09:19:03+00:00\" \/>\n<meta property=\"og:image\" content=\"https:\/\/www.altominho.tv\/site\/wp-content\/uploads\/2025\/02\/ulsam.png\" \/>\n\t<meta property=\"og:image:width\" content=\"1200\" \/>\n\t<meta property=\"og:image:height\" content=\"630\" \/>\n\t<meta property=\"og:image:type\" content=\"image\/png\" \/>\n<meta name=\"author\" content=\"Lusa\" \/>\n<meta name=\"twitter:card\" content=\"summary_large_image\" \/>\n<meta name=\"twitter:creator\" content=\"@altominhoTV\" \/>\n<meta name=\"twitter:site\" content=\"@altominhoTV\" \/>\n<meta name=\"twitter:label1\" content=\"Escrito por\" \/>\n\t<meta name=\"twitter:data1\" content=\"Lusa\" \/>\n\t<meta name=\"twitter:label2\" content=\"Tempo estimado de leitura\" \/>\n\t<meta name=\"twitter:data2\" content=\"3 minutos\" \/>\n<script type=\"application\/ld+json\" class=\"yoast-schema-graph\">{\"@context\":\"https:\\\/\\\/schema.org\",\"@graph\":[{\"@type\":\"Article\",\"@id\":\"https:\\\/\\\/www.altominho.tv\\\/site\\\/2025\\\/02\\\/05\\\/atual-administracao-da-ulsam-em-funcoes-apesar-de-designada-nova-equipa\\\/#article\",\"isPartOf\":{\"@id\":\"https:\\\/\\\/www.altominho.tv\\\/site\\\/2025\\\/02\\\/05\\\/atual-administracao-da-ulsam-em-funcoes-apesar-de-designada-nova-equipa\\\/\"},\"author\":{\"name\":\"Lusa\",\"@id\":\"https:\\\/\\\/www.altominho.tv\\\/site\\\/#\\\/schema\\\/person\\\/63f693da3e1899361cbe955c46f3232e\"},\"headline\":\"Atual administra\u00e7\u00e3o da ULSAM em fun\u00e7\u00f5es apesar de designada nova equipa\",\"datePublished\":\"2025-02-05T09:18:59+00:00\",\"dateModified\":\"2025-02-05T09:19:03+00:00\",\"mainEntityOfPage\":{\"@id\":\"https:\\\/\\\/www.altominho.tv\\\/site\\\/2025\\\/02\\\/05\\\/atual-administracao-da-ulsam-em-funcoes-apesar-de-designada-nova-equipa\\\/\"},\"wordCount\":544,\"image\":{\"@id\":\"https:\\\/\\\/www.altominho.tv\\\/site\\\/2025\\\/02\\\/05\\\/atual-administracao-da-ulsam-em-funcoes-apesar-de-designada-nova-equipa\\\/#primaryimage\"},\"thumbnailUrl\":\"https:\\\/\\\/www.altominho.tv\\\/site\\\/wp-content\\\/uploads\\\/2025\\\/02\\\/ulsam.png\",\"keywords\":[\"Sociedade\"],\"articleSection\":[\"Alto Minho\"],\"inLanguage\":\"pt-PT\",\"copyrightYear\":\"2025\",\"copyrightHolder\":{\"@id\":\"https:\\\/\\\/www.altominho.tv\\\/site\\\/#organization\"}},{\"@type\":\"WebPage\",\"@id\":\"https:\\\/\\\/www.altominho.tv\\\/site\\\/2025\\\/02\\\/05\\\/atual-administracao-da-ulsam-em-funcoes-apesar-de-designada-nova-equipa\\\/\",\"url\":\"https:\\\/\\\/www.altominho.tv\\\/site\\\/2025\\\/02\\\/05\\\/atual-administracao-da-ulsam-em-funcoes-apesar-de-designada-nova-equipa\\\/\",\"name\":\"Atual administra\u00e7\u00e3o da ULSAM em fun\u00e7\u00f5es apesar de designada nova equipa\",\"isPartOf\":{\"@id\":\"https:\\\/\\\/www.altominho.tv\\\/site\\\/#website\"},\"primaryImageOfPage\":{\"@id\":\"https:\\\/\\\/www.altominho.tv\\\/site\\\/2025\\\/02\\\/05\\\/atual-administracao-da-ulsam-em-funcoes-apesar-de-designada-nova-equipa\\\/#primaryimage\"},\"image\":{\"@id\":\"https:\\\/\\\/www.altominho.tv\\\/site\\\/2025\\\/02\\\/05\\\/atual-administracao-da-ulsam-em-funcoes-apesar-de-designada-nova-equipa\\\/#primaryimage\"},\"thumbnailUrl\":\"https:\\\/\\\/www.altominho.tv\\\/site\\\/wp-content\\\/uploads\\\/2025\\\/02\\\/ulsam.png\",\"datePublished\":\"2025-02-05T09:18:59+00:00\",\"dateModified\":\"2025-02-05T09:19:03+00:00\",\"author\":{\"@id\":\"https:\\\/\\\/www.altominho.tv\\\/site\\\/#\\\/schema\\\/person\\\/63f693da3e1899361cbe955c46f3232e\"},\"description\":\"A administra\u00e7\u00e3o da Unidade do Local de Sa\u00fade do Alto Minho (ULSAM), presidida por Jo\u00e3o Porf\u00edrio Oliveira, mant\u00e9m-se em fun\u00e7\u00f5es, apesar de o Governo ter designado uma nova equipa, liderada por Jos\u00e9 Cardoso, para a substituir.\",\"breadcrumb\":{\"@id\":\"https:\\\/\\\/www.altominho.tv\\\/site\\\/2025\\\/02\\\/05\\\/atual-administracao-da-ulsam-em-funcoes-apesar-de-designada-nova-equipa\\\/#breadcrumb\"},\"inLanguage\":\"pt-PT\",\"potentialAction\":[{\"@type\":\"ReadAction\",\"target\":[\"https:\\\/\\\/www.altominho.tv\\\/site\\\/2025\\\/02\\\/05\\\/atual-administracao-da-ulsam-em-funcoes-apesar-de-designada-nova-equipa\\\/\"]}]},{\"@type\":\"ImageObject\",\"inLanguage\":\"pt-PT\",\"@id\":\"https:\\\/\\\/www.altominho.tv\\\/site\\\/2025\\\/02\\\/05\\\/atual-administracao-da-ulsam-em-funcoes-apesar-de-designada-nova-equipa\\\/#primaryimage\",\"url\":\"https:\\\/\\\/www.altominho.tv\\\/site\\\/wp-content\\\/uploads\\\/2025\\\/02\\\/ulsam.png\",\"contentUrl\":\"https:\\\/\\\/www.altominho.tv\\\/site\\\/wp-content\\\/uploads\\\/2025\\\/02\\\/ulsam.png\",\"width\":1200,\"height\":630},{\"@type\":\"BreadcrumbList\",\"@id\":\"https:\\\/\\\/www.altominho.tv\\\/site\\\/2025\\\/02\\\/05\\\/atual-administracao-da-ulsam-em-funcoes-apesar-de-designada-nova-equipa\\\/#breadcrumb\",\"itemListElement\":[{\"@type\":\"ListItem\",\"position\":1,\"name\":\"In\u00edcio\",\"item\":\"https:\\\/\\\/www.altominho.tv\\\/site\\\/\"},{\"@type\":\"ListItem\",\"position\":2,\"name\":\"Atual administra\u00e7\u00e3o da ULSAM em fun\u00e7\u00f5es apesar de designada nova equipa\"}]},{\"@type\":\"WebSite\",\"@id\":\"https:\\\/\\\/www.altominho.tv\\\/site\\\/#website\",\"url\":\"https:\\\/\\\/www.altominho.tv\\\/site\\\/\",\"name\":\"Altominho.tv\",\"description\":\"A sua regi\u00e3o \u00e0 dist\u00e2ncia de um clique...\",\"potentialAction\":[{\"@type\":\"SearchAction\",\"target\":{\"@type\":\"EntryPoint\",\"urlTemplate\":\"https:\\\/\\\/www.altominho.tv\\\/site\\\/?s={search_term_string}\"},\"query-input\":{\"@type\":\"PropertyValueSpecification\",\"valueRequired\":true,\"valueName\":\"search_term_string\"}}],\"inLanguage\":\"pt-PT\"},{\"@type\":\"Person\",\"@id\":\"https:\\\/\\\/www.altominho.tv\\\/site\\\/#\\\/schema\\\/person\\\/63f693da3e1899361cbe955c46f3232e\",\"name\":\"Lusa\",\"image\":{\"@type\":\"ImageObject\",\"inLanguage\":\"pt-PT\",\"@id\":\"https:\\\/\\\/www.altominho.tv\\\/site\\\/wp-content\\\/uploads\\\/2019\\\/08\\\/LUSA_Logo.gif\",\"url\":\"https:\\\/\\\/www.altominho.tv\\\/site\\\/wp-content\\\/uploads\\\/2019\\\/08\\\/LUSA_Logo.gif\",\"contentUrl\":\"https:\\\/\\\/www.altominho.tv\\\/site\\\/wp-content\\\/uploads\\\/2019\\\/08\\\/LUSA_Logo.gif\",\"caption\":\"Lusa\"},\"sameAs\":[\"http:\\\/\\\/\\\/\\\/www.altominho.tv\\\/site\"],\"url\":\"https:\\\/\\\/www.altominho.tv\\\/site\\\/author\\\/lusa\\\/\"}]}<\/script>\n<!-- \/ Yoast SEO Premium plugin. -->","yoast_head_json":{"title":"Atual administra\u00e7\u00e3o da ULSAM em fun\u00e7\u00f5es apesar de designada nova equipa","description":"A administra\u00e7\u00e3o da Unidade do Local de Sa\u00fade do Alto Minho (ULSAM), presidida por Jo\u00e3o Porf\u00edrio Oliveira, mant\u00e9m-se em fun\u00e7\u00f5es, apesar de o Governo ter designado uma nova equipa, liderada por Jos\u00e9 Cardoso, para a substituir.","robots":{"index":"index","follow":"follow","max-snippet":"max-snippet:-1","max-image-preview":"max-image-preview:large","max-video-preview":"max-video-preview:-1"},"canonical":"https:\/\/www.altominho.tv\/site\/2025\/02\/05\/atual-administracao-da-ulsam-em-funcoes-apesar-de-designada-nova-equipa\/","og_locale":"pt_PT","og_type":"article","og_title":"Atual administra\u00e7\u00e3o da ULSAM em fun\u00e7\u00f5es apesar de designada nova equipa","og_description":"A administra\u00e7\u00e3o da Unidade do Local de Sa\u00fade do Alto Minho (ULSAM), presidida por Jo\u00e3o Porf\u00edrio Oliveira, mant\u00e9m-se em fun\u00e7\u00f5es, apesar de o Governo ter designado uma nova equipa, liderada por Jos\u00e9 Cardoso, para a substituir.","og_url":"https:\/\/www.altominho.tv\/site\/2025\/02\/05\/atual-administracao-da-ulsam-em-funcoes-apesar-de-designada-nova-equipa\/","og_site_name":"Altominho.tv","article_publisher":"https:\/\/www.facebook.com\/altominhotv","article_published_time":"2025-02-05T09:18:59+00:00","article_modified_time":"2025-02-05T09:19:03+00:00","og_image":[{"width":1200,"height":630,"url":"https:\/\/www.altominho.tv\/site\/wp-content\/uploads\/2025\/02\/ulsam.png","type":"image\/png"}],"author":"Lusa","twitter_card":"summary_large_image","twitter_creator":"@altominhoTV","twitter_site":"@altominhoTV","twitter_misc":{"Escrito por":"Lusa","Tempo estimado de leitura":"3 minutos"},"schema":{"@context":"https:\/\/schema.org","@graph":[{"@type":"Article","@id":"https:\/\/www.altominho.tv\/site\/2025\/02\/05\/atual-administracao-da-ulsam-em-funcoes-apesar-de-designada-nova-equipa\/#article","isPartOf":{"@id":"https:\/\/www.altominho.tv\/site\/2025\/02\/05\/atual-administracao-da-ulsam-em-funcoes-apesar-de-designada-nova-equipa\/"},"author":{"name":"Lusa","@id":"https:\/\/www.altominho.tv\/site\/#\/schema\/person\/63f693da3e1899361cbe955c46f3232e"},"headline":"Atual administra\u00e7\u00e3o da ULSAM em fun\u00e7\u00f5es apesar de designada nova equipa","datePublished":"2025-02-05T09:18:59+00:00","dateModified":"2025-02-05T09:19:03+00:00","mainEntityOfPage":{"@id":"https:\/\/www.altominho.tv\/site\/2025\/02\/05\/atual-administracao-da-ulsam-em-funcoes-apesar-de-designada-nova-equipa\/"},"wordCount":544,"image":{"@id":"https:\/\/www.altominho.tv\/site\/2025\/02\/05\/atual-administracao-da-ulsam-em-funcoes-apesar-de-designada-nova-equipa\/#primaryimage"},"thumbnailUrl":"https:\/\/www.altominho.tv\/site\/wp-content\/uploads\/2025\/02\/ulsam.png","keywords":["Sociedade"],"articleSection":["Alto Minho"],"inLanguage":"pt-PT","copyrightYear":"2025","copyrightHolder":{"@id":"https:\/\/www.altominho.tv\/site\/#organization"}},{"@type":"WebPage","@id":"https:\/\/www.altominho.tv\/site\/2025\/02\/05\/atual-administracao-da-ulsam-em-funcoes-apesar-de-designada-nova-equipa\/","url":"https:\/\/www.altominho.tv\/site\/2025\/02\/05\/atual-administracao-da-ulsam-em-funcoes-apesar-de-designada-nova-equipa\/","name":"Atual administra\u00e7\u00e3o da ULSAM em fun\u00e7\u00f5es apesar de designada nova equipa","isPartOf":{"@id":"https:\/\/www.altominho.tv\/site\/#website"},"primaryImageOfPage":{"@id":"https:\/\/www.altominho.tv\/site\/2025\/02\/05\/atual-administracao-da-ulsam-em-funcoes-apesar-de-designada-nova-equipa\/#primaryimage"},"image":{"@id":"https:\/\/www.altominho.tv\/site\/2025\/02\/05\/atual-administracao-da-ulsam-em-funcoes-apesar-de-designada-nova-equipa\/#primaryimage"},"thumbnailUrl":"https:\/\/www.altominho.tv\/site\/wp-content\/uploads\/2025\/02\/ulsam.png","datePublished":"2025-02-05T09:18:59+00:00","dateModified":"2025-02-05T09:19:03+00:00","author":{"@id":"https:\/\/www.altominho.tv\/site\/#\/schema\/person\/63f693da3e1899361cbe955c46f3232e"},"description":"A administra\u00e7\u00e3o da Unidade do Local de Sa\u00fade do Alto Minho (ULSAM), presidida por Jo\u00e3o Porf\u00edrio Oliveira, mant\u00e9m-se em fun\u00e7\u00f5es, apesar de o Governo ter designado uma nova equipa, liderada por Jos\u00e9 Cardoso, para a substituir.","breadcrumb":{"@id":"https:\/\/www.altominho.tv\/site\/2025\/02\/05\/atual-administracao-da-ulsam-em-funcoes-apesar-de-designada-nova-equipa\/#breadcrumb"},"inLanguage":"pt-PT","potentialAction":[{"@type":"ReadAction","target":["https:\/\/www.altominho.tv\/site\/2025\/02\/05\/atual-administracao-da-ulsam-em-funcoes-apesar-de-designada-nova-equipa\/"]}]},{"@type":"ImageObject","inLanguage":"pt-PT","@id":"https:\/\/www.altominho.tv\/site\/2025\/02\/05\/atual-administracao-da-ulsam-em-funcoes-apesar-de-designada-nova-equipa\/#primaryimage","url":"https:\/\/www.altominho.tv\/site\/wp-content\/uploads\/2025\/02\/ulsam.png","contentUrl":"https:\/\/www.altominho.tv\/site\/wp-content\/uploads\/2025\/02\/ulsam.png","width":1200,"height":630},{"@type":"BreadcrumbList","@id":"https:\/\/www.altominho.tv\/site\/2025\/02\/05\/atual-administracao-da-ulsam-em-funcoes-apesar-de-designada-nova-equipa\/#breadcrumb","itemListElement":[{"@type":"ListItem","position":1,"name":"In\u00edcio","item":"https:\/\/www.altominho.tv\/site\/"},{"@type":"ListItem","position":2,"name":"Atual administra\u00e7\u00e3o da ULSAM em fun\u00e7\u00f5es apesar de designada nova equipa"}]},{"@type":"WebSite","@id":"https:\/\/www.altominho.tv\/site\/#website","url":"https:\/\/www.altominho.tv\/site\/","name":"Altominho.tv","description":"A sua regi\u00e3o \u00e0 dist\u00e2ncia de um clique...","potentialAction":[{"@type":"SearchAction","target":{"@type":"EntryPoint","urlTemplate":"https:\/\/www.altominho.tv\/site\/?s={search_term_string}"},"query-input":{"@type":"PropertyValueSpecification","valueRequired":true,"valueName":"search_term_string"}}],"inLanguage":"pt-PT"},{"@type":"Person","@id":"https:\/\/www.altominho.tv\/site\/#\/schema\/person\/63f693da3e1899361cbe955c46f3232e","name":"Lusa","image":{"@type":"ImageObject","inLanguage":"pt-PT","@id":"https:\/\/www.altominho.tv\/site\/wp-content\/uploads\/2019\/08\/LUSA_Logo.gif","url":"https:\/\/www.altominho.tv\/site\/wp-content\/uploads\/2019\/08\/LUSA_Logo.gif","contentUrl":"https:\/\/www.altominho.tv\/site\/wp-content\/uploads\/2019\/08\/LUSA_Logo.gif","caption":"Lusa"},"sameAs":["http:\/\/\/\/www.altominho.tv\/site"],"url":"https:\/\/www.altominho.tv\/site\/author\/lusa\/"}]}},"_links":{"self":[{"href":"https:\/\/www.altominho.tv\/site\/wp-json\/wp\/v2\/posts\/114495","targetHints":{"allow":["GET"]}}],"collection":[{"href":"https:\/\/www.altominho.tv\/site\/wp-json\/wp\/v2\/posts"}],"about":[{"href":"https:\/\/www.altominho.tv\/site\/wp-json\/wp\/v2\/types\/post"}],"author":[{"embeddable":true,"href":"https:\/\/www.altominho.tv\/site\/wp-json\/wp\/v2\/users\/13"}],"replies":[{"embeddable":true,"href":"https:\/\/www.altominho.tv\/site\/wp-json\/wp\/v2\/comments?post=114495"}],"version-history":[{"count":1,"href":"https:\/\/www.altominho.tv\/site\/wp-json\/wp\/v2\/posts\/114495\/revisions"}],"predecessor-version":[{"id":114496,"href":"https:\/\/www.altominho.tv\/site\/wp-json\/wp\/v2\/posts\/114495\/revisions\/114496"}],"wp:featuredmedia":[{"embeddable":true,"href":"https:\/\/www.altominho.tv\/site\/wp-json\/wp\/v2\/media\/114498"}],"wp:attachment":[{"href":"https:\/\/www.altominho.tv\/site\/wp-json\/wp\/v2\/media?parent=114495"}],"wp:term":[{"taxonomy":"category","embeddable":true,"href":"https:\/\/www.altominho.tv\/site\/wp-json\/wp\/v2\/categories?post=114495"},{"taxonomy":"post_tag","embeddable":true,"href":"https:\/\/www.altominho.tv\/site\/wp-json\/wp\/v2\/tags?post=114495"}],"curies":[{"name":"wp","href":"https:\/\/api.w.org\/{rel}","templated":true}]}}