{"id":114446,"date":"2025-02-03T18:36:24","date_gmt":"2025-02-03T18:36:24","guid":{"rendered":"https:\/\/www.altominho.tv\/site\/?p=114446"},"modified":"2025-02-03T21:36:56","modified_gmt":"2025-02-03T21:36:56","slug":"assistente-social-da-ulsam-suspenso-apos-processo-disciplinar-por-assedio-laboral","status":"publish","type":"post","link":"https:\/\/www.altominho.tv\/site\/2025\/02\/03\/assistente-social-da-ulsam-suspenso-apos-processo-disciplinar-por-assedio-laboral\/","title":{"rendered":"Assistente social da ULSAM suspenso ap\u00f3s processo disciplinar por ass\u00e9dio laboral"},"content":{"rendered":"<p>Um assistente social da Unidade Local de Sa\u00fade do Alto Minho (ULSAM) foi suspenso por 35 dias sem vencimento e remunera\u00e7\u00e3o ap\u00f3s um processo disciplinar por ass\u00e9dio laboral, revelam documentos a que a Lusa teve hoje acesso.<\/p>\n<p>O \u201ccomportamento desadequado\u201d do profissional daquela unidade de sa\u00fade \u201cprolongou-se por cinco anos\u201d e deu origem, no in\u00edcio de 2024, a uma queixa-crime apresentada pela v\u00edtima na PSP, bem como a um processo do Minist\u00e9rio P\u00fablico (MP) junto do Tribunal Judicial de Viana do Castelo, de acordo com a instru\u00e7\u00e3o do processo de inqu\u00e9rito interno consultada pela Lusa.<\/p>\n<p>No mesmo documento, a instrutora diz ter-se apercebido \u201cda exist\u00eancia de mais v\u00edtimas que n\u00e3o quiseram apresentar queixa formal\u201d, mas que testemunharam no \u00e2mbito do inqu\u00e9rito, nomeadamente uma ex-estagi\u00e1ria na ULSAM e a filha de uma doente que ali esteve internada, sendo que, com estas, houve \u201cuma tentativa de contacto f\u00edsico\u201d.<\/p>\n<p>As informa\u00e7\u00f5es surgem dois dias depois de a Lusa noticiar que o enfermeiro diretor designado pelo Governo para o novo conselho de administra\u00e7\u00e3o da ULSAM estava a ser alvo de um inqu\u00e9rito interno por ass\u00e9dio sexual em contexto laboral.<\/p>\n<p>Neste caso, o assistente social viu-lhe aplicada, no fim de novembro de 2024, uma \u201cpena de 35 dias de suspens\u00e3o, com perda de retribui\u00e7\u00e3o e antiguidade\u201d.<\/p>\n<p>Contactada pela Lusa, a ULSAM confirma que \u201cinstaurou um processo disciplinar ao funcion\u00e1rio em quest\u00e3o, depois de um processo de averigua\u00e7\u00f5es interno\u201d.<\/p>\n<p>\u201cNo fim do processo, foi aplicada a san\u00e7\u00e3o de 35 dias de suspens\u00e3o e a perda do respetivo vencimento e antiguidade. A suspens\u00e3o terminou a 06 de janeiro de 2025, tendo o colaborador voltado ao servi\u00e7o. N\u00e3o se verificaram at\u00e9 ao momento outras queixas sobre o funcion\u00e1rio mencionado\u201d, indica a ULSAM.<\/p>\n<p>A ULSAM acrescenta que, \u201cna face de den\u00fancias sobre o comportamento de colaboradores da institui\u00e7\u00e3o, tem diligenciado sempre a abertura de processos de averigua\u00e7\u00e3o e, quando justificado pelo apuramento dos factos, a aplica\u00e7\u00e3o das medidas previstas na lei\u201d.<\/p>\n<p>A ULSAM \u00e9 constitu\u00edda por dois hospitais: o de Santa Luzia, em Viana do Castelo, e o Conde de Bertiandos, em Ponte de Lima.<\/p>\n<p>Integra ainda 12 centros de sa\u00fade, uma unidade de sa\u00fade p\u00fablica e duas de convalescen\u00e7a, e serve uma popula\u00e7\u00e3o residente superior a 244 mil pessoas dos 10 concelhos do distrito de Viana do Castelo, e algumas popula\u00e7\u00f5es vizinhas do distrito de Braga.<\/p>\n<p>Em todas aquelas estruturas trabalham mais de 3.000 profissionais, dos quais cerca de 600 m\u00e9dicos e mais de 1.000 enfermeiros.<\/p>\n","protected":false},"excerpt":{"rendered":"<p>Um assistente social da Unidade Local de Sa\u00fade do Alto Minho (ULSAM) foi suspenso por 35 dias sem vencimento e remunera\u00e7\u00e3o ap\u00f3s um processo disciplinar por ass\u00e9dio laboral, revelam documentos a que a Lusa teve hoje acesso. O \u201ccomportamento desadequado\u201d do profissional daquela unidade de sa\u00fade \u201cprolongou-se por cinco anos\u201d e deu origem, no in\u00edcio [&hellip;]<\/p>\n","protected":false},"author":1,"featured_media":114447,"comment_status":"closed","ping_status":"closed","sticky":false,"template":"","format":"standard","meta":{"_exactmetrics_skip_tracking":false,"_exactmetrics_sitenote_active":false,"_exactmetrics_sitenote_note":"","_exactmetrics_sitenote_category":0,"footnotes":""},"categories":[73],"tags":[27],"class_list":["post-114446","post","type-post","status-publish","format-standard","has-post-thumbnail","hentry","category-alto-minho","tag-sociedade"],"yoast_head":"<!-- This site is optimized with the Yoast SEO Premium plugin v27.4 (Yoast SEO v27.4) - https:\/\/yoast.com\/product\/yoast-seo-premium-wordpress\/ -->\n<title>Assistente social da ULSAM suspenso ap\u00f3s processo disciplinar por ass\u00e9dio laboral<\/title>\n<meta name=\"robots\" content=\"index, follow, max-snippet:-1, max-image-preview:large, max-video-preview:-1\" \/>\n<link rel=\"canonical\" href=\"https:\/\/www.altominho.tv\/site\/2025\/02\/03\/assistente-social-da-ulsam-suspenso-apos-processo-disciplinar-por-assedio-laboral\/\" \/>\n<meta property=\"og:locale\" content=\"pt_PT\" \/>\n<meta property=\"og:type\" content=\"article\" \/>\n<meta property=\"og:title\" content=\"Assistente social da ULSAM suspenso ap\u00f3s processo disciplinar por ass\u00e9dio laboral\" \/>\n<meta property=\"og:description\" content=\"Um assistente social da Unidade Local de Sa\u00fade do Alto Minho (ULSAM) foi suspenso por 35 dias sem vencimento e remunera\u00e7\u00e3o ap\u00f3s um processo disciplinar por ass\u00e9dio laboral, revelam documentos a que a Lusa teve hoje acesso. O \u201ccomportamento desadequado\u201d do profissional daquela unidade de sa\u00fade \u201cprolongou-se por cinco anos\u201d e deu origem, no in\u00edcio [&hellip;]\" \/>\n<meta property=\"og:url\" content=\"https:\/\/www.altominho.tv\/site\/2025\/02\/03\/assistente-social-da-ulsam-suspenso-apos-processo-disciplinar-por-assedio-laboral\/\" \/>\n<meta property=\"og:site_name\" content=\"Altominho.tv\" \/>\n<meta property=\"article:publisher\" content=\"https:\/\/www.facebook.com\/altominhotv\" \/>\n<meta property=\"article:published_time\" content=\"2025-02-03T18:36:24+00:00\" \/>\n<meta property=\"article:modified_time\" content=\"2025-02-03T21:36:56+00:00\" \/>\n<meta property=\"og:image\" content=\"https:\/\/www.altominho.tv\/site\/wp-content\/uploads\/2025\/02\/BASE-FB-logo-Branco-1200-x-630-px.png\" \/>\n\t<meta property=\"og:image:width\" content=\"1200\" \/>\n\t<meta property=\"og:image:height\" content=\"630\" \/>\n\t<meta property=\"og:image:type\" content=\"image\/png\" \/>\n<meta name=\"author\" content=\"Altominho.tv\" \/>\n<meta name=\"twitter:card\" content=\"summary_large_image\" \/>\n<meta name=\"twitter:creator\" content=\"@altominhoTV\" \/>\n<meta name=\"twitter:site\" content=\"@altominhoTV\" \/>\n<meta name=\"twitter:label1\" content=\"Escrito por\" \/>\n\t<meta name=\"twitter:data1\" content=\"Altominho.tv\" \/>\n\t<meta name=\"twitter:label2\" content=\"Tempo estimado de leitura\" \/>\n\t<meta name=\"twitter:data2\" content=\"3 minutos\" \/>\n<script type=\"application\/ld+json\" class=\"yoast-schema-graph\">{\"@context\":\"https:\\\/\\\/schema.org\",\"@graph\":[{\"@type\":\"Article\",\"@id\":\"https:\\\/\\\/www.altominho.tv\\\/site\\\/2025\\\/02\\\/03\\\/assistente-social-da-ulsam-suspenso-apos-processo-disciplinar-por-assedio-laboral\\\/#article\",\"isPartOf\":{\"@id\":\"https:\\\/\\\/www.altominho.tv\\\/site\\\/2025\\\/02\\\/03\\\/assistente-social-da-ulsam-suspenso-apos-processo-disciplinar-por-assedio-laboral\\\/\"},\"author\":{\"name\":\"Altominho.tv\",\"@id\":\"https:\\\/\\\/www.altominho.tv\\\/site\\\/#\\\/schema\\\/person\\\/4e536851627d7914baf3dac752b6af22\"},\"headline\":\"Assistente social da ULSAM suspenso ap\u00f3s processo disciplinar por ass\u00e9dio laboral\",\"datePublished\":\"2025-02-03T18:36:24+00:00\",\"dateModified\":\"2025-02-03T21:36:56+00:00\",\"mainEntityOfPage\":{\"@id\":\"https:\\\/\\\/www.altominho.tv\\\/site\\\/2025\\\/02\\\/03\\\/assistente-social-da-ulsam-suspenso-apos-processo-disciplinar-por-assedio-laboral\\\/\"},\"wordCount\":451,\"image\":{\"@id\":\"https:\\\/\\\/www.altominho.tv\\\/site\\\/2025\\\/02\\\/03\\\/assistente-social-da-ulsam-suspenso-apos-processo-disciplinar-por-assedio-laboral\\\/#primaryimage\"},\"thumbnailUrl\":\"https:\\\/\\\/www.altominho.tv\\\/site\\\/wp-content\\\/uploads\\\/2025\\\/02\\\/BASE-FB-logo-Branco-1200-x-630-px.png\",\"keywords\":[\"Sociedade\"],\"articleSection\":[\"Alto Minho\"],\"inLanguage\":\"pt-PT\",\"copyrightYear\":\"2025\",\"copyrightHolder\":{\"@id\":\"https:\\\/\\\/www.altominho.tv\\\/site\\\/#organization\"}},{\"@type\":\"WebPage\",\"@id\":\"https:\\\/\\\/www.altominho.tv\\\/site\\\/2025\\\/02\\\/03\\\/assistente-social-da-ulsam-suspenso-apos-processo-disciplinar-por-assedio-laboral\\\/\",\"url\":\"https:\\\/\\\/www.altominho.tv\\\/site\\\/2025\\\/02\\\/03\\\/assistente-social-da-ulsam-suspenso-apos-processo-disciplinar-por-assedio-laboral\\\/\",\"name\":\"Assistente social da ULSAM suspenso ap\u00f3s processo disciplinar por ass\u00e9dio laboral\",\"isPartOf\":{\"@id\":\"https:\\\/\\\/www.altominho.tv\\\/site\\\/#website\"},\"primaryImageOfPage\":{\"@id\":\"https:\\\/\\\/www.altominho.tv\\\/site\\\/2025\\\/02\\\/03\\\/assistente-social-da-ulsam-suspenso-apos-processo-disciplinar-por-assedio-laboral\\\/#primaryimage\"},\"image\":{\"@id\":\"https:\\\/\\\/www.altominho.tv\\\/site\\\/2025\\\/02\\\/03\\\/assistente-social-da-ulsam-suspenso-apos-processo-disciplinar-por-assedio-laboral\\\/#primaryimage\"},\"thumbnailUrl\":\"https:\\\/\\\/www.altominho.tv\\\/site\\\/wp-content\\\/uploads\\\/2025\\\/02\\\/BASE-FB-logo-Branco-1200-x-630-px.png\",\"datePublished\":\"2025-02-03T18:36:24+00:00\",\"dateModified\":\"2025-02-03T21:36:56+00:00\",\"author\":{\"@id\":\"https:\\\/\\\/www.altominho.tv\\\/site\\\/#\\\/schema\\\/person\\\/4e536851627d7914baf3dac752b6af22\"},\"breadcrumb\":{\"@id\":\"https:\\\/\\\/www.altominho.tv\\\/site\\\/2025\\\/02\\\/03\\\/assistente-social-da-ulsam-suspenso-apos-processo-disciplinar-por-assedio-laboral\\\/#breadcrumb\"},\"inLanguage\":\"pt-PT\",\"potentialAction\":[{\"@type\":\"ReadAction\",\"target\":[\"https:\\\/\\\/www.altominho.tv\\\/site\\\/2025\\\/02\\\/03\\\/assistente-social-da-ulsam-suspenso-apos-processo-disciplinar-por-assedio-laboral\\\/\"]}]},{\"@type\":\"ImageObject\",\"inLanguage\":\"pt-PT\",\"@id\":\"https:\\\/\\\/www.altominho.tv\\\/site\\\/2025\\\/02\\\/03\\\/assistente-social-da-ulsam-suspenso-apos-processo-disciplinar-por-assedio-laboral\\\/#primaryimage\",\"url\":\"https:\\\/\\\/www.altominho.tv\\\/site\\\/wp-content\\\/uploads\\\/2025\\\/02\\\/BASE-FB-logo-Branco-1200-x-630-px.png\",\"contentUrl\":\"https:\\\/\\\/www.altominho.tv\\\/site\\\/wp-content\\\/uploads\\\/2025\\\/02\\\/BASE-FB-logo-Branco-1200-x-630-px.png\",\"width\":1200,\"height\":630},{\"@type\":\"BreadcrumbList\",\"@id\":\"https:\\\/\\\/www.altominho.tv\\\/site\\\/2025\\\/02\\\/03\\\/assistente-social-da-ulsam-suspenso-apos-processo-disciplinar-por-assedio-laboral\\\/#breadcrumb\",\"itemListElement\":[{\"@type\":\"ListItem\",\"position\":1,\"name\":\"In\u00edcio\",\"item\":\"https:\\\/\\\/www.altominho.tv\\\/site\\\/\"},{\"@type\":\"ListItem\",\"position\":2,\"name\":\"Assistente social da ULSAM suspenso ap\u00f3s processo disciplinar por ass\u00e9dio laboral\"}]},{\"@type\":\"WebSite\",\"@id\":\"https:\\\/\\\/www.altominho.tv\\\/site\\\/#website\",\"url\":\"https:\\\/\\\/www.altominho.tv\\\/site\\\/\",\"name\":\"Altominho.tv\",\"description\":\"A sua regi\u00e3o \u00e0 dist\u00e2ncia de um clique...\",\"potentialAction\":[{\"@type\":\"SearchAction\",\"target\":{\"@type\":\"EntryPoint\",\"urlTemplate\":\"https:\\\/\\\/www.altominho.tv\\\/site\\\/?s={search_term_string}\"},\"query-input\":{\"@type\":\"PropertyValueSpecification\",\"valueRequired\":true,\"valueName\":\"search_term_string\"}}],\"inLanguage\":\"pt-PT\"},{\"@type\":\"Person\",\"@id\":\"https:\\\/\\\/www.altominho.tv\\\/site\\\/#\\\/schema\\\/person\\\/4e536851627d7914baf3dac752b6af22\",\"name\":\"Altominho.tv\",\"image\":{\"@type\":\"ImageObject\",\"inLanguage\":\"pt-PT\",\"@id\":\"https:\\\/\\\/www.altominho.tv\\\/site\\\/wp-content\\\/uploads\\\/2019\\\/11\\\/Logo_Avatar_2-150x150.jpg\",\"url\":\"https:\\\/\\\/www.altominho.tv\\\/site\\\/wp-content\\\/uploads\\\/2019\\\/11\\\/Logo_Avatar_2-150x150.jpg\",\"contentUrl\":\"https:\\\/\\\/www.altominho.tv\\\/site\\\/wp-content\\\/uploads\\\/2019\\\/11\\\/Logo_Avatar_2-150x150.jpg\",\"caption\":\"Altominho.tv\"},\"url\":\"https:\\\/\\\/www.altominho.tv\\\/site\\\/author\\\/altominhotv-tecnico\\\/\"}]}<\/script>\n<!-- \/ Yoast SEO Premium plugin. -->","yoast_head_json":{"title":"Assistente social da ULSAM suspenso ap\u00f3s processo disciplinar por ass\u00e9dio laboral","robots":{"index":"index","follow":"follow","max-snippet":"max-snippet:-1","max-image-preview":"max-image-preview:large","max-video-preview":"max-video-preview:-1"},"canonical":"https:\/\/www.altominho.tv\/site\/2025\/02\/03\/assistente-social-da-ulsam-suspenso-apos-processo-disciplinar-por-assedio-laboral\/","og_locale":"pt_PT","og_type":"article","og_title":"Assistente social da ULSAM suspenso ap\u00f3s processo disciplinar por ass\u00e9dio laboral","og_description":"Um assistente social da Unidade Local de Sa\u00fade do Alto Minho (ULSAM) foi suspenso por 35 dias sem vencimento e remunera\u00e7\u00e3o ap\u00f3s um processo disciplinar por ass\u00e9dio laboral, revelam documentos a que a Lusa teve hoje acesso. O \u201ccomportamento desadequado\u201d do profissional daquela unidade de sa\u00fade \u201cprolongou-se por cinco anos\u201d e deu origem, no in\u00edcio [&hellip;]","og_url":"https:\/\/www.altominho.tv\/site\/2025\/02\/03\/assistente-social-da-ulsam-suspenso-apos-processo-disciplinar-por-assedio-laboral\/","og_site_name":"Altominho.tv","article_publisher":"https:\/\/www.facebook.com\/altominhotv","article_published_time":"2025-02-03T18:36:24+00:00","article_modified_time":"2025-02-03T21:36:56+00:00","og_image":[{"width":1200,"height":630,"url":"https:\/\/www.altominho.tv\/site\/wp-content\/uploads\/2025\/02\/BASE-FB-logo-Branco-1200-x-630-px.png","type":"image\/png"}],"author":"Altominho.tv","twitter_card":"summary_large_image","twitter_creator":"@altominhoTV","twitter_site":"@altominhoTV","twitter_misc":{"Escrito por":"Altominho.tv","Tempo estimado de leitura":"3 minutos"},"schema":{"@context":"https:\/\/schema.org","@graph":[{"@type":"Article","@id":"https:\/\/www.altominho.tv\/site\/2025\/02\/03\/assistente-social-da-ulsam-suspenso-apos-processo-disciplinar-por-assedio-laboral\/#article","isPartOf":{"@id":"https:\/\/www.altominho.tv\/site\/2025\/02\/03\/assistente-social-da-ulsam-suspenso-apos-processo-disciplinar-por-assedio-laboral\/"},"author":{"name":"Altominho.tv","@id":"https:\/\/www.altominho.tv\/site\/#\/schema\/person\/4e536851627d7914baf3dac752b6af22"},"headline":"Assistente social da ULSAM suspenso ap\u00f3s processo disciplinar por ass\u00e9dio laboral","datePublished":"2025-02-03T18:36:24+00:00","dateModified":"2025-02-03T21:36:56+00:00","mainEntityOfPage":{"@id":"https:\/\/www.altominho.tv\/site\/2025\/02\/03\/assistente-social-da-ulsam-suspenso-apos-processo-disciplinar-por-assedio-laboral\/"},"wordCount":451,"image":{"@id":"https:\/\/www.altominho.tv\/site\/2025\/02\/03\/assistente-social-da-ulsam-suspenso-apos-processo-disciplinar-por-assedio-laboral\/#primaryimage"},"thumbnailUrl":"https:\/\/www.altominho.tv\/site\/wp-content\/uploads\/2025\/02\/BASE-FB-logo-Branco-1200-x-630-px.png","keywords":["Sociedade"],"articleSection":["Alto Minho"],"inLanguage":"pt-PT","copyrightYear":"2025","copyrightHolder":{"@id":"https:\/\/www.altominho.tv\/site\/#organization"}},{"@type":"WebPage","@id":"https:\/\/www.altominho.tv\/site\/2025\/02\/03\/assistente-social-da-ulsam-suspenso-apos-processo-disciplinar-por-assedio-laboral\/","url":"https:\/\/www.altominho.tv\/site\/2025\/02\/03\/assistente-social-da-ulsam-suspenso-apos-processo-disciplinar-por-assedio-laboral\/","name":"Assistente social da ULSAM suspenso ap\u00f3s processo disciplinar por ass\u00e9dio laboral","isPartOf":{"@id":"https:\/\/www.altominho.tv\/site\/#website"},"primaryImageOfPage":{"@id":"https:\/\/www.altominho.tv\/site\/2025\/02\/03\/assistente-social-da-ulsam-suspenso-apos-processo-disciplinar-por-assedio-laboral\/#primaryimage"},"image":{"@id":"https:\/\/www.altominho.tv\/site\/2025\/02\/03\/assistente-social-da-ulsam-suspenso-apos-processo-disciplinar-por-assedio-laboral\/#primaryimage"},"thumbnailUrl":"https:\/\/www.altominho.tv\/site\/wp-content\/uploads\/2025\/02\/BASE-FB-logo-Branco-1200-x-630-px.png","datePublished":"2025-02-03T18:36:24+00:00","dateModified":"2025-02-03T21:36:56+00:00","author":{"@id":"https:\/\/www.altominho.tv\/site\/#\/schema\/person\/4e536851627d7914baf3dac752b6af22"},"breadcrumb":{"@id":"https:\/\/www.altominho.tv\/site\/2025\/02\/03\/assistente-social-da-ulsam-suspenso-apos-processo-disciplinar-por-assedio-laboral\/#breadcrumb"},"inLanguage":"pt-PT","potentialAction":[{"@type":"ReadAction","target":["https:\/\/www.altominho.tv\/site\/2025\/02\/03\/assistente-social-da-ulsam-suspenso-apos-processo-disciplinar-por-assedio-laboral\/"]}]},{"@type":"ImageObject","inLanguage":"pt-PT","@id":"https:\/\/www.altominho.tv\/site\/2025\/02\/03\/assistente-social-da-ulsam-suspenso-apos-processo-disciplinar-por-assedio-laboral\/#primaryimage","url":"https:\/\/www.altominho.tv\/site\/wp-content\/uploads\/2025\/02\/BASE-FB-logo-Branco-1200-x-630-px.png","contentUrl":"https:\/\/www.altominho.tv\/site\/wp-content\/uploads\/2025\/02\/BASE-FB-logo-Branco-1200-x-630-px.png","width":1200,"height":630},{"@type":"BreadcrumbList","@id":"https:\/\/www.altominho.tv\/site\/2025\/02\/03\/assistente-social-da-ulsam-suspenso-apos-processo-disciplinar-por-assedio-laboral\/#breadcrumb","itemListElement":[{"@type":"ListItem","position":1,"name":"In\u00edcio","item":"https:\/\/www.altominho.tv\/site\/"},{"@type":"ListItem","position":2,"name":"Assistente social da ULSAM suspenso ap\u00f3s processo disciplinar por ass\u00e9dio laboral"}]},{"@type":"WebSite","@id":"https:\/\/www.altominho.tv\/site\/#website","url":"https:\/\/www.altominho.tv\/site\/","name":"Altominho.tv","description":"A sua regi\u00e3o \u00e0 dist\u00e2ncia de um clique...","potentialAction":[{"@type":"SearchAction","target":{"@type":"EntryPoint","urlTemplate":"https:\/\/www.altominho.tv\/site\/?s={search_term_string}"},"query-input":{"@type":"PropertyValueSpecification","valueRequired":true,"valueName":"search_term_string"}}],"inLanguage":"pt-PT"},{"@type":"Person","@id":"https:\/\/www.altominho.tv\/site\/#\/schema\/person\/4e536851627d7914baf3dac752b6af22","name":"Altominho.tv","image":{"@type":"ImageObject","inLanguage":"pt-PT","@id":"https:\/\/www.altominho.tv\/site\/wp-content\/uploads\/2019\/11\/Logo_Avatar_2-150x150.jpg","url":"https:\/\/www.altominho.tv\/site\/wp-content\/uploads\/2019\/11\/Logo_Avatar_2-150x150.jpg","contentUrl":"https:\/\/www.altominho.tv\/site\/wp-content\/uploads\/2019\/11\/Logo_Avatar_2-150x150.jpg","caption":"Altominho.tv"},"url":"https:\/\/www.altominho.tv\/site\/author\/altominhotv-tecnico\/"}]}},"_links":{"self":[{"href":"https:\/\/www.altominho.tv\/site\/wp-json\/wp\/v2\/posts\/114446","targetHints":{"allow":["GET"]}}],"collection":[{"href":"https:\/\/www.altominho.tv\/site\/wp-json\/wp\/v2\/posts"}],"about":[{"href":"https:\/\/www.altominho.tv\/site\/wp-json\/wp\/v2\/types\/post"}],"author":[{"embeddable":true,"href":"https:\/\/www.altominho.tv\/site\/wp-json\/wp\/v2\/users\/1"}],"replies":[{"embeddable":true,"href":"https:\/\/www.altominho.tv\/site\/wp-json\/wp\/v2\/comments?post=114446"}],"version-history":[{"count":1,"href":"https:\/\/www.altominho.tv\/site\/wp-json\/wp\/v2\/posts\/114446\/revisions"}],"predecessor-version":[{"id":114448,"href":"https:\/\/www.altominho.tv\/site\/wp-json\/wp\/v2\/posts\/114446\/revisions\/114448"}],"wp:featuredmedia":[{"embeddable":true,"href":"https:\/\/www.altominho.tv\/site\/wp-json\/wp\/v2\/media\/114447"}],"wp:attachment":[{"href":"https:\/\/www.altominho.tv\/site\/wp-json\/wp\/v2\/media?parent=114446"}],"wp:term":[{"taxonomy":"category","embeddable":true,"href":"https:\/\/www.altominho.tv\/site\/wp-json\/wp\/v2\/categories?post=114446"},{"taxonomy":"post_tag","embeddable":true,"href":"https:\/\/www.altominho.tv\/site\/wp-json\/wp\/v2\/tags?post=114446"}],"curies":[{"name":"wp","href":"https:\/\/api.w.org\/{rel}","templated":true}]}}