{"id":114398,"date":"2025-02-03T09:08:24","date_gmt":"2025-02-03T09:08:24","guid":{"rendered":"https:\/\/www.altominho.tv\/site\/?p=114398"},"modified":"2025-02-03T09:10:26","modified_gmt":"2025-02-03T09:10:26","slug":"campanha-taxa-zero-ao-volante-arranca-terca-feira","status":"publish","type":"post","link":"https:\/\/www.altominho.tv\/site\/2025\/02\/03\/campanha-taxa-zero-ao-volante-arranca-terca-feira\/","title":{"rendered":"Campanha &#8220;Taxa Zero ao Volante&#8221; arranca ter\u00e7a-feira"},"content":{"rendered":"<p>A Autoridade Nacional de Seguran\u00e7a Rodovi\u00e1ria (ANSR), a GNR e a PSP lan\u00e7am na ter\u00e7a-feira a campanha de Seguran\u00e7a Rodovi\u00e1ria \u201cTaxa Zero ao Volante\u201d, que visa alertar para os riscos da condu\u00e7\u00e3o sob influ\u00eancia do \u00e1lcool.<\/p>\n<p>Em comunicado, as autoridades recordam que em Portugal, em 2023, um em cada quatro condutores mortos em acidentes de via\u00e7\u00e3o apresentava uma taxa de \u00e1lcool no sangue igual ou superior a 0,5 g\/l e tr\u00eas em cada quatro destes condutores tinham uma taxa igual ou superior a 1,2 g\/l.<\/p>\n<p>\u201cDo total das v\u00edtimas de acidentes de via\u00e7\u00e3o autopsiadas, 23% apresentavam uma taxa de \u00e1lcool no sangue superior ao limite legalmente permitido, das quais 73% excediam a taxa considerada crime (\u22651,20 g\/l)\u201d, \u00e9 referido na nota.<\/p>\n<p>A campanha \u201cTaxa Zero ao Volante\u201d, que come\u00e7a na ter\u00e7a-feira e se prolonga at\u00e9 segunda-feira, inclui a\u00e7\u00f5es de sensibiliza\u00e7\u00e3o da ANSR e opera\u00e7\u00f5es de fiscaliza\u00e7\u00e3o, pela GNR e pela PSP, referem as autoridades.<\/p>\n<p>As a\u00e7\u00f5es de sensibiliza\u00e7\u00e3o decorrem em conjunto com as opera\u00e7\u00f5es de fiscaliza\u00e7\u00e3o programadas para a Estrada Nacional 3 em Areosa (Viana do Castelo), Estrada Nacional 13, em S\u00e3o Pedro da Torre (Viana do Castelo), Estrada Nacional 18 em Castelo Branco e na Autoestrada 2, junto ao Parque especial Norte, sentido norte\/sul, em Lisboa.<\/p>\n<p>Na nota, a ANSR, a GNR e a PSP lembram que com uma taxa de \u00e1lcool no sangue de 0,5 gramas por litro, o risco de sofrer um acidente grave ou mortal duplica.<\/p>\n<p>De acordo com aquelas entidades, conduzir sob o efeito do \u00e1lcool causa v\u00e1rias perturba\u00e7\u00f5es ao n\u00edvel cognitivo e do processamento de informa\u00e7\u00e3o, bem como altera\u00e7\u00f5es na capacidade de reagir aos imprevistos, e descoordena\u00e7\u00e3o motora.<\/p>\n","protected":false},"excerpt":{"rendered":"<p>A Autoridade Nacional de Seguran\u00e7a Rodovi\u00e1ria (ANSR), a GNR e a PSP lan\u00e7am na ter\u00e7a-feira a campanha de Seguran\u00e7a Rodovi\u00e1ria \u201cTaxa Zero ao Volante\u201d, que visa alertar para os riscos da condu\u00e7\u00e3o sob influ\u00eancia do \u00e1lcool. Em comunicado, as autoridades recordam que em Portugal, em 2023, um em cada quatro condutores mortos em acidentes de [&hellip;]<\/p>\n","protected":false},"author":13,"featured_media":114399,"comment_status":"closed","ping_status":"closed","sticky":false,"template":"","format":"standard","meta":{"_exactmetrics_skip_tracking":false,"_exactmetrics_sitenote_active":false,"_exactmetrics_sitenote_note":"","_exactmetrics_sitenote_category":0,"footnotes":""},"categories":[56325],"tags":[27],"class_list":["post-114398","post","type-post","status-publish","format-standard","has-post-thumbnail","hentry","category-pais","tag-sociedade"],"yoast_head":"<!-- This site is optimized with the Yoast SEO Premium plugin v27.4 (Yoast SEO v27.4) - https:\/\/yoast.com\/product\/yoast-seo-premium-wordpress\/ -->\n<title>Campanha &quot;Taxa Zero ao Volante&quot; arranca ter\u00e7a-feira<\/title>\n<meta name=\"description\" content=\"A Autoridade Nacional de Seguran\u00e7a Rodovi\u00e1ria (ANSR), a GNR e a PSP lan\u00e7am na ter\u00e7a-feira a campanha de Seguran\u00e7a Rodovi\u00e1ria \u201cTaxa Zero ao Volante\u201d\" \/>\n<meta name=\"robots\" content=\"index, follow, max-snippet:-1, max-image-preview:large, max-video-preview:-1\" \/>\n<link rel=\"canonical\" href=\"https:\/\/www.altominho.tv\/site\/2025\/02\/03\/campanha-taxa-zero-ao-volante-arranca-terca-feira\/\" \/>\n<meta property=\"og:locale\" content=\"pt_PT\" \/>\n<meta property=\"og:type\" content=\"article\" \/>\n<meta property=\"og:title\" content=\"Campanha &quot;Taxa Zero ao Volante&quot; arranca ter\u00e7a-feira\" \/>\n<meta property=\"og:description\" content=\"A Autoridade Nacional de Seguran\u00e7a Rodovi\u00e1ria (ANSR), a GNR e a PSP lan\u00e7am na ter\u00e7a-feira a campanha de Seguran\u00e7a Rodovi\u00e1ria \u201cTaxa Zero ao Volante\u201d\" \/>\n<meta property=\"og:url\" content=\"https:\/\/www.altominho.tv\/site\/2025\/02\/03\/campanha-taxa-zero-ao-volante-arranca-terca-feira\/\" \/>\n<meta property=\"og:site_name\" content=\"Altominho.tv\" \/>\n<meta property=\"article:publisher\" content=\"https:\/\/www.facebook.com\/altominhotv\" \/>\n<meta property=\"article:published_time\" content=\"2025-02-03T09:08:24+00:00\" \/>\n<meta property=\"article:modified_time\" content=\"2025-02-03T09:10:26+00:00\" \/>\n<meta property=\"og:image\" content=\"https:\/\/www.altominho.tv\/site\/wp-content\/uploads\/2025\/02\/Taxa-Zero-Pais.png\" \/>\n\t<meta property=\"og:image:width\" content=\"1200\" \/>\n\t<meta property=\"og:image:height\" content=\"630\" \/>\n\t<meta property=\"og:image:type\" content=\"image\/png\" \/>\n<meta name=\"author\" content=\"Lusa\" \/>\n<meta name=\"twitter:card\" content=\"summary_large_image\" \/>\n<meta name=\"twitter:creator\" content=\"@altominhoTV\" \/>\n<meta name=\"twitter:site\" content=\"@altominhoTV\" \/>\n<meta name=\"twitter:label1\" content=\"Escrito por\" \/>\n\t<meta name=\"twitter:data1\" content=\"Lusa\" \/>\n\t<meta name=\"twitter:label2\" content=\"Tempo estimado de leitura\" \/>\n\t<meta name=\"twitter:data2\" content=\"2 minutos\" \/>\n<script type=\"application\/ld+json\" class=\"yoast-schema-graph\">{\"@context\":\"https:\\\/\\\/schema.org\",\"@graph\":[{\"@type\":\"Article\",\"@id\":\"https:\\\/\\\/www.altominho.tv\\\/site\\\/2025\\\/02\\\/03\\\/campanha-taxa-zero-ao-volante-arranca-terca-feira\\\/#article\",\"isPartOf\":{\"@id\":\"https:\\\/\\\/www.altominho.tv\\\/site\\\/2025\\\/02\\\/03\\\/campanha-taxa-zero-ao-volante-arranca-terca-feira\\\/\"},\"author\":{\"name\":\"Lusa\",\"@id\":\"https:\\\/\\\/www.altominho.tv\\\/site\\\/#\\\/schema\\\/person\\\/63f693da3e1899361cbe955c46f3232e\"},\"headline\":\"Campanha &#8220;Taxa Zero ao Volante&#8221; arranca ter\u00e7a-feira\",\"datePublished\":\"2025-02-03T09:08:24+00:00\",\"dateModified\":\"2025-02-03T09:10:26+00:00\",\"mainEntityOfPage\":{\"@id\":\"https:\\\/\\\/www.altominho.tv\\\/site\\\/2025\\\/02\\\/03\\\/campanha-taxa-zero-ao-volante-arranca-terca-feira\\\/\"},\"wordCount\":303,\"image\":{\"@id\":\"https:\\\/\\\/www.altominho.tv\\\/site\\\/2025\\\/02\\\/03\\\/campanha-taxa-zero-ao-volante-arranca-terca-feira\\\/#primaryimage\"},\"thumbnailUrl\":\"https:\\\/\\\/www.altominho.tv\\\/site\\\/wp-content\\\/uploads\\\/2025\\\/02\\\/Taxa-Zero-Pais.png\",\"keywords\":[\"Sociedade\"],\"articleSection\":[\"Pa\u00eds\"],\"inLanguage\":\"pt-PT\",\"copyrightYear\":\"2025\",\"copyrightHolder\":{\"@id\":\"https:\\\/\\\/www.altominho.tv\\\/site\\\/#organization\"}},{\"@type\":\"WebPage\",\"@id\":\"https:\\\/\\\/www.altominho.tv\\\/site\\\/2025\\\/02\\\/03\\\/campanha-taxa-zero-ao-volante-arranca-terca-feira\\\/\",\"url\":\"https:\\\/\\\/www.altominho.tv\\\/site\\\/2025\\\/02\\\/03\\\/campanha-taxa-zero-ao-volante-arranca-terca-feira\\\/\",\"name\":\"Campanha \\\"Taxa Zero ao Volante\\\" arranca ter\u00e7a-feira\",\"isPartOf\":{\"@id\":\"https:\\\/\\\/www.altominho.tv\\\/site\\\/#website\"},\"primaryImageOfPage\":{\"@id\":\"https:\\\/\\\/www.altominho.tv\\\/site\\\/2025\\\/02\\\/03\\\/campanha-taxa-zero-ao-volante-arranca-terca-feira\\\/#primaryimage\"},\"image\":{\"@id\":\"https:\\\/\\\/www.altominho.tv\\\/site\\\/2025\\\/02\\\/03\\\/campanha-taxa-zero-ao-volante-arranca-terca-feira\\\/#primaryimage\"},\"thumbnailUrl\":\"https:\\\/\\\/www.altominho.tv\\\/site\\\/wp-content\\\/uploads\\\/2025\\\/02\\\/Taxa-Zero-Pais.png\",\"datePublished\":\"2025-02-03T09:08:24+00:00\",\"dateModified\":\"2025-02-03T09:10:26+00:00\",\"author\":{\"@id\":\"https:\\\/\\\/www.altominho.tv\\\/site\\\/#\\\/schema\\\/person\\\/63f693da3e1899361cbe955c46f3232e\"},\"description\":\"A Autoridade Nacional de Seguran\u00e7a Rodovi\u00e1ria (ANSR), a GNR e a PSP lan\u00e7am na ter\u00e7a-feira a campanha de Seguran\u00e7a Rodovi\u00e1ria \u201cTaxa Zero ao Volante\u201d\",\"breadcrumb\":{\"@id\":\"https:\\\/\\\/www.altominho.tv\\\/site\\\/2025\\\/02\\\/03\\\/campanha-taxa-zero-ao-volante-arranca-terca-feira\\\/#breadcrumb\"},\"inLanguage\":\"pt-PT\",\"potentialAction\":[{\"@type\":\"ReadAction\",\"target\":[\"https:\\\/\\\/www.altominho.tv\\\/site\\\/2025\\\/02\\\/03\\\/campanha-taxa-zero-ao-volante-arranca-terca-feira\\\/\"]}]},{\"@type\":\"ImageObject\",\"inLanguage\":\"pt-PT\",\"@id\":\"https:\\\/\\\/www.altominho.tv\\\/site\\\/2025\\\/02\\\/03\\\/campanha-taxa-zero-ao-volante-arranca-terca-feira\\\/#primaryimage\",\"url\":\"https:\\\/\\\/www.altominho.tv\\\/site\\\/wp-content\\\/uploads\\\/2025\\\/02\\\/Taxa-Zero-Pais.png\",\"contentUrl\":\"https:\\\/\\\/www.altominho.tv\\\/site\\\/wp-content\\\/uploads\\\/2025\\\/02\\\/Taxa-Zero-Pais.png\",\"width\":1200,\"height\":630},{\"@type\":\"BreadcrumbList\",\"@id\":\"https:\\\/\\\/www.altominho.tv\\\/site\\\/2025\\\/02\\\/03\\\/campanha-taxa-zero-ao-volante-arranca-terca-feira\\\/#breadcrumb\",\"itemListElement\":[{\"@type\":\"ListItem\",\"position\":1,\"name\":\"In\u00edcio\",\"item\":\"https:\\\/\\\/www.altominho.tv\\\/site\\\/\"},{\"@type\":\"ListItem\",\"position\":2,\"name\":\"Campanha &#8220;Taxa Zero ao Volante&#8221; arranca ter\u00e7a-feira\"}]},{\"@type\":\"WebSite\",\"@id\":\"https:\\\/\\\/www.altominho.tv\\\/site\\\/#website\",\"url\":\"https:\\\/\\\/www.altominho.tv\\\/site\\\/\",\"name\":\"Altominho.tv\",\"description\":\"A sua regi\u00e3o \u00e0 dist\u00e2ncia de um clique...\",\"potentialAction\":[{\"@type\":\"SearchAction\",\"target\":{\"@type\":\"EntryPoint\",\"urlTemplate\":\"https:\\\/\\\/www.altominho.tv\\\/site\\\/?s={search_term_string}\"},\"query-input\":{\"@type\":\"PropertyValueSpecification\",\"valueRequired\":true,\"valueName\":\"search_term_string\"}}],\"inLanguage\":\"pt-PT\"},{\"@type\":\"Person\",\"@id\":\"https:\\\/\\\/www.altominho.tv\\\/site\\\/#\\\/schema\\\/person\\\/63f693da3e1899361cbe955c46f3232e\",\"name\":\"Lusa\",\"image\":{\"@type\":\"ImageObject\",\"inLanguage\":\"pt-PT\",\"@id\":\"https:\\\/\\\/www.altominho.tv\\\/site\\\/wp-content\\\/uploads\\\/2019\\\/08\\\/LUSA_Logo.gif\",\"url\":\"https:\\\/\\\/www.altominho.tv\\\/site\\\/wp-content\\\/uploads\\\/2019\\\/08\\\/LUSA_Logo.gif\",\"contentUrl\":\"https:\\\/\\\/www.altominho.tv\\\/site\\\/wp-content\\\/uploads\\\/2019\\\/08\\\/LUSA_Logo.gif\",\"caption\":\"Lusa\"},\"sameAs\":[\"http:\\\/\\\/\\\/\\\/www.altominho.tv\\\/site\"],\"url\":\"https:\\\/\\\/www.altominho.tv\\\/site\\\/author\\\/lusa\\\/\"}]}<\/script>\n<!-- \/ Yoast SEO Premium plugin. -->","yoast_head_json":{"title":"Campanha \"Taxa Zero ao Volante\" arranca ter\u00e7a-feira","description":"A Autoridade Nacional de Seguran\u00e7a Rodovi\u00e1ria (ANSR), a GNR e a PSP lan\u00e7am na ter\u00e7a-feira a campanha de Seguran\u00e7a Rodovi\u00e1ria \u201cTaxa Zero ao Volante\u201d","robots":{"index":"index","follow":"follow","max-snippet":"max-snippet:-1","max-image-preview":"max-image-preview:large","max-video-preview":"max-video-preview:-1"},"canonical":"https:\/\/www.altominho.tv\/site\/2025\/02\/03\/campanha-taxa-zero-ao-volante-arranca-terca-feira\/","og_locale":"pt_PT","og_type":"article","og_title":"Campanha \"Taxa Zero ao Volante\" arranca ter\u00e7a-feira","og_description":"A Autoridade Nacional de Seguran\u00e7a Rodovi\u00e1ria (ANSR), a GNR e a PSP lan\u00e7am na ter\u00e7a-feira a campanha de Seguran\u00e7a Rodovi\u00e1ria \u201cTaxa Zero ao Volante\u201d","og_url":"https:\/\/www.altominho.tv\/site\/2025\/02\/03\/campanha-taxa-zero-ao-volante-arranca-terca-feira\/","og_site_name":"Altominho.tv","article_publisher":"https:\/\/www.facebook.com\/altominhotv","article_published_time":"2025-02-03T09:08:24+00:00","article_modified_time":"2025-02-03T09:10:26+00:00","og_image":[{"width":1200,"height":630,"url":"https:\/\/www.altominho.tv\/site\/wp-content\/uploads\/2025\/02\/Taxa-Zero-Pais.png","type":"image\/png"}],"author":"Lusa","twitter_card":"summary_large_image","twitter_creator":"@altominhoTV","twitter_site":"@altominhoTV","twitter_misc":{"Escrito por":"Lusa","Tempo estimado de leitura":"2 minutos"},"schema":{"@context":"https:\/\/schema.org","@graph":[{"@type":"Article","@id":"https:\/\/www.altominho.tv\/site\/2025\/02\/03\/campanha-taxa-zero-ao-volante-arranca-terca-feira\/#article","isPartOf":{"@id":"https:\/\/www.altominho.tv\/site\/2025\/02\/03\/campanha-taxa-zero-ao-volante-arranca-terca-feira\/"},"author":{"name":"Lusa","@id":"https:\/\/www.altominho.tv\/site\/#\/schema\/person\/63f693da3e1899361cbe955c46f3232e"},"headline":"Campanha &#8220;Taxa Zero ao Volante&#8221; arranca ter\u00e7a-feira","datePublished":"2025-02-03T09:08:24+00:00","dateModified":"2025-02-03T09:10:26+00:00","mainEntityOfPage":{"@id":"https:\/\/www.altominho.tv\/site\/2025\/02\/03\/campanha-taxa-zero-ao-volante-arranca-terca-feira\/"},"wordCount":303,"image":{"@id":"https:\/\/www.altominho.tv\/site\/2025\/02\/03\/campanha-taxa-zero-ao-volante-arranca-terca-feira\/#primaryimage"},"thumbnailUrl":"https:\/\/www.altominho.tv\/site\/wp-content\/uploads\/2025\/02\/Taxa-Zero-Pais.png","keywords":["Sociedade"],"articleSection":["Pa\u00eds"],"inLanguage":"pt-PT","copyrightYear":"2025","copyrightHolder":{"@id":"https:\/\/www.altominho.tv\/site\/#organization"}},{"@type":"WebPage","@id":"https:\/\/www.altominho.tv\/site\/2025\/02\/03\/campanha-taxa-zero-ao-volante-arranca-terca-feira\/","url":"https:\/\/www.altominho.tv\/site\/2025\/02\/03\/campanha-taxa-zero-ao-volante-arranca-terca-feira\/","name":"Campanha \"Taxa Zero ao Volante\" arranca ter\u00e7a-feira","isPartOf":{"@id":"https:\/\/www.altominho.tv\/site\/#website"},"primaryImageOfPage":{"@id":"https:\/\/www.altominho.tv\/site\/2025\/02\/03\/campanha-taxa-zero-ao-volante-arranca-terca-feira\/#primaryimage"},"image":{"@id":"https:\/\/www.altominho.tv\/site\/2025\/02\/03\/campanha-taxa-zero-ao-volante-arranca-terca-feira\/#primaryimage"},"thumbnailUrl":"https:\/\/www.altominho.tv\/site\/wp-content\/uploads\/2025\/02\/Taxa-Zero-Pais.png","datePublished":"2025-02-03T09:08:24+00:00","dateModified":"2025-02-03T09:10:26+00:00","author":{"@id":"https:\/\/www.altominho.tv\/site\/#\/schema\/person\/63f693da3e1899361cbe955c46f3232e"},"description":"A Autoridade Nacional de Seguran\u00e7a Rodovi\u00e1ria (ANSR), a GNR e a PSP lan\u00e7am na ter\u00e7a-feira a campanha de Seguran\u00e7a Rodovi\u00e1ria \u201cTaxa Zero ao Volante\u201d","breadcrumb":{"@id":"https:\/\/www.altominho.tv\/site\/2025\/02\/03\/campanha-taxa-zero-ao-volante-arranca-terca-feira\/#breadcrumb"},"inLanguage":"pt-PT","potentialAction":[{"@type":"ReadAction","target":["https:\/\/www.altominho.tv\/site\/2025\/02\/03\/campanha-taxa-zero-ao-volante-arranca-terca-feira\/"]}]},{"@type":"ImageObject","inLanguage":"pt-PT","@id":"https:\/\/www.altominho.tv\/site\/2025\/02\/03\/campanha-taxa-zero-ao-volante-arranca-terca-feira\/#primaryimage","url":"https:\/\/www.altominho.tv\/site\/wp-content\/uploads\/2025\/02\/Taxa-Zero-Pais.png","contentUrl":"https:\/\/www.altominho.tv\/site\/wp-content\/uploads\/2025\/02\/Taxa-Zero-Pais.png","width":1200,"height":630},{"@type":"BreadcrumbList","@id":"https:\/\/www.altominho.tv\/site\/2025\/02\/03\/campanha-taxa-zero-ao-volante-arranca-terca-feira\/#breadcrumb","itemListElement":[{"@type":"ListItem","position":1,"name":"In\u00edcio","item":"https:\/\/www.altominho.tv\/site\/"},{"@type":"ListItem","position":2,"name":"Campanha &#8220;Taxa Zero ao Volante&#8221; arranca ter\u00e7a-feira"}]},{"@type":"WebSite","@id":"https:\/\/www.altominho.tv\/site\/#website","url":"https:\/\/www.altominho.tv\/site\/","name":"Altominho.tv","description":"A sua regi\u00e3o \u00e0 dist\u00e2ncia de um clique...","potentialAction":[{"@type":"SearchAction","target":{"@type":"EntryPoint","urlTemplate":"https:\/\/www.altominho.tv\/site\/?s={search_term_string}"},"query-input":{"@type":"PropertyValueSpecification","valueRequired":true,"valueName":"search_term_string"}}],"inLanguage":"pt-PT"},{"@type":"Person","@id":"https:\/\/www.altominho.tv\/site\/#\/schema\/person\/63f693da3e1899361cbe955c46f3232e","name":"Lusa","image":{"@type":"ImageObject","inLanguage":"pt-PT","@id":"https:\/\/www.altominho.tv\/site\/wp-content\/uploads\/2019\/08\/LUSA_Logo.gif","url":"https:\/\/www.altominho.tv\/site\/wp-content\/uploads\/2019\/08\/LUSA_Logo.gif","contentUrl":"https:\/\/www.altominho.tv\/site\/wp-content\/uploads\/2019\/08\/LUSA_Logo.gif","caption":"Lusa"},"sameAs":["http:\/\/\/\/www.altominho.tv\/site"],"url":"https:\/\/www.altominho.tv\/site\/author\/lusa\/"}]}},"_links":{"self":[{"href":"https:\/\/www.altominho.tv\/site\/wp-json\/wp\/v2\/posts\/114398","targetHints":{"allow":["GET"]}}],"collection":[{"href":"https:\/\/www.altominho.tv\/site\/wp-json\/wp\/v2\/posts"}],"about":[{"href":"https:\/\/www.altominho.tv\/site\/wp-json\/wp\/v2\/types\/post"}],"author":[{"embeddable":true,"href":"https:\/\/www.altominho.tv\/site\/wp-json\/wp\/v2\/users\/13"}],"replies":[{"embeddable":true,"href":"https:\/\/www.altominho.tv\/site\/wp-json\/wp\/v2\/comments?post=114398"}],"version-history":[{"count":2,"href":"https:\/\/www.altominho.tv\/site\/wp-json\/wp\/v2\/posts\/114398\/revisions"}],"predecessor-version":[{"id":114403,"href":"https:\/\/www.altominho.tv\/site\/wp-json\/wp\/v2\/posts\/114398\/revisions\/114403"}],"wp:featuredmedia":[{"embeddable":true,"href":"https:\/\/www.altominho.tv\/site\/wp-json\/wp\/v2\/media\/114399"}],"wp:attachment":[{"href":"https:\/\/www.altominho.tv\/site\/wp-json\/wp\/v2\/media?parent=114398"}],"wp:term":[{"taxonomy":"category","embeddable":true,"href":"https:\/\/www.altominho.tv\/site\/wp-json\/wp\/v2\/categories?post=114398"},{"taxonomy":"post_tag","embeddable":true,"href":"https:\/\/www.altominho.tv\/site\/wp-json\/wp\/v2\/tags?post=114398"}],"curies":[{"name":"wp","href":"https:\/\/api.w.org\/{rel}","templated":true}]}}