{"id":114377,"date":"2025-02-01T19:17:54","date_gmt":"2025-02-01T19:17:54","guid":{"rendered":"https:\/\/www.altominho.tv\/site\/?p=114377"},"modified":"2025-02-01T19:27:22","modified_gmt":"2025-02-01T19:27:22","slug":"enfermeiro-diretor-designado-para-a-ulsam-diz-desconhecer-queixa-por-assedio-sexual","status":"publish","type":"post","link":"https:\/\/www.altominho.tv\/site\/2025\/02\/01\/enfermeiro-diretor-designado-para-a-ulsam-diz-desconhecer-queixa-por-assedio-sexual\/","title":{"rendered":"Enfermeiro diretor designado para a ULSAM diz desconhecer queixa por ass\u00e9dio sexual"},"content":{"rendered":"<p>O enfermeiro designado pelo Governo para o novo conselho de administra\u00e7\u00e3o da Unidade de Sa\u00fade Local do Alto Minho (ULSAM) disse desconhecer qualquer inqu\u00e9rito contra si por ass\u00e9dio sexual e que estranha o momento da sua divulga\u00e7\u00e3o.<\/p>\n<p>Numa nota divulgada ontem \u00e0 noite pelos advogados do enfermeiro, \u00e9 referido que Lu\u00eds Garcia <strong>\u201cdesconhece a instaura\u00e7\u00e3o de qualquer inqu\u00e9rito interno por ass\u00e9dio sexual em contexto laboral\u201d<\/strong>, acrescentando que <strong>\u201cnunca foi notificado\u201d<\/strong>.<\/p>\n<p>\u201c[Lu\u00eds Garcia] Estranha o momento de divulga\u00e7\u00e3o da referida revela\u00e7\u00e3o levada a cabo pelo conselho de administra\u00e7\u00e3o, um dia ap\u00f3s a sua <a href=\"\/\/www.altominho.tv\/site\/2025\/01\/31\/novo-presidente-da-ulsam-quer-fortalecer-sns-e-melhorar-cuidados-a-populacao\/\">designa\u00e7\u00e3o para o novo conselho de administra\u00e7\u00e3o da Unidade de Sa\u00fade Local do Alto Minho<\/a>\u201d, pode ler-se.<\/p>\n<p>Os advogados destacam ainda que <strong>\u201co visado nega terminantemente a pr\u00e1tica de quaisquer atos que possam consubstanciar a pr\u00e1tica de ass\u00e9dio sexual em contexto laboral\u201d<\/strong>.<\/p>\n<p>Em declara\u00e7\u00f5es feitas \u00e0 SIC Not\u00edcias ap\u00f3s a Lusa ter noticiado que o enfermeiro foi alvo de uma queixa por ass\u00e9dio sexual em contexto laboral, na ULSAM, Lu\u00eds Garcia disse estar a ser &#8220;alvo de uma cabala&#8221;, colocando \u00e0 disposi\u00e7\u00e3o o lugar de enfermeiro diretor para o qual tinha sido designado na quinta-feira pelo Governo.<\/p>\n<p>Contactado pela Lusa, o rec\u00e9m-nomeado presidente do Conselho de Administra\u00e7\u00e3o da ULSAM, Jos\u00e9 Cardoso, disse ter sabido pela comunica\u00e7\u00e3o social da queixa de ass\u00e9dio sexual contra o enfermeiro, bem como da decis\u00e3o deste em colocar o lugar \u00e0 disposi\u00e7\u00e3o.<\/p>\n<p>A Lusa noticiou na sexta-feira que o enfermeiro diretor designado pelo Governo para o novo conselho de administra\u00e7\u00e3o da ULSAM est\u00e1 a ser alvo de um <a href=\"\/\/www.altominho.tv\/site\/2025\/01\/31\/enfermeiro-diretor-da-nova-administracao-da-ulsam-alvo-de-inquerito-por-assedio-sexual\/\">inqu\u00e9rito interno por ass\u00e9dio sexual em contexto laboral<\/a>, segundo confirmou a pr\u00f3pria ULSAM.<\/p>\n<p>&#8220;Tendo em conta a gravidade das alega\u00e7\u00f5es e a responsabilidade da institui\u00e7\u00e3o no apuramento dos factos, foi esta quinta-feira instaurado um processo de inqu\u00e9rito interno com car\u00e1ter de urg\u00eancia&#8221;, adianta a ULSAM, numa resposta escrita enviada a Lusa.<\/p>\n<p>A informa\u00e7\u00e3o foi dada em resposta a quest\u00f5es da Lusa sobre a queixa de uma m\u00e9dica por ass\u00e9dio sexual alegadamente cometido por Lu\u00eds Garcia, atualmente enfermeiro no hospital de Ponte de Lima, distrito de Viana do Castelo, e que na quinta-feira foi designado em Conselho de Ministros para um mandato de tr\u00eas anos como enfermeiro diretor do novo conselho de administra\u00e7\u00e3o da ULSAM.<\/p>\n<p>&#8220;A ULSAM confirma ter recebido uma den\u00fancia sobre o profissional de sa\u00fade em quest\u00e3o&#8221;, indica a ULSAM na resposta \u00e0 Lusa.<\/p>\n<p>Foi &#8220;nomeado um instrutor externo \u00e0 institui\u00e7\u00e3o para acompanhar o processo&#8221;, acrescentou a ULSAM.<\/p>\n<p>A unidade de sa\u00fade manifestou-se ainda dispon\u00edvel para prestar &#8220;toda a colabora\u00e7\u00e3o que as autoridades judiciais entendam necess\u00e1ria no \u00e2mbito do processo em curso&#8221;.<br \/>\nTamb\u00e9m na PSP de Viana do Castelo confirma ter recebido, na quarta-feira, uma queixa por ass\u00e9dio sexual numa unidade de sa\u00fade.<\/p>\n<p>Fonte oficial do Comando da PSP de Viana do Castelo disse \u00e0 Lusa que foi apresentada &#8220;uma queixa, de uma mulher contra um homem, por ass\u00e9dio sexual praticado em contexto laboral numa unidade de sa\u00fade de Ponte de Lima&#8221;.<\/p>\n<p>A ULSAM \u00e9 constitu\u00edda por dois hospitais: o de Santa Luzia, em Viana do Castelo, e o Conde de Bertiandos, em Ponte de Lima.<\/p>\n<p>Integra ainda 12 centros de sa\u00fade, uma unidade de sa\u00fade p\u00fablica e duas de convalescen\u00e7a, e serve uma popula\u00e7\u00e3o residente superior a 244 mil pessoas dos dez concelhos do distrito de Viana do Castelo, e algumas popula\u00e7\u00f5es vizinhas do distrito de Braga.<\/p>\n<p>Em todas aquelas estruturas trabalham mais de 2.500 profissionais, dos quais cerca de 500 m\u00e9dicos e mais de 800 enfermeiros.<\/p>\n","protected":false},"excerpt":{"rendered":"<p>O enfermeiro designado pelo Governo para o novo conselho de administra\u00e7\u00e3o da Unidade de Sa\u00fade Local do Alto Minho (ULSAM) disse desconhecer qualquer inqu\u00e9rito contra si por ass\u00e9dio sexual e que estranha o momento da sua divulga\u00e7\u00e3o. Numa nota divulgada ontem \u00e0 noite pelos advogados do enfermeiro, \u00e9 referido que Lu\u00eds Garcia \u201cdesconhece a instaura\u00e7\u00e3o [&hellip;]<\/p>\n","protected":false},"author":13,"featured_media":114378,"comment_status":"closed","ping_status":"closed","sticky":false,"template":"","format":"standard","meta":{"_exactmetrics_skip_tracking":false,"_exactmetrics_sitenote_active":false,"_exactmetrics_sitenote_note":"","_exactmetrics_sitenote_category":0,"footnotes":""},"categories":[73],"tags":[26,27],"class_list":["post-114377","post","type-post","status-publish","format-standard","has-post-thumbnail","hentry","category-alto-minho","tag-saude","tag-sociedade"],"yoast_head":"<!-- This site is optimized with the Yoast SEO Premium plugin v27.4 (Yoast SEO v27.4) - https:\/\/yoast.com\/product\/yoast-seo-premium-wordpress\/ -->\n<title>Enfermeiro diretor designado para a ULSAM diz desconhecer queixa por ass\u00e9dio sexual<\/title>\n<meta name=\"robots\" content=\"index, follow, max-snippet:-1, max-image-preview:large, max-video-preview:-1\" \/>\n<link rel=\"canonical\" href=\"https:\/\/www.altominho.tv\/site\/2025\/02\/01\/enfermeiro-diretor-designado-para-a-ulsam-diz-desconhecer-queixa-por-assedio-sexual\/\" \/>\n<meta property=\"og:locale\" content=\"pt_PT\" \/>\n<meta property=\"og:type\" content=\"article\" \/>\n<meta property=\"og:title\" content=\"Enfermeiro diretor designado para a ULSAM diz desconhecer queixa por ass\u00e9dio sexual\" \/>\n<meta property=\"og:description\" content=\"O enfermeiro designado pelo Governo para o novo conselho de administra\u00e7\u00e3o da Unidade de Sa\u00fade Local do Alto Minho (ULSAM) disse desconhecer qualquer inqu\u00e9rito contra si por ass\u00e9dio sexual e que estranha o momento da sua divulga\u00e7\u00e3o. Numa nota divulgada ontem \u00e0 noite pelos advogados do enfermeiro, \u00e9 referido que Lu\u00eds Garcia \u201cdesconhece a instaura\u00e7\u00e3o [&hellip;]\" \/>\n<meta property=\"og:url\" content=\"https:\/\/www.altominho.tv\/site\/2025\/02\/01\/enfermeiro-diretor-designado-para-a-ulsam-diz-desconhecer-queixa-por-assedio-sexual\/\" \/>\n<meta property=\"og:site_name\" content=\"Altominho.tv\" \/>\n<meta property=\"article:publisher\" content=\"https:\/\/www.facebook.com\/altominhotv\" \/>\n<meta property=\"article:published_time\" content=\"2025-02-01T19:17:54+00:00\" \/>\n<meta property=\"article:modified_time\" content=\"2025-02-01T19:27:22+00:00\" \/>\n<meta property=\"og:image\" content=\"https:\/\/www.altominho.tv\/site\/wp-content\/uploads\/2025\/02\/Enfermeiro_desconhece_queixa_assedio.jpg\" \/>\n\t<meta property=\"og:image:width\" content=\"1200\" \/>\n\t<meta property=\"og:image:height\" content=\"630\" \/>\n\t<meta property=\"og:image:type\" content=\"image\/jpeg\" \/>\n<meta name=\"author\" content=\"Lusa\" \/>\n<meta name=\"twitter:card\" content=\"summary_large_image\" \/>\n<meta name=\"twitter:creator\" content=\"@altominhoTV\" \/>\n<meta name=\"twitter:site\" content=\"@altominhoTV\" \/>\n<meta name=\"twitter:label1\" content=\"Escrito por\" \/>\n\t<meta name=\"twitter:data1\" content=\"Lusa\" \/>\n\t<meta name=\"twitter:label2\" content=\"Tempo estimado de leitura\" \/>\n\t<meta name=\"twitter:data2\" content=\"4 minutos\" \/>\n<script type=\"application\/ld+json\" class=\"yoast-schema-graph\">{\"@context\":\"https:\\\/\\\/schema.org\",\"@graph\":[{\"@type\":\"Article\",\"@id\":\"https:\\\/\\\/www.altominho.tv\\\/site\\\/2025\\\/02\\\/01\\\/enfermeiro-diretor-designado-para-a-ulsam-diz-desconhecer-queixa-por-assedio-sexual\\\/#article\",\"isPartOf\":{\"@id\":\"https:\\\/\\\/www.altominho.tv\\\/site\\\/2025\\\/02\\\/01\\\/enfermeiro-diretor-designado-para-a-ulsam-diz-desconhecer-queixa-por-assedio-sexual\\\/\"},\"author\":{\"name\":\"Lusa\",\"@id\":\"https:\\\/\\\/www.altominho.tv\\\/site\\\/#\\\/schema\\\/person\\\/63f693da3e1899361cbe955c46f3232e\"},\"headline\":\"Enfermeiro diretor designado para a ULSAM diz desconhecer queixa por ass\u00e9dio sexual\",\"datePublished\":\"2025-02-01T19:17:54+00:00\",\"dateModified\":\"2025-02-01T19:27:22+00:00\",\"mainEntityOfPage\":{\"@id\":\"https:\\\/\\\/www.altominho.tv\\\/site\\\/2025\\\/02\\\/01\\\/enfermeiro-diretor-designado-para-a-ulsam-diz-desconhecer-queixa-por-assedio-sexual\\\/\"},\"wordCount\":641,\"image\":{\"@id\":\"https:\\\/\\\/www.altominho.tv\\\/site\\\/2025\\\/02\\\/01\\\/enfermeiro-diretor-designado-para-a-ulsam-diz-desconhecer-queixa-por-assedio-sexual\\\/#primaryimage\"},\"thumbnailUrl\":\"https:\\\/\\\/www.altominho.tv\\\/site\\\/wp-content\\\/uploads\\\/2025\\\/02\\\/Enfermeiro_desconhece_queixa_assedio.jpg\",\"keywords\":[\"Sa\u00fade\",\"Sociedade\"],\"articleSection\":[\"Alto Minho\"],\"inLanguage\":\"pt-PT\",\"copyrightYear\":\"2025\",\"copyrightHolder\":{\"@id\":\"https:\\\/\\\/www.altominho.tv\\\/site\\\/#organization\"}},{\"@type\":\"WebPage\",\"@id\":\"https:\\\/\\\/www.altominho.tv\\\/site\\\/2025\\\/02\\\/01\\\/enfermeiro-diretor-designado-para-a-ulsam-diz-desconhecer-queixa-por-assedio-sexual\\\/\",\"url\":\"https:\\\/\\\/www.altominho.tv\\\/site\\\/2025\\\/02\\\/01\\\/enfermeiro-diretor-designado-para-a-ulsam-diz-desconhecer-queixa-por-assedio-sexual\\\/\",\"name\":\"Enfermeiro diretor designado para a ULSAM diz desconhecer queixa por ass\u00e9dio sexual\",\"isPartOf\":{\"@id\":\"https:\\\/\\\/www.altominho.tv\\\/site\\\/#website\"},\"primaryImageOfPage\":{\"@id\":\"https:\\\/\\\/www.altominho.tv\\\/site\\\/2025\\\/02\\\/01\\\/enfermeiro-diretor-designado-para-a-ulsam-diz-desconhecer-queixa-por-assedio-sexual\\\/#primaryimage\"},\"image\":{\"@id\":\"https:\\\/\\\/www.altominho.tv\\\/site\\\/2025\\\/02\\\/01\\\/enfermeiro-diretor-designado-para-a-ulsam-diz-desconhecer-queixa-por-assedio-sexual\\\/#primaryimage\"},\"thumbnailUrl\":\"https:\\\/\\\/www.altominho.tv\\\/site\\\/wp-content\\\/uploads\\\/2025\\\/02\\\/Enfermeiro_desconhece_queixa_assedio.jpg\",\"datePublished\":\"2025-02-01T19:17:54+00:00\",\"dateModified\":\"2025-02-01T19:27:22+00:00\",\"author\":{\"@id\":\"https:\\\/\\\/www.altominho.tv\\\/site\\\/#\\\/schema\\\/person\\\/63f693da3e1899361cbe955c46f3232e\"},\"breadcrumb\":{\"@id\":\"https:\\\/\\\/www.altominho.tv\\\/site\\\/2025\\\/02\\\/01\\\/enfermeiro-diretor-designado-para-a-ulsam-diz-desconhecer-queixa-por-assedio-sexual\\\/#breadcrumb\"},\"inLanguage\":\"pt-PT\",\"potentialAction\":[{\"@type\":\"ReadAction\",\"target\":[\"https:\\\/\\\/www.altominho.tv\\\/site\\\/2025\\\/02\\\/01\\\/enfermeiro-diretor-designado-para-a-ulsam-diz-desconhecer-queixa-por-assedio-sexual\\\/\"]}]},{\"@type\":\"ImageObject\",\"inLanguage\":\"pt-PT\",\"@id\":\"https:\\\/\\\/www.altominho.tv\\\/site\\\/2025\\\/02\\\/01\\\/enfermeiro-diretor-designado-para-a-ulsam-diz-desconhecer-queixa-por-assedio-sexual\\\/#primaryimage\",\"url\":\"https:\\\/\\\/www.altominho.tv\\\/site\\\/wp-content\\\/uploads\\\/2025\\\/02\\\/Enfermeiro_desconhece_queixa_assedio.jpg\",\"contentUrl\":\"https:\\\/\\\/www.altominho.tv\\\/site\\\/wp-content\\\/uploads\\\/2025\\\/02\\\/Enfermeiro_desconhece_queixa_assedio.jpg\",\"width\":1200,\"height\":630},{\"@type\":\"BreadcrumbList\",\"@id\":\"https:\\\/\\\/www.altominho.tv\\\/site\\\/2025\\\/02\\\/01\\\/enfermeiro-diretor-designado-para-a-ulsam-diz-desconhecer-queixa-por-assedio-sexual\\\/#breadcrumb\",\"itemListElement\":[{\"@type\":\"ListItem\",\"position\":1,\"name\":\"In\u00edcio\",\"item\":\"https:\\\/\\\/www.altominho.tv\\\/site\\\/\"},{\"@type\":\"ListItem\",\"position\":2,\"name\":\"Enfermeiro diretor designado para a ULSAM diz desconhecer queixa por ass\u00e9dio sexual\"}]},{\"@type\":\"WebSite\",\"@id\":\"https:\\\/\\\/www.altominho.tv\\\/site\\\/#website\",\"url\":\"https:\\\/\\\/www.altominho.tv\\\/site\\\/\",\"name\":\"Altominho.tv\",\"description\":\"A sua regi\u00e3o \u00e0 dist\u00e2ncia de um clique...\",\"potentialAction\":[{\"@type\":\"SearchAction\",\"target\":{\"@type\":\"EntryPoint\",\"urlTemplate\":\"https:\\\/\\\/www.altominho.tv\\\/site\\\/?s={search_term_string}\"},\"query-input\":{\"@type\":\"PropertyValueSpecification\",\"valueRequired\":true,\"valueName\":\"search_term_string\"}}],\"inLanguage\":\"pt-PT\"},{\"@type\":\"Person\",\"@id\":\"https:\\\/\\\/www.altominho.tv\\\/site\\\/#\\\/schema\\\/person\\\/63f693da3e1899361cbe955c46f3232e\",\"name\":\"Lusa\",\"image\":{\"@type\":\"ImageObject\",\"inLanguage\":\"pt-PT\",\"@id\":\"https:\\\/\\\/www.altominho.tv\\\/site\\\/wp-content\\\/uploads\\\/2019\\\/08\\\/LUSA_Logo.gif\",\"url\":\"https:\\\/\\\/www.altominho.tv\\\/site\\\/wp-content\\\/uploads\\\/2019\\\/08\\\/LUSA_Logo.gif\",\"contentUrl\":\"https:\\\/\\\/www.altominho.tv\\\/site\\\/wp-content\\\/uploads\\\/2019\\\/08\\\/LUSA_Logo.gif\",\"caption\":\"Lusa\"},\"sameAs\":[\"http:\\\/\\\/\\\/\\\/www.altominho.tv\\\/site\"],\"url\":\"https:\\\/\\\/www.altominho.tv\\\/site\\\/author\\\/lusa\\\/\"}]}<\/script>\n<!-- \/ Yoast SEO Premium plugin. -->","yoast_head_json":{"title":"Enfermeiro diretor designado para a ULSAM diz desconhecer queixa por ass\u00e9dio sexual","robots":{"index":"index","follow":"follow","max-snippet":"max-snippet:-1","max-image-preview":"max-image-preview:large","max-video-preview":"max-video-preview:-1"},"canonical":"https:\/\/www.altominho.tv\/site\/2025\/02\/01\/enfermeiro-diretor-designado-para-a-ulsam-diz-desconhecer-queixa-por-assedio-sexual\/","og_locale":"pt_PT","og_type":"article","og_title":"Enfermeiro diretor designado para a ULSAM diz desconhecer queixa por ass\u00e9dio sexual","og_description":"O enfermeiro designado pelo Governo para o novo conselho de administra\u00e7\u00e3o da Unidade de Sa\u00fade Local do Alto Minho (ULSAM) disse desconhecer qualquer inqu\u00e9rito contra si por ass\u00e9dio sexual e que estranha o momento da sua divulga\u00e7\u00e3o. Numa nota divulgada ontem \u00e0 noite pelos advogados do enfermeiro, \u00e9 referido que Lu\u00eds Garcia \u201cdesconhece a instaura\u00e7\u00e3o [&hellip;]","og_url":"https:\/\/www.altominho.tv\/site\/2025\/02\/01\/enfermeiro-diretor-designado-para-a-ulsam-diz-desconhecer-queixa-por-assedio-sexual\/","og_site_name":"Altominho.tv","article_publisher":"https:\/\/www.facebook.com\/altominhotv","article_published_time":"2025-02-01T19:17:54+00:00","article_modified_time":"2025-02-01T19:27:22+00:00","og_image":[{"width":1200,"height":630,"url":"https:\/\/www.altominho.tv\/site\/wp-content\/uploads\/2025\/02\/Enfermeiro_desconhece_queixa_assedio.jpg","type":"image\/jpeg"}],"author":"Lusa","twitter_card":"summary_large_image","twitter_creator":"@altominhoTV","twitter_site":"@altominhoTV","twitter_misc":{"Escrito por":"Lusa","Tempo estimado de leitura":"4 minutos"},"schema":{"@context":"https:\/\/schema.org","@graph":[{"@type":"Article","@id":"https:\/\/www.altominho.tv\/site\/2025\/02\/01\/enfermeiro-diretor-designado-para-a-ulsam-diz-desconhecer-queixa-por-assedio-sexual\/#article","isPartOf":{"@id":"https:\/\/www.altominho.tv\/site\/2025\/02\/01\/enfermeiro-diretor-designado-para-a-ulsam-diz-desconhecer-queixa-por-assedio-sexual\/"},"author":{"name":"Lusa","@id":"https:\/\/www.altominho.tv\/site\/#\/schema\/person\/63f693da3e1899361cbe955c46f3232e"},"headline":"Enfermeiro diretor designado para a ULSAM diz desconhecer queixa por ass\u00e9dio sexual","datePublished":"2025-02-01T19:17:54+00:00","dateModified":"2025-02-01T19:27:22+00:00","mainEntityOfPage":{"@id":"https:\/\/www.altominho.tv\/site\/2025\/02\/01\/enfermeiro-diretor-designado-para-a-ulsam-diz-desconhecer-queixa-por-assedio-sexual\/"},"wordCount":641,"image":{"@id":"https:\/\/www.altominho.tv\/site\/2025\/02\/01\/enfermeiro-diretor-designado-para-a-ulsam-diz-desconhecer-queixa-por-assedio-sexual\/#primaryimage"},"thumbnailUrl":"https:\/\/www.altominho.tv\/site\/wp-content\/uploads\/2025\/02\/Enfermeiro_desconhece_queixa_assedio.jpg","keywords":["Sa\u00fade","Sociedade"],"articleSection":["Alto Minho"],"inLanguage":"pt-PT","copyrightYear":"2025","copyrightHolder":{"@id":"https:\/\/www.altominho.tv\/site\/#organization"}},{"@type":"WebPage","@id":"https:\/\/www.altominho.tv\/site\/2025\/02\/01\/enfermeiro-diretor-designado-para-a-ulsam-diz-desconhecer-queixa-por-assedio-sexual\/","url":"https:\/\/www.altominho.tv\/site\/2025\/02\/01\/enfermeiro-diretor-designado-para-a-ulsam-diz-desconhecer-queixa-por-assedio-sexual\/","name":"Enfermeiro diretor designado para a ULSAM diz desconhecer queixa por ass\u00e9dio sexual","isPartOf":{"@id":"https:\/\/www.altominho.tv\/site\/#website"},"primaryImageOfPage":{"@id":"https:\/\/www.altominho.tv\/site\/2025\/02\/01\/enfermeiro-diretor-designado-para-a-ulsam-diz-desconhecer-queixa-por-assedio-sexual\/#primaryimage"},"image":{"@id":"https:\/\/www.altominho.tv\/site\/2025\/02\/01\/enfermeiro-diretor-designado-para-a-ulsam-diz-desconhecer-queixa-por-assedio-sexual\/#primaryimage"},"thumbnailUrl":"https:\/\/www.altominho.tv\/site\/wp-content\/uploads\/2025\/02\/Enfermeiro_desconhece_queixa_assedio.jpg","datePublished":"2025-02-01T19:17:54+00:00","dateModified":"2025-02-01T19:27:22+00:00","author":{"@id":"https:\/\/www.altominho.tv\/site\/#\/schema\/person\/63f693da3e1899361cbe955c46f3232e"},"breadcrumb":{"@id":"https:\/\/www.altominho.tv\/site\/2025\/02\/01\/enfermeiro-diretor-designado-para-a-ulsam-diz-desconhecer-queixa-por-assedio-sexual\/#breadcrumb"},"inLanguage":"pt-PT","potentialAction":[{"@type":"ReadAction","target":["https:\/\/www.altominho.tv\/site\/2025\/02\/01\/enfermeiro-diretor-designado-para-a-ulsam-diz-desconhecer-queixa-por-assedio-sexual\/"]}]},{"@type":"ImageObject","inLanguage":"pt-PT","@id":"https:\/\/www.altominho.tv\/site\/2025\/02\/01\/enfermeiro-diretor-designado-para-a-ulsam-diz-desconhecer-queixa-por-assedio-sexual\/#primaryimage","url":"https:\/\/www.altominho.tv\/site\/wp-content\/uploads\/2025\/02\/Enfermeiro_desconhece_queixa_assedio.jpg","contentUrl":"https:\/\/www.altominho.tv\/site\/wp-content\/uploads\/2025\/02\/Enfermeiro_desconhece_queixa_assedio.jpg","width":1200,"height":630},{"@type":"BreadcrumbList","@id":"https:\/\/www.altominho.tv\/site\/2025\/02\/01\/enfermeiro-diretor-designado-para-a-ulsam-diz-desconhecer-queixa-por-assedio-sexual\/#breadcrumb","itemListElement":[{"@type":"ListItem","position":1,"name":"In\u00edcio","item":"https:\/\/www.altominho.tv\/site\/"},{"@type":"ListItem","position":2,"name":"Enfermeiro diretor designado para a ULSAM diz desconhecer queixa por ass\u00e9dio sexual"}]},{"@type":"WebSite","@id":"https:\/\/www.altominho.tv\/site\/#website","url":"https:\/\/www.altominho.tv\/site\/","name":"Altominho.tv","description":"A sua regi\u00e3o \u00e0 dist\u00e2ncia de um clique...","potentialAction":[{"@type":"SearchAction","target":{"@type":"EntryPoint","urlTemplate":"https:\/\/www.altominho.tv\/site\/?s={search_term_string}"},"query-input":{"@type":"PropertyValueSpecification","valueRequired":true,"valueName":"search_term_string"}}],"inLanguage":"pt-PT"},{"@type":"Person","@id":"https:\/\/www.altominho.tv\/site\/#\/schema\/person\/63f693da3e1899361cbe955c46f3232e","name":"Lusa","image":{"@type":"ImageObject","inLanguage":"pt-PT","@id":"https:\/\/www.altominho.tv\/site\/wp-content\/uploads\/2019\/08\/LUSA_Logo.gif","url":"https:\/\/www.altominho.tv\/site\/wp-content\/uploads\/2019\/08\/LUSA_Logo.gif","contentUrl":"https:\/\/www.altominho.tv\/site\/wp-content\/uploads\/2019\/08\/LUSA_Logo.gif","caption":"Lusa"},"sameAs":["http:\/\/\/\/www.altominho.tv\/site"],"url":"https:\/\/www.altominho.tv\/site\/author\/lusa\/"}]}},"_links":{"self":[{"href":"https:\/\/www.altominho.tv\/site\/wp-json\/wp\/v2\/posts\/114377","targetHints":{"allow":["GET"]}}],"collection":[{"href":"https:\/\/www.altominho.tv\/site\/wp-json\/wp\/v2\/posts"}],"about":[{"href":"https:\/\/www.altominho.tv\/site\/wp-json\/wp\/v2\/types\/post"}],"author":[{"embeddable":true,"href":"https:\/\/www.altominho.tv\/site\/wp-json\/wp\/v2\/users\/13"}],"replies":[{"embeddable":true,"href":"https:\/\/www.altominho.tv\/site\/wp-json\/wp\/v2\/comments?post=114377"}],"version-history":[{"count":2,"href":"https:\/\/www.altominho.tv\/site\/wp-json\/wp\/v2\/posts\/114377\/revisions"}],"predecessor-version":[{"id":114380,"href":"https:\/\/www.altominho.tv\/site\/wp-json\/wp\/v2\/posts\/114377\/revisions\/114380"}],"wp:featuredmedia":[{"embeddable":true,"href":"https:\/\/www.altominho.tv\/site\/wp-json\/wp\/v2\/media\/114378"}],"wp:attachment":[{"href":"https:\/\/www.altominho.tv\/site\/wp-json\/wp\/v2\/media?parent=114377"}],"wp:term":[{"taxonomy":"category","embeddable":true,"href":"https:\/\/www.altominho.tv\/site\/wp-json\/wp\/v2\/categories?post=114377"},{"taxonomy":"post_tag","embeddable":true,"href":"https:\/\/www.altominho.tv\/site\/wp-json\/wp\/v2\/tags?post=114377"}],"curies":[{"name":"wp","href":"https:\/\/api.w.org\/{rel}","templated":true}]}}