{"id":11435,"date":"2018-04-06T10:10:21","date_gmt":"2018-04-06T09:10:21","guid":{"rendered":"http:\/\/www.altominho.tv\/site\/?p=11435"},"modified":"2018-04-06T10:10:21","modified_gmt":"2018-04-06T09:10:21","slug":"oito-distritos-do-continente-e-madeira-em-aviso-amarelo-por-causa-da-agitacao-maritima","status":"publish","type":"post","link":"https:\/\/www.altominho.tv\/site\/2018\/04\/06\/oito-distritos-do-continente-e-madeira-em-aviso-amarelo-por-causa-da-agitacao-maritima\/","title":{"rendered":"Oito distritos do continente e Madeira em aviso amarelo por causa da agita\u00e7\u00e3o mar\u00edtima"},"content":{"rendered":"<p>Oito distritos de Portugal continental e a Regi\u00e3o Aut\u00f3noma da Madeira v\u00e3o estar a partir do final do dia de hoje em aviso amarelo por causa da agita\u00e7\u00e3o mar\u00edtima, segundo o Instituto Portugu\u00eas do Mar e da Atmosfera (IPMA).<\/p>\n<p>Segundo o IPMA, est\u00e3o em aviso amarelo, a partir das 23:59 de hoje e at\u00e9 \u00e0 mesma hora de s\u00e1bado, os distritos do Porto, Viana do Castelo, Lisboa, Leiria, Aveiro, Coimbra e Braga, com previs\u00e3o de ondas de oes-noroeste com 4 a 5 metros.<\/p>\n<p>Em Beja, Set\u00fabal e Faro o aviso prolonga-se at\u00e9 \u00e0s 02:59 de domingo.<\/p>\n<p>Na Costa Norte da ilha da Madeira e em Porto Santo, o aviso amarelo, que est\u00e1 ativo desde as 20:59 de quinta-feira, vai igualmente estender-se at\u00e9 \u00e0s 02:59 de domingo, com ondas de noroeste com 4 a 5 metros.<\/p>\n<p>De acordo com a Marinha, a agita\u00e7\u00e3o mar\u00edtima obrigou ao encerramento das barras de Caminha, Vila Praia de \u00c2ncora, Esposende e Cascais e est\u00e1 hoje a condicionar a navega\u00e7\u00e3o nas barras de Vila do Conde, P\u00f3voa do Varzim, Figueira da Foz e Nazar\u00e9.<\/p>\n","protected":false},"excerpt":{"rendered":"<p>Oito distritos de Portugal continental e a Regi\u00e3o Aut\u00f3noma da Madeira v\u00e3o estar a partir do final do dia de hoje em aviso amarelo por causa da agita\u00e7\u00e3o mar\u00edtima, segundo o Instituto Portugu\u00eas do Mar e da Atmosfera (IPMA). Segundo o IPMA, est\u00e3o em aviso amarelo, a partir das 23:59 de hoje e at\u00e9 \u00e0 [&hellip;]<\/p>\n","protected":false},"author":7,"featured_media":11437,"comment_status":"closed","ping_status":"closed","sticky":false,"template":"","format":"standard","meta":{"_exactmetrics_skip_tracking":false,"_exactmetrics_sitenote_active":false,"_exactmetrics_sitenote_note":"","_exactmetrics_sitenote_category":0,"footnotes":""},"categories":[73],"tags":[27],"class_list":["post-11435","post","type-post","status-publish","format-standard","has-post-thumbnail","hentry","category-alto-minho","tag-sociedade"],"yoast_head":"<!-- This site is optimized with the Yoast SEO Premium plugin v27.5 (Yoast SEO v27.5) - https:\/\/yoast.com\/product\/yoast-seo-premium-wordpress\/ -->\n<title>Oito distritos do continente e Madeira em aviso amarelo por causa da agita\u00e7\u00e3o mar\u00edtima<\/title>\n<meta name=\"robots\" content=\"index, follow, max-snippet:-1, max-image-preview:large, max-video-preview:-1\" \/>\n<link rel=\"canonical\" href=\"https:\/\/www.altominho.tv\/site\/2018\/04\/06\/oito-distritos-do-continente-e-madeira-em-aviso-amarelo-por-causa-da-agitacao-maritima\/\" \/>\n<meta property=\"og:locale\" content=\"pt_PT\" \/>\n<meta property=\"og:type\" content=\"article\" \/>\n<meta property=\"og:title\" content=\"Oito distritos do continente e Madeira em aviso amarelo por causa da agita\u00e7\u00e3o mar\u00edtima\" \/>\n<meta property=\"og:description\" content=\"Oito distritos de Portugal continental e a Regi\u00e3o Aut\u00f3noma da Madeira v\u00e3o estar a partir do final do dia de hoje em aviso amarelo por causa da agita\u00e7\u00e3o mar\u00edtima, segundo o Instituto Portugu\u00eas do Mar e da Atmosfera (IPMA). Segundo o IPMA, est\u00e3o em aviso amarelo, a partir das 23:59 de hoje e at\u00e9 \u00e0 [&hellip;]\" \/>\n<meta property=\"og:url\" content=\"https:\/\/www.altominho.tv\/site\/2018\/04\/06\/oito-distritos-do-continente-e-madeira-em-aviso-amarelo-por-causa-da-agitacao-maritima\/\" \/>\n<meta property=\"og:site_name\" content=\"Altominho.tv\" \/>\n<meta property=\"article:publisher\" content=\"https:\/\/www.facebook.com\/altominhotv\" \/>\n<meta property=\"article:published_time\" content=\"2018-04-06T09:10:21+00:00\" \/>\n<meta property=\"og:image\" content=\"https:\/\/www.altominho.tv\/site\/wp-content\/uploads\/2018\/04\/agita\u00e7\u00e3om.jpg\" \/>\n\t<meta property=\"og:image:width\" content=\"620\" \/>\n\t<meta property=\"og:image:height\" content=\"330\" \/>\n\t<meta property=\"og:image:type\" content=\"image\/jpeg\" \/>\n<meta name=\"author\" content=\"Andreia Cunha\" \/>\n<meta name=\"twitter:card\" content=\"summary_large_image\" \/>\n<meta name=\"twitter:creator\" content=\"@altominhoTV\" \/>\n<meta name=\"twitter:site\" content=\"@altominhoTV\" \/>\n<meta name=\"twitter:label1\" content=\"Escrito por\" \/>\n\t<meta name=\"twitter:data1\" content=\"Andreia Cunha\" \/>\n\t<meta name=\"twitter:label2\" content=\"Tempo estimado de leitura\" \/>\n\t<meta name=\"twitter:data2\" content=\"1 minuto\" \/>\n<script type=\"application\/ld+json\" class=\"yoast-schema-graph\">{\"@context\":\"https:\\\/\\\/schema.org\",\"@graph\":[{\"@type\":\"Article\",\"@id\":\"https:\\\/\\\/www.altominho.tv\\\/site\\\/2018\\\/04\\\/06\\\/oito-distritos-do-continente-e-madeira-em-aviso-amarelo-por-causa-da-agitacao-maritima\\\/#article\",\"isPartOf\":{\"@id\":\"https:\\\/\\\/www.altominho.tv\\\/site\\\/2018\\\/04\\\/06\\\/oito-distritos-do-continente-e-madeira-em-aviso-amarelo-por-causa-da-agitacao-maritima\\\/\"},\"author\":{\"name\":\"Andreia Cunha\",\"@id\":\"https:\\\/\\\/www.altominho.tv\\\/site\\\/#\\\/schema\\\/person\\\/a0e4ef6d041f98ca284393d8f1d97153\"},\"headline\":\"Oito distritos do continente e Madeira em aviso amarelo por causa da agita\u00e7\u00e3o mar\u00edtima\",\"datePublished\":\"2018-04-06T09:10:21+00:00\",\"mainEntityOfPage\":{\"@id\":\"https:\\\/\\\/www.altominho.tv\\\/site\\\/2018\\\/04\\\/06\\\/oito-distritos-do-continente-e-madeira-em-aviso-amarelo-por-causa-da-agitacao-maritima\\\/\"},\"wordCount\":199,\"image\":{\"@id\":\"https:\\\/\\\/www.altominho.tv\\\/site\\\/2018\\\/04\\\/06\\\/oito-distritos-do-continente-e-madeira-em-aviso-amarelo-por-causa-da-agitacao-maritima\\\/#primaryimage\"},\"thumbnailUrl\":\"https:\\\/\\\/www.altominho.tv\\\/site\\\/wp-content\\\/uploads\\\/2018\\\/04\\\/agita\u00e7\u00e3om.jpg\",\"keywords\":[\"Sociedade\"],\"articleSection\":[\"Alto Minho\"],\"inLanguage\":\"pt-PT\",\"copyrightYear\":\"2018\",\"copyrightHolder\":{\"@id\":\"https:\\\/\\\/www.altominho.tv\\\/site\\\/#organization\"}},{\"@type\":\"WebPage\",\"@id\":\"https:\\\/\\\/www.altominho.tv\\\/site\\\/2018\\\/04\\\/06\\\/oito-distritos-do-continente-e-madeira-em-aviso-amarelo-por-causa-da-agitacao-maritima\\\/\",\"url\":\"https:\\\/\\\/www.altominho.tv\\\/site\\\/2018\\\/04\\\/06\\\/oito-distritos-do-continente-e-madeira-em-aviso-amarelo-por-causa-da-agitacao-maritima\\\/\",\"name\":\"Oito distritos do continente e Madeira em aviso amarelo por causa da agita\u00e7\u00e3o mar\u00edtima\",\"isPartOf\":{\"@id\":\"https:\\\/\\\/www.altominho.tv\\\/site\\\/#website\"},\"primaryImageOfPage\":{\"@id\":\"https:\\\/\\\/www.altominho.tv\\\/site\\\/2018\\\/04\\\/06\\\/oito-distritos-do-continente-e-madeira-em-aviso-amarelo-por-causa-da-agitacao-maritima\\\/#primaryimage\"},\"image\":{\"@id\":\"https:\\\/\\\/www.altominho.tv\\\/site\\\/2018\\\/04\\\/06\\\/oito-distritos-do-continente-e-madeira-em-aviso-amarelo-por-causa-da-agitacao-maritima\\\/#primaryimage\"},\"thumbnailUrl\":\"https:\\\/\\\/www.altominho.tv\\\/site\\\/wp-content\\\/uploads\\\/2018\\\/04\\\/agita\u00e7\u00e3om.jpg\",\"datePublished\":\"2018-04-06T09:10:21+00:00\",\"author\":{\"@id\":\"https:\\\/\\\/www.altominho.tv\\\/site\\\/#\\\/schema\\\/person\\\/a0e4ef6d041f98ca284393d8f1d97153\"},\"breadcrumb\":{\"@id\":\"https:\\\/\\\/www.altominho.tv\\\/site\\\/2018\\\/04\\\/06\\\/oito-distritos-do-continente-e-madeira-em-aviso-amarelo-por-causa-da-agitacao-maritima\\\/#breadcrumb\"},\"inLanguage\":\"pt-PT\",\"potentialAction\":[{\"@type\":\"ReadAction\",\"target\":[\"https:\\\/\\\/www.altominho.tv\\\/site\\\/2018\\\/04\\\/06\\\/oito-distritos-do-continente-e-madeira-em-aviso-amarelo-por-causa-da-agitacao-maritima\\\/\"]}]},{\"@type\":\"ImageObject\",\"inLanguage\":\"pt-PT\",\"@id\":\"https:\\\/\\\/www.altominho.tv\\\/site\\\/2018\\\/04\\\/06\\\/oito-distritos-do-continente-e-madeira-em-aviso-amarelo-por-causa-da-agitacao-maritima\\\/#primaryimage\",\"url\":\"https:\\\/\\\/www.altominho.tv\\\/site\\\/wp-content\\\/uploads\\\/2018\\\/04\\\/agita\u00e7\u00e3om.jpg\",\"contentUrl\":\"https:\\\/\\\/www.altominho.tv\\\/site\\\/wp-content\\\/uploads\\\/2018\\\/04\\\/agita\u00e7\u00e3om.jpg\",\"width\":620,\"height\":330},{\"@type\":\"BreadcrumbList\",\"@id\":\"https:\\\/\\\/www.altominho.tv\\\/site\\\/2018\\\/04\\\/06\\\/oito-distritos-do-continente-e-madeira-em-aviso-amarelo-por-causa-da-agitacao-maritima\\\/#breadcrumb\",\"itemListElement\":[{\"@type\":\"ListItem\",\"position\":1,\"name\":\"In\u00edcio\",\"item\":\"https:\\\/\\\/www.altominho.tv\\\/site\\\/\"},{\"@type\":\"ListItem\",\"position\":2,\"name\":\"Oito distritos do continente e Madeira em aviso amarelo por causa da agita\u00e7\u00e3o mar\u00edtima\"}]},{\"@type\":\"WebSite\",\"@id\":\"https:\\\/\\\/www.altominho.tv\\\/site\\\/#website\",\"url\":\"https:\\\/\\\/www.altominho.tv\\\/site\\\/\",\"name\":\"Altominho.tv\",\"description\":\"A sua regi\u00e3o \u00e0 dist\u00e2ncia de um clique...\",\"potentialAction\":[{\"@type\":\"SearchAction\",\"target\":{\"@type\":\"EntryPoint\",\"urlTemplate\":\"https:\\\/\\\/www.altominho.tv\\\/site\\\/?s={search_term_string}\"},\"query-input\":{\"@type\":\"PropertyValueSpecification\",\"valueRequired\":true,\"valueName\":\"search_term_string\"}}],\"inLanguage\":\"pt-PT\"},{\"@type\":\"Person\",\"@id\":\"https:\\\/\\\/www.altominho.tv\\\/site\\\/#\\\/schema\\\/person\\\/a0e4ef6d041f98ca284393d8f1d97153\",\"name\":\"Andreia Cunha\",\"image\":{\"@type\":\"ImageObject\",\"inLanguage\":\"pt-PT\",\"@id\":\"https:\\\/\\\/www.altominho.tv\\\/site\\\/wp-content\\\/uploads\\\/2017\\\/11\\\/Andreia_Cunha-1-150x150.jpg\",\"url\":\"https:\\\/\\\/www.altominho.tv\\\/site\\\/wp-content\\\/uploads\\\/2017\\\/11\\\/Andreia_Cunha-1-150x150.jpg\",\"contentUrl\":\"https:\\\/\\\/www.altominho.tv\\\/site\\\/wp-content\\\/uploads\\\/2017\\\/11\\\/Andreia_Cunha-1-150x150.jpg\",\"caption\":\"Andreia Cunha\"},\"url\":\"https:\\\/\\\/www.altominho.tv\\\/site\\\/author\\\/andreiacunha\\\/\"}]}<\/script>\n<!-- \/ Yoast SEO Premium plugin. -->","yoast_head_json":{"title":"Oito distritos do continente e Madeira em aviso amarelo por causa da agita\u00e7\u00e3o mar\u00edtima","robots":{"index":"index","follow":"follow","max-snippet":"max-snippet:-1","max-image-preview":"max-image-preview:large","max-video-preview":"max-video-preview:-1"},"canonical":"https:\/\/www.altominho.tv\/site\/2018\/04\/06\/oito-distritos-do-continente-e-madeira-em-aviso-amarelo-por-causa-da-agitacao-maritima\/","og_locale":"pt_PT","og_type":"article","og_title":"Oito distritos do continente e Madeira em aviso amarelo por causa da agita\u00e7\u00e3o mar\u00edtima","og_description":"Oito distritos de Portugal continental e a Regi\u00e3o Aut\u00f3noma da Madeira v\u00e3o estar a partir do final do dia de hoje em aviso amarelo por causa da agita\u00e7\u00e3o mar\u00edtima, segundo o Instituto Portugu\u00eas do Mar e da Atmosfera (IPMA). Segundo o IPMA, est\u00e3o em aviso amarelo, a partir das 23:59 de hoje e at\u00e9 \u00e0 [&hellip;]","og_url":"https:\/\/www.altominho.tv\/site\/2018\/04\/06\/oito-distritos-do-continente-e-madeira-em-aviso-amarelo-por-causa-da-agitacao-maritima\/","og_site_name":"Altominho.tv","article_publisher":"https:\/\/www.facebook.com\/altominhotv","article_published_time":"2018-04-06T09:10:21+00:00","og_image":[{"width":620,"height":330,"url":"https:\/\/www.altominho.tv\/site\/wp-content\/uploads\/2018\/04\/agita\u00e7\u00e3om.jpg","type":"image\/jpeg"}],"author":"Andreia Cunha","twitter_card":"summary_large_image","twitter_creator":"@altominhoTV","twitter_site":"@altominhoTV","twitter_misc":{"Escrito por":"Andreia Cunha","Tempo estimado de leitura":"1 minuto"},"schema":{"@context":"https:\/\/schema.org","@graph":[{"@type":"Article","@id":"https:\/\/www.altominho.tv\/site\/2018\/04\/06\/oito-distritos-do-continente-e-madeira-em-aviso-amarelo-por-causa-da-agitacao-maritima\/#article","isPartOf":{"@id":"https:\/\/www.altominho.tv\/site\/2018\/04\/06\/oito-distritos-do-continente-e-madeira-em-aviso-amarelo-por-causa-da-agitacao-maritima\/"},"author":{"name":"Andreia Cunha","@id":"https:\/\/www.altominho.tv\/site\/#\/schema\/person\/a0e4ef6d041f98ca284393d8f1d97153"},"headline":"Oito distritos do continente e Madeira em aviso amarelo por causa da agita\u00e7\u00e3o mar\u00edtima","datePublished":"2018-04-06T09:10:21+00:00","mainEntityOfPage":{"@id":"https:\/\/www.altominho.tv\/site\/2018\/04\/06\/oito-distritos-do-continente-e-madeira-em-aviso-amarelo-por-causa-da-agitacao-maritima\/"},"wordCount":199,"image":{"@id":"https:\/\/www.altominho.tv\/site\/2018\/04\/06\/oito-distritos-do-continente-e-madeira-em-aviso-amarelo-por-causa-da-agitacao-maritima\/#primaryimage"},"thumbnailUrl":"https:\/\/www.altominho.tv\/site\/wp-content\/uploads\/2018\/04\/agita\u00e7\u00e3om.jpg","keywords":["Sociedade"],"articleSection":["Alto Minho"],"inLanguage":"pt-PT","copyrightYear":"2018","copyrightHolder":{"@id":"https:\/\/www.altominho.tv\/site\/#organization"}},{"@type":"WebPage","@id":"https:\/\/www.altominho.tv\/site\/2018\/04\/06\/oito-distritos-do-continente-e-madeira-em-aviso-amarelo-por-causa-da-agitacao-maritima\/","url":"https:\/\/www.altominho.tv\/site\/2018\/04\/06\/oito-distritos-do-continente-e-madeira-em-aviso-amarelo-por-causa-da-agitacao-maritima\/","name":"Oito distritos do continente e Madeira em aviso amarelo por causa da agita\u00e7\u00e3o mar\u00edtima","isPartOf":{"@id":"https:\/\/www.altominho.tv\/site\/#website"},"primaryImageOfPage":{"@id":"https:\/\/www.altominho.tv\/site\/2018\/04\/06\/oito-distritos-do-continente-e-madeira-em-aviso-amarelo-por-causa-da-agitacao-maritima\/#primaryimage"},"image":{"@id":"https:\/\/www.altominho.tv\/site\/2018\/04\/06\/oito-distritos-do-continente-e-madeira-em-aviso-amarelo-por-causa-da-agitacao-maritima\/#primaryimage"},"thumbnailUrl":"https:\/\/www.altominho.tv\/site\/wp-content\/uploads\/2018\/04\/agita\u00e7\u00e3om.jpg","datePublished":"2018-04-06T09:10:21+00:00","author":{"@id":"https:\/\/www.altominho.tv\/site\/#\/schema\/person\/a0e4ef6d041f98ca284393d8f1d97153"},"breadcrumb":{"@id":"https:\/\/www.altominho.tv\/site\/2018\/04\/06\/oito-distritos-do-continente-e-madeira-em-aviso-amarelo-por-causa-da-agitacao-maritima\/#breadcrumb"},"inLanguage":"pt-PT","potentialAction":[{"@type":"ReadAction","target":["https:\/\/www.altominho.tv\/site\/2018\/04\/06\/oito-distritos-do-continente-e-madeira-em-aviso-amarelo-por-causa-da-agitacao-maritima\/"]}]},{"@type":"ImageObject","inLanguage":"pt-PT","@id":"https:\/\/www.altominho.tv\/site\/2018\/04\/06\/oito-distritos-do-continente-e-madeira-em-aviso-amarelo-por-causa-da-agitacao-maritima\/#primaryimage","url":"https:\/\/www.altominho.tv\/site\/wp-content\/uploads\/2018\/04\/agita\u00e7\u00e3om.jpg","contentUrl":"https:\/\/www.altominho.tv\/site\/wp-content\/uploads\/2018\/04\/agita\u00e7\u00e3om.jpg","width":620,"height":330},{"@type":"BreadcrumbList","@id":"https:\/\/www.altominho.tv\/site\/2018\/04\/06\/oito-distritos-do-continente-e-madeira-em-aviso-amarelo-por-causa-da-agitacao-maritima\/#breadcrumb","itemListElement":[{"@type":"ListItem","position":1,"name":"In\u00edcio","item":"https:\/\/www.altominho.tv\/site\/"},{"@type":"ListItem","position":2,"name":"Oito distritos do continente e Madeira em aviso amarelo por causa da agita\u00e7\u00e3o mar\u00edtima"}]},{"@type":"WebSite","@id":"https:\/\/www.altominho.tv\/site\/#website","url":"https:\/\/www.altominho.tv\/site\/","name":"Altominho.tv","description":"A sua regi\u00e3o \u00e0 dist\u00e2ncia de um clique...","potentialAction":[{"@type":"SearchAction","target":{"@type":"EntryPoint","urlTemplate":"https:\/\/www.altominho.tv\/site\/?s={search_term_string}"},"query-input":{"@type":"PropertyValueSpecification","valueRequired":true,"valueName":"search_term_string"}}],"inLanguage":"pt-PT"},{"@type":"Person","@id":"https:\/\/www.altominho.tv\/site\/#\/schema\/person\/a0e4ef6d041f98ca284393d8f1d97153","name":"Andreia Cunha","image":{"@type":"ImageObject","inLanguage":"pt-PT","@id":"https:\/\/www.altominho.tv\/site\/wp-content\/uploads\/2017\/11\/Andreia_Cunha-1-150x150.jpg","url":"https:\/\/www.altominho.tv\/site\/wp-content\/uploads\/2017\/11\/Andreia_Cunha-1-150x150.jpg","contentUrl":"https:\/\/www.altominho.tv\/site\/wp-content\/uploads\/2017\/11\/Andreia_Cunha-1-150x150.jpg","caption":"Andreia Cunha"},"url":"https:\/\/www.altominho.tv\/site\/author\/andreiacunha\/"}]}},"_links":{"self":[{"href":"https:\/\/www.altominho.tv\/site\/wp-json\/wp\/v2\/posts\/11435","targetHints":{"allow":["GET"]}}],"collection":[{"href":"https:\/\/www.altominho.tv\/site\/wp-json\/wp\/v2\/posts"}],"about":[{"href":"https:\/\/www.altominho.tv\/site\/wp-json\/wp\/v2\/types\/post"}],"author":[{"embeddable":true,"href":"https:\/\/www.altominho.tv\/site\/wp-json\/wp\/v2\/users\/7"}],"replies":[{"embeddable":true,"href":"https:\/\/www.altominho.tv\/site\/wp-json\/wp\/v2\/comments?post=11435"}],"version-history":[{"count":0,"href":"https:\/\/www.altominho.tv\/site\/wp-json\/wp\/v2\/posts\/11435\/revisions"}],"wp:featuredmedia":[{"embeddable":true,"href":"https:\/\/www.altominho.tv\/site\/wp-json\/wp\/v2\/media\/11437"}],"wp:attachment":[{"href":"https:\/\/www.altominho.tv\/site\/wp-json\/wp\/v2\/media?parent=11435"}],"wp:term":[{"taxonomy":"category","embeddable":true,"href":"https:\/\/www.altominho.tv\/site\/wp-json\/wp\/v2\/categories?post=11435"},{"taxonomy":"post_tag","embeddable":true,"href":"https:\/\/www.altominho.tv\/site\/wp-json\/wp\/v2\/tags?post=11435"}],"curies":[{"name":"wp","href":"https:\/\/api.w.org\/{rel}","templated":true}]}}