{"id":114285,"date":"2025-01-30T09:15:13","date_gmt":"2025-01-30T09:15:13","guid":{"rendered":"https:\/\/www.altominho.tv\/site\/?p=114285"},"modified":"2025-01-30T09:15:15","modified_gmt":"2025-01-30T09:15:15","slug":"protecao-civil-registou-40-ocorrencias-devido-ao-vento","status":"publish","type":"post","link":"https:\/\/www.altominho.tv\/site\/2025\/01\/30\/protecao-civil-registou-40-ocorrencias-devido-ao-vento\/","title":{"rendered":"Prote\u00e7\u00e3o Civil registou 40 ocorr\u00eancias devido ao vento"},"content":{"rendered":"<p class=\"p1\">A Autoridade Nacional de Emerg\u00eancia e Prote\u00e7\u00e3o Civil (ANEPC) registou entre as 00h00 e as 07h00 de hoje 40 ocorr\u00eancias relacionadas com o vento forte, a maioria quedas de \u00e1rvores, mas sem causarem v\u00edtimas.<\/p>\n<p class=\"p1\">\u201cTivemos 40 ocorr\u00eancias relacionadas com o mau tempo, sobretudo quedas de \u00e1rvores e de estruturas. Os distritos mais afetados foram Lisboa, Set\u00fabal, Santar\u00e9m e Faro\u201d, adiantou \u00e0 ag\u00eancia Lusa, El\u00edsio Pereira da Autoridade Nacional de Emerg\u00eancia e Prote\u00e7\u00e3o Civil (ANEPC).<\/p>\n<p class=\"p1\">De acordo com El\u00edsio Ferreira, no Algarve foram registadas 12 ocorr\u00eancias, em Lisboa oito, Set\u00fabal e Santar\u00e9m cada um com seis e as restantes distribu\u00eddas por outros distritos do continente.<\/p>\n<p class=\"p1\">\u201cA circula\u00e7\u00e3o ferrovi\u00e1ria na Linha do Sul em Gr\u00e2ndola, que estava suspensa desde quarta-feira devido \u00e0 queda de uma \u00e1rvore, foi entretanto retomada\u201d, disse.<\/p>\n<p class=\"p1\">Portugal continental est\u00e1 desde quarta-feira sob os efeitos da passagem da superf\u00edcie frontal fria associada \u00e0 depress\u00e3o Ivo, com chuva, vento e agita\u00e7\u00e3o mar\u00edtima fortes.<\/p>\n<p class=\"p1\">Por causa do mau tempo, o Instituto Portugu\u00eas do Mar e da Atmosfera (IPMA) colocou sob aviso vermelho os distritos de Leiria, Lisboa e Faro (at\u00e9 \u00e0s 09h00 de hoje) bem como Viana do Castelo, Braga, Porto, Aveiro, Coimbra, Set\u00fabal e Beja a laranja (at\u00e9 \u00e0s 15h00 de hoje) por causa da agita\u00e7\u00e3o mar\u00edtima.<\/p>\n<p class=\"p1\">Devido \u00e0 ondula\u00e7\u00e3o, as barras de Caminha, Viana do Castelo, P\u00f3voa de Varzim, Vila do Conde, Douro, Aveiro, Figueira da Foz, Nazar\u00e9, Cascais e Portim\u00e3o est\u00e3o fechadas a toda a navega\u00e7\u00e3o.<\/p>\n<p class=\"p1\">As barras de Viana do Castelo e Leix\u00f5es est\u00e3o fechadas a embarca\u00e7\u00f5es de comprimento inferior a 30 e 24 metros, respetivamente.<\/p>\n<p class=\"p1\">O IPMA colocou tamb\u00e9m os distritos de Viana do Castelo, Braga, Porto, Aveiro, Coimbra, Leiria, Lisboa, Set\u00fabal, Beja e Faro sob aviso amarelo at\u00e9 \u00e0 tarde de hoje por causa do vento forte de noroeste, com rajadas at\u00e9 80\/90 quil\u00f3metros por hora na faixa costeira.<\/p>\n","protected":false},"excerpt":{"rendered":"<p>A Autoridade Nacional de Emerg\u00eancia e Prote\u00e7\u00e3o Civil (ANEPC) registou entre as 00h00 e as 07h00 de hoje 40 ocorr\u00eancias relacionadas com o vento forte, a maioria quedas de \u00e1rvores, mas sem causarem v\u00edtimas. \u201cTivemos 40 ocorr\u00eancias relacionadas com o mau tempo, sobretudo quedas de \u00e1rvores e de estruturas. Os distritos mais afetados foram Lisboa, [&hellip;]<\/p>\n","protected":false},"author":13,"featured_media":112719,"comment_status":"closed","ping_status":"closed","sticky":false,"template":"","format":"standard","meta":{"_exactmetrics_skip_tracking":false,"_exactmetrics_sitenote_active":false,"_exactmetrics_sitenote_note":"","_exactmetrics_sitenote_category":0,"footnotes":""},"categories":[56325],"tags":[27],"class_list":["post-114285","post","type-post","status-publish","format-standard","has-post-thumbnail","hentry","category-pais","tag-sociedade"],"yoast_head":"<!-- This site is optimized with the Yoast SEO Premium plugin v27.4 (Yoast SEO v27.4) - https:\/\/yoast.com\/product\/yoast-seo-premium-wordpress\/ -->\n<title>Prote\u00e7\u00e3o Civil registou 40 ocorr\u00eancias devido ao vento<\/title>\n<meta name=\"description\" content=\"A Autoridade Nacional de Emerg\u00eancia e Prote\u00e7\u00e3o Civil (ANEPC) registou entre as 00h00 e as 07h00 de hoje 40 ocorr\u00eancias relacionadas com o vento forte, a maioria quedas de \u00e1rvores, mas sem causarem v\u00edtimas.\" \/>\n<meta name=\"robots\" content=\"index, follow, max-snippet:-1, max-image-preview:large, max-video-preview:-1\" \/>\n<link rel=\"canonical\" href=\"https:\/\/www.altominho.tv\/site\/2025\/01\/30\/protecao-civil-registou-40-ocorrencias-devido-ao-vento\/\" \/>\n<meta property=\"og:locale\" content=\"pt_PT\" \/>\n<meta property=\"og:type\" content=\"article\" \/>\n<meta property=\"og:title\" content=\"Prote\u00e7\u00e3o Civil registou 40 ocorr\u00eancias devido ao vento\" \/>\n<meta property=\"og:description\" content=\"A Autoridade Nacional de Emerg\u00eancia e Prote\u00e7\u00e3o Civil (ANEPC) registou entre as 00h00 e as 07h00 de hoje 40 ocorr\u00eancias relacionadas com o vento forte, a maioria quedas de \u00e1rvores, mas sem causarem v\u00edtimas.\" \/>\n<meta property=\"og:url\" content=\"https:\/\/www.altominho.tv\/site\/2025\/01\/30\/protecao-civil-registou-40-ocorrencias-devido-ao-vento\/\" \/>\n<meta property=\"og:site_name\" content=\"Altominho.tv\" \/>\n<meta property=\"article:publisher\" content=\"https:\/\/www.facebook.com\/altominhotv\" \/>\n<meta property=\"article:published_time\" content=\"2025-01-30T09:15:13+00:00\" \/>\n<meta property=\"article:modified_time\" content=\"2025-01-30T09:15:15+00:00\" \/>\n<meta property=\"og:image\" content=\"https:\/\/www.altominho.tv\/site\/wp-content\/uploads\/2024\/11\/mau-tempo.jpg\" \/>\n\t<meta property=\"og:image:width\" content=\"1920\" \/>\n\t<meta property=\"og:image:height\" content=\"1080\" \/>\n\t<meta property=\"og:image:type\" content=\"image\/jpeg\" \/>\n<meta name=\"author\" content=\"Lusa\" \/>\n<meta name=\"twitter:card\" content=\"summary_large_image\" \/>\n<meta name=\"twitter:creator\" content=\"@altominhoTV\" \/>\n<meta name=\"twitter:site\" content=\"@altominhoTV\" \/>\n<meta name=\"twitter:label1\" content=\"Escrito por\" \/>\n\t<meta name=\"twitter:data1\" content=\"Lusa\" \/>\n\t<meta name=\"twitter:label2\" content=\"Tempo estimado de leitura\" \/>\n\t<meta name=\"twitter:data2\" content=\"2 minutos\" \/>\n<script type=\"application\/ld+json\" class=\"yoast-schema-graph\">{\"@context\":\"https:\\\/\\\/schema.org\",\"@graph\":[{\"@type\":\"Article\",\"@id\":\"https:\\\/\\\/www.altominho.tv\\\/site\\\/2025\\\/01\\\/30\\\/protecao-civil-registou-40-ocorrencias-devido-ao-vento\\\/#article\",\"isPartOf\":{\"@id\":\"https:\\\/\\\/www.altominho.tv\\\/site\\\/2025\\\/01\\\/30\\\/protecao-civil-registou-40-ocorrencias-devido-ao-vento\\\/\"},\"author\":{\"name\":\"Lusa\",\"@id\":\"https:\\\/\\\/www.altominho.tv\\\/site\\\/#\\\/schema\\\/person\\\/63f693da3e1899361cbe955c46f3232e\"},\"headline\":\"Prote\u00e7\u00e3o Civil registou 40 ocorr\u00eancias devido ao vento\",\"datePublished\":\"2025-01-30T09:15:13+00:00\",\"dateModified\":\"2025-01-30T09:15:15+00:00\",\"mainEntityOfPage\":{\"@id\":\"https:\\\/\\\/www.altominho.tv\\\/site\\\/2025\\\/01\\\/30\\\/protecao-civil-registou-40-ocorrencias-devido-ao-vento\\\/\"},\"wordCount\":340,\"image\":{\"@id\":\"https:\\\/\\\/www.altominho.tv\\\/site\\\/2025\\\/01\\\/30\\\/protecao-civil-registou-40-ocorrencias-devido-ao-vento\\\/#primaryimage\"},\"thumbnailUrl\":\"https:\\\/\\\/www.altominho.tv\\\/site\\\/wp-content\\\/uploads\\\/2024\\\/11\\\/mau-tempo.jpg\",\"keywords\":[\"Sociedade\"],\"articleSection\":[\"Pa\u00eds\"],\"inLanguage\":\"pt-PT\",\"copyrightYear\":\"2025\",\"copyrightHolder\":{\"@id\":\"https:\\\/\\\/www.altominho.tv\\\/site\\\/#organization\"}},{\"@type\":\"WebPage\",\"@id\":\"https:\\\/\\\/www.altominho.tv\\\/site\\\/2025\\\/01\\\/30\\\/protecao-civil-registou-40-ocorrencias-devido-ao-vento\\\/\",\"url\":\"https:\\\/\\\/www.altominho.tv\\\/site\\\/2025\\\/01\\\/30\\\/protecao-civil-registou-40-ocorrencias-devido-ao-vento\\\/\",\"name\":\"Prote\u00e7\u00e3o Civil registou 40 ocorr\u00eancias devido ao vento\",\"isPartOf\":{\"@id\":\"https:\\\/\\\/www.altominho.tv\\\/site\\\/#website\"},\"primaryImageOfPage\":{\"@id\":\"https:\\\/\\\/www.altominho.tv\\\/site\\\/2025\\\/01\\\/30\\\/protecao-civil-registou-40-ocorrencias-devido-ao-vento\\\/#primaryimage\"},\"image\":{\"@id\":\"https:\\\/\\\/www.altominho.tv\\\/site\\\/2025\\\/01\\\/30\\\/protecao-civil-registou-40-ocorrencias-devido-ao-vento\\\/#primaryimage\"},\"thumbnailUrl\":\"https:\\\/\\\/www.altominho.tv\\\/site\\\/wp-content\\\/uploads\\\/2024\\\/11\\\/mau-tempo.jpg\",\"datePublished\":\"2025-01-30T09:15:13+00:00\",\"dateModified\":\"2025-01-30T09:15:15+00:00\",\"author\":{\"@id\":\"https:\\\/\\\/www.altominho.tv\\\/site\\\/#\\\/schema\\\/person\\\/63f693da3e1899361cbe955c46f3232e\"},\"description\":\"A Autoridade Nacional de Emerg\u00eancia e Prote\u00e7\u00e3o Civil (ANEPC) registou entre as 00h00 e as 07h00 de hoje 40 ocorr\u00eancias relacionadas com o vento forte, a maioria quedas de \u00e1rvores, mas sem causarem v\u00edtimas.\",\"breadcrumb\":{\"@id\":\"https:\\\/\\\/www.altominho.tv\\\/site\\\/2025\\\/01\\\/30\\\/protecao-civil-registou-40-ocorrencias-devido-ao-vento\\\/#breadcrumb\"},\"inLanguage\":\"pt-PT\",\"potentialAction\":[{\"@type\":\"ReadAction\",\"target\":[\"https:\\\/\\\/www.altominho.tv\\\/site\\\/2025\\\/01\\\/30\\\/protecao-civil-registou-40-ocorrencias-devido-ao-vento\\\/\"]}]},{\"@type\":\"ImageObject\",\"inLanguage\":\"pt-PT\",\"@id\":\"https:\\\/\\\/www.altominho.tv\\\/site\\\/2025\\\/01\\\/30\\\/protecao-civil-registou-40-ocorrencias-devido-ao-vento\\\/#primaryimage\",\"url\":\"https:\\\/\\\/www.altominho.tv\\\/site\\\/wp-content\\\/uploads\\\/2024\\\/11\\\/mau-tempo.jpg\",\"contentUrl\":\"https:\\\/\\\/www.altominho.tv\\\/site\\\/wp-content\\\/uploads\\\/2024\\\/11\\\/mau-tempo.jpg\",\"width\":1920,\"height\":1080},{\"@type\":\"BreadcrumbList\",\"@id\":\"https:\\\/\\\/www.altominho.tv\\\/site\\\/2025\\\/01\\\/30\\\/protecao-civil-registou-40-ocorrencias-devido-ao-vento\\\/#breadcrumb\",\"itemListElement\":[{\"@type\":\"ListItem\",\"position\":1,\"name\":\"In\u00edcio\",\"item\":\"https:\\\/\\\/www.altominho.tv\\\/site\\\/\"},{\"@type\":\"ListItem\",\"position\":2,\"name\":\"Prote\u00e7\u00e3o Civil registou 40 ocorr\u00eancias devido ao vento\"}]},{\"@type\":\"WebSite\",\"@id\":\"https:\\\/\\\/www.altominho.tv\\\/site\\\/#website\",\"url\":\"https:\\\/\\\/www.altominho.tv\\\/site\\\/\",\"name\":\"Altominho.tv\",\"description\":\"A sua regi\u00e3o \u00e0 dist\u00e2ncia de um clique...\",\"potentialAction\":[{\"@type\":\"SearchAction\",\"target\":{\"@type\":\"EntryPoint\",\"urlTemplate\":\"https:\\\/\\\/www.altominho.tv\\\/site\\\/?s={search_term_string}\"},\"query-input\":{\"@type\":\"PropertyValueSpecification\",\"valueRequired\":true,\"valueName\":\"search_term_string\"}}],\"inLanguage\":\"pt-PT\"},{\"@type\":\"Person\",\"@id\":\"https:\\\/\\\/www.altominho.tv\\\/site\\\/#\\\/schema\\\/person\\\/63f693da3e1899361cbe955c46f3232e\",\"name\":\"Lusa\",\"image\":{\"@type\":\"ImageObject\",\"inLanguage\":\"pt-PT\",\"@id\":\"https:\\\/\\\/www.altominho.tv\\\/site\\\/wp-content\\\/uploads\\\/2019\\\/08\\\/LUSA_Logo.gif\",\"url\":\"https:\\\/\\\/www.altominho.tv\\\/site\\\/wp-content\\\/uploads\\\/2019\\\/08\\\/LUSA_Logo.gif\",\"contentUrl\":\"https:\\\/\\\/www.altominho.tv\\\/site\\\/wp-content\\\/uploads\\\/2019\\\/08\\\/LUSA_Logo.gif\",\"caption\":\"Lusa\"},\"sameAs\":[\"http:\\\/\\\/\\\/\\\/www.altominho.tv\\\/site\"],\"url\":\"https:\\\/\\\/www.altominho.tv\\\/site\\\/author\\\/lusa\\\/\"}]}<\/script>\n<!-- \/ Yoast SEO Premium plugin. -->","yoast_head_json":{"title":"Prote\u00e7\u00e3o Civil registou 40 ocorr\u00eancias devido ao vento","description":"A Autoridade Nacional de Emerg\u00eancia e Prote\u00e7\u00e3o Civil (ANEPC) registou entre as 00h00 e as 07h00 de hoje 40 ocorr\u00eancias relacionadas com o vento forte, a maioria quedas de \u00e1rvores, mas sem causarem v\u00edtimas.","robots":{"index":"index","follow":"follow","max-snippet":"max-snippet:-1","max-image-preview":"max-image-preview:large","max-video-preview":"max-video-preview:-1"},"canonical":"https:\/\/www.altominho.tv\/site\/2025\/01\/30\/protecao-civil-registou-40-ocorrencias-devido-ao-vento\/","og_locale":"pt_PT","og_type":"article","og_title":"Prote\u00e7\u00e3o Civil registou 40 ocorr\u00eancias devido ao vento","og_description":"A Autoridade Nacional de Emerg\u00eancia e Prote\u00e7\u00e3o Civil (ANEPC) registou entre as 00h00 e as 07h00 de hoje 40 ocorr\u00eancias relacionadas com o vento forte, a maioria quedas de \u00e1rvores, mas sem causarem v\u00edtimas.","og_url":"https:\/\/www.altominho.tv\/site\/2025\/01\/30\/protecao-civil-registou-40-ocorrencias-devido-ao-vento\/","og_site_name":"Altominho.tv","article_publisher":"https:\/\/www.facebook.com\/altominhotv","article_published_time":"2025-01-30T09:15:13+00:00","article_modified_time":"2025-01-30T09:15:15+00:00","og_image":[{"width":1920,"height":1080,"url":"https:\/\/www.altominho.tv\/site\/wp-content\/uploads\/2024\/11\/mau-tempo.jpg","type":"image\/jpeg"}],"author":"Lusa","twitter_card":"summary_large_image","twitter_creator":"@altominhoTV","twitter_site":"@altominhoTV","twitter_misc":{"Escrito por":"Lusa","Tempo estimado de leitura":"2 minutos"},"schema":{"@context":"https:\/\/schema.org","@graph":[{"@type":"Article","@id":"https:\/\/www.altominho.tv\/site\/2025\/01\/30\/protecao-civil-registou-40-ocorrencias-devido-ao-vento\/#article","isPartOf":{"@id":"https:\/\/www.altominho.tv\/site\/2025\/01\/30\/protecao-civil-registou-40-ocorrencias-devido-ao-vento\/"},"author":{"name":"Lusa","@id":"https:\/\/www.altominho.tv\/site\/#\/schema\/person\/63f693da3e1899361cbe955c46f3232e"},"headline":"Prote\u00e7\u00e3o Civil registou 40 ocorr\u00eancias devido ao vento","datePublished":"2025-01-30T09:15:13+00:00","dateModified":"2025-01-30T09:15:15+00:00","mainEntityOfPage":{"@id":"https:\/\/www.altominho.tv\/site\/2025\/01\/30\/protecao-civil-registou-40-ocorrencias-devido-ao-vento\/"},"wordCount":340,"image":{"@id":"https:\/\/www.altominho.tv\/site\/2025\/01\/30\/protecao-civil-registou-40-ocorrencias-devido-ao-vento\/#primaryimage"},"thumbnailUrl":"https:\/\/www.altominho.tv\/site\/wp-content\/uploads\/2024\/11\/mau-tempo.jpg","keywords":["Sociedade"],"articleSection":["Pa\u00eds"],"inLanguage":"pt-PT","copyrightYear":"2025","copyrightHolder":{"@id":"https:\/\/www.altominho.tv\/site\/#organization"}},{"@type":"WebPage","@id":"https:\/\/www.altominho.tv\/site\/2025\/01\/30\/protecao-civil-registou-40-ocorrencias-devido-ao-vento\/","url":"https:\/\/www.altominho.tv\/site\/2025\/01\/30\/protecao-civil-registou-40-ocorrencias-devido-ao-vento\/","name":"Prote\u00e7\u00e3o Civil registou 40 ocorr\u00eancias devido ao vento","isPartOf":{"@id":"https:\/\/www.altominho.tv\/site\/#website"},"primaryImageOfPage":{"@id":"https:\/\/www.altominho.tv\/site\/2025\/01\/30\/protecao-civil-registou-40-ocorrencias-devido-ao-vento\/#primaryimage"},"image":{"@id":"https:\/\/www.altominho.tv\/site\/2025\/01\/30\/protecao-civil-registou-40-ocorrencias-devido-ao-vento\/#primaryimage"},"thumbnailUrl":"https:\/\/www.altominho.tv\/site\/wp-content\/uploads\/2024\/11\/mau-tempo.jpg","datePublished":"2025-01-30T09:15:13+00:00","dateModified":"2025-01-30T09:15:15+00:00","author":{"@id":"https:\/\/www.altominho.tv\/site\/#\/schema\/person\/63f693da3e1899361cbe955c46f3232e"},"description":"A Autoridade Nacional de Emerg\u00eancia e Prote\u00e7\u00e3o Civil (ANEPC) registou entre as 00h00 e as 07h00 de hoje 40 ocorr\u00eancias relacionadas com o vento forte, a maioria quedas de \u00e1rvores, mas sem causarem v\u00edtimas.","breadcrumb":{"@id":"https:\/\/www.altominho.tv\/site\/2025\/01\/30\/protecao-civil-registou-40-ocorrencias-devido-ao-vento\/#breadcrumb"},"inLanguage":"pt-PT","potentialAction":[{"@type":"ReadAction","target":["https:\/\/www.altominho.tv\/site\/2025\/01\/30\/protecao-civil-registou-40-ocorrencias-devido-ao-vento\/"]}]},{"@type":"ImageObject","inLanguage":"pt-PT","@id":"https:\/\/www.altominho.tv\/site\/2025\/01\/30\/protecao-civil-registou-40-ocorrencias-devido-ao-vento\/#primaryimage","url":"https:\/\/www.altominho.tv\/site\/wp-content\/uploads\/2024\/11\/mau-tempo.jpg","contentUrl":"https:\/\/www.altominho.tv\/site\/wp-content\/uploads\/2024\/11\/mau-tempo.jpg","width":1920,"height":1080},{"@type":"BreadcrumbList","@id":"https:\/\/www.altominho.tv\/site\/2025\/01\/30\/protecao-civil-registou-40-ocorrencias-devido-ao-vento\/#breadcrumb","itemListElement":[{"@type":"ListItem","position":1,"name":"In\u00edcio","item":"https:\/\/www.altominho.tv\/site\/"},{"@type":"ListItem","position":2,"name":"Prote\u00e7\u00e3o Civil registou 40 ocorr\u00eancias devido ao vento"}]},{"@type":"WebSite","@id":"https:\/\/www.altominho.tv\/site\/#website","url":"https:\/\/www.altominho.tv\/site\/","name":"Altominho.tv","description":"A sua regi\u00e3o \u00e0 dist\u00e2ncia de um clique...","potentialAction":[{"@type":"SearchAction","target":{"@type":"EntryPoint","urlTemplate":"https:\/\/www.altominho.tv\/site\/?s={search_term_string}"},"query-input":{"@type":"PropertyValueSpecification","valueRequired":true,"valueName":"search_term_string"}}],"inLanguage":"pt-PT"},{"@type":"Person","@id":"https:\/\/www.altominho.tv\/site\/#\/schema\/person\/63f693da3e1899361cbe955c46f3232e","name":"Lusa","image":{"@type":"ImageObject","inLanguage":"pt-PT","@id":"https:\/\/www.altominho.tv\/site\/wp-content\/uploads\/2019\/08\/LUSA_Logo.gif","url":"https:\/\/www.altominho.tv\/site\/wp-content\/uploads\/2019\/08\/LUSA_Logo.gif","contentUrl":"https:\/\/www.altominho.tv\/site\/wp-content\/uploads\/2019\/08\/LUSA_Logo.gif","caption":"Lusa"},"sameAs":["http:\/\/\/\/www.altominho.tv\/site"],"url":"https:\/\/www.altominho.tv\/site\/author\/lusa\/"}]}},"_links":{"self":[{"href":"https:\/\/www.altominho.tv\/site\/wp-json\/wp\/v2\/posts\/114285","targetHints":{"allow":["GET"]}}],"collection":[{"href":"https:\/\/www.altominho.tv\/site\/wp-json\/wp\/v2\/posts"}],"about":[{"href":"https:\/\/www.altominho.tv\/site\/wp-json\/wp\/v2\/types\/post"}],"author":[{"embeddable":true,"href":"https:\/\/www.altominho.tv\/site\/wp-json\/wp\/v2\/users\/13"}],"replies":[{"embeddable":true,"href":"https:\/\/www.altominho.tv\/site\/wp-json\/wp\/v2\/comments?post=114285"}],"version-history":[{"count":1,"href":"https:\/\/www.altominho.tv\/site\/wp-json\/wp\/v2\/posts\/114285\/revisions"}],"predecessor-version":[{"id":114287,"href":"https:\/\/www.altominho.tv\/site\/wp-json\/wp\/v2\/posts\/114285\/revisions\/114287"}],"wp:featuredmedia":[{"embeddable":true,"href":"https:\/\/www.altominho.tv\/site\/wp-json\/wp\/v2\/media\/112719"}],"wp:attachment":[{"href":"https:\/\/www.altominho.tv\/site\/wp-json\/wp\/v2\/media?parent=114285"}],"wp:term":[{"taxonomy":"category","embeddable":true,"href":"https:\/\/www.altominho.tv\/site\/wp-json\/wp\/v2\/categories?post=114285"},{"taxonomy":"post_tag","embeddable":true,"href":"https:\/\/www.altominho.tv\/site\/wp-json\/wp\/v2\/tags?post=114285"}],"curies":[{"name":"wp","href":"https:\/\/api.w.org\/{rel}","templated":true}]}}