{"id":114258,"date":"2025-01-29T10:37:02","date_gmt":"2025-01-29T10:37:02","guid":{"rendered":"https:\/\/www.altominho.tv\/site\/?p=114258"},"modified":"2025-01-29T10:37:05","modified_gmt":"2025-01-29T10:37:05","slug":"grupo-vila-gale-abre-hotel-em-ponte-de-lima","status":"publish","type":"post","link":"https:\/\/www.altominho.tv\/site\/2025\/01\/29\/grupo-vila-gale-abre-hotel-em-ponte-de-lima\/","title":{"rendered":"Grupo Vila Gal\u00e9 abre hotel em Ponte de Lima"},"content":{"rendered":"<p class=\"p1\">O Vila Gal\u00e9 vai abrir quatro hot\u00e9is este ano, dois em Portugal e dois no Brasil, disse hoje o presidente do grupo, acrescentando que mant\u00eam interesse em refor\u00e7ar a presen\u00e7a no mercado espanhol, brasileiro e at\u00e9 cubano.<\/p>\n<p class=\"p1\">Num encontro com jornalistas, em Lisboa, Jorge Rebelo de Almeida, disse que em Portugal, o grupo prev\u00ea abrir o Vila Gal\u00e9 Casas D\u2019Elvas, no Alentejo, em fevereiro, num investimento de seis milh\u00f5es de euros, assim como o Vila Gal\u00e9 Pa\u00e7o do Curutelo, em Ponte de Lima, em 25 de abril. Neste \u00faltimo, o investimento \u00e9 de 20 milh\u00f5es de euros.<\/p>\n<p class=\"p1\">J\u00e1 no Brasil, num investimento de 120 milh\u00f5es de reais (cerca de 19,3 milh\u00f5es de euros) est\u00e1 programada a abertura dos projetos de Ouro Preto (Minas Gerais) ainda no primeiro semestre do ano e o de Bel\u00e9m (Par\u00e1) em outubro para a COP30.<\/p>\n<p class=\"p1\">Para al\u00e9m destes, Jorge Rebelo de Almeida lembrou que o grupo tem em carteira v\u00e1rios outros projetos, para os quais &#8220;\u00e9 prematuro&#8221; fazer estimativas de abertura, j\u00e1 que quest\u00f5es burocr\u00e1ticas para a sua aprova\u00e7\u00e3o &#8220;os t\u00eam deixado encalhados&#8221;. Entre eles: o projeto para o Pa\u00e7o Real de Caxias (Oeiras), o da Quinta da Cardiga na Goleg\u00e3o e os de Penacova &#8211; que ter\u00e1 um conceito dedicado ao humor &#8211; e de Miranda do Douro. Ainda assim, acreditam que alguns deles v\u00e3o avan\u00e7ar este ano.<\/p>\n<p class=\"p1\">Jorge Rebelo de Almeida disse ainda que o grupo &#8211; &#8220;que n\u00e3o \u00e9 capaz de estar parado, quer \u00e9 fazer coisas&#8221; &#8211; mant\u00e9m em an\u00e1lise v\u00e1rias possibilidades de expans\u00e3o.<\/p>\n<p class=\"p1\">Em Espanha, por exemplo, onde abriram em 2024 um hotel na costa, na Isla Canela, o interesse &#8220;nos principais destinos&#8221; do mercado vizinho mant\u00e9m-se, nomeadamente &#8220;Madrid, Barcelona, Sevilha ou Bilbau&#8221;, disse, por sua vez, o administrador Gon\u00e7alo Rebelo de Almeida.<\/p>\n<p class=\"p1\">Segundo o mesmo, neste mercado, dado que s\u00e3o &#8220;destinos consolidados&#8221;, a aposta dever\u00e1 ser feita na aquisi\u00e7\u00e3o de projetos j\u00e1 existentes ou na reconvers\u00e3o de atividade.<\/p>\n<p class=\"p1\">J\u00e1 no Brasil, o projeto de Coruripe (Vila Gal\u00e9 Coruripe Alagoas), bem como os do estado de S\u00e3o Lu\u00eds do Maranh\u00e3o, Vila Gal\u00e9 Collection S\u00e3o Lu\u00eds e Vila Gal\u00e9 Collection Maranh\u00e3o, ainda poder\u00e3o vir a come\u00e7ar a constru\u00e7\u00e3o este ano, disse.<\/p>\n<p class=\"p1\">Questionado num eventual interesse num projeto hoteleiro para Santa Catarina, o presidente da Vila Gal\u00e9 afirma que este &#8220;\u00e9 um estado que pode vir a justificar a presen\u00e7a&#8221; do grupo.<\/p>\n<p class=\"p1\">Sobre Cuba, Jorge Rebelo de Almeida lembrou que o pa\u00eds &#8220;est\u00e1 a atravessar uma crise importante&#8221;, mas que acreditam que o turismo ali &#8220;tem muito futuro&#8221;, da\u00ed que mantenham o interesse em alargar presen\u00e7a, nomeadamente &#8220;Havana ou Varadero continua em cima da mesa&#8221;.<\/p>\n<p class=\"p1\">Hoje, o Grupo Vila Gal\u00e9 anunciou estimar que o resultado l\u00edquido de 2024 tenha subido para cerca de 105 milh\u00f5es de euros, com as receitas a bater recorde e com os dados a apontarem para um 2025 de crescimentos.<\/p>\n<p class=\"p1\">O grupo conta com 45 hot\u00e9is, 32 em Portugal, um em Espanha, 11 no Brasil e um Cuba.<\/p>\n","protected":false},"excerpt":{"rendered":"<p>O Vila Gal\u00e9 vai abrir quatro hot\u00e9is este ano, dois em Portugal e dois no Brasil, disse hoje o presidente do grupo, acrescentando que mant\u00eam interesse em refor\u00e7ar a presen\u00e7a no mercado espanhol, brasileiro e at\u00e9 cubano. Num encontro com jornalistas, em Lisboa, Jorge Rebelo de Almeida, disse que em Portugal, o grupo prev\u00ea abrir [&hellip;]<\/p>\n","protected":false},"author":13,"featured_media":114259,"comment_status":"closed","ping_status":"closed","sticky":false,"template":"","format":"standard","meta":{"_exactmetrics_skip_tracking":false,"_exactmetrics_sitenote_active":false,"_exactmetrics_sitenote_note":"","_exactmetrics_sitenote_category":0,"footnotes":""},"categories":[12],"tags":[27],"class_list":["post-114258","post","type-post","status-publish","format-standard","has-post-thumbnail","hentry","category-ponte-de-lima","tag-sociedade"],"yoast_head":"<!-- This site is optimized with the Yoast SEO Premium plugin v27.5 (Yoast SEO v27.5) - https:\/\/yoast.com\/product\/yoast-seo-premium-wordpress\/ -->\n<title>Grupo Vila Gal\u00e9 abre hotel em Ponte de Lima<\/title>\n<meta name=\"description\" content=\"Num encontro com jornalistas, em Lisboa, Jorge Rebelo de Almeida, disse que em Portugal, o grupo prev\u00ea abrir o Vila Gal\u00e9 Casas D\u2019Elvas, no Alentejo, em fevereiro, num investimento de seis milh\u00f5es de euros, assim como o Vila Gal\u00e9 Pa\u00e7o do Curutelo, em Ponte de Lima (Viana do Castelo), em 25 de abril.\" \/>\n<meta name=\"robots\" content=\"index, follow, max-snippet:-1, max-image-preview:large, max-video-preview:-1\" \/>\n<link rel=\"canonical\" href=\"https:\/\/www.altominho.tv\/site\/2025\/01\/29\/grupo-vila-gale-abre-hotel-em-ponte-de-lima\/\" \/>\n<meta property=\"og:locale\" content=\"pt_PT\" \/>\n<meta property=\"og:type\" content=\"article\" \/>\n<meta property=\"og:title\" content=\"Grupo Vila Gal\u00e9 abre hotel em Ponte de Lima\" \/>\n<meta property=\"og:description\" content=\"Num encontro com jornalistas, em Lisboa, Jorge Rebelo de Almeida, disse que em Portugal, o grupo prev\u00ea abrir o Vila Gal\u00e9 Casas D\u2019Elvas, no Alentejo, em fevereiro, num investimento de seis milh\u00f5es de euros, assim como o Vila Gal\u00e9 Pa\u00e7o do Curutelo, em Ponte de Lima (Viana do Castelo), em 25 de abril.\" \/>\n<meta property=\"og:url\" content=\"https:\/\/www.altominho.tv\/site\/2025\/01\/29\/grupo-vila-gale-abre-hotel-em-ponte-de-lima\/\" \/>\n<meta property=\"og:site_name\" content=\"Altominho.tv\" \/>\n<meta property=\"article:publisher\" content=\"https:\/\/www.facebook.com\/altominhotv\" \/>\n<meta property=\"article:published_time\" content=\"2025-01-29T10:37:02+00:00\" \/>\n<meta property=\"article:modified_time\" content=\"2025-01-29T10:37:05+00:00\" \/>\n<meta property=\"og:image\" content=\"https:\/\/www.altominho.tv\/site\/wp-content\/uploads\/2025\/01\/Curutelo-ponte-de-lima.jpg\" \/>\n\t<meta property=\"og:image:width\" content=\"1200\" \/>\n\t<meta property=\"og:image:height\" content=\"630\" \/>\n\t<meta property=\"og:image:type\" content=\"image\/jpeg\" \/>\n<meta name=\"author\" content=\"Lusa\" \/>\n<meta name=\"twitter:card\" content=\"summary_large_image\" \/>\n<meta name=\"twitter:creator\" content=\"@altominhoTV\" \/>\n<meta name=\"twitter:site\" content=\"@altominhoTV\" \/>\n<meta name=\"twitter:label1\" content=\"Escrito por\" \/>\n\t<meta name=\"twitter:data1\" content=\"Lusa\" \/>\n\t<meta name=\"twitter:label2\" content=\"Tempo estimado de leitura\" \/>\n\t<meta name=\"twitter:data2\" content=\"3 minutos\" \/>\n<script type=\"application\/ld+json\" class=\"yoast-schema-graph\">{\"@context\":\"https:\\\/\\\/schema.org\",\"@graph\":[{\"@type\":\"Article\",\"@id\":\"https:\\\/\\\/www.altominho.tv\\\/site\\\/2025\\\/01\\\/29\\\/grupo-vila-gale-abre-hotel-em-ponte-de-lima\\\/#article\",\"isPartOf\":{\"@id\":\"https:\\\/\\\/www.altominho.tv\\\/site\\\/2025\\\/01\\\/29\\\/grupo-vila-gale-abre-hotel-em-ponte-de-lima\\\/\"},\"author\":{\"name\":\"Lusa\",\"@id\":\"https:\\\/\\\/www.altominho.tv\\\/site\\\/#\\\/schema\\\/person\\\/63f693da3e1899361cbe955c46f3232e\"},\"headline\":\"Grupo Vila Gal\u00e9 abre hotel em Ponte de Lima\",\"datePublished\":\"2025-01-29T10:37:02+00:00\",\"dateModified\":\"2025-01-29T10:37:05+00:00\",\"mainEntityOfPage\":{\"@id\":\"https:\\\/\\\/www.altominho.tv\\\/site\\\/2025\\\/01\\\/29\\\/grupo-vila-gale-abre-hotel-em-ponte-de-lima\\\/\"},\"wordCount\":529,\"image\":{\"@id\":\"https:\\\/\\\/www.altominho.tv\\\/site\\\/2025\\\/01\\\/29\\\/grupo-vila-gale-abre-hotel-em-ponte-de-lima\\\/#primaryimage\"},\"thumbnailUrl\":\"https:\\\/\\\/www.altominho.tv\\\/site\\\/wp-content\\\/uploads\\\/2025\\\/01\\\/Curutelo-ponte-de-lima.jpg\",\"keywords\":[\"Sociedade\"],\"articleSection\":[\"Ponte de Lima\"],\"inLanguage\":\"pt-PT\",\"copyrightYear\":\"2025\",\"copyrightHolder\":{\"@id\":\"https:\\\/\\\/www.altominho.tv\\\/site\\\/#organization\"}},{\"@type\":\"WebPage\",\"@id\":\"https:\\\/\\\/www.altominho.tv\\\/site\\\/2025\\\/01\\\/29\\\/grupo-vila-gale-abre-hotel-em-ponte-de-lima\\\/\",\"url\":\"https:\\\/\\\/www.altominho.tv\\\/site\\\/2025\\\/01\\\/29\\\/grupo-vila-gale-abre-hotel-em-ponte-de-lima\\\/\",\"name\":\"Grupo Vila Gal\u00e9 abre hotel em Ponte de Lima\",\"isPartOf\":{\"@id\":\"https:\\\/\\\/www.altominho.tv\\\/site\\\/#website\"},\"primaryImageOfPage\":{\"@id\":\"https:\\\/\\\/www.altominho.tv\\\/site\\\/2025\\\/01\\\/29\\\/grupo-vila-gale-abre-hotel-em-ponte-de-lima\\\/#primaryimage\"},\"image\":{\"@id\":\"https:\\\/\\\/www.altominho.tv\\\/site\\\/2025\\\/01\\\/29\\\/grupo-vila-gale-abre-hotel-em-ponte-de-lima\\\/#primaryimage\"},\"thumbnailUrl\":\"https:\\\/\\\/www.altominho.tv\\\/site\\\/wp-content\\\/uploads\\\/2025\\\/01\\\/Curutelo-ponte-de-lima.jpg\",\"datePublished\":\"2025-01-29T10:37:02+00:00\",\"dateModified\":\"2025-01-29T10:37:05+00:00\",\"author\":{\"@id\":\"https:\\\/\\\/www.altominho.tv\\\/site\\\/#\\\/schema\\\/person\\\/63f693da3e1899361cbe955c46f3232e\"},\"description\":\"Num encontro com jornalistas, em Lisboa, Jorge Rebelo de Almeida, disse que em Portugal, o grupo prev\u00ea abrir o Vila Gal\u00e9 Casas D\u2019Elvas, no Alentejo, em fevereiro, num investimento de seis milh\u00f5es de euros, assim como o Vila Gal\u00e9 Pa\u00e7o do Curutelo, em Ponte de Lima (Viana do Castelo), em 25 de abril.\",\"breadcrumb\":{\"@id\":\"https:\\\/\\\/www.altominho.tv\\\/site\\\/2025\\\/01\\\/29\\\/grupo-vila-gale-abre-hotel-em-ponte-de-lima\\\/#breadcrumb\"},\"inLanguage\":\"pt-PT\",\"potentialAction\":[{\"@type\":\"ReadAction\",\"target\":[\"https:\\\/\\\/www.altominho.tv\\\/site\\\/2025\\\/01\\\/29\\\/grupo-vila-gale-abre-hotel-em-ponte-de-lima\\\/\"]}]},{\"@type\":\"ImageObject\",\"inLanguage\":\"pt-PT\",\"@id\":\"https:\\\/\\\/www.altominho.tv\\\/site\\\/2025\\\/01\\\/29\\\/grupo-vila-gale-abre-hotel-em-ponte-de-lima\\\/#primaryimage\",\"url\":\"https:\\\/\\\/www.altominho.tv\\\/site\\\/wp-content\\\/uploads\\\/2025\\\/01\\\/Curutelo-ponte-de-lima.jpg\",\"contentUrl\":\"https:\\\/\\\/www.altominho.tv\\\/site\\\/wp-content\\\/uploads\\\/2025\\\/01\\\/Curutelo-ponte-de-lima.jpg\",\"width\":1200,\"height\":630},{\"@type\":\"BreadcrumbList\",\"@id\":\"https:\\\/\\\/www.altominho.tv\\\/site\\\/2025\\\/01\\\/29\\\/grupo-vila-gale-abre-hotel-em-ponte-de-lima\\\/#breadcrumb\",\"itemListElement\":[{\"@type\":\"ListItem\",\"position\":1,\"name\":\"In\u00edcio\",\"item\":\"https:\\\/\\\/www.altominho.tv\\\/site\\\/\"},{\"@type\":\"ListItem\",\"position\":2,\"name\":\"Grupo Vila Gal\u00e9 abre hotel em Ponte de Lima\"}]},{\"@type\":\"WebSite\",\"@id\":\"https:\\\/\\\/www.altominho.tv\\\/site\\\/#website\",\"url\":\"https:\\\/\\\/www.altominho.tv\\\/site\\\/\",\"name\":\"Altominho.tv\",\"description\":\"A sua regi\u00e3o \u00e0 dist\u00e2ncia de um clique...\",\"potentialAction\":[{\"@type\":\"SearchAction\",\"target\":{\"@type\":\"EntryPoint\",\"urlTemplate\":\"https:\\\/\\\/www.altominho.tv\\\/site\\\/?s={search_term_string}\"},\"query-input\":{\"@type\":\"PropertyValueSpecification\",\"valueRequired\":true,\"valueName\":\"search_term_string\"}}],\"inLanguage\":\"pt-PT\"},{\"@type\":\"Person\",\"@id\":\"https:\\\/\\\/www.altominho.tv\\\/site\\\/#\\\/schema\\\/person\\\/63f693da3e1899361cbe955c46f3232e\",\"name\":\"Lusa\",\"image\":{\"@type\":\"ImageObject\",\"inLanguage\":\"pt-PT\",\"@id\":\"https:\\\/\\\/www.altominho.tv\\\/site\\\/wp-content\\\/uploads\\\/2019\\\/08\\\/LUSA_Logo.gif\",\"url\":\"https:\\\/\\\/www.altominho.tv\\\/site\\\/wp-content\\\/uploads\\\/2019\\\/08\\\/LUSA_Logo.gif\",\"contentUrl\":\"https:\\\/\\\/www.altominho.tv\\\/site\\\/wp-content\\\/uploads\\\/2019\\\/08\\\/LUSA_Logo.gif\",\"caption\":\"Lusa\"},\"sameAs\":[\"http:\\\/\\\/\\\/\\\/www.altominho.tv\\\/site\"],\"url\":\"https:\\\/\\\/www.altominho.tv\\\/site\\\/author\\\/lusa\\\/\"}]}<\/script>\n<!-- \/ Yoast SEO Premium plugin. -->","yoast_head_json":{"title":"Grupo Vila Gal\u00e9 abre hotel em Ponte de Lima","description":"Num encontro com jornalistas, em Lisboa, Jorge Rebelo de Almeida, disse que em Portugal, o grupo prev\u00ea abrir o Vila Gal\u00e9 Casas D\u2019Elvas, no Alentejo, em fevereiro, num investimento de seis milh\u00f5es de euros, assim como o Vila Gal\u00e9 Pa\u00e7o do Curutelo, em Ponte de Lima (Viana do Castelo), em 25 de abril.","robots":{"index":"index","follow":"follow","max-snippet":"max-snippet:-1","max-image-preview":"max-image-preview:large","max-video-preview":"max-video-preview:-1"},"canonical":"https:\/\/www.altominho.tv\/site\/2025\/01\/29\/grupo-vila-gale-abre-hotel-em-ponte-de-lima\/","og_locale":"pt_PT","og_type":"article","og_title":"Grupo Vila Gal\u00e9 abre hotel em Ponte de Lima","og_description":"Num encontro com jornalistas, em Lisboa, Jorge Rebelo de Almeida, disse que em Portugal, o grupo prev\u00ea abrir o Vila Gal\u00e9 Casas D\u2019Elvas, no Alentejo, em fevereiro, num investimento de seis milh\u00f5es de euros, assim como o Vila Gal\u00e9 Pa\u00e7o do Curutelo, em Ponte de Lima (Viana do Castelo), em 25 de abril.","og_url":"https:\/\/www.altominho.tv\/site\/2025\/01\/29\/grupo-vila-gale-abre-hotel-em-ponte-de-lima\/","og_site_name":"Altominho.tv","article_publisher":"https:\/\/www.facebook.com\/altominhotv","article_published_time":"2025-01-29T10:37:02+00:00","article_modified_time":"2025-01-29T10:37:05+00:00","og_image":[{"width":1200,"height":630,"url":"https:\/\/www.altominho.tv\/site\/wp-content\/uploads\/2025\/01\/Curutelo-ponte-de-lima.jpg","type":"image\/jpeg"}],"author":"Lusa","twitter_card":"summary_large_image","twitter_creator":"@altominhoTV","twitter_site":"@altominhoTV","twitter_misc":{"Escrito por":"Lusa","Tempo estimado de leitura":"3 minutos"},"schema":{"@context":"https:\/\/schema.org","@graph":[{"@type":"Article","@id":"https:\/\/www.altominho.tv\/site\/2025\/01\/29\/grupo-vila-gale-abre-hotel-em-ponte-de-lima\/#article","isPartOf":{"@id":"https:\/\/www.altominho.tv\/site\/2025\/01\/29\/grupo-vila-gale-abre-hotel-em-ponte-de-lima\/"},"author":{"name":"Lusa","@id":"https:\/\/www.altominho.tv\/site\/#\/schema\/person\/63f693da3e1899361cbe955c46f3232e"},"headline":"Grupo Vila Gal\u00e9 abre hotel em Ponte de Lima","datePublished":"2025-01-29T10:37:02+00:00","dateModified":"2025-01-29T10:37:05+00:00","mainEntityOfPage":{"@id":"https:\/\/www.altominho.tv\/site\/2025\/01\/29\/grupo-vila-gale-abre-hotel-em-ponte-de-lima\/"},"wordCount":529,"image":{"@id":"https:\/\/www.altominho.tv\/site\/2025\/01\/29\/grupo-vila-gale-abre-hotel-em-ponte-de-lima\/#primaryimage"},"thumbnailUrl":"https:\/\/www.altominho.tv\/site\/wp-content\/uploads\/2025\/01\/Curutelo-ponte-de-lima.jpg","keywords":["Sociedade"],"articleSection":["Ponte de Lima"],"inLanguage":"pt-PT","copyrightYear":"2025","copyrightHolder":{"@id":"https:\/\/www.altominho.tv\/site\/#organization"}},{"@type":"WebPage","@id":"https:\/\/www.altominho.tv\/site\/2025\/01\/29\/grupo-vila-gale-abre-hotel-em-ponte-de-lima\/","url":"https:\/\/www.altominho.tv\/site\/2025\/01\/29\/grupo-vila-gale-abre-hotel-em-ponte-de-lima\/","name":"Grupo Vila Gal\u00e9 abre hotel em Ponte de Lima","isPartOf":{"@id":"https:\/\/www.altominho.tv\/site\/#website"},"primaryImageOfPage":{"@id":"https:\/\/www.altominho.tv\/site\/2025\/01\/29\/grupo-vila-gale-abre-hotel-em-ponte-de-lima\/#primaryimage"},"image":{"@id":"https:\/\/www.altominho.tv\/site\/2025\/01\/29\/grupo-vila-gale-abre-hotel-em-ponte-de-lima\/#primaryimage"},"thumbnailUrl":"https:\/\/www.altominho.tv\/site\/wp-content\/uploads\/2025\/01\/Curutelo-ponte-de-lima.jpg","datePublished":"2025-01-29T10:37:02+00:00","dateModified":"2025-01-29T10:37:05+00:00","author":{"@id":"https:\/\/www.altominho.tv\/site\/#\/schema\/person\/63f693da3e1899361cbe955c46f3232e"},"description":"Num encontro com jornalistas, em Lisboa, Jorge Rebelo de Almeida, disse que em Portugal, o grupo prev\u00ea abrir o Vila Gal\u00e9 Casas D\u2019Elvas, no Alentejo, em fevereiro, num investimento de seis milh\u00f5es de euros, assim como o Vila Gal\u00e9 Pa\u00e7o do Curutelo, em Ponte de Lima (Viana do Castelo), em 25 de abril.","breadcrumb":{"@id":"https:\/\/www.altominho.tv\/site\/2025\/01\/29\/grupo-vila-gale-abre-hotel-em-ponte-de-lima\/#breadcrumb"},"inLanguage":"pt-PT","potentialAction":[{"@type":"ReadAction","target":["https:\/\/www.altominho.tv\/site\/2025\/01\/29\/grupo-vila-gale-abre-hotel-em-ponte-de-lima\/"]}]},{"@type":"ImageObject","inLanguage":"pt-PT","@id":"https:\/\/www.altominho.tv\/site\/2025\/01\/29\/grupo-vila-gale-abre-hotel-em-ponte-de-lima\/#primaryimage","url":"https:\/\/www.altominho.tv\/site\/wp-content\/uploads\/2025\/01\/Curutelo-ponte-de-lima.jpg","contentUrl":"https:\/\/www.altominho.tv\/site\/wp-content\/uploads\/2025\/01\/Curutelo-ponte-de-lima.jpg","width":1200,"height":630},{"@type":"BreadcrumbList","@id":"https:\/\/www.altominho.tv\/site\/2025\/01\/29\/grupo-vila-gale-abre-hotel-em-ponte-de-lima\/#breadcrumb","itemListElement":[{"@type":"ListItem","position":1,"name":"In\u00edcio","item":"https:\/\/www.altominho.tv\/site\/"},{"@type":"ListItem","position":2,"name":"Grupo Vila Gal\u00e9 abre hotel em Ponte de Lima"}]},{"@type":"WebSite","@id":"https:\/\/www.altominho.tv\/site\/#website","url":"https:\/\/www.altominho.tv\/site\/","name":"Altominho.tv","description":"A sua regi\u00e3o \u00e0 dist\u00e2ncia de um clique...","potentialAction":[{"@type":"SearchAction","target":{"@type":"EntryPoint","urlTemplate":"https:\/\/www.altominho.tv\/site\/?s={search_term_string}"},"query-input":{"@type":"PropertyValueSpecification","valueRequired":true,"valueName":"search_term_string"}}],"inLanguage":"pt-PT"},{"@type":"Person","@id":"https:\/\/www.altominho.tv\/site\/#\/schema\/person\/63f693da3e1899361cbe955c46f3232e","name":"Lusa","image":{"@type":"ImageObject","inLanguage":"pt-PT","@id":"https:\/\/www.altominho.tv\/site\/wp-content\/uploads\/2019\/08\/LUSA_Logo.gif","url":"https:\/\/www.altominho.tv\/site\/wp-content\/uploads\/2019\/08\/LUSA_Logo.gif","contentUrl":"https:\/\/www.altominho.tv\/site\/wp-content\/uploads\/2019\/08\/LUSA_Logo.gif","caption":"Lusa"},"sameAs":["http:\/\/\/\/www.altominho.tv\/site"],"url":"https:\/\/www.altominho.tv\/site\/author\/lusa\/"}]}},"_links":{"self":[{"href":"https:\/\/www.altominho.tv\/site\/wp-json\/wp\/v2\/posts\/114258","targetHints":{"allow":["GET"]}}],"collection":[{"href":"https:\/\/www.altominho.tv\/site\/wp-json\/wp\/v2\/posts"}],"about":[{"href":"https:\/\/www.altominho.tv\/site\/wp-json\/wp\/v2\/types\/post"}],"author":[{"embeddable":true,"href":"https:\/\/www.altominho.tv\/site\/wp-json\/wp\/v2\/users\/13"}],"replies":[{"embeddable":true,"href":"https:\/\/www.altominho.tv\/site\/wp-json\/wp\/v2\/comments?post=114258"}],"version-history":[{"count":1,"href":"https:\/\/www.altominho.tv\/site\/wp-json\/wp\/v2\/posts\/114258\/revisions"}],"predecessor-version":[{"id":114260,"href":"https:\/\/www.altominho.tv\/site\/wp-json\/wp\/v2\/posts\/114258\/revisions\/114260"}],"wp:featuredmedia":[{"embeddable":true,"href":"https:\/\/www.altominho.tv\/site\/wp-json\/wp\/v2\/media\/114259"}],"wp:attachment":[{"href":"https:\/\/www.altominho.tv\/site\/wp-json\/wp\/v2\/media?parent=114258"}],"wp:term":[{"taxonomy":"category","embeddable":true,"href":"https:\/\/www.altominho.tv\/site\/wp-json\/wp\/v2\/categories?post=114258"},{"taxonomy":"post_tag","embeddable":true,"href":"https:\/\/www.altominho.tv\/site\/wp-json\/wp\/v2\/tags?post=114258"}],"curies":[{"name":"wp","href":"https:\/\/api.w.org\/{rel}","templated":true}]}}