{"id":114243,"date":"2025-01-29T09:26:38","date_gmt":"2025-01-29T09:26:38","guid":{"rendered":"https:\/\/www.altominho.tv\/site\/?p=114243"},"modified":"2025-01-29T09:26:41","modified_gmt":"2025-01-29T09:26:41","slug":"calema-prometem-atrair-multidao-na-celebracao-dos-900-anos-de-ponte-de-lima","status":"publish","type":"post","link":"https:\/\/www.altominho.tv\/site\/2025\/01\/29\/calema-prometem-atrair-multidao-na-celebracao-dos-900-anos-de-ponte-de-lima\/","title":{"rendered":"Calema prometem atrair multid\u00e3o na celebra\u00e7\u00e3o dos 900 anos de Ponte de Lima"},"content":{"rendered":"<p><span data-contrast=\"auto\">O Munic\u00edpio de Ponte de Lima prepara-se para celebrar uma efem\u00e9ride hist\u00f3rica: os 900 anos do Foral de Ponte de Lima (1125-2025). A data ser\u00e1 marcada por um concerto dos Calema, a realizar-se no dia 3 de mar\u00e7o, pelas 22h00, no areal da vila, num evento que promete atrair milhares de pessoas e refor\u00e7ar a posi\u00e7\u00e3o da vila como um centro cultural din\u00e2mico.<\/span><span data-ccp-props=\"{}\">\u00a0<\/span><\/p>\n<p><span data-contrast=\"auto\">A dupla de S\u00e3o Tom\u00e9 e Pr\u00edncipe, conhecida pelo sucesso no panorama da m\u00fasica lus\u00f3fona e pela certifica\u00e7\u00e3o de platina, trar\u00e1 a sua aclamada \u201cTour Voyage\u201d ao cora\u00e7\u00e3o da vila mais antiga de Portugal. Este espet\u00e1culo gratuito destina-se a todos os limianos e visitantes, representando um dos momentos altos das comemora\u00e7\u00f5es.<\/span><span data-ccp-props=\"{}\">\u00a0<\/span><\/p>\n<p><span data-contrast=\"auto\">Para encerrar a noite, ser\u00e1 lan\u00e7ada uma sess\u00e3o de fogo-de-artif\u00edcio que iluminar\u00e1 o c\u00e9u e as margens do rio Lima, numa homenagem simb\u00f3lica \u00e0 hist\u00f3ria e \u00e0 import\u00e2ncia cultural de Ponte de Lima.<\/span><span data-ccp-props=\"{}\">\u00a0<\/span><\/p>\n<p><span data-contrast=\"auto\">As festividades n\u00e3o se limitam a este dia. O programa comemorativo dos 900 anos do Foral estender-se-\u00e1 at\u00e9 4 de mar\u00e7o de 2026, com diversas iniciativas culturais e hist\u00f3ricas que pretendem enaltecer o patrim\u00f3nio e a identidade da vila.<\/span><span data-ccp-props=\"{}\">\u00a0<\/span><\/p>\n","protected":false},"excerpt":{"rendered":"<p>O Munic\u00edpio de Ponte de Lima prepara-se para celebrar uma efem\u00e9ride hist\u00f3rica: os 900 anos do Foral de Ponte de Lima (1125-2025). A data ser\u00e1 marcada por um concerto dos Calema, a realizar-se no dia 3 de mar\u00e7o, pelas 22h00, no areal da vila, num evento que promete atrair milhares de pessoas e refor\u00e7ar a [&hellip;]<\/p>\n","protected":false},"author":1,"featured_media":114244,"comment_status":"closed","ping_status":"closed","sticky":false,"template":"","format":"standard","meta":{"_exactmetrics_skip_tracking":false,"_exactmetrics_sitenote_active":false,"_exactmetrics_sitenote_note":"","_exactmetrics_sitenote_category":0,"footnotes":""},"categories":[12],"tags":[24],"class_list":["post-114243","post","type-post","status-publish","format-standard","has-post-thumbnail","hentry","category-ponte-de-lima","tag-lazer"],"yoast_head":"<!-- This site is optimized with the Yoast SEO Premium plugin v27.5 (Yoast SEO v27.5) - https:\/\/yoast.com\/product\/yoast-seo-premium-wordpress\/ -->\n<title>Calema prometem atrair multid\u00e3o na celebra\u00e7\u00e3o dos 900 anos de Ponte de Lima<\/title>\n<meta name=\"description\" content=\"O Munic\u00edpio de Ponte de Lima prepara-se para celebrar uma efem\u00e9ride hist\u00f3rica: os 900 anos do Foral de Ponte de Lima (1125-2025).\" \/>\n<meta name=\"robots\" content=\"index, follow, max-snippet:-1, max-image-preview:large, max-video-preview:-1\" \/>\n<link rel=\"canonical\" href=\"https:\/\/www.altominho.tv\/site\/2025\/01\/29\/calema-prometem-atrair-multidao-na-celebracao-dos-900-anos-de-ponte-de-lima\/\" \/>\n<meta property=\"og:locale\" content=\"pt_PT\" \/>\n<meta property=\"og:type\" content=\"article\" \/>\n<meta property=\"og:title\" content=\"Calema prometem atrair multid\u00e3o na celebra\u00e7\u00e3o dos 900 anos de Ponte de Lima\" \/>\n<meta property=\"og:description\" content=\"O Munic\u00edpio de Ponte de Lima prepara-se para celebrar uma efem\u00e9ride hist\u00f3rica: os 900 anos do Foral de Ponte de Lima (1125-2025).\" \/>\n<meta property=\"og:url\" content=\"https:\/\/www.altominho.tv\/site\/2025\/01\/29\/calema-prometem-atrair-multidao-na-celebracao-dos-900-anos-de-ponte-de-lima\/\" \/>\n<meta property=\"og:site_name\" content=\"Altominho.tv\" \/>\n<meta property=\"article:publisher\" content=\"https:\/\/www.facebook.com\/altominhotv\" \/>\n<meta property=\"article:published_time\" content=\"2025-01-29T09:26:38+00:00\" \/>\n<meta property=\"article:modified_time\" content=\"2025-01-29T09:26:41+00:00\" \/>\n<meta property=\"og:image\" content=\"https:\/\/www.altominho.tv\/site\/wp-content\/uploads\/2025\/01\/Calema-Ponte-de-Lima.png\" \/>\n\t<meta property=\"og:image:width\" content=\"1200\" \/>\n\t<meta property=\"og:image:height\" content=\"630\" \/>\n\t<meta property=\"og:image:type\" content=\"image\/png\" \/>\n<meta name=\"author\" content=\"Altominho.tv\" \/>\n<meta name=\"twitter:card\" content=\"summary_large_image\" \/>\n<meta name=\"twitter:creator\" content=\"@altominhoTV\" \/>\n<meta name=\"twitter:site\" content=\"@altominhoTV\" \/>\n<meta name=\"twitter:label1\" content=\"Escrito por\" \/>\n\t<meta name=\"twitter:data1\" content=\"Altominho.tv\" \/>\n\t<meta name=\"twitter:label2\" content=\"Tempo estimado de leitura\" \/>\n\t<meta name=\"twitter:data2\" content=\"2 minutos\" \/>\n<script type=\"application\/ld+json\" class=\"yoast-schema-graph\">{\"@context\":\"https:\\\/\\\/schema.org\",\"@graph\":[{\"@type\":\"Article\",\"@id\":\"https:\\\/\\\/www.altominho.tv\\\/site\\\/2025\\\/01\\\/29\\\/calema-prometem-atrair-multidao-na-celebracao-dos-900-anos-de-ponte-de-lima\\\/#article\",\"isPartOf\":{\"@id\":\"https:\\\/\\\/www.altominho.tv\\\/site\\\/2025\\\/01\\\/29\\\/calema-prometem-atrair-multidao-na-celebracao-dos-900-anos-de-ponte-de-lima\\\/\"},\"author\":{\"name\":\"Altominho.tv\",\"@id\":\"https:\\\/\\\/www.altominho.tv\\\/site\\\/#\\\/schema\\\/person\\\/4e536851627d7914baf3dac752b6af22\"},\"headline\":\"Calema prometem atrair multid\u00e3o na celebra\u00e7\u00e3o dos 900 anos de Ponte de Lima\",\"datePublished\":\"2025-01-29T09:26:38+00:00\",\"dateModified\":\"2025-01-29T09:26:41+00:00\",\"mainEntityOfPage\":{\"@id\":\"https:\\\/\\\/www.altominho.tv\\\/site\\\/2025\\\/01\\\/29\\\/calema-prometem-atrair-multidao-na-celebracao-dos-900-anos-de-ponte-de-lima\\\/\"},\"wordCount\":219,\"image\":{\"@id\":\"https:\\\/\\\/www.altominho.tv\\\/site\\\/2025\\\/01\\\/29\\\/calema-prometem-atrair-multidao-na-celebracao-dos-900-anos-de-ponte-de-lima\\\/#primaryimage\"},\"thumbnailUrl\":\"https:\\\/\\\/www.altominho.tv\\\/site\\\/wp-content\\\/uploads\\\/2025\\\/01\\\/Calema-Ponte-de-Lima.png\",\"keywords\":[\"Lazer\"],\"articleSection\":[\"Ponte de Lima\"],\"inLanguage\":\"pt-PT\",\"copyrightYear\":\"2025\",\"copyrightHolder\":{\"@id\":\"https:\\\/\\\/www.altominho.tv\\\/site\\\/#organization\"}},{\"@type\":\"WebPage\",\"@id\":\"https:\\\/\\\/www.altominho.tv\\\/site\\\/2025\\\/01\\\/29\\\/calema-prometem-atrair-multidao-na-celebracao-dos-900-anos-de-ponte-de-lima\\\/\",\"url\":\"https:\\\/\\\/www.altominho.tv\\\/site\\\/2025\\\/01\\\/29\\\/calema-prometem-atrair-multidao-na-celebracao-dos-900-anos-de-ponte-de-lima\\\/\",\"name\":\"Calema prometem atrair multid\u00e3o na celebra\u00e7\u00e3o dos 900 anos de Ponte de Lima\",\"isPartOf\":{\"@id\":\"https:\\\/\\\/www.altominho.tv\\\/site\\\/#website\"},\"primaryImageOfPage\":{\"@id\":\"https:\\\/\\\/www.altominho.tv\\\/site\\\/2025\\\/01\\\/29\\\/calema-prometem-atrair-multidao-na-celebracao-dos-900-anos-de-ponte-de-lima\\\/#primaryimage\"},\"image\":{\"@id\":\"https:\\\/\\\/www.altominho.tv\\\/site\\\/2025\\\/01\\\/29\\\/calema-prometem-atrair-multidao-na-celebracao-dos-900-anos-de-ponte-de-lima\\\/#primaryimage\"},\"thumbnailUrl\":\"https:\\\/\\\/www.altominho.tv\\\/site\\\/wp-content\\\/uploads\\\/2025\\\/01\\\/Calema-Ponte-de-Lima.png\",\"datePublished\":\"2025-01-29T09:26:38+00:00\",\"dateModified\":\"2025-01-29T09:26:41+00:00\",\"author\":{\"@id\":\"https:\\\/\\\/www.altominho.tv\\\/site\\\/#\\\/schema\\\/person\\\/4e536851627d7914baf3dac752b6af22\"},\"description\":\"O Munic\u00edpio de Ponte de Lima prepara-se para celebrar uma efem\u00e9ride hist\u00f3rica: os 900 anos do Foral de Ponte de Lima (1125-2025).\",\"breadcrumb\":{\"@id\":\"https:\\\/\\\/www.altominho.tv\\\/site\\\/2025\\\/01\\\/29\\\/calema-prometem-atrair-multidao-na-celebracao-dos-900-anos-de-ponte-de-lima\\\/#breadcrumb\"},\"inLanguage\":\"pt-PT\",\"potentialAction\":[{\"@type\":\"ReadAction\",\"target\":[\"https:\\\/\\\/www.altominho.tv\\\/site\\\/2025\\\/01\\\/29\\\/calema-prometem-atrair-multidao-na-celebracao-dos-900-anos-de-ponte-de-lima\\\/\"]}]},{\"@type\":\"ImageObject\",\"inLanguage\":\"pt-PT\",\"@id\":\"https:\\\/\\\/www.altominho.tv\\\/site\\\/2025\\\/01\\\/29\\\/calema-prometem-atrair-multidao-na-celebracao-dos-900-anos-de-ponte-de-lima\\\/#primaryimage\",\"url\":\"https:\\\/\\\/www.altominho.tv\\\/site\\\/wp-content\\\/uploads\\\/2025\\\/01\\\/Calema-Ponte-de-Lima.png\",\"contentUrl\":\"https:\\\/\\\/www.altominho.tv\\\/site\\\/wp-content\\\/uploads\\\/2025\\\/01\\\/Calema-Ponte-de-Lima.png\",\"width\":1200,\"height\":630},{\"@type\":\"BreadcrumbList\",\"@id\":\"https:\\\/\\\/www.altominho.tv\\\/site\\\/2025\\\/01\\\/29\\\/calema-prometem-atrair-multidao-na-celebracao-dos-900-anos-de-ponte-de-lima\\\/#breadcrumb\",\"itemListElement\":[{\"@type\":\"ListItem\",\"position\":1,\"name\":\"In\u00edcio\",\"item\":\"https:\\\/\\\/www.altominho.tv\\\/site\\\/\"},{\"@type\":\"ListItem\",\"position\":2,\"name\":\"Calema prometem atrair multid\u00e3o na celebra\u00e7\u00e3o dos 900 anos de Ponte de Lima\"}]},{\"@type\":\"WebSite\",\"@id\":\"https:\\\/\\\/www.altominho.tv\\\/site\\\/#website\",\"url\":\"https:\\\/\\\/www.altominho.tv\\\/site\\\/\",\"name\":\"Altominho.tv\",\"description\":\"A sua regi\u00e3o \u00e0 dist\u00e2ncia de um clique...\",\"potentialAction\":[{\"@type\":\"SearchAction\",\"target\":{\"@type\":\"EntryPoint\",\"urlTemplate\":\"https:\\\/\\\/www.altominho.tv\\\/site\\\/?s={search_term_string}\"},\"query-input\":{\"@type\":\"PropertyValueSpecification\",\"valueRequired\":true,\"valueName\":\"search_term_string\"}}],\"inLanguage\":\"pt-PT\"},{\"@type\":\"Person\",\"@id\":\"https:\\\/\\\/www.altominho.tv\\\/site\\\/#\\\/schema\\\/person\\\/4e536851627d7914baf3dac752b6af22\",\"name\":\"Altominho.tv\",\"image\":{\"@type\":\"ImageObject\",\"inLanguage\":\"pt-PT\",\"@id\":\"https:\\\/\\\/www.altominho.tv\\\/site\\\/wp-content\\\/uploads\\\/2019\\\/11\\\/Logo_Avatar_2-150x150.jpg\",\"url\":\"https:\\\/\\\/www.altominho.tv\\\/site\\\/wp-content\\\/uploads\\\/2019\\\/11\\\/Logo_Avatar_2-150x150.jpg\",\"contentUrl\":\"https:\\\/\\\/www.altominho.tv\\\/site\\\/wp-content\\\/uploads\\\/2019\\\/11\\\/Logo_Avatar_2-150x150.jpg\",\"caption\":\"Altominho.tv\"},\"url\":\"https:\\\/\\\/www.altominho.tv\\\/site\\\/author\\\/altominhotv-tecnico\\\/\"}]}<\/script>\n<!-- \/ Yoast SEO Premium plugin. -->","yoast_head_json":{"title":"Calema prometem atrair multid\u00e3o na celebra\u00e7\u00e3o dos 900 anos de Ponte de Lima","description":"O Munic\u00edpio de Ponte de Lima prepara-se para celebrar uma efem\u00e9ride hist\u00f3rica: os 900 anos do Foral de Ponte de Lima (1125-2025).","robots":{"index":"index","follow":"follow","max-snippet":"max-snippet:-1","max-image-preview":"max-image-preview:large","max-video-preview":"max-video-preview:-1"},"canonical":"https:\/\/www.altominho.tv\/site\/2025\/01\/29\/calema-prometem-atrair-multidao-na-celebracao-dos-900-anos-de-ponte-de-lima\/","og_locale":"pt_PT","og_type":"article","og_title":"Calema prometem atrair multid\u00e3o na celebra\u00e7\u00e3o dos 900 anos de Ponte de Lima","og_description":"O Munic\u00edpio de Ponte de Lima prepara-se para celebrar uma efem\u00e9ride hist\u00f3rica: os 900 anos do Foral de Ponte de Lima (1125-2025).","og_url":"https:\/\/www.altominho.tv\/site\/2025\/01\/29\/calema-prometem-atrair-multidao-na-celebracao-dos-900-anos-de-ponte-de-lima\/","og_site_name":"Altominho.tv","article_publisher":"https:\/\/www.facebook.com\/altominhotv","article_published_time":"2025-01-29T09:26:38+00:00","article_modified_time":"2025-01-29T09:26:41+00:00","og_image":[{"width":1200,"height":630,"url":"https:\/\/www.altominho.tv\/site\/wp-content\/uploads\/2025\/01\/Calema-Ponte-de-Lima.png","type":"image\/png"}],"author":"Altominho.tv","twitter_card":"summary_large_image","twitter_creator":"@altominhoTV","twitter_site":"@altominhoTV","twitter_misc":{"Escrito por":"Altominho.tv","Tempo estimado de leitura":"2 minutos"},"schema":{"@context":"https:\/\/schema.org","@graph":[{"@type":"Article","@id":"https:\/\/www.altominho.tv\/site\/2025\/01\/29\/calema-prometem-atrair-multidao-na-celebracao-dos-900-anos-de-ponte-de-lima\/#article","isPartOf":{"@id":"https:\/\/www.altominho.tv\/site\/2025\/01\/29\/calema-prometem-atrair-multidao-na-celebracao-dos-900-anos-de-ponte-de-lima\/"},"author":{"name":"Altominho.tv","@id":"https:\/\/www.altominho.tv\/site\/#\/schema\/person\/4e536851627d7914baf3dac752b6af22"},"headline":"Calema prometem atrair multid\u00e3o na celebra\u00e7\u00e3o dos 900 anos de Ponte de Lima","datePublished":"2025-01-29T09:26:38+00:00","dateModified":"2025-01-29T09:26:41+00:00","mainEntityOfPage":{"@id":"https:\/\/www.altominho.tv\/site\/2025\/01\/29\/calema-prometem-atrair-multidao-na-celebracao-dos-900-anos-de-ponte-de-lima\/"},"wordCount":219,"image":{"@id":"https:\/\/www.altominho.tv\/site\/2025\/01\/29\/calema-prometem-atrair-multidao-na-celebracao-dos-900-anos-de-ponte-de-lima\/#primaryimage"},"thumbnailUrl":"https:\/\/www.altominho.tv\/site\/wp-content\/uploads\/2025\/01\/Calema-Ponte-de-Lima.png","keywords":["Lazer"],"articleSection":["Ponte de Lima"],"inLanguage":"pt-PT","copyrightYear":"2025","copyrightHolder":{"@id":"https:\/\/www.altominho.tv\/site\/#organization"}},{"@type":"WebPage","@id":"https:\/\/www.altominho.tv\/site\/2025\/01\/29\/calema-prometem-atrair-multidao-na-celebracao-dos-900-anos-de-ponte-de-lima\/","url":"https:\/\/www.altominho.tv\/site\/2025\/01\/29\/calema-prometem-atrair-multidao-na-celebracao-dos-900-anos-de-ponte-de-lima\/","name":"Calema prometem atrair multid\u00e3o na celebra\u00e7\u00e3o dos 900 anos de Ponte de Lima","isPartOf":{"@id":"https:\/\/www.altominho.tv\/site\/#website"},"primaryImageOfPage":{"@id":"https:\/\/www.altominho.tv\/site\/2025\/01\/29\/calema-prometem-atrair-multidao-na-celebracao-dos-900-anos-de-ponte-de-lima\/#primaryimage"},"image":{"@id":"https:\/\/www.altominho.tv\/site\/2025\/01\/29\/calema-prometem-atrair-multidao-na-celebracao-dos-900-anos-de-ponte-de-lima\/#primaryimage"},"thumbnailUrl":"https:\/\/www.altominho.tv\/site\/wp-content\/uploads\/2025\/01\/Calema-Ponte-de-Lima.png","datePublished":"2025-01-29T09:26:38+00:00","dateModified":"2025-01-29T09:26:41+00:00","author":{"@id":"https:\/\/www.altominho.tv\/site\/#\/schema\/person\/4e536851627d7914baf3dac752b6af22"},"description":"O Munic\u00edpio de Ponte de Lima prepara-se para celebrar uma efem\u00e9ride hist\u00f3rica: os 900 anos do Foral de Ponte de Lima (1125-2025).","breadcrumb":{"@id":"https:\/\/www.altominho.tv\/site\/2025\/01\/29\/calema-prometem-atrair-multidao-na-celebracao-dos-900-anos-de-ponte-de-lima\/#breadcrumb"},"inLanguage":"pt-PT","potentialAction":[{"@type":"ReadAction","target":["https:\/\/www.altominho.tv\/site\/2025\/01\/29\/calema-prometem-atrair-multidao-na-celebracao-dos-900-anos-de-ponte-de-lima\/"]}]},{"@type":"ImageObject","inLanguage":"pt-PT","@id":"https:\/\/www.altominho.tv\/site\/2025\/01\/29\/calema-prometem-atrair-multidao-na-celebracao-dos-900-anos-de-ponte-de-lima\/#primaryimage","url":"https:\/\/www.altominho.tv\/site\/wp-content\/uploads\/2025\/01\/Calema-Ponte-de-Lima.png","contentUrl":"https:\/\/www.altominho.tv\/site\/wp-content\/uploads\/2025\/01\/Calema-Ponte-de-Lima.png","width":1200,"height":630},{"@type":"BreadcrumbList","@id":"https:\/\/www.altominho.tv\/site\/2025\/01\/29\/calema-prometem-atrair-multidao-na-celebracao-dos-900-anos-de-ponte-de-lima\/#breadcrumb","itemListElement":[{"@type":"ListItem","position":1,"name":"In\u00edcio","item":"https:\/\/www.altominho.tv\/site\/"},{"@type":"ListItem","position":2,"name":"Calema prometem atrair multid\u00e3o na celebra\u00e7\u00e3o dos 900 anos de Ponte de Lima"}]},{"@type":"WebSite","@id":"https:\/\/www.altominho.tv\/site\/#website","url":"https:\/\/www.altominho.tv\/site\/","name":"Altominho.tv","description":"A sua regi\u00e3o \u00e0 dist\u00e2ncia de um clique...","potentialAction":[{"@type":"SearchAction","target":{"@type":"EntryPoint","urlTemplate":"https:\/\/www.altominho.tv\/site\/?s={search_term_string}"},"query-input":{"@type":"PropertyValueSpecification","valueRequired":true,"valueName":"search_term_string"}}],"inLanguage":"pt-PT"},{"@type":"Person","@id":"https:\/\/www.altominho.tv\/site\/#\/schema\/person\/4e536851627d7914baf3dac752b6af22","name":"Altominho.tv","image":{"@type":"ImageObject","inLanguage":"pt-PT","@id":"https:\/\/www.altominho.tv\/site\/wp-content\/uploads\/2019\/11\/Logo_Avatar_2-150x150.jpg","url":"https:\/\/www.altominho.tv\/site\/wp-content\/uploads\/2019\/11\/Logo_Avatar_2-150x150.jpg","contentUrl":"https:\/\/www.altominho.tv\/site\/wp-content\/uploads\/2019\/11\/Logo_Avatar_2-150x150.jpg","caption":"Altominho.tv"},"url":"https:\/\/www.altominho.tv\/site\/author\/altominhotv-tecnico\/"}]}},"_links":{"self":[{"href":"https:\/\/www.altominho.tv\/site\/wp-json\/wp\/v2\/posts\/114243","targetHints":{"allow":["GET"]}}],"collection":[{"href":"https:\/\/www.altominho.tv\/site\/wp-json\/wp\/v2\/posts"}],"about":[{"href":"https:\/\/www.altominho.tv\/site\/wp-json\/wp\/v2\/types\/post"}],"author":[{"embeddable":true,"href":"https:\/\/www.altominho.tv\/site\/wp-json\/wp\/v2\/users\/1"}],"replies":[{"embeddable":true,"href":"https:\/\/www.altominho.tv\/site\/wp-json\/wp\/v2\/comments?post=114243"}],"version-history":[{"count":1,"href":"https:\/\/www.altominho.tv\/site\/wp-json\/wp\/v2\/posts\/114243\/revisions"}],"predecessor-version":[{"id":114245,"href":"https:\/\/www.altominho.tv\/site\/wp-json\/wp\/v2\/posts\/114243\/revisions\/114245"}],"wp:featuredmedia":[{"embeddable":true,"href":"https:\/\/www.altominho.tv\/site\/wp-json\/wp\/v2\/media\/114244"}],"wp:attachment":[{"href":"https:\/\/www.altominho.tv\/site\/wp-json\/wp\/v2\/media?parent=114243"}],"wp:term":[{"taxonomy":"category","embeddable":true,"href":"https:\/\/www.altominho.tv\/site\/wp-json\/wp\/v2\/categories?post=114243"},{"taxonomy":"post_tag","embeddable":true,"href":"https:\/\/www.altominho.tv\/site\/wp-json\/wp\/v2\/tags?post=114243"}],"curies":[{"name":"wp","href":"https:\/\/api.w.org\/{rel}","templated":true}]}}