{"id":114141,"date":"2025-01-26T10:36:43","date_gmt":"2025-01-26T10:36:43","guid":{"rendered":"https:\/\/www.altominho.tv\/site\/?p=114141"},"modified":"2025-01-26T10:36:46","modified_gmt":"2025-01-26T10:36:46","slug":"gnr-identifica-dois-jovens-de-18-anos-suspeitos-de-roubar-raspadinhas-em-ponte-de-lima","status":"publish","type":"post","link":"https:\/\/www.altominho.tv\/site\/2025\/01\/26\/gnr-identifica-dois-jovens-de-18-anos-suspeitos-de-roubar-raspadinhas-em-ponte-de-lima\/","title":{"rendered":"GNR identifica dois jovens de 18 anos suspeitos de roubar raspadinhas em Ponte de Lima"},"content":{"rendered":"<p>Dois jovens de 18 anos foram constitu\u00eddos arguidos, por suspeita de roubarem raspadinhas em estabelecimentos comerciais, no concelho de Ponte de Lima, informou hoje a GNR de Viana do Castelo.<\/p>\n<p>Em comunicado, o Comando Territorial de Viana do Castelo diz que a opera\u00e7\u00e3o ocorreu na sequ\u00eancia de uma den\u00fancia de que dois homens se encontravam no interior de um estabelecimento de restaura\u00e7\u00e3o e bebidas, que se encontrava encerrado ao p\u00fablico.<\/p>\n<p>\u201cOs suspeitos estariam a furtar artigos do seu interior\u201d, l\u00ea-se na nota, que d\u00e1 conta de que os jovens, ao aperceberem-se da presen\u00e7a da GNR, \u201ccolocaram-se em fuga\u201d.<\/p>\n<p>Localizados e identificados, os dois suspeitos que se encontravam na posse de material proveniente do furto, foram constitu\u00eddos arguidos.<\/p>\n<p>A GNR acrescenta que no decorrer da a\u00e7\u00e3o, foram ainda recuperadas v\u00e1rias raspadinhas, que ter\u00e3o sido furtadas em outro estabelecimento no centro da vila de Ponte de Lima, no dia anterior. Os factos foram comunicados ao Tribunal Judicial de Ponte de Lima.<\/p>\n<p>Esta a\u00e7\u00e3o contou com o refor\u00e7o dos militares dos Postos Territoriais de Arcos de Valdevez e de Ponte da Barca, e ainda com o apoio de uma patrulha da Pol\u00edcia de Seguran\u00e7a P\u00fablica (PSP) de Ponte de Lima.<\/p>\n","protected":false},"excerpt":{"rendered":"<p>Dois jovens de 18 anos foram constitu\u00eddos arguidos, por suspeita de roubarem raspadinhas em estabelecimentos comerciais, no concelho de Ponte de Lima, informou hoje a GNR de Viana do Castelo. Em comunicado, o Comando Territorial de Viana do Castelo diz que a opera\u00e7\u00e3o ocorreu na sequ\u00eancia de uma den\u00fancia de que dois homens se encontravam [&hellip;]<\/p>\n","protected":false},"author":13,"featured_media":114145,"comment_status":"closed","ping_status":"closed","sticky":false,"template":"","format":"standard","meta":{"_exactmetrics_skip_tracking":false,"_exactmetrics_sitenote_active":false,"_exactmetrics_sitenote_note":"","_exactmetrics_sitenote_category":0,"footnotes":""},"categories":[12],"tags":[27],"class_list":["post-114141","post","type-post","status-publish","format-standard","has-post-thumbnail","hentry","category-ponte-de-lima","tag-sociedade"],"yoast_head":"<!-- This site is optimized with the Yoast SEO Premium plugin v27.5 (Yoast SEO v27.5) - https:\/\/yoast.com\/product\/yoast-seo-premium-wordpress\/ -->\n<title>GNR identifica dois jovens de 18 anos suspeitos de roubar raspadinhas em Ponte de Lima<\/title>\n<meta name=\"robots\" content=\"index, follow, max-snippet:-1, max-image-preview:large, max-video-preview:-1\" \/>\n<link rel=\"canonical\" href=\"https:\/\/www.altominho.tv\/site\/2025\/01\/26\/gnr-identifica-dois-jovens-de-18-anos-suspeitos-de-roubar-raspadinhas-em-ponte-de-lima\/\" \/>\n<meta property=\"og:locale\" content=\"pt_PT\" \/>\n<meta property=\"og:type\" content=\"article\" \/>\n<meta property=\"og:title\" content=\"GNR identifica dois jovens de 18 anos suspeitos de roubar raspadinhas em Ponte de Lima\" \/>\n<meta property=\"og:description\" content=\"Dois jovens de 18 anos foram constitu\u00eddos arguidos, por suspeita de roubarem raspadinhas em estabelecimentos comerciais, no concelho de Ponte de Lima, informou hoje a GNR de Viana do Castelo. Em comunicado, o Comando Territorial de Viana do Castelo diz que a opera\u00e7\u00e3o ocorreu na sequ\u00eancia de uma den\u00fancia de que dois homens se encontravam [&hellip;]\" \/>\n<meta property=\"og:url\" content=\"https:\/\/www.altominho.tv\/site\/2025\/01\/26\/gnr-identifica-dois-jovens-de-18-anos-suspeitos-de-roubar-raspadinhas-em-ponte-de-lima\/\" \/>\n<meta property=\"og:site_name\" content=\"Altominho.tv\" \/>\n<meta property=\"article:publisher\" content=\"https:\/\/www.facebook.com\/altominhotv\" \/>\n<meta property=\"article:published_time\" content=\"2025-01-26T10:36:43+00:00\" \/>\n<meta property=\"article:modified_time\" content=\"2025-01-26T10:36:46+00:00\" \/>\n<meta property=\"og:image\" content=\"https:\/\/www.altominho.tv\/site\/wp-content\/uploads\/2025\/01\/Detencao_GNR_Raspadinhas.jpg\" \/>\n\t<meta property=\"og:image:width\" content=\"1200\" \/>\n\t<meta property=\"og:image:height\" content=\"630\" \/>\n\t<meta property=\"og:image:type\" content=\"image\/jpeg\" \/>\n<meta name=\"author\" content=\"Lusa\" \/>\n<meta name=\"twitter:card\" content=\"summary_large_image\" \/>\n<meta name=\"twitter:creator\" content=\"@altominhoTV\" \/>\n<meta name=\"twitter:site\" content=\"@altominhoTV\" \/>\n<meta name=\"twitter:label1\" content=\"Escrito por\" \/>\n\t<meta name=\"twitter:data1\" content=\"Lusa\" \/>\n\t<meta name=\"twitter:label2\" content=\"Tempo estimado de leitura\" \/>\n\t<meta name=\"twitter:data2\" content=\"2 minutos\" \/>\n<script type=\"application\/ld+json\" class=\"yoast-schema-graph\">{\"@context\":\"https:\\\/\\\/schema.org\",\"@graph\":[{\"@type\":\"Article\",\"@id\":\"https:\\\/\\\/www.altominho.tv\\\/site\\\/2025\\\/01\\\/26\\\/gnr-identifica-dois-jovens-de-18-anos-suspeitos-de-roubar-raspadinhas-em-ponte-de-lima\\\/#article\",\"isPartOf\":{\"@id\":\"https:\\\/\\\/www.altominho.tv\\\/site\\\/2025\\\/01\\\/26\\\/gnr-identifica-dois-jovens-de-18-anos-suspeitos-de-roubar-raspadinhas-em-ponte-de-lima\\\/\"},\"author\":{\"name\":\"Lusa\",\"@id\":\"https:\\\/\\\/www.altominho.tv\\\/site\\\/#\\\/schema\\\/person\\\/63f693da3e1899361cbe955c46f3232e\"},\"headline\":\"GNR identifica dois jovens de 18 anos suspeitos de roubar raspadinhas em Ponte de Lima\",\"datePublished\":\"2025-01-26T10:36:43+00:00\",\"dateModified\":\"2025-01-26T10:36:46+00:00\",\"mainEntityOfPage\":{\"@id\":\"https:\\\/\\\/www.altominho.tv\\\/site\\\/2025\\\/01\\\/26\\\/gnr-identifica-dois-jovens-de-18-anos-suspeitos-de-roubar-raspadinhas-em-ponte-de-lima\\\/\"},\"wordCount\":227,\"image\":{\"@id\":\"https:\\\/\\\/www.altominho.tv\\\/site\\\/2025\\\/01\\\/26\\\/gnr-identifica-dois-jovens-de-18-anos-suspeitos-de-roubar-raspadinhas-em-ponte-de-lima\\\/#primaryimage\"},\"thumbnailUrl\":\"https:\\\/\\\/www.altominho.tv\\\/site\\\/wp-content\\\/uploads\\\/2025\\\/01\\\/Detencao_GNR_Raspadinhas.jpg\",\"keywords\":[\"Sociedade\"],\"articleSection\":[\"Ponte de Lima\"],\"inLanguage\":\"pt-PT\",\"copyrightYear\":\"2025\",\"copyrightHolder\":{\"@id\":\"https:\\\/\\\/www.altominho.tv\\\/site\\\/#organization\"}},{\"@type\":\"WebPage\",\"@id\":\"https:\\\/\\\/www.altominho.tv\\\/site\\\/2025\\\/01\\\/26\\\/gnr-identifica-dois-jovens-de-18-anos-suspeitos-de-roubar-raspadinhas-em-ponte-de-lima\\\/\",\"url\":\"https:\\\/\\\/www.altominho.tv\\\/site\\\/2025\\\/01\\\/26\\\/gnr-identifica-dois-jovens-de-18-anos-suspeitos-de-roubar-raspadinhas-em-ponte-de-lima\\\/\",\"name\":\"GNR identifica dois jovens de 18 anos suspeitos de roubar raspadinhas em Ponte de Lima\",\"isPartOf\":{\"@id\":\"https:\\\/\\\/www.altominho.tv\\\/site\\\/#website\"},\"primaryImageOfPage\":{\"@id\":\"https:\\\/\\\/www.altominho.tv\\\/site\\\/2025\\\/01\\\/26\\\/gnr-identifica-dois-jovens-de-18-anos-suspeitos-de-roubar-raspadinhas-em-ponte-de-lima\\\/#primaryimage\"},\"image\":{\"@id\":\"https:\\\/\\\/www.altominho.tv\\\/site\\\/2025\\\/01\\\/26\\\/gnr-identifica-dois-jovens-de-18-anos-suspeitos-de-roubar-raspadinhas-em-ponte-de-lima\\\/#primaryimage\"},\"thumbnailUrl\":\"https:\\\/\\\/www.altominho.tv\\\/site\\\/wp-content\\\/uploads\\\/2025\\\/01\\\/Detencao_GNR_Raspadinhas.jpg\",\"datePublished\":\"2025-01-26T10:36:43+00:00\",\"dateModified\":\"2025-01-26T10:36:46+00:00\",\"author\":{\"@id\":\"https:\\\/\\\/www.altominho.tv\\\/site\\\/#\\\/schema\\\/person\\\/63f693da3e1899361cbe955c46f3232e\"},\"breadcrumb\":{\"@id\":\"https:\\\/\\\/www.altominho.tv\\\/site\\\/2025\\\/01\\\/26\\\/gnr-identifica-dois-jovens-de-18-anos-suspeitos-de-roubar-raspadinhas-em-ponte-de-lima\\\/#breadcrumb\"},\"inLanguage\":\"pt-PT\",\"potentialAction\":[{\"@type\":\"ReadAction\",\"target\":[\"https:\\\/\\\/www.altominho.tv\\\/site\\\/2025\\\/01\\\/26\\\/gnr-identifica-dois-jovens-de-18-anos-suspeitos-de-roubar-raspadinhas-em-ponte-de-lima\\\/\"]}]},{\"@type\":\"ImageObject\",\"inLanguage\":\"pt-PT\",\"@id\":\"https:\\\/\\\/www.altominho.tv\\\/site\\\/2025\\\/01\\\/26\\\/gnr-identifica-dois-jovens-de-18-anos-suspeitos-de-roubar-raspadinhas-em-ponte-de-lima\\\/#primaryimage\",\"url\":\"https:\\\/\\\/www.altominho.tv\\\/site\\\/wp-content\\\/uploads\\\/2025\\\/01\\\/Detencao_GNR_Raspadinhas.jpg\",\"contentUrl\":\"https:\\\/\\\/www.altominho.tv\\\/site\\\/wp-content\\\/uploads\\\/2025\\\/01\\\/Detencao_GNR_Raspadinhas.jpg\",\"width\":1200,\"height\":630},{\"@type\":\"BreadcrumbList\",\"@id\":\"https:\\\/\\\/www.altominho.tv\\\/site\\\/2025\\\/01\\\/26\\\/gnr-identifica-dois-jovens-de-18-anos-suspeitos-de-roubar-raspadinhas-em-ponte-de-lima\\\/#breadcrumb\",\"itemListElement\":[{\"@type\":\"ListItem\",\"position\":1,\"name\":\"In\u00edcio\",\"item\":\"https:\\\/\\\/www.altominho.tv\\\/site\\\/\"},{\"@type\":\"ListItem\",\"position\":2,\"name\":\"GNR identifica dois jovens de 18 anos suspeitos de roubar raspadinhas em Ponte de Lima\"}]},{\"@type\":\"WebSite\",\"@id\":\"https:\\\/\\\/www.altominho.tv\\\/site\\\/#website\",\"url\":\"https:\\\/\\\/www.altominho.tv\\\/site\\\/\",\"name\":\"Altominho.tv\",\"description\":\"A sua regi\u00e3o \u00e0 dist\u00e2ncia de um clique...\",\"potentialAction\":[{\"@type\":\"SearchAction\",\"target\":{\"@type\":\"EntryPoint\",\"urlTemplate\":\"https:\\\/\\\/www.altominho.tv\\\/site\\\/?s={search_term_string}\"},\"query-input\":{\"@type\":\"PropertyValueSpecification\",\"valueRequired\":true,\"valueName\":\"search_term_string\"}}],\"inLanguage\":\"pt-PT\"},{\"@type\":\"Person\",\"@id\":\"https:\\\/\\\/www.altominho.tv\\\/site\\\/#\\\/schema\\\/person\\\/63f693da3e1899361cbe955c46f3232e\",\"name\":\"Lusa\",\"image\":{\"@type\":\"ImageObject\",\"inLanguage\":\"pt-PT\",\"@id\":\"https:\\\/\\\/www.altominho.tv\\\/site\\\/wp-content\\\/uploads\\\/2019\\\/08\\\/LUSA_Logo.gif\",\"url\":\"https:\\\/\\\/www.altominho.tv\\\/site\\\/wp-content\\\/uploads\\\/2019\\\/08\\\/LUSA_Logo.gif\",\"contentUrl\":\"https:\\\/\\\/www.altominho.tv\\\/site\\\/wp-content\\\/uploads\\\/2019\\\/08\\\/LUSA_Logo.gif\",\"caption\":\"Lusa\"},\"sameAs\":[\"http:\\\/\\\/\\\/\\\/www.altominho.tv\\\/site\"],\"url\":\"https:\\\/\\\/www.altominho.tv\\\/site\\\/author\\\/lusa\\\/\"}]}<\/script>\n<!-- \/ Yoast SEO Premium plugin. -->","yoast_head_json":{"title":"GNR identifica dois jovens de 18 anos suspeitos de roubar raspadinhas em Ponte de Lima","robots":{"index":"index","follow":"follow","max-snippet":"max-snippet:-1","max-image-preview":"max-image-preview:large","max-video-preview":"max-video-preview:-1"},"canonical":"https:\/\/www.altominho.tv\/site\/2025\/01\/26\/gnr-identifica-dois-jovens-de-18-anos-suspeitos-de-roubar-raspadinhas-em-ponte-de-lima\/","og_locale":"pt_PT","og_type":"article","og_title":"GNR identifica dois jovens de 18 anos suspeitos de roubar raspadinhas em Ponte de Lima","og_description":"Dois jovens de 18 anos foram constitu\u00eddos arguidos, por suspeita de roubarem raspadinhas em estabelecimentos comerciais, no concelho de Ponte de Lima, informou hoje a GNR de Viana do Castelo. Em comunicado, o Comando Territorial de Viana do Castelo diz que a opera\u00e7\u00e3o ocorreu na sequ\u00eancia de uma den\u00fancia de que dois homens se encontravam [&hellip;]","og_url":"https:\/\/www.altominho.tv\/site\/2025\/01\/26\/gnr-identifica-dois-jovens-de-18-anos-suspeitos-de-roubar-raspadinhas-em-ponte-de-lima\/","og_site_name":"Altominho.tv","article_publisher":"https:\/\/www.facebook.com\/altominhotv","article_published_time":"2025-01-26T10:36:43+00:00","article_modified_time":"2025-01-26T10:36:46+00:00","og_image":[{"width":1200,"height":630,"url":"https:\/\/www.altominho.tv\/site\/wp-content\/uploads\/2025\/01\/Detencao_GNR_Raspadinhas.jpg","type":"image\/jpeg"}],"author":"Lusa","twitter_card":"summary_large_image","twitter_creator":"@altominhoTV","twitter_site":"@altominhoTV","twitter_misc":{"Escrito por":"Lusa","Tempo estimado de leitura":"2 minutos"},"schema":{"@context":"https:\/\/schema.org","@graph":[{"@type":"Article","@id":"https:\/\/www.altominho.tv\/site\/2025\/01\/26\/gnr-identifica-dois-jovens-de-18-anos-suspeitos-de-roubar-raspadinhas-em-ponte-de-lima\/#article","isPartOf":{"@id":"https:\/\/www.altominho.tv\/site\/2025\/01\/26\/gnr-identifica-dois-jovens-de-18-anos-suspeitos-de-roubar-raspadinhas-em-ponte-de-lima\/"},"author":{"name":"Lusa","@id":"https:\/\/www.altominho.tv\/site\/#\/schema\/person\/63f693da3e1899361cbe955c46f3232e"},"headline":"GNR identifica dois jovens de 18 anos suspeitos de roubar raspadinhas em Ponte de Lima","datePublished":"2025-01-26T10:36:43+00:00","dateModified":"2025-01-26T10:36:46+00:00","mainEntityOfPage":{"@id":"https:\/\/www.altominho.tv\/site\/2025\/01\/26\/gnr-identifica-dois-jovens-de-18-anos-suspeitos-de-roubar-raspadinhas-em-ponte-de-lima\/"},"wordCount":227,"image":{"@id":"https:\/\/www.altominho.tv\/site\/2025\/01\/26\/gnr-identifica-dois-jovens-de-18-anos-suspeitos-de-roubar-raspadinhas-em-ponte-de-lima\/#primaryimage"},"thumbnailUrl":"https:\/\/www.altominho.tv\/site\/wp-content\/uploads\/2025\/01\/Detencao_GNR_Raspadinhas.jpg","keywords":["Sociedade"],"articleSection":["Ponte de Lima"],"inLanguage":"pt-PT","copyrightYear":"2025","copyrightHolder":{"@id":"https:\/\/www.altominho.tv\/site\/#organization"}},{"@type":"WebPage","@id":"https:\/\/www.altominho.tv\/site\/2025\/01\/26\/gnr-identifica-dois-jovens-de-18-anos-suspeitos-de-roubar-raspadinhas-em-ponte-de-lima\/","url":"https:\/\/www.altominho.tv\/site\/2025\/01\/26\/gnr-identifica-dois-jovens-de-18-anos-suspeitos-de-roubar-raspadinhas-em-ponte-de-lima\/","name":"GNR identifica dois jovens de 18 anos suspeitos de roubar raspadinhas em Ponte de Lima","isPartOf":{"@id":"https:\/\/www.altominho.tv\/site\/#website"},"primaryImageOfPage":{"@id":"https:\/\/www.altominho.tv\/site\/2025\/01\/26\/gnr-identifica-dois-jovens-de-18-anos-suspeitos-de-roubar-raspadinhas-em-ponte-de-lima\/#primaryimage"},"image":{"@id":"https:\/\/www.altominho.tv\/site\/2025\/01\/26\/gnr-identifica-dois-jovens-de-18-anos-suspeitos-de-roubar-raspadinhas-em-ponte-de-lima\/#primaryimage"},"thumbnailUrl":"https:\/\/www.altominho.tv\/site\/wp-content\/uploads\/2025\/01\/Detencao_GNR_Raspadinhas.jpg","datePublished":"2025-01-26T10:36:43+00:00","dateModified":"2025-01-26T10:36:46+00:00","author":{"@id":"https:\/\/www.altominho.tv\/site\/#\/schema\/person\/63f693da3e1899361cbe955c46f3232e"},"breadcrumb":{"@id":"https:\/\/www.altominho.tv\/site\/2025\/01\/26\/gnr-identifica-dois-jovens-de-18-anos-suspeitos-de-roubar-raspadinhas-em-ponte-de-lima\/#breadcrumb"},"inLanguage":"pt-PT","potentialAction":[{"@type":"ReadAction","target":["https:\/\/www.altominho.tv\/site\/2025\/01\/26\/gnr-identifica-dois-jovens-de-18-anos-suspeitos-de-roubar-raspadinhas-em-ponte-de-lima\/"]}]},{"@type":"ImageObject","inLanguage":"pt-PT","@id":"https:\/\/www.altominho.tv\/site\/2025\/01\/26\/gnr-identifica-dois-jovens-de-18-anos-suspeitos-de-roubar-raspadinhas-em-ponte-de-lima\/#primaryimage","url":"https:\/\/www.altominho.tv\/site\/wp-content\/uploads\/2025\/01\/Detencao_GNR_Raspadinhas.jpg","contentUrl":"https:\/\/www.altominho.tv\/site\/wp-content\/uploads\/2025\/01\/Detencao_GNR_Raspadinhas.jpg","width":1200,"height":630},{"@type":"BreadcrumbList","@id":"https:\/\/www.altominho.tv\/site\/2025\/01\/26\/gnr-identifica-dois-jovens-de-18-anos-suspeitos-de-roubar-raspadinhas-em-ponte-de-lima\/#breadcrumb","itemListElement":[{"@type":"ListItem","position":1,"name":"In\u00edcio","item":"https:\/\/www.altominho.tv\/site\/"},{"@type":"ListItem","position":2,"name":"GNR identifica dois jovens de 18 anos suspeitos de roubar raspadinhas em Ponte de Lima"}]},{"@type":"WebSite","@id":"https:\/\/www.altominho.tv\/site\/#website","url":"https:\/\/www.altominho.tv\/site\/","name":"Altominho.tv","description":"A sua regi\u00e3o \u00e0 dist\u00e2ncia de um clique...","potentialAction":[{"@type":"SearchAction","target":{"@type":"EntryPoint","urlTemplate":"https:\/\/www.altominho.tv\/site\/?s={search_term_string}"},"query-input":{"@type":"PropertyValueSpecification","valueRequired":true,"valueName":"search_term_string"}}],"inLanguage":"pt-PT"},{"@type":"Person","@id":"https:\/\/www.altominho.tv\/site\/#\/schema\/person\/63f693da3e1899361cbe955c46f3232e","name":"Lusa","image":{"@type":"ImageObject","inLanguage":"pt-PT","@id":"https:\/\/www.altominho.tv\/site\/wp-content\/uploads\/2019\/08\/LUSA_Logo.gif","url":"https:\/\/www.altominho.tv\/site\/wp-content\/uploads\/2019\/08\/LUSA_Logo.gif","contentUrl":"https:\/\/www.altominho.tv\/site\/wp-content\/uploads\/2019\/08\/LUSA_Logo.gif","caption":"Lusa"},"sameAs":["http:\/\/\/\/www.altominho.tv\/site"],"url":"https:\/\/www.altominho.tv\/site\/author\/lusa\/"}]}},"_links":{"self":[{"href":"https:\/\/www.altominho.tv\/site\/wp-json\/wp\/v2\/posts\/114141","targetHints":{"allow":["GET"]}}],"collection":[{"href":"https:\/\/www.altominho.tv\/site\/wp-json\/wp\/v2\/posts"}],"about":[{"href":"https:\/\/www.altominho.tv\/site\/wp-json\/wp\/v2\/types\/post"}],"author":[{"embeddable":true,"href":"https:\/\/www.altominho.tv\/site\/wp-json\/wp\/v2\/users\/13"}],"replies":[{"embeddable":true,"href":"https:\/\/www.altominho.tv\/site\/wp-json\/wp\/v2\/comments?post=114141"}],"version-history":[{"count":1,"href":"https:\/\/www.altominho.tv\/site\/wp-json\/wp\/v2\/posts\/114141\/revisions"}],"predecessor-version":[{"id":114142,"href":"https:\/\/www.altominho.tv\/site\/wp-json\/wp\/v2\/posts\/114141\/revisions\/114142"}],"wp:featuredmedia":[{"embeddable":true,"href":"https:\/\/www.altominho.tv\/site\/wp-json\/wp\/v2\/media\/114145"}],"wp:attachment":[{"href":"https:\/\/www.altominho.tv\/site\/wp-json\/wp\/v2\/media?parent=114141"}],"wp:term":[{"taxonomy":"category","embeddable":true,"href":"https:\/\/www.altominho.tv\/site\/wp-json\/wp\/v2\/categories?post=114141"},{"taxonomy":"post_tag","embeddable":true,"href":"https:\/\/www.altominho.tv\/site\/wp-json\/wp\/v2\/tags?post=114141"}],"curies":[{"name":"wp","href":"https:\/\/api.w.org\/{rel}","templated":true}]}}