{"id":113959,"date":"2025-01-20T17:06:00","date_gmt":"2025-01-20T17:06:00","guid":{"rendered":"https:\/\/www.altominho.tv\/site\/?p=113959"},"modified":"2025-01-20T17:06:03","modified_gmt":"2025-01-20T17:06:03","slug":"eurocidade-acolhe-espetaculo-fado-alexandrino-a-31-de-janeiro","status":"publish","type":"post","link":"https:\/\/www.altominho.tv\/site\/2025\/01\/20\/eurocidade-acolhe-espetaculo-fado-alexandrino-a-31-de-janeiro\/","title":{"rendered":"Eurocidade acolhe espet\u00e1culo Fado Alexandrino a 31 de janeiro"},"content":{"rendered":"<p>A Eurocidade Valen\u00e7a-Tui acolhe, no dia 31, o espet\u00e1culo Fado Alexandrino, pelo Teatro Nacional de S\u00e3o Jo\u00e3o (TNSJ), que sobe ao palco do teatro municipal de Tui, foi hoje revelado.<\/p>\n<p>\u201cTrata-se de uma adapta\u00e7\u00e3o teatral daquele que \u00e9 considerado o grande romance com o qual a companhia se une aos eventos comemorativos do 50.\u00ba anivers\u00e1rio da Revolu\u00e7\u00e3o dos Cravos\u201d, descreve, em comunicado, a C\u00e2mara de Valen\u00e7a.<\/p>\n<p>Doze atores e atrizes comp\u00f5em o elenco da pe\u00e7a dirigida por Nuno Cardoso, que realizou a adapta\u00e7\u00e3o c\u00e9nica e a dramaturgia de Fado Alexandrino de Ant\u00f3nio Lobo Antunes, acrescenta.<\/p>\n<p>De acordo com o munic\u00edpio, o espet\u00e1culo realiza-se no \u00e2mbito da Temporada Transversal da Programa\u00e7\u00e3o Cultural Portugal-Espanha: 50 anos de democracia.<\/p>\n","protected":false},"excerpt":{"rendered":"<p>A Eurocidade Valen\u00e7a-Tui acolhe, no dia 31, o espet\u00e1culo Fado Alexandrino, pelo Teatro Nacional de S\u00e3o Jo\u00e3o (TNSJ), que sobe ao palco do teatro municipal de Tui, foi hoje revelado. \u201cTrata-se de uma adapta\u00e7\u00e3o teatral daquele que \u00e9 considerado o grande romance com o qual a companhia se une aos eventos comemorativos do 50.\u00ba anivers\u00e1rio [&hellip;]<\/p>\n","protected":false},"author":13,"featured_media":113960,"comment_status":"closed","ping_status":"closed","sticky":false,"template":"","format":"standard","meta":{"_exactmetrics_skip_tracking":false,"_exactmetrics_sitenote_active":false,"_exactmetrics_sitenote_note":"","_exactmetrics_sitenote_category":0,"footnotes":""},"categories":[13],"tags":[19],"class_list":["post-113959","post","type-post","status-publish","format-standard","has-post-thumbnail","hentry","category-valenca","tag-cultura"],"yoast_head":"<!-- This site is optimized with the Yoast SEO Premium plugin v27.5 (Yoast SEO v27.5) - https:\/\/yoast.com\/product\/yoast-seo-premium-wordpress\/ -->\n<title>Eurocidade acolhe espet\u00e1culo Fado Alexandrino a 31 de janeiro<\/title>\n<meta name=\"description\" content=\"A Eurocidade Valen\u00e7a-Tui acolhe, no dia 31, o espet\u00e1culo Fado Alexandrino, pelo Teatro Nacional de S\u00e3o Jo\u00e3o, que sobe ao palco do teatro municipal de Tui\" \/>\n<meta name=\"robots\" content=\"index, follow, max-snippet:-1, max-image-preview:large, max-video-preview:-1\" \/>\n<link rel=\"canonical\" href=\"https:\/\/www.altominho.tv\/site\/2025\/01\/20\/eurocidade-acolhe-espetaculo-fado-alexandrino-a-31-de-janeiro\/\" \/>\n<meta property=\"og:locale\" content=\"pt_PT\" \/>\n<meta property=\"og:type\" content=\"article\" \/>\n<meta property=\"og:title\" content=\"Eurocidade acolhe espet\u00e1culo Fado Alexandrino a 31 de janeiro\" \/>\n<meta property=\"og:description\" content=\"A Eurocidade Valen\u00e7a-Tui acolhe, no dia 31, o espet\u00e1culo Fado Alexandrino, pelo Teatro Nacional de S\u00e3o Jo\u00e3o, que sobe ao palco do teatro municipal de Tui\" \/>\n<meta property=\"og:url\" content=\"https:\/\/www.altominho.tv\/site\/2025\/01\/20\/eurocidade-acolhe-espetaculo-fado-alexandrino-a-31-de-janeiro\/\" \/>\n<meta property=\"og:site_name\" content=\"Altominho.tv\" \/>\n<meta property=\"article:publisher\" content=\"https:\/\/www.facebook.com\/altominhotv\" \/>\n<meta property=\"article:published_time\" content=\"2025-01-20T17:06:00+00:00\" \/>\n<meta property=\"article:modified_time\" content=\"2025-01-20T17:06:03+00:00\" \/>\n<meta property=\"og:image\" content=\"https:\/\/www.altominho.tv\/site\/wp-content\/uploads\/2025\/01\/teatro-Valenca.png\" \/>\n\t<meta property=\"og:image:width\" content=\"1200\" \/>\n\t<meta property=\"og:image:height\" content=\"630\" \/>\n\t<meta property=\"og:image:type\" content=\"image\/png\" \/>\n<meta name=\"author\" content=\"Lusa\" \/>\n<meta name=\"twitter:card\" content=\"summary_large_image\" \/>\n<meta name=\"twitter:creator\" content=\"@altominhoTV\" \/>\n<meta name=\"twitter:site\" content=\"@altominhoTV\" \/>\n<meta name=\"twitter:label1\" content=\"Escrito por\" \/>\n\t<meta name=\"twitter:data1\" content=\"Lusa\" \/>\n\t<meta name=\"twitter:label2\" content=\"Tempo estimado de leitura\" \/>\n\t<meta name=\"twitter:data2\" content=\"1 minuto\" \/>\n<script type=\"application\/ld+json\" class=\"yoast-schema-graph\">{\"@context\":\"https:\\\/\\\/schema.org\",\"@graph\":[{\"@type\":\"Article\",\"@id\":\"https:\\\/\\\/www.altominho.tv\\\/site\\\/2025\\\/01\\\/20\\\/eurocidade-acolhe-espetaculo-fado-alexandrino-a-31-de-janeiro\\\/#article\",\"isPartOf\":{\"@id\":\"https:\\\/\\\/www.altominho.tv\\\/site\\\/2025\\\/01\\\/20\\\/eurocidade-acolhe-espetaculo-fado-alexandrino-a-31-de-janeiro\\\/\"},\"author\":{\"name\":\"Lusa\",\"@id\":\"https:\\\/\\\/www.altominho.tv\\\/site\\\/#\\\/schema\\\/person\\\/63f693da3e1899361cbe955c46f3232e\"},\"headline\":\"Eurocidade acolhe espet\u00e1culo Fado Alexandrino a 31 de janeiro\",\"datePublished\":\"2025-01-20T17:06:00+00:00\",\"dateModified\":\"2025-01-20T17:06:03+00:00\",\"mainEntityOfPage\":{\"@id\":\"https:\\\/\\\/www.altominho.tv\\\/site\\\/2025\\\/01\\\/20\\\/eurocidade-acolhe-espetaculo-fado-alexandrino-a-31-de-janeiro\\\/\"},\"wordCount\":138,\"image\":{\"@id\":\"https:\\\/\\\/www.altominho.tv\\\/site\\\/2025\\\/01\\\/20\\\/eurocidade-acolhe-espetaculo-fado-alexandrino-a-31-de-janeiro\\\/#primaryimage\"},\"thumbnailUrl\":\"https:\\\/\\\/www.altominho.tv\\\/site\\\/wp-content\\\/uploads\\\/2025\\\/01\\\/teatro-Valenca.png\",\"keywords\":[\"Cultura\"],\"articleSection\":[\"Valen\u00e7a\"],\"inLanguage\":\"pt-PT\",\"copyrightYear\":\"2025\",\"copyrightHolder\":{\"@id\":\"https:\\\/\\\/www.altominho.tv\\\/site\\\/#organization\"}},{\"@type\":\"WebPage\",\"@id\":\"https:\\\/\\\/www.altominho.tv\\\/site\\\/2025\\\/01\\\/20\\\/eurocidade-acolhe-espetaculo-fado-alexandrino-a-31-de-janeiro\\\/\",\"url\":\"https:\\\/\\\/www.altominho.tv\\\/site\\\/2025\\\/01\\\/20\\\/eurocidade-acolhe-espetaculo-fado-alexandrino-a-31-de-janeiro\\\/\",\"name\":\"Eurocidade acolhe espet\u00e1culo Fado Alexandrino a 31 de janeiro\",\"isPartOf\":{\"@id\":\"https:\\\/\\\/www.altominho.tv\\\/site\\\/#website\"},\"primaryImageOfPage\":{\"@id\":\"https:\\\/\\\/www.altominho.tv\\\/site\\\/2025\\\/01\\\/20\\\/eurocidade-acolhe-espetaculo-fado-alexandrino-a-31-de-janeiro\\\/#primaryimage\"},\"image\":{\"@id\":\"https:\\\/\\\/www.altominho.tv\\\/site\\\/2025\\\/01\\\/20\\\/eurocidade-acolhe-espetaculo-fado-alexandrino-a-31-de-janeiro\\\/#primaryimage\"},\"thumbnailUrl\":\"https:\\\/\\\/www.altominho.tv\\\/site\\\/wp-content\\\/uploads\\\/2025\\\/01\\\/teatro-Valenca.png\",\"datePublished\":\"2025-01-20T17:06:00+00:00\",\"dateModified\":\"2025-01-20T17:06:03+00:00\",\"author\":{\"@id\":\"https:\\\/\\\/www.altominho.tv\\\/site\\\/#\\\/schema\\\/person\\\/63f693da3e1899361cbe955c46f3232e\"},\"description\":\"A Eurocidade Valen\u00e7a-Tui acolhe, no dia 31, o espet\u00e1culo Fado Alexandrino, pelo Teatro Nacional de S\u00e3o Jo\u00e3o, que sobe ao palco do teatro municipal de Tui\",\"breadcrumb\":{\"@id\":\"https:\\\/\\\/www.altominho.tv\\\/site\\\/2025\\\/01\\\/20\\\/eurocidade-acolhe-espetaculo-fado-alexandrino-a-31-de-janeiro\\\/#breadcrumb\"},\"inLanguage\":\"pt-PT\",\"potentialAction\":[{\"@type\":\"ReadAction\",\"target\":[\"https:\\\/\\\/www.altominho.tv\\\/site\\\/2025\\\/01\\\/20\\\/eurocidade-acolhe-espetaculo-fado-alexandrino-a-31-de-janeiro\\\/\"]}]},{\"@type\":\"ImageObject\",\"inLanguage\":\"pt-PT\",\"@id\":\"https:\\\/\\\/www.altominho.tv\\\/site\\\/2025\\\/01\\\/20\\\/eurocidade-acolhe-espetaculo-fado-alexandrino-a-31-de-janeiro\\\/#primaryimage\",\"url\":\"https:\\\/\\\/www.altominho.tv\\\/site\\\/wp-content\\\/uploads\\\/2025\\\/01\\\/teatro-Valenca.png\",\"contentUrl\":\"https:\\\/\\\/www.altominho.tv\\\/site\\\/wp-content\\\/uploads\\\/2025\\\/01\\\/teatro-Valenca.png\",\"width\":1200,\"height\":630},{\"@type\":\"BreadcrumbList\",\"@id\":\"https:\\\/\\\/www.altominho.tv\\\/site\\\/2025\\\/01\\\/20\\\/eurocidade-acolhe-espetaculo-fado-alexandrino-a-31-de-janeiro\\\/#breadcrumb\",\"itemListElement\":[{\"@type\":\"ListItem\",\"position\":1,\"name\":\"In\u00edcio\",\"item\":\"https:\\\/\\\/www.altominho.tv\\\/site\\\/\"},{\"@type\":\"ListItem\",\"position\":2,\"name\":\"Eurocidade acolhe espet\u00e1culo Fado Alexandrino a 31 de janeiro\"}]},{\"@type\":\"WebSite\",\"@id\":\"https:\\\/\\\/www.altominho.tv\\\/site\\\/#website\",\"url\":\"https:\\\/\\\/www.altominho.tv\\\/site\\\/\",\"name\":\"Altominho.tv\",\"description\":\"A sua regi\u00e3o \u00e0 dist\u00e2ncia de um clique...\",\"potentialAction\":[{\"@type\":\"SearchAction\",\"target\":{\"@type\":\"EntryPoint\",\"urlTemplate\":\"https:\\\/\\\/www.altominho.tv\\\/site\\\/?s={search_term_string}\"},\"query-input\":{\"@type\":\"PropertyValueSpecification\",\"valueRequired\":true,\"valueName\":\"search_term_string\"}}],\"inLanguage\":\"pt-PT\"},{\"@type\":\"Person\",\"@id\":\"https:\\\/\\\/www.altominho.tv\\\/site\\\/#\\\/schema\\\/person\\\/63f693da3e1899361cbe955c46f3232e\",\"name\":\"Lusa\",\"image\":{\"@type\":\"ImageObject\",\"inLanguage\":\"pt-PT\",\"@id\":\"https:\\\/\\\/www.altominho.tv\\\/site\\\/wp-content\\\/uploads\\\/2019\\\/08\\\/LUSA_Logo.gif\",\"url\":\"https:\\\/\\\/www.altominho.tv\\\/site\\\/wp-content\\\/uploads\\\/2019\\\/08\\\/LUSA_Logo.gif\",\"contentUrl\":\"https:\\\/\\\/www.altominho.tv\\\/site\\\/wp-content\\\/uploads\\\/2019\\\/08\\\/LUSA_Logo.gif\",\"caption\":\"Lusa\"},\"sameAs\":[\"http:\\\/\\\/\\\/\\\/www.altominho.tv\\\/site\"],\"url\":\"https:\\\/\\\/www.altominho.tv\\\/site\\\/author\\\/lusa\\\/\"}]}<\/script>\n<!-- \/ Yoast SEO Premium plugin. -->","yoast_head_json":{"title":"Eurocidade acolhe espet\u00e1culo Fado Alexandrino a 31 de janeiro","description":"A Eurocidade Valen\u00e7a-Tui acolhe, no dia 31, o espet\u00e1culo Fado Alexandrino, pelo Teatro Nacional de S\u00e3o Jo\u00e3o, que sobe ao palco do teatro municipal de Tui","robots":{"index":"index","follow":"follow","max-snippet":"max-snippet:-1","max-image-preview":"max-image-preview:large","max-video-preview":"max-video-preview:-1"},"canonical":"https:\/\/www.altominho.tv\/site\/2025\/01\/20\/eurocidade-acolhe-espetaculo-fado-alexandrino-a-31-de-janeiro\/","og_locale":"pt_PT","og_type":"article","og_title":"Eurocidade acolhe espet\u00e1culo Fado Alexandrino a 31 de janeiro","og_description":"A Eurocidade Valen\u00e7a-Tui acolhe, no dia 31, o espet\u00e1culo Fado Alexandrino, pelo Teatro Nacional de S\u00e3o Jo\u00e3o, que sobe ao palco do teatro municipal de Tui","og_url":"https:\/\/www.altominho.tv\/site\/2025\/01\/20\/eurocidade-acolhe-espetaculo-fado-alexandrino-a-31-de-janeiro\/","og_site_name":"Altominho.tv","article_publisher":"https:\/\/www.facebook.com\/altominhotv","article_published_time":"2025-01-20T17:06:00+00:00","article_modified_time":"2025-01-20T17:06:03+00:00","og_image":[{"width":1200,"height":630,"url":"https:\/\/www.altominho.tv\/site\/wp-content\/uploads\/2025\/01\/teatro-Valenca.png","type":"image\/png"}],"author":"Lusa","twitter_card":"summary_large_image","twitter_creator":"@altominhoTV","twitter_site":"@altominhoTV","twitter_misc":{"Escrito por":"Lusa","Tempo estimado de leitura":"1 minuto"},"schema":{"@context":"https:\/\/schema.org","@graph":[{"@type":"Article","@id":"https:\/\/www.altominho.tv\/site\/2025\/01\/20\/eurocidade-acolhe-espetaculo-fado-alexandrino-a-31-de-janeiro\/#article","isPartOf":{"@id":"https:\/\/www.altominho.tv\/site\/2025\/01\/20\/eurocidade-acolhe-espetaculo-fado-alexandrino-a-31-de-janeiro\/"},"author":{"name":"Lusa","@id":"https:\/\/www.altominho.tv\/site\/#\/schema\/person\/63f693da3e1899361cbe955c46f3232e"},"headline":"Eurocidade acolhe espet\u00e1culo Fado Alexandrino a 31 de janeiro","datePublished":"2025-01-20T17:06:00+00:00","dateModified":"2025-01-20T17:06:03+00:00","mainEntityOfPage":{"@id":"https:\/\/www.altominho.tv\/site\/2025\/01\/20\/eurocidade-acolhe-espetaculo-fado-alexandrino-a-31-de-janeiro\/"},"wordCount":138,"image":{"@id":"https:\/\/www.altominho.tv\/site\/2025\/01\/20\/eurocidade-acolhe-espetaculo-fado-alexandrino-a-31-de-janeiro\/#primaryimage"},"thumbnailUrl":"https:\/\/www.altominho.tv\/site\/wp-content\/uploads\/2025\/01\/teatro-Valenca.png","keywords":["Cultura"],"articleSection":["Valen\u00e7a"],"inLanguage":"pt-PT","copyrightYear":"2025","copyrightHolder":{"@id":"https:\/\/www.altominho.tv\/site\/#organization"}},{"@type":"WebPage","@id":"https:\/\/www.altominho.tv\/site\/2025\/01\/20\/eurocidade-acolhe-espetaculo-fado-alexandrino-a-31-de-janeiro\/","url":"https:\/\/www.altominho.tv\/site\/2025\/01\/20\/eurocidade-acolhe-espetaculo-fado-alexandrino-a-31-de-janeiro\/","name":"Eurocidade acolhe espet\u00e1culo Fado Alexandrino a 31 de janeiro","isPartOf":{"@id":"https:\/\/www.altominho.tv\/site\/#website"},"primaryImageOfPage":{"@id":"https:\/\/www.altominho.tv\/site\/2025\/01\/20\/eurocidade-acolhe-espetaculo-fado-alexandrino-a-31-de-janeiro\/#primaryimage"},"image":{"@id":"https:\/\/www.altominho.tv\/site\/2025\/01\/20\/eurocidade-acolhe-espetaculo-fado-alexandrino-a-31-de-janeiro\/#primaryimage"},"thumbnailUrl":"https:\/\/www.altominho.tv\/site\/wp-content\/uploads\/2025\/01\/teatro-Valenca.png","datePublished":"2025-01-20T17:06:00+00:00","dateModified":"2025-01-20T17:06:03+00:00","author":{"@id":"https:\/\/www.altominho.tv\/site\/#\/schema\/person\/63f693da3e1899361cbe955c46f3232e"},"description":"A Eurocidade Valen\u00e7a-Tui acolhe, no dia 31, o espet\u00e1culo Fado Alexandrino, pelo Teatro Nacional de S\u00e3o Jo\u00e3o, que sobe ao palco do teatro municipal de Tui","breadcrumb":{"@id":"https:\/\/www.altominho.tv\/site\/2025\/01\/20\/eurocidade-acolhe-espetaculo-fado-alexandrino-a-31-de-janeiro\/#breadcrumb"},"inLanguage":"pt-PT","potentialAction":[{"@type":"ReadAction","target":["https:\/\/www.altominho.tv\/site\/2025\/01\/20\/eurocidade-acolhe-espetaculo-fado-alexandrino-a-31-de-janeiro\/"]}]},{"@type":"ImageObject","inLanguage":"pt-PT","@id":"https:\/\/www.altominho.tv\/site\/2025\/01\/20\/eurocidade-acolhe-espetaculo-fado-alexandrino-a-31-de-janeiro\/#primaryimage","url":"https:\/\/www.altominho.tv\/site\/wp-content\/uploads\/2025\/01\/teatro-Valenca.png","contentUrl":"https:\/\/www.altominho.tv\/site\/wp-content\/uploads\/2025\/01\/teatro-Valenca.png","width":1200,"height":630},{"@type":"BreadcrumbList","@id":"https:\/\/www.altominho.tv\/site\/2025\/01\/20\/eurocidade-acolhe-espetaculo-fado-alexandrino-a-31-de-janeiro\/#breadcrumb","itemListElement":[{"@type":"ListItem","position":1,"name":"In\u00edcio","item":"https:\/\/www.altominho.tv\/site\/"},{"@type":"ListItem","position":2,"name":"Eurocidade acolhe espet\u00e1culo Fado Alexandrino a 31 de janeiro"}]},{"@type":"WebSite","@id":"https:\/\/www.altominho.tv\/site\/#website","url":"https:\/\/www.altominho.tv\/site\/","name":"Altominho.tv","description":"A sua regi\u00e3o \u00e0 dist\u00e2ncia de um clique...","potentialAction":[{"@type":"SearchAction","target":{"@type":"EntryPoint","urlTemplate":"https:\/\/www.altominho.tv\/site\/?s={search_term_string}"},"query-input":{"@type":"PropertyValueSpecification","valueRequired":true,"valueName":"search_term_string"}}],"inLanguage":"pt-PT"},{"@type":"Person","@id":"https:\/\/www.altominho.tv\/site\/#\/schema\/person\/63f693da3e1899361cbe955c46f3232e","name":"Lusa","image":{"@type":"ImageObject","inLanguage":"pt-PT","@id":"https:\/\/www.altominho.tv\/site\/wp-content\/uploads\/2019\/08\/LUSA_Logo.gif","url":"https:\/\/www.altominho.tv\/site\/wp-content\/uploads\/2019\/08\/LUSA_Logo.gif","contentUrl":"https:\/\/www.altominho.tv\/site\/wp-content\/uploads\/2019\/08\/LUSA_Logo.gif","caption":"Lusa"},"sameAs":["http:\/\/\/\/www.altominho.tv\/site"],"url":"https:\/\/www.altominho.tv\/site\/author\/lusa\/"}]}},"_links":{"self":[{"href":"https:\/\/www.altominho.tv\/site\/wp-json\/wp\/v2\/posts\/113959","targetHints":{"allow":["GET"]}}],"collection":[{"href":"https:\/\/www.altominho.tv\/site\/wp-json\/wp\/v2\/posts"}],"about":[{"href":"https:\/\/www.altominho.tv\/site\/wp-json\/wp\/v2\/types\/post"}],"author":[{"embeddable":true,"href":"https:\/\/www.altominho.tv\/site\/wp-json\/wp\/v2\/users\/13"}],"replies":[{"embeddable":true,"href":"https:\/\/www.altominho.tv\/site\/wp-json\/wp\/v2\/comments?post=113959"}],"version-history":[{"count":1,"href":"https:\/\/www.altominho.tv\/site\/wp-json\/wp\/v2\/posts\/113959\/revisions"}],"predecessor-version":[{"id":113961,"href":"https:\/\/www.altominho.tv\/site\/wp-json\/wp\/v2\/posts\/113959\/revisions\/113961"}],"wp:featuredmedia":[{"embeddable":true,"href":"https:\/\/www.altominho.tv\/site\/wp-json\/wp\/v2\/media\/113960"}],"wp:attachment":[{"href":"https:\/\/www.altominho.tv\/site\/wp-json\/wp\/v2\/media?parent=113959"}],"wp:term":[{"taxonomy":"category","embeddable":true,"href":"https:\/\/www.altominho.tv\/site\/wp-json\/wp\/v2\/categories?post=113959"},{"taxonomy":"post_tag","embeddable":true,"href":"https:\/\/www.altominho.tv\/site\/wp-json\/wp\/v2\/tags?post=113959"}],"curies":[{"name":"wp","href":"https:\/\/api.w.org\/{rel}","templated":true}]}}