{"id":113670,"date":"2025-01-08T15:06:06","date_gmt":"2025-01-08T15:06:06","guid":{"rendered":"https:\/\/www.altominho.tv\/site\/?p=113670"},"modified":"2025-01-08T20:22:02","modified_gmt":"2025-01-08T20:22:02","slug":"valenca-investe-em-sustentabilidade-com-plantacao-de-100-mil-arvores","status":"publish","type":"post","link":"https:\/\/www.altominho.tv\/site\/2025\/01\/08\/valenca-investe-em-sustentabilidade-com-plantacao-de-100-mil-arvores\/","title":{"rendered":"Valen\u00e7a investe em sustentabilidade com planta\u00e7\u00e3o de 100 mil \u00e1rvores"},"content":{"rendered":"<p>A C\u00e2mara Municipal de Valen\u00e7a est\u00e1 a arborizar uma \u00e1rea de 120 hectares, com 100 mil \u00e1rvores, em 12 aglomerados, no \u00e2mbito do projeto Condom\u00ednios de Aldeia, num investimento superior a 200 mil euros.<\/p>\n<p>Estas 100 mil \u00e1rvores folhosas aut\u00f3ctones prometem regenerar a paisagem florestal do concelho em freguesias como Sanfins, Gondomil, Tai\u00e3o, Gandra, Cerdal e Boiv\u00e3o.<\/p>\n<p>Todas estas \u00e1rvores est\u00e3o a ser plantadas com prote\u00e7\u00e3o e adubagem inclu\u00edda. Estas esp\u00e9cies s\u00e3o consideradas mais adequadas \u00e0 nossa regi\u00e3o e resistentes aos inc\u00eandios florestais.<\/p>\n<p>A planta\u00e7\u00e3o destas \u00e1rvores segue-se a um amplo trabalho de desmata\u00e7\u00e3o, limpeza e erradica\u00e7\u00e3o do eucalipto e outras ex\u00f3ticas e abertura e manuten\u00e7\u00e3o de caminhos florestais. No \u00e2mbito deste projeto est\u00e1, tamb\u00e9m, a ser executado um parque de merendas em Gondomil.<\/p>\n<p>No total de todas as interven\u00e7\u00f5es programadas implicam um investimento de cerca de 575 mil euros financiados pelo Fundo Ambiental, a 100 %, atrav\u00e9s do Programa de Recupera\u00e7\u00e3o e Resili\u00eancia, na medida \u201cCondom\u00ednio de Aldeias\u201d.<\/p>\n\n\n<p><\/p>\n","protected":false},"excerpt":{"rendered":"<p>A C\u00e2mara Municipal de Valen\u00e7a est\u00e1 a arborizar uma \u00e1rea de 120 hectares, com 100 mil \u00e1rvores, em 12 aglomerados, no \u00e2mbito do projeto Condom\u00ednios de Aldeia, num investimento superior a 200 mil euros. Estas 100 mil \u00e1rvores folhosas aut\u00f3ctones prometem regenerar a paisagem florestal do concelho em freguesias como Sanfins, Gondomil, Tai\u00e3o, Gandra, Cerdal [&hellip;]<\/p>\n","protected":false},"author":1,"featured_media":113671,"comment_status":"closed","ping_status":"closed","sticky":false,"template":"","format":"standard","meta":{"_exactmetrics_skip_tracking":false,"_exactmetrics_sitenote_active":false,"_exactmetrics_sitenote_note":"","_exactmetrics_sitenote_category":0,"footnotes":""},"categories":[13],"tags":[27],"class_list":["post-113670","post","type-post","status-publish","format-standard","has-post-thumbnail","hentry","category-valenca","tag-sociedade"],"yoast_head":"<!-- This site is optimized with the Yoast SEO Premium plugin v27.5 (Yoast SEO v27.5) - https:\/\/yoast.com\/product\/yoast-seo-premium-wordpress\/ -->\n<title>Valen\u00e7a investe em sustentabilidade com planta\u00e7\u00e3o de 100 mil \u00e1rvores<\/title>\n<meta name=\"robots\" content=\"index, follow, max-snippet:-1, max-image-preview:large, max-video-preview:-1\" \/>\n<link rel=\"canonical\" href=\"https:\/\/www.altominho.tv\/site\/2025\/01\/08\/valenca-investe-em-sustentabilidade-com-plantacao-de-100-mil-arvores\/\" \/>\n<meta property=\"og:locale\" content=\"pt_PT\" \/>\n<meta property=\"og:type\" content=\"article\" \/>\n<meta property=\"og:title\" content=\"Valen\u00e7a investe em sustentabilidade com planta\u00e7\u00e3o de 100 mil \u00e1rvores\" \/>\n<meta property=\"og:description\" content=\"A C\u00e2mara Municipal de Valen\u00e7a est\u00e1 a arborizar uma \u00e1rea de 120 hectares, com 100 mil \u00e1rvores, em 12 aglomerados, no \u00e2mbito do projeto Condom\u00ednios de Aldeia, num investimento superior a 200 mil euros. Estas 100 mil \u00e1rvores folhosas aut\u00f3ctones prometem regenerar a paisagem florestal do concelho em freguesias como Sanfins, Gondomil, Tai\u00e3o, Gandra, Cerdal [&hellip;]\" \/>\n<meta property=\"og:url\" content=\"https:\/\/www.altominho.tv\/site\/2025\/01\/08\/valenca-investe-em-sustentabilidade-com-plantacao-de-100-mil-arvores\/\" \/>\n<meta property=\"og:site_name\" content=\"Altominho.tv\" \/>\n<meta property=\"article:publisher\" content=\"https:\/\/www.facebook.com\/altominhotv\" \/>\n<meta property=\"article:published_time\" content=\"2025-01-08T15:06:06+00:00\" \/>\n<meta property=\"article:modified_time\" content=\"2025-01-08T20:22:02+00:00\" \/>\n<meta property=\"og:image\" content=\"https:\/\/www.altominho.tv\/site\/wp-content\/uploads\/2025\/01\/BASE-FB-logo-Branco-x3-1200-x-630-px-1.png\" \/>\n\t<meta property=\"og:image:width\" content=\"1200\" \/>\n\t<meta property=\"og:image:height\" content=\"630\" \/>\n\t<meta property=\"og:image:type\" content=\"image\/png\" \/>\n<meta name=\"author\" content=\"Altominho.tv\" \/>\n<meta name=\"twitter:card\" content=\"summary_large_image\" \/>\n<meta name=\"twitter:creator\" content=\"@altominhoTV\" \/>\n<meta name=\"twitter:site\" content=\"@altominhoTV\" \/>\n<meta name=\"twitter:label1\" content=\"Escrito por\" \/>\n\t<meta name=\"twitter:data1\" content=\"Altominho.tv\" \/>\n\t<meta name=\"twitter:label2\" content=\"Tempo estimado de leitura\" \/>\n\t<meta name=\"twitter:data2\" content=\"2 minutos\" \/>\n<script type=\"application\/ld+json\" class=\"yoast-schema-graph\">{\"@context\":\"https:\\\/\\\/schema.org\",\"@graph\":[{\"@type\":\"Article\",\"@id\":\"https:\\\/\\\/www.altominho.tv\\\/site\\\/2025\\\/01\\\/08\\\/valenca-investe-em-sustentabilidade-com-plantacao-de-100-mil-arvores\\\/#article\",\"isPartOf\":{\"@id\":\"https:\\\/\\\/www.altominho.tv\\\/site\\\/2025\\\/01\\\/08\\\/valenca-investe-em-sustentabilidade-com-plantacao-de-100-mil-arvores\\\/\"},\"author\":{\"name\":\"Altominho.tv\",\"@id\":\"https:\\\/\\\/www.altominho.tv\\\/site\\\/#\\\/schema\\\/person\\\/4e536851627d7914baf3dac752b6af22\"},\"headline\":\"Valen\u00e7a investe em sustentabilidade com planta\u00e7\u00e3o de 100 mil \u00e1rvores\",\"datePublished\":\"2025-01-08T15:06:06+00:00\",\"dateModified\":\"2025-01-08T20:22:02+00:00\",\"mainEntityOfPage\":{\"@id\":\"https:\\\/\\\/www.altominho.tv\\\/site\\\/2025\\\/01\\\/08\\\/valenca-investe-em-sustentabilidade-com-plantacao-de-100-mil-arvores\\\/\"},\"wordCount\":185,\"image\":{\"@id\":\"https:\\\/\\\/www.altominho.tv\\\/site\\\/2025\\\/01\\\/08\\\/valenca-investe-em-sustentabilidade-com-plantacao-de-100-mil-arvores\\\/#primaryimage\"},\"thumbnailUrl\":\"https:\\\/\\\/www.altominho.tv\\\/site\\\/wp-content\\\/uploads\\\/2025\\\/01\\\/BASE-FB-logo-Branco-x3-1200-x-630-px-1.png\",\"keywords\":[\"Sociedade\"],\"articleSection\":[\"Valen\u00e7a\"],\"inLanguage\":\"pt-PT\",\"copyrightYear\":\"2025\",\"copyrightHolder\":{\"@id\":\"https:\\\/\\\/www.altominho.tv\\\/site\\\/#organization\"}},{\"@type\":\"WebPage\",\"@id\":\"https:\\\/\\\/www.altominho.tv\\\/site\\\/2025\\\/01\\\/08\\\/valenca-investe-em-sustentabilidade-com-plantacao-de-100-mil-arvores\\\/\",\"url\":\"https:\\\/\\\/www.altominho.tv\\\/site\\\/2025\\\/01\\\/08\\\/valenca-investe-em-sustentabilidade-com-plantacao-de-100-mil-arvores\\\/\",\"name\":\"Valen\u00e7a investe em sustentabilidade com planta\u00e7\u00e3o de 100 mil \u00e1rvores\",\"isPartOf\":{\"@id\":\"https:\\\/\\\/www.altominho.tv\\\/site\\\/#website\"},\"primaryImageOfPage\":{\"@id\":\"https:\\\/\\\/www.altominho.tv\\\/site\\\/2025\\\/01\\\/08\\\/valenca-investe-em-sustentabilidade-com-plantacao-de-100-mil-arvores\\\/#primaryimage\"},\"image\":{\"@id\":\"https:\\\/\\\/www.altominho.tv\\\/site\\\/2025\\\/01\\\/08\\\/valenca-investe-em-sustentabilidade-com-plantacao-de-100-mil-arvores\\\/#primaryimage\"},\"thumbnailUrl\":\"https:\\\/\\\/www.altominho.tv\\\/site\\\/wp-content\\\/uploads\\\/2025\\\/01\\\/BASE-FB-logo-Branco-x3-1200-x-630-px-1.png\",\"datePublished\":\"2025-01-08T15:06:06+00:00\",\"dateModified\":\"2025-01-08T20:22:02+00:00\",\"author\":{\"@id\":\"https:\\\/\\\/www.altominho.tv\\\/site\\\/#\\\/schema\\\/person\\\/4e536851627d7914baf3dac752b6af22\"},\"breadcrumb\":{\"@id\":\"https:\\\/\\\/www.altominho.tv\\\/site\\\/2025\\\/01\\\/08\\\/valenca-investe-em-sustentabilidade-com-plantacao-de-100-mil-arvores\\\/#breadcrumb\"},\"inLanguage\":\"pt-PT\",\"potentialAction\":[{\"@type\":\"ReadAction\",\"target\":[\"https:\\\/\\\/www.altominho.tv\\\/site\\\/2025\\\/01\\\/08\\\/valenca-investe-em-sustentabilidade-com-plantacao-de-100-mil-arvores\\\/\"]}]},{\"@type\":\"ImageObject\",\"inLanguage\":\"pt-PT\",\"@id\":\"https:\\\/\\\/www.altominho.tv\\\/site\\\/2025\\\/01\\\/08\\\/valenca-investe-em-sustentabilidade-com-plantacao-de-100-mil-arvores\\\/#primaryimage\",\"url\":\"https:\\\/\\\/www.altominho.tv\\\/site\\\/wp-content\\\/uploads\\\/2025\\\/01\\\/BASE-FB-logo-Branco-x3-1200-x-630-px-1.png\",\"contentUrl\":\"https:\\\/\\\/www.altominho.tv\\\/site\\\/wp-content\\\/uploads\\\/2025\\\/01\\\/BASE-FB-logo-Branco-x3-1200-x-630-px-1.png\",\"width\":1200,\"height\":630},{\"@type\":\"BreadcrumbList\",\"@id\":\"https:\\\/\\\/www.altominho.tv\\\/site\\\/2025\\\/01\\\/08\\\/valenca-investe-em-sustentabilidade-com-plantacao-de-100-mil-arvores\\\/#breadcrumb\",\"itemListElement\":[{\"@type\":\"ListItem\",\"position\":1,\"name\":\"In\u00edcio\",\"item\":\"https:\\\/\\\/www.altominho.tv\\\/site\\\/\"},{\"@type\":\"ListItem\",\"position\":2,\"name\":\"Valen\u00e7a investe em sustentabilidade com planta\u00e7\u00e3o de 100 mil \u00e1rvores\"}]},{\"@type\":\"WebSite\",\"@id\":\"https:\\\/\\\/www.altominho.tv\\\/site\\\/#website\",\"url\":\"https:\\\/\\\/www.altominho.tv\\\/site\\\/\",\"name\":\"Altominho.tv\",\"description\":\"A sua regi\u00e3o \u00e0 dist\u00e2ncia de um clique...\",\"potentialAction\":[{\"@type\":\"SearchAction\",\"target\":{\"@type\":\"EntryPoint\",\"urlTemplate\":\"https:\\\/\\\/www.altominho.tv\\\/site\\\/?s={search_term_string}\"},\"query-input\":{\"@type\":\"PropertyValueSpecification\",\"valueRequired\":true,\"valueName\":\"search_term_string\"}}],\"inLanguage\":\"pt-PT\"},{\"@type\":\"Person\",\"@id\":\"https:\\\/\\\/www.altominho.tv\\\/site\\\/#\\\/schema\\\/person\\\/4e536851627d7914baf3dac752b6af22\",\"name\":\"Altominho.tv\",\"image\":{\"@type\":\"ImageObject\",\"inLanguage\":\"pt-PT\",\"@id\":\"https:\\\/\\\/www.altominho.tv\\\/site\\\/wp-content\\\/uploads\\\/2019\\\/11\\\/Logo_Avatar_2-150x150.jpg\",\"url\":\"https:\\\/\\\/www.altominho.tv\\\/site\\\/wp-content\\\/uploads\\\/2019\\\/11\\\/Logo_Avatar_2-150x150.jpg\",\"contentUrl\":\"https:\\\/\\\/www.altominho.tv\\\/site\\\/wp-content\\\/uploads\\\/2019\\\/11\\\/Logo_Avatar_2-150x150.jpg\",\"caption\":\"Altominho.tv\"},\"url\":\"https:\\\/\\\/www.altominho.tv\\\/site\\\/author\\\/altominhotv-tecnico\\\/\"}]}<\/script>\n<!-- \/ Yoast SEO Premium plugin. -->","yoast_head_json":{"title":"Valen\u00e7a investe em sustentabilidade com planta\u00e7\u00e3o de 100 mil \u00e1rvores","robots":{"index":"index","follow":"follow","max-snippet":"max-snippet:-1","max-image-preview":"max-image-preview:large","max-video-preview":"max-video-preview:-1"},"canonical":"https:\/\/www.altominho.tv\/site\/2025\/01\/08\/valenca-investe-em-sustentabilidade-com-plantacao-de-100-mil-arvores\/","og_locale":"pt_PT","og_type":"article","og_title":"Valen\u00e7a investe em sustentabilidade com planta\u00e7\u00e3o de 100 mil \u00e1rvores","og_description":"A C\u00e2mara Municipal de Valen\u00e7a est\u00e1 a arborizar uma \u00e1rea de 120 hectares, com 100 mil \u00e1rvores, em 12 aglomerados, no \u00e2mbito do projeto Condom\u00ednios de Aldeia, num investimento superior a 200 mil euros. Estas 100 mil \u00e1rvores folhosas aut\u00f3ctones prometem regenerar a paisagem florestal do concelho em freguesias como Sanfins, Gondomil, Tai\u00e3o, Gandra, Cerdal [&hellip;]","og_url":"https:\/\/www.altominho.tv\/site\/2025\/01\/08\/valenca-investe-em-sustentabilidade-com-plantacao-de-100-mil-arvores\/","og_site_name":"Altominho.tv","article_publisher":"https:\/\/www.facebook.com\/altominhotv","article_published_time":"2025-01-08T15:06:06+00:00","article_modified_time":"2025-01-08T20:22:02+00:00","og_image":[{"width":1200,"height":630,"url":"https:\/\/www.altominho.tv\/site\/wp-content\/uploads\/2025\/01\/BASE-FB-logo-Branco-x3-1200-x-630-px-1.png","type":"image\/png"}],"author":"Altominho.tv","twitter_card":"summary_large_image","twitter_creator":"@altominhoTV","twitter_site":"@altominhoTV","twitter_misc":{"Escrito por":"Altominho.tv","Tempo estimado de leitura":"2 minutos"},"schema":{"@context":"https:\/\/schema.org","@graph":[{"@type":"Article","@id":"https:\/\/www.altominho.tv\/site\/2025\/01\/08\/valenca-investe-em-sustentabilidade-com-plantacao-de-100-mil-arvores\/#article","isPartOf":{"@id":"https:\/\/www.altominho.tv\/site\/2025\/01\/08\/valenca-investe-em-sustentabilidade-com-plantacao-de-100-mil-arvores\/"},"author":{"name":"Altominho.tv","@id":"https:\/\/www.altominho.tv\/site\/#\/schema\/person\/4e536851627d7914baf3dac752b6af22"},"headline":"Valen\u00e7a investe em sustentabilidade com planta\u00e7\u00e3o de 100 mil \u00e1rvores","datePublished":"2025-01-08T15:06:06+00:00","dateModified":"2025-01-08T20:22:02+00:00","mainEntityOfPage":{"@id":"https:\/\/www.altominho.tv\/site\/2025\/01\/08\/valenca-investe-em-sustentabilidade-com-plantacao-de-100-mil-arvores\/"},"wordCount":185,"image":{"@id":"https:\/\/www.altominho.tv\/site\/2025\/01\/08\/valenca-investe-em-sustentabilidade-com-plantacao-de-100-mil-arvores\/#primaryimage"},"thumbnailUrl":"https:\/\/www.altominho.tv\/site\/wp-content\/uploads\/2025\/01\/BASE-FB-logo-Branco-x3-1200-x-630-px-1.png","keywords":["Sociedade"],"articleSection":["Valen\u00e7a"],"inLanguage":"pt-PT","copyrightYear":"2025","copyrightHolder":{"@id":"https:\/\/www.altominho.tv\/site\/#organization"}},{"@type":"WebPage","@id":"https:\/\/www.altominho.tv\/site\/2025\/01\/08\/valenca-investe-em-sustentabilidade-com-plantacao-de-100-mil-arvores\/","url":"https:\/\/www.altominho.tv\/site\/2025\/01\/08\/valenca-investe-em-sustentabilidade-com-plantacao-de-100-mil-arvores\/","name":"Valen\u00e7a investe em sustentabilidade com planta\u00e7\u00e3o de 100 mil \u00e1rvores","isPartOf":{"@id":"https:\/\/www.altominho.tv\/site\/#website"},"primaryImageOfPage":{"@id":"https:\/\/www.altominho.tv\/site\/2025\/01\/08\/valenca-investe-em-sustentabilidade-com-plantacao-de-100-mil-arvores\/#primaryimage"},"image":{"@id":"https:\/\/www.altominho.tv\/site\/2025\/01\/08\/valenca-investe-em-sustentabilidade-com-plantacao-de-100-mil-arvores\/#primaryimage"},"thumbnailUrl":"https:\/\/www.altominho.tv\/site\/wp-content\/uploads\/2025\/01\/BASE-FB-logo-Branco-x3-1200-x-630-px-1.png","datePublished":"2025-01-08T15:06:06+00:00","dateModified":"2025-01-08T20:22:02+00:00","author":{"@id":"https:\/\/www.altominho.tv\/site\/#\/schema\/person\/4e536851627d7914baf3dac752b6af22"},"breadcrumb":{"@id":"https:\/\/www.altominho.tv\/site\/2025\/01\/08\/valenca-investe-em-sustentabilidade-com-plantacao-de-100-mil-arvores\/#breadcrumb"},"inLanguage":"pt-PT","potentialAction":[{"@type":"ReadAction","target":["https:\/\/www.altominho.tv\/site\/2025\/01\/08\/valenca-investe-em-sustentabilidade-com-plantacao-de-100-mil-arvores\/"]}]},{"@type":"ImageObject","inLanguage":"pt-PT","@id":"https:\/\/www.altominho.tv\/site\/2025\/01\/08\/valenca-investe-em-sustentabilidade-com-plantacao-de-100-mil-arvores\/#primaryimage","url":"https:\/\/www.altominho.tv\/site\/wp-content\/uploads\/2025\/01\/BASE-FB-logo-Branco-x3-1200-x-630-px-1.png","contentUrl":"https:\/\/www.altominho.tv\/site\/wp-content\/uploads\/2025\/01\/BASE-FB-logo-Branco-x3-1200-x-630-px-1.png","width":1200,"height":630},{"@type":"BreadcrumbList","@id":"https:\/\/www.altominho.tv\/site\/2025\/01\/08\/valenca-investe-em-sustentabilidade-com-plantacao-de-100-mil-arvores\/#breadcrumb","itemListElement":[{"@type":"ListItem","position":1,"name":"In\u00edcio","item":"https:\/\/www.altominho.tv\/site\/"},{"@type":"ListItem","position":2,"name":"Valen\u00e7a investe em sustentabilidade com planta\u00e7\u00e3o de 100 mil \u00e1rvores"}]},{"@type":"WebSite","@id":"https:\/\/www.altominho.tv\/site\/#website","url":"https:\/\/www.altominho.tv\/site\/","name":"Altominho.tv","description":"A sua regi\u00e3o \u00e0 dist\u00e2ncia de um clique...","potentialAction":[{"@type":"SearchAction","target":{"@type":"EntryPoint","urlTemplate":"https:\/\/www.altominho.tv\/site\/?s={search_term_string}"},"query-input":{"@type":"PropertyValueSpecification","valueRequired":true,"valueName":"search_term_string"}}],"inLanguage":"pt-PT"},{"@type":"Person","@id":"https:\/\/www.altominho.tv\/site\/#\/schema\/person\/4e536851627d7914baf3dac752b6af22","name":"Altominho.tv","image":{"@type":"ImageObject","inLanguage":"pt-PT","@id":"https:\/\/www.altominho.tv\/site\/wp-content\/uploads\/2019\/11\/Logo_Avatar_2-150x150.jpg","url":"https:\/\/www.altominho.tv\/site\/wp-content\/uploads\/2019\/11\/Logo_Avatar_2-150x150.jpg","contentUrl":"https:\/\/www.altominho.tv\/site\/wp-content\/uploads\/2019\/11\/Logo_Avatar_2-150x150.jpg","caption":"Altominho.tv"},"url":"https:\/\/www.altominho.tv\/site\/author\/altominhotv-tecnico\/"}]}},"_links":{"self":[{"href":"https:\/\/www.altominho.tv\/site\/wp-json\/wp\/v2\/posts\/113670","targetHints":{"allow":["GET"]}}],"collection":[{"href":"https:\/\/www.altominho.tv\/site\/wp-json\/wp\/v2\/posts"}],"about":[{"href":"https:\/\/www.altominho.tv\/site\/wp-json\/wp\/v2\/types\/post"}],"author":[{"embeddable":true,"href":"https:\/\/www.altominho.tv\/site\/wp-json\/wp\/v2\/users\/1"}],"replies":[{"embeddable":true,"href":"https:\/\/www.altominho.tv\/site\/wp-json\/wp\/v2\/comments?post=113670"}],"version-history":[{"count":1,"href":"https:\/\/www.altominho.tv\/site\/wp-json\/wp\/v2\/posts\/113670\/revisions"}],"predecessor-version":[{"id":113672,"href":"https:\/\/www.altominho.tv\/site\/wp-json\/wp\/v2\/posts\/113670\/revisions\/113672"}],"wp:featuredmedia":[{"embeddable":true,"href":"https:\/\/www.altominho.tv\/site\/wp-json\/wp\/v2\/media\/113671"}],"wp:attachment":[{"href":"https:\/\/www.altominho.tv\/site\/wp-json\/wp\/v2\/media?parent=113670"}],"wp:term":[{"taxonomy":"category","embeddable":true,"href":"https:\/\/www.altominho.tv\/site\/wp-json\/wp\/v2\/categories?post=113670"},{"taxonomy":"post_tag","embeddable":true,"href":"https:\/\/www.altominho.tv\/site\/wp-json\/wp\/v2\/tags?post=113670"}],"curies":[{"name":"wp","href":"https:\/\/api.w.org\/{rel}","templated":true}]}}